{"id":6338,"date":"2018-06-27T21:56:29","date_gmt":"2018-06-27T20:56:29","guid":{"rendered":"https:\/\/cetaradell.cat\/ce\/?p=6338"},"modified":"2020-06-21T10:52:56","modified_gmt":"2020-06-21T09:52:56","slug":"10a-trobada-dels-100-cims","status":"publish","type":"post","link":"https:\/\/cetaradell.cat\/ce\/10a-trobada-dels-100-cims\/","title":{"rendered":"10a trobada dels 100 Cims"},"content":{"rendered":"<div id=\"attachment_6339\" style=\"width: 310px\" class=\"wp-caption alignleft\"><a href=\"https:\/\/cetaradell.cat\/ce\/wp-content\/uploads\/X-trobada-100-cims_6-1024x683foto_FEEC.jpg\" target=\"_blank\" rel=\"attachment noopener wp-att-6339 noreferrer\"><img decoding=\"async\" aria-describedby=\"caption-attachment-6339\" class=\"wp-image-6339 size-medium\" src=\"https:\/\/cetaradell.cat\/ce\/wp-content\/uploads\/X-trobada-100-cims_6-1024x683foto_FEEC-300x200.jpg\" alt=\"X-trobada-100-cims_6-1024x683(foto_FEEC)\" width=\"300\" height=\"200\" srcset=\"https:\/\/cetaradell.cat\/ce\/wp-content\/uploads\/X-trobada-100-cims_6-1024x683foto_FEEC-300x200.jpg 300w, https:\/\/cetaradell.cat\/ce\/wp-content\/uploads\/X-trobada-100-cims_6-1024x683foto_FEEC-500x333.jpg 500w, https:\/\/cetaradell.cat\/ce\/wp-content\/uploads\/X-trobada-100-cims_6-1024x683foto_FEEC-700x467.jpg 700w, https:\/\/cetaradell.cat\/ce\/wp-content\/uploads\/X-trobada-100-cims_6-1024x683foto_FEEC-768x512.jpg 768w, https:\/\/cetaradell.cat\/ce\/wp-content\/uploads\/X-trobada-100-cims_6-1024x683foto_FEEC.jpg 1024w\" sizes=\"(max-width: 300px) 100vw, 300px\" \/><\/a><p id=\"caption-attachment-6339\" class=\"wp-caption-text\">Xavier Blancafort, 3r per l\u2019esquerra, recollint el premi de Fotocims (Foto: FEEC)<\/p><\/div>\n<p>El taradellenc i\u00a0 soci de la nostra entitat <strong>Xavier Blancafort<\/strong> va ser premiat al concurs fotogr\u00e0fic <strong>Fotocims<\/strong> d\u2019enguany i els socis <strong>Toni Crous<\/strong> i <strong>Ramon Serra<\/strong> van rebre el reconeixement per haver arribat als <strong>2&#215;100 Cims<\/strong> i als <strong>3&#215;100 Cims<\/strong> respectivament, durant el 2017.<\/p>\n<p>El lliurament de premis i reconeixements es va fer el diumenge 3 de juny de 2018 dins dels actes de celebraci\u00f3 dels 10 anys de\u00a0Trobades dels 100 Cims, que enguany va organitzar el Centre Excursionista del Pened\u00e8s.<\/p>\n<p>La jornada va comen\u00e7ar amb un esmorzar i seguidament van comen\u00e7ar les activitats matinals previstes; una excursi\u00f3 pels m\u00e9s caminadors i una visita cultural guiada per Vilafranca pels que volien con\u00e8ixer millor aquesta hist\u00f2rica ciutat. Passat el migdia, al pavell\u00f3 esportiu es va fer un dinar que va agrupar a un centenar de persones, mentre a fora, la pluja es va convertir en una forta tempesta, i a la tarda, a l\u2019Auditori municipal es va fer l\u2019acte institucional i el lliurement de premis i reconeixements de la iniciativa dels 100 Cims.<\/p>\n<div id=\"attachment_6340\" style=\"width: 310px\" class=\"wp-caption aligncenter\"><a href=\"https:\/\/cetaradell.cat\/ce\/wp-content\/uploads\/2018-06-03_Trobada_100_Cimsfoto_C_Delgado-1.jpeg\" target=\"_blank\" rel=\"attachment noopener wp-att-6340 noreferrer\"><img decoding=\"async\" aria-describedby=\"caption-attachment-6340\" class=\"wp-image-6340 size-medium\" src=\"https:\/\/cetaradell.cat\/ce\/wp-content\/uploads\/2018-06-03_Trobada_100_Cimsfoto_C_Delgado-1-300x225.jpeg\" alt=\"2018-06-03_Trobada_100_Cims(foto_C_Delgado) (1)\" width=\"300\" height=\"225\" srcset=\"https:\/\/cetaradell.cat\/ce\/wp-content\/uploads\/2018-06-03_Trobada_100_Cimsfoto_C_Delgado-1-300x225.jpeg 300w, https:\/\/cetaradell.cat\/ce\/wp-content\/uploads\/2018-06-03_Trobada_100_Cimsfoto_C_Delgado-1-500x375.jpeg 500w, https:\/\/cetaradell.cat\/ce\/wp-content\/uploads\/2018-06-03_Trobada_100_Cimsfoto_C_Delgado-1-700x525.jpeg 700w, https:\/\/cetaradell.cat\/ce\/wp-content\/uploads\/2018-06-03_Trobada_100_Cimsfoto_C_Delgado-1-768x576.jpeg 768w, https:\/\/cetaradell.cat\/ce\/wp-content\/uploads\/2018-06-03_Trobada_100_Cimsfoto_C_Delgado-1.jpeg 898w\" sizes=\"(max-width: 300px) 100vw, 300px\" \/><\/a><p id=\"caption-attachment-6340\" class=\"wp-caption-text\">Toni Crous , 2&#215;100 Cims; Ramon Serra, 3&#215;100 Cims; i Joan Juvanteny del CE l&#8217;Esquirol, 100 Cims (Foto: Carme Delgado)<\/p><\/div>\n","protected":false},"excerpt":{"rendered":"<p>El taradellenc i\u00a0 soci de la nostra entitat Xavier Blancafort va ser premiat al concurs fotogr\u00e0fic Fotocims d\u2019enguany i els socis Toni Crous i Ramon Serra van rebre el reconeixement per haver arribat als 2&#215;100 Cims i als 3&#215;100 Cims respectivament, durant el 2017. El lliurament de premis i reconeixements  [&#8230;]<\/p>\n","protected":false},"author":1,"featured_media":6339,"comment_status":"closed","ping_status":"closed","sticky":false,"template":"","format":"standard","meta":{"footnotes":""},"categories":[12,3],"tags":[],"class_list":["post-6338","post","type-post","status-publish","format-standard","has-post-thumbnail","hentry","category-100-cims","category-noticies"],"yoast_head":"<!-- This site is optimized with the Yoast SEO plugin v27.5 - https:\/\/yoast.com\/product\/yoast-seo-wordpress\/ -->\n<title>10a trobada dels 100 Cims - Centre Excursionista Taradell<\/title>\n<meta name=\"robots\" content=\"index, follow, max-snippet:-1, max-image-preview:large, max-video-preview:-1\" \/>\n<link rel=\"canonical\" href=\"https:\/\/cetaradell.cat\/ce\/10a-trobada-dels-100-cims\/\" \/>\n<meta property=\"og:locale\" content=\"ca_ES\" \/>\n<meta property=\"og:type\" content=\"article\" \/>\n<meta property=\"og:title\" content=\"10a trobada dels 100 Cims - Centre Excursionista Taradell\" \/>\n<meta property=\"og:description\" content=\"El taradellenc i\u00a0 soci de la nostra entitat Xavier Blancafort va ser premiat al concurs fotogr\u00e0fic Fotocims d\u2019enguany i els socis Toni Crous i Ramon Serra van rebre el reconeixement per haver arribat als 2&#215;100 Cims i als 3&#215;100 Cims respectivament, durant el 2017. El lliurament de premis i reconeixements [...]\" \/>\n<meta property=\"og:url\" content=\"https:\/\/cetaradell.cat\/ce\/10a-trobada-dels-100-cims\/\" \/>\n<meta property=\"og:site_name\" content=\"Centre Excursionista Taradell\" \/>\n<meta property=\"article:publisher\" content=\"https:\/\/www.facebook.com\/CETaradell\/\" \/>\n<meta property=\"article:published_time\" content=\"2018-06-27T20:56:29+00:00\" \/>\n<meta property=\"article:modified_time\" content=\"2020-06-21T09:52:56+00:00\" \/>\n<meta property=\"og:image\" content=\"https:\/\/cetaradell.cat\/ce\/wp-content\/uploads\/X-trobada-100-cims_6-1024x683foto_FEEC.jpg\" \/>\n\t<meta property=\"og:image:width\" content=\"1024\" \/>\n\t<meta property=\"og:image:height\" content=\"683\" \/>\n\t<meta property=\"og:image:type\" content=\"image\/jpeg\" \/>\n<meta name=\"author\" content=\"CET\" \/>\n<meta name=\"twitter:card\" content=\"summary_large_image\" \/>\n<meta name=\"twitter:label1\" content=\"Escrit per\" \/>\n\t<meta name=\"twitter:data1\" content=\"CET\" \/>\n\t<meta name=\"twitter:label2\" content=\"Temps estimat de lectura\" \/>\n\t<meta name=\"twitter:data2\" content=\"1 minut\" \/>\n<script type=\"application\/ld+json\" class=\"yoast-schema-graph\">{\"@context\":\"https:\\\/\\\/schema.org\",\"@graph\":[{\"@type\":\"Article\",\"@id\":\"https:\\\/\\\/cetaradell.cat\\\/ce\\\/10a-trobada-dels-100-cims\\\/#article\",\"isPartOf\":{\"@id\":\"https:\\\/\\\/cetaradell.cat\\\/ce\\\/10a-trobada-dels-100-cims\\\/\"},\"author\":{\"name\":\"CET\",\"@id\":\"https:\\\/\\\/cetaradell.cat\\\/ce\\\/#\\\/schema\\\/person\\\/92a59f585073071c7be6649e84b22f78\"},\"headline\":\"10a trobada dels 100 Cims\",\"datePublished\":\"2018-06-27T20:56:29+00:00\",\"dateModified\":\"2020-06-21T09:52:56+00:00\",\"mainEntityOfPage\":{\"@id\":\"https:\\\/\\\/cetaradell.cat\\\/ce\\\/10a-trobada-dels-100-cims\\\/\"},\"wordCount\":227,\"image\":{\"@id\":\"https:\\\/\\\/cetaradell.cat\\\/ce\\\/10a-trobada-dels-100-cims\\\/#primaryimage\"},\"thumbnailUrl\":\"https:\\\/\\\/cetaradell.cat\\\/ce\\\/wp-content\\\/uploads\\\/X-trobada-100-cims_6-1024x683foto_FEEC.jpg\",\"articleSection\":[\"100 Cims\",\"Not\u00edcies\"],\"inLanguage\":\"ca\"},{\"@type\":\"WebPage\",\"@id\":\"https:\\\/\\\/cetaradell.cat\\\/ce\\\/10a-trobada-dels-100-cims\\\/\",\"url\":\"https:\\\/\\\/cetaradell.cat\\\/ce\\\/10a-trobada-dels-100-cims\\\/\",\"name\":\"10a trobada dels 100 Cims - Centre Excursionista Taradell\",\"isPartOf\":{\"@id\":\"https:\\\/\\\/cetaradell.cat\\\/ce\\\/#website\"},\"primaryImageOfPage\":{\"@id\":\"https:\\\/\\\/cetaradell.cat\\\/ce\\\/10a-trobada-dels-100-cims\\\/#primaryimage\"},\"image\":{\"@id\":\"https:\\\/\\\/cetaradell.cat\\\/ce\\\/10a-trobada-dels-100-cims\\\/#primaryimage\"},\"thumbnailUrl\":\"https:\\\/\\\/cetaradell.cat\\\/ce\\\/wp-content\\\/uploads\\\/X-trobada-100-cims_6-1024x683foto_FEEC.jpg\",\"datePublished\":\"2018-06-27T20:56:29+00:00\",\"dateModified\":\"2020-06-21T09:52:56+00:00\",\"author\":{\"@id\":\"https:\\\/\\\/cetaradell.cat\\\/ce\\\/#\\\/schema\\\/person\\\/92a59f585073071c7be6649e84b22f78\"},\"breadcrumb\":{\"@id\":\"https:\\\/\\\/cetaradell.cat\\\/ce\\\/10a-trobada-dels-100-cims\\\/#breadcrumb\"},\"inLanguage\":\"ca\",\"potentialAction\":[{\"@type\":\"ReadAction\",\"target\":[\"https:\\\/\\\/cetaradell.cat\\\/ce\\\/10a-trobada-dels-100-cims\\\/\"]}]},{\"@type\":\"ImageObject\",\"inLanguage\":\"ca\",\"@id\":\"https:\\\/\\\/cetaradell.cat\\\/ce\\\/10a-trobada-dels-100-cims\\\/#primaryimage\",\"url\":\"https:\\\/\\\/cetaradell.cat\\\/ce\\\/wp-content\\\/uploads\\\/X-trobada-100-cims_6-1024x683foto_FEEC.jpg\",\"contentUrl\":\"https:\\\/\\\/cetaradell.cat\\\/ce\\\/wp-content\\\/uploads\\\/X-trobada-100-cims_6-1024x683foto_FEEC.jpg\",\"width\":1024,\"height\":683},{\"@type\":\"BreadcrumbList\",\"@id\":\"https:\\\/\\\/cetaradell.cat\\\/ce\\\/10a-trobada-dels-100-cims\\\/#breadcrumb\",\"itemListElement\":[{\"@type\":\"ListItem\",\"position\":1,\"name\":\"Inici\",\"item\":\"https:\\\/\\\/cetaradell.cat\\\/ce\\\/\"},{\"@type\":\"ListItem\",\"position\":2,\"name\":\"10a trobada dels 100 Cims\"}]},{\"@type\":\"WebSite\",\"@id\":\"https:\\\/\\\/cetaradell.cat\\\/ce\\\/#website\",\"url\":\"https:\\\/\\\/cetaradell.cat\\\/ce\\\/\",\"name\":\"Centre Excursionista Taradell\",\"description\":\"\",\"potentialAction\":[{\"@type\":\"SearchAction\",\"target\":{\"@type\":\"EntryPoint\",\"urlTemplate\":\"https:\\\/\\\/cetaradell.cat\\\/ce\\\/?s={search_term_string}\"},\"query-input\":{\"@type\":\"PropertyValueSpecification\",\"valueRequired\":true,\"valueName\":\"search_term_string\"}}],\"inLanguage\":\"ca\"},{\"@type\":\"Person\",\"@id\":\"https:\\\/\\\/cetaradell.cat\\\/ce\\\/#\\\/schema\\\/person\\\/92a59f585073071c7be6649e84b22f78\",\"name\":\"CET\",\"image\":{\"@type\":\"ImageObject\",\"inLanguage\":\"ca\",\"@id\":\"https:\\\/\\\/secure.gravatar.com\\\/avatar\\\/d6fbe010d42056feccc0f613ed07277a5118442805079269f12dabdc42e1a727?s=96&d=mm&r=g\",\"url\":\"https:\\\/\\\/secure.gravatar.com\\\/avatar\\\/d6fbe010d42056feccc0f613ed07277a5118442805079269f12dabdc42e1a727?s=96&d=mm&r=g\",\"contentUrl\":\"https:\\\/\\\/secure.gravatar.com\\\/avatar\\\/d6fbe010d42056feccc0f613ed07277a5118442805079269f12dabdc42e1a727?s=96&d=mm&r=g\",\"caption\":\"CET\"},\"url\":\"https:\\\/\\\/cetaradell.cat\\\/ce\\\/author\\\/root\\\/\"}]}<\/script>\n<!-- \/ Yoast SEO plugin. -->","yoast_head_json":{"title":"10a trobada dels 100 Cims - Centre Excursionista Taradell","robots":{"index":"index","follow":"follow","max-snippet":"max-snippet:-1","max-image-preview":"max-image-preview:large","max-video-preview":"max-video-preview:-1"},"canonical":"https:\/\/cetaradell.cat\/ce\/10a-trobada-dels-100-cims\/","og_locale":"ca_ES","og_type":"article","og_title":"10a trobada dels 100 Cims - Centre Excursionista Taradell","og_description":"El taradellenc i\u00a0 soci de la nostra entitat Xavier Blancafort va ser premiat al concurs fotogr\u00e0fic Fotocims d\u2019enguany i els socis Toni Crous i Ramon Serra van rebre el reconeixement per haver arribat als 2&#215;100 Cims i als 3&#215;100 Cims respectivament, durant el 2017. El lliurament de premis i reconeixements [...]","og_url":"https:\/\/cetaradell.cat\/ce\/10a-trobada-dels-100-cims\/","og_site_name":"Centre Excursionista Taradell","article_publisher":"https:\/\/www.facebook.com\/CETaradell\/","article_published_time":"2018-06-27T20:56:29+00:00","article_modified_time":"2020-06-21T09:52:56+00:00","og_image":[{"width":1024,"height":683,"url":"https:\/\/cetaradell.cat\/ce\/wp-content\/uploads\/X-trobada-100-cims_6-1024x683foto_FEEC.jpg","type":"image\/jpeg"}],"author":"CET","twitter_card":"summary_large_image","twitter_misc":{"Escrit per":"CET","Temps estimat de lectura":"1 minut"},"schema":{"@context":"https:\/\/schema.org","@graph":[{"@type":"Article","@id":"https:\/\/cetaradell.cat\/ce\/10a-trobada-dels-100-cims\/#article","isPartOf":{"@id":"https:\/\/cetaradell.cat\/ce\/10a-trobada-dels-100-cims\/"},"author":{"name":"CET","@id":"https:\/\/cetaradell.cat\/ce\/#\/schema\/person\/92a59f585073071c7be6649e84b22f78"},"headline":"10a trobada dels 100 Cims","datePublished":"2018-06-27T20:56:29+00:00","dateModified":"2020-06-21T09:52:56+00:00","mainEntityOfPage":{"@id":"https:\/\/cetaradell.cat\/ce\/10a-trobada-dels-100-cims\/"},"wordCount":227,"image":{"@id":"https:\/\/cetaradell.cat\/ce\/10a-trobada-dels-100-cims\/#primaryimage"},"thumbnailUrl":"https:\/\/cetaradell.cat\/ce\/wp-content\/uploads\/X-trobada-100-cims_6-1024x683foto_FEEC.jpg","articleSection":["100 Cims","Not\u00edcies"],"inLanguage":"ca"},{"@type":"WebPage","@id":"https:\/\/cetaradell.cat\/ce\/10a-trobada-dels-100-cims\/","url":"https:\/\/cetaradell.cat\/ce\/10a-trobada-dels-100-cims\/","name":"10a trobada dels 100 Cims - Centre Excursionista Taradell","isPartOf":{"@id":"https:\/\/cetaradell.cat\/ce\/#website"},"primaryImageOfPage":{"@id":"https:\/\/cetaradell.cat\/ce\/10a-trobada-dels-100-cims\/#primaryimage"},"image":{"@id":"https:\/\/cetaradell.cat\/ce\/10a-trobada-dels-100-cims\/#primaryimage"},"thumbnailUrl":"https:\/\/cetaradell.cat\/ce\/wp-content\/uploads\/X-trobada-100-cims_6-1024x683foto_FEEC.jpg","datePublished":"2018-06-27T20:56:29+00:00","dateModified":"2020-06-21T09:52:56+00:00","author":{"@id":"https:\/\/cetaradell.cat\/ce\/#\/schema\/person\/92a59f585073071c7be6649e84b22f78"},"breadcrumb":{"@id":"https:\/\/cetaradell.cat\/ce\/10a-trobada-dels-100-cims\/#breadcrumb"},"inLanguage":"ca","potentialAction":[{"@type":"ReadAction","target":["https:\/\/cetaradell.cat\/ce\/10a-trobada-dels-100-cims\/"]}]},{"@type":"ImageObject","inLanguage":"ca","@id":"https:\/\/cetaradell.cat\/ce\/10a-trobada-dels-100-cims\/#primaryimage","url":"https:\/\/cetaradell.cat\/ce\/wp-content\/uploads\/X-trobada-100-cims_6-1024x683foto_FEEC.jpg","contentUrl":"https:\/\/cetaradell.cat\/ce\/wp-content\/uploads\/X-trobada-100-cims_6-1024x683foto_FEEC.jpg","width":1024,"height":683},{"@type":"BreadcrumbList","@id":"https:\/\/cetaradell.cat\/ce\/10a-trobada-dels-100-cims\/#breadcrumb","itemListElement":[{"@type":"ListItem","position":1,"name":"Inici","item":"https:\/\/cetaradell.cat\/ce\/"},{"@type":"ListItem","position":2,"name":"10a trobada dels 100 Cims"}]},{"@type":"WebSite","@id":"https:\/\/cetaradell.cat\/ce\/#website","url":"https:\/\/cetaradell.cat\/ce\/","name":"Centre Excursionista Taradell","description":"","potentialAction":[{"@type":"SearchAction","target":{"@type":"EntryPoint","urlTemplate":"https:\/\/cetaradell.cat\/ce\/?s={search_term_string}"},"query-input":{"@type":"PropertyValueSpecification","valueRequired":true,"valueName":"search_term_string"}}],"inLanguage":"ca"},{"@type":"Person","@id":"https:\/\/cetaradell.cat\/ce\/#\/schema\/person\/92a59f585073071c7be6649e84b22f78","name":"CET","image":{"@type":"ImageObject","inLanguage":"ca","@id":"https:\/\/secure.gravatar.com\/avatar\/d6fbe010d42056feccc0f613ed07277a5118442805079269f12dabdc42e1a727?s=96&d=mm&r=g","url":"https:\/\/secure.gravatar.com\/avatar\/d6fbe010d42056feccc0f613ed07277a5118442805079269f12dabdc42e1a727?s=96&d=mm&r=g","contentUrl":"https:\/\/secure.gravatar.com\/avatar\/d6fbe010d42056feccc0f613ed07277a5118442805079269f12dabdc42e1a727?s=96&d=mm&r=g","caption":"CET"},"url":"https:\/\/cetaradell.cat\/ce\/author\/root\/"}]}},"_links":{"self":[{"href":"https:\/\/cetaradell.cat\/ce\/wp-json\/wp\/v2\/posts\/6338","targetHints":{"allow":["GET"]}}],"collection":[{"href":"https:\/\/cetaradell.cat\/ce\/wp-json\/wp\/v2\/posts"}],"about":[{"href":"https:\/\/cetaradell.cat\/ce\/wp-json\/wp\/v2\/types\/post"}],"author":[{"embeddable":true,"href":"https:\/\/cetaradell.cat\/ce\/wp-json\/wp\/v2\/users\/1"}],"replies":[{"embeddable":true,"href":"https:\/\/cetaradell.cat\/ce\/wp-json\/wp\/v2\/comments?post=6338"}],"version-history":[{"count":0,"href":"https:\/\/cetaradell.cat\/ce\/wp-json\/wp\/v2\/posts\/6338\/revisions"}],"wp:featuredmedia":[{"embeddable":true,"href":"https:\/\/cetaradell.cat\/ce\/wp-json\/wp\/v2\/media\/6339"}],"wp:attachment":[{"href":"https:\/\/cetaradell.cat\/ce\/wp-json\/wp\/v2\/media?parent=6338"}],"wp:term":[{"taxonomy":"category","embeddable":true,"href":"https:\/\/cetaradell.cat\/ce\/wp-json\/wp\/v2\/categories?post=6338"},{"taxonomy":"post_tag","embeddable":true,"href":"https:\/\/cetaradell.cat\/ce\/wp-json\/wp\/v2\/tags?post=6338"}],"curies":[{"name":"wp","href":"https:\/\/api.w.org\/{rel}","templated":true}]}}