{"id":6343,"date":"2018-06-30T11:33:14","date_gmt":"2018-06-30T10:33:14","guid":{"rendered":"https:\/\/cetaradell.cat\/ce\/?p=6343"},"modified":"2020-06-21T11:14:43","modified_gmt":"2020-06-21T10:14:43","slug":"el-cet-a-la-10a-festa-de-lesport","status":"publish","type":"post","link":"https:\/\/cetaradell.cat\/ce\/el-cet-a-la-10a-festa-de-lesport\/","title":{"rendered":"El CET a la 10a Festa de l\u2019Esport"},"content":{"rendered":"<div id=\"attachment_6344\" style=\"width: 310px\" class=\"wp-caption alignleft\"><a href=\"https:\/\/cetaradell.cat\/ce\/wp-content\/uploads\/2018-06-03-10a_FestaEsportfoto_AjTaradell-1.jpeg\" target=\"_blank\" rel=\"attachment noopener wp-att-6344 noreferrer\"><img decoding=\"async\" aria-describedby=\"caption-attachment-6344\" class=\"wp-image-6344 size-medium\" src=\"https:\/\/cetaradell.cat\/ce\/wp-content\/uploads\/2018-06-03-10a_FestaEsportfoto_AjTaradell-1-300x200.jpeg\" alt=\"2018-06-03-10a_FestaEsport(foto_AjTaradell) (1)\" width=\"300\" height=\"200\" srcset=\"https:\/\/cetaradell.cat\/ce\/wp-content\/uploads\/2018-06-03-10a_FestaEsportfoto_AjTaradell-1-300x200.jpeg 300w, https:\/\/cetaradell.cat\/ce\/wp-content\/uploads\/2018-06-03-10a_FestaEsportfoto_AjTaradell-1-500x333.jpeg 500w, https:\/\/cetaradell.cat\/ce\/wp-content\/uploads\/2018-06-03-10a_FestaEsportfoto_AjTaradell-1-700x466.jpeg 700w, https:\/\/cetaradell.cat\/ce\/wp-content\/uploads\/2018-06-03-10a_FestaEsportfoto_AjTaradell-1-768x512.jpeg 768w, https:\/\/cetaradell.cat\/ce\/wp-content\/uploads\/2018-06-03-10a_FestaEsportfoto_AjTaradell-1.jpeg 950w\" sizes=\"(max-width: 300px) 100vw, 300px\" \/><\/a><p id=\"caption-attachment-6344\" class=\"wp-caption-text\">Els guardonats a la 10a Festa de l&#8217;Esport &#8211; 2018 (Foto: Ajuntament de Taradell)<\/p><\/div>\n<p>Els dies 2 i 3 de juny de 2018 es va celebrar a Taradell la 10a edici\u00f3 de la Festa de l\u2019Esport, la qual, com en les edicions passades, va comptar amb la col\u00b7laboraci\u00f3 del Centre Excursionista Taradell juntament amb altres entitats.<\/p>\n<p>El dissabte al mat\u00ed el CET vam col\u00b7laborar en l\u2019organitzaci\u00f3 de la 2a Ruta Guiada <strong><em>Descobrint el nostre patrimoni cultural, <\/em><\/strong>en la qual hi van participar unes 140 persones. Els participants van poder con\u00e8ixer la hist\u00f2ria de la riera de Taradell, dels seus molins i rescloses, i de diverses fonts.<\/p>\n<p>Per la tarda, al voltant del Pujol\u00f3 es va celebrar la <strong>3a Cursa Popular d\u2019Obstacles<\/strong> en la qual hi van prendre part m\u00e9s de 150 participants que es van dividir en quatre categories segons les edats, de manera que es van organitzar circuits de dificultat creixent des dels m\u00e9s petis fins al m\u00e9s grans. Els participants van haver de demostrar les seves habilitats i for\u00e7a per superar les diferents proves com travessar piscines o contenidors d\u2019aigua, forats amb aigua enfangada, superar bales de palla, fer equilibri sobre taulons, escalar un remolc de bales de palla, passar un tram amb neum\u00e0tics o travessar nedant la piscina del Parc d\u2019Esports, entre d\u2019altres. Era una prova, no competitiva, per passar-s\u2019ho, i per tant no hi va haver classificacions, per\u00f2 tots ells es van endur un petit detall per haver-hi participat.<\/p>\n<div id=\"attachment_6348\" style=\"width: 310px\" class=\"wp-caption aligncenter\"><a href=\"https:\/\/photos.app.goo.gl\/1ZASAkNNF9NuqB9J9\" target=\"_blank\" rel=\"attachment noopener wp-att-6348 noreferrer\"><img decoding=\"async\" aria-describedby=\"caption-attachment-6348\" class=\"wp-image-6348 size-medium\" src=\"https:\/\/cetaradell.cat\/ce\/wp-content\/uploads\/P1190161-300x225.jpg\" alt=\"P1190161\" width=\"300\" height=\"225\" srcset=\"https:\/\/cetaradell.cat\/ce\/wp-content\/uploads\/P1190161-300x225.jpg 300w, https:\/\/cetaradell.cat\/ce\/wp-content\/uploads\/P1190161-500x375.jpg 500w, https:\/\/cetaradell.cat\/ce\/wp-content\/uploads\/P1190161-700x525.jpg 700w, https:\/\/cetaradell.cat\/ce\/wp-content\/uploads\/P1190161-768x576.jpg 768w, https:\/\/cetaradell.cat\/ce\/wp-content\/uploads\/P1190161.jpg 1000w\" sizes=\"(max-width: 300px) 100vw, 300px\" \/><\/a><p id=\"caption-attachment-6348\" class=\"wp-caption-text\">Album de fotos de la Cursa d&#8217;Obstacles &#8211; 2018 (&#8211;&gt; Cliqueu damunt la foto)<\/p><\/div>\n<p>El diumenge a la tarda\u00a0es va celebrar al Serrat del Figar\u00f3 l\u2019acte de reconeixement als\u00a0esportistes del municipi que durant\u00a0la temporada 2017-2018 havien aconseguit t\u00edtols o havien realitzat gestes esportives destacables. En total 19 esportistes, equips i entitats esportives van obtenir el seu guard\u00f3. En aquesta edici\u00f3 tres persones relacionades amb el Centre Excursionista Taradell van ser reconegudes:<\/p>\n<div id=\"attachment_6347\" style=\"width: 310px\" class=\"wp-caption alignleft\"><a href=\"https:\/\/cetaradell.cat\/ce\/wp-content\/uploads\/2018-06-03-10a_FestaEsportfoto_AjTaradell-4.jpeg\" target=\"_blank\" rel=\"attachment noopener wp-att-6347 noreferrer\"><img decoding=\"async\" aria-describedby=\"caption-attachment-6347\" class=\"wp-image-6347 size-medium\" src=\"https:\/\/cetaradell.cat\/ce\/wp-content\/uploads\/2018-06-03-10a_FestaEsportfoto_AjTaradell-4-300x200.jpeg\" alt=\"2018-06-03-10a_FestaEsport(foto_AjTaradell) (4)\" width=\"300\" height=\"200\" srcset=\"https:\/\/cetaradell.cat\/ce\/wp-content\/uploads\/2018-06-03-10a_FestaEsportfoto_AjTaradell-4-300x200.jpeg 300w, https:\/\/cetaradell.cat\/ce\/wp-content\/uploads\/2018-06-03-10a_FestaEsportfoto_AjTaradell-4-500x333.jpeg 500w, https:\/\/cetaradell.cat\/ce\/wp-content\/uploads\/2018-06-03-10a_FestaEsportfoto_AjTaradell-4-700x466.jpeg 700w, https:\/\/cetaradell.cat\/ce\/wp-content\/uploads\/2018-06-03-10a_FestaEsportfoto_AjTaradell-4-768x512.jpeg 768w, https:\/\/cetaradell.cat\/ce\/wp-content\/uploads\/2018-06-03-10a_FestaEsportfoto_AjTaradell-4.jpeg 950w\" sizes=\"(max-width: 300px) 100vw, 300px\" \/><\/a><p id=\"caption-attachment-6347\" class=\"wp-caption-text\">Roger Tuneu, millor esportita (Foto: Ajuntament de Taradell)<\/p><\/div>\n<p><strong>Roger Tuneu<\/strong>, t\u00e8cnic i impulsor de l&#8217;Escola Esportiva Enclusa \u2013 3e, del CET Taradell, es va emportar\u00a0el premi com a\u00a0millor esportista mascul\u00ed\u00a0de l&#8217;any. El ciclista i triatleta\u00a0va guanyar el guard\u00f3 en reconeixement a la seva carrera esportiva d&#8217;aquest 2017-2018 posant \u00e8mfasi els valors dins\u00a0l&#8217;esport. Al taradellenc, principalment se li va atorgar el premi perqu\u00e8\u00a0ha sigut part\u00edcip i impulsor del projecte inclusiu \u2018Els l\u00edmits te&#8217;ls poses tu&#8217;, que t\u00e9\u00a0com a\u00a0objectiu acompanyar un noi de 27 anys amb par\u00e0lisi cerebral de Barcelona, l&#8217;\u00c0lex Roca, a c\u00f3rrer triatlons i competicions esportives. Enguany, es van proposar a c\u00f3rrer la Titant Desert, on l&#8217;\u00c0lex va\u00a0abandonar a la tercera etapa, el seu objectiu es va complir, ja que tan\u00a0sols era\u00a0participar-hi. El taradellenc, un cop va abandonar l&#8217;\u00c0lex,\u00a0va continuar la cursa tot sol\u00a0fins a arribar a la l\u00ednia de meta\u00a0per aconseguir el mallot de\u00a0\u2018finisher&#8221;\u00a0i entregar-lo al corredor de Barcelona. El taradellenc ha aconseguit altres m\u00e8rits en curses que ha participat amb bicicleta per\u00f2 ha demostrat que l&#8217;esport \u00e9s m\u00e9s que competir.<\/p>\n<table>\n<tbody>\n<tr>\n<td>\n<p><div id=\"attachment_6346\" style=\"width: 310px\" class=\"wp-caption alignleft\"><a href=\"https:\/\/cetaradell.cat\/ce\/wp-content\/uploads\/2018-06-03-10a_FestaEsportfoto_AjTaradell-3.jpeg\" target=\"_blank\" rel=\"attachment noopener wp-att-6346 noreferrer\"><img decoding=\"async\" aria-describedby=\"caption-attachment-6346\" class=\"wp-image-6346 size-medium\" src=\"https:\/\/cetaradell.cat\/ce\/wp-content\/uploads\/2018-06-03-10a_FestaEsportfoto_AjTaradell-3-300x200.jpeg\" alt=\"2018-06-03-10a_FestaEsport(foto_AjTaradell) (3)\" width=\"300\" height=\"200\" srcset=\"https:\/\/cetaradell.cat\/ce\/wp-content\/uploads\/2018-06-03-10a_FestaEsportfoto_AjTaradell-3-300x200.jpeg 300w, https:\/\/cetaradell.cat\/ce\/wp-content\/uploads\/2018-06-03-10a_FestaEsportfoto_AjTaradell-3-500x333.jpeg 500w, https:\/\/cetaradell.cat\/ce\/wp-content\/uploads\/2018-06-03-10a_FestaEsportfoto_AjTaradell-3-700x466.jpeg 700w, https:\/\/cetaradell.cat\/ce\/wp-content\/uploads\/2018-06-03-10a_FestaEsportfoto_AjTaradell-3-768x512.jpeg 768w, https:\/\/cetaradell.cat\/ce\/wp-content\/uploads\/2018-06-03-10a_FestaEsportfoto_AjTaradell-3.jpeg 950w\" sizes=\"(max-width: 300px) 100vw, 300px\" \/><\/a><p id=\"caption-attachment-6346\" class=\"wp-caption-text\">Albert Pujol, millor traject\u00f2ria esportiva (Foto: Ajuntament de Taradell)<\/p><\/div><\/td>\n<td>\n<p><div id=\"attachment_6345\" style=\"width: 310px\" class=\"wp-caption alignleft\"><a href=\"https:\/\/cetaradell.cat\/ce\/wp-content\/uploads\/2018-06-03-10a_FestaEsportfoto_AjTaradell-2.jpeg\" target=\"_blank\" rel=\"attachment noopener wp-att-6345 noreferrer\"><img decoding=\"async\" aria-describedby=\"caption-attachment-6345\" class=\"wp-image-6345 size-medium\" src=\"https:\/\/cetaradell.cat\/ce\/wp-content\/uploads\/2018-06-03-10a_FestaEsportfoto_AjTaradell-2-300x200.jpeg\" alt=\"2018-06-03-10a_FestaEsport(foto_AjTaradell) (2)\" width=\"300\" height=\"200\" srcset=\"https:\/\/cetaradell.cat\/ce\/wp-content\/uploads\/2018-06-03-10a_FestaEsportfoto_AjTaradell-2-300x200.jpeg 300w, https:\/\/cetaradell.cat\/ce\/wp-content\/uploads\/2018-06-03-10a_FestaEsportfoto_AjTaradell-2-500x333.jpeg 500w, https:\/\/cetaradell.cat\/ce\/wp-content\/uploads\/2018-06-03-10a_FestaEsportfoto_AjTaradell-2-700x466.jpeg 700w, https:\/\/cetaradell.cat\/ce\/wp-content\/uploads\/2018-06-03-10a_FestaEsportfoto_AjTaradell-2-768x512.jpeg 768w, https:\/\/cetaradell.cat\/ce\/wp-content\/uploads\/2018-06-03-10a_FestaEsportfoto_AjTaradell-2.jpeg 950w\" sizes=\"(max-width: 300px) 100vw, 300px\" \/><\/a><p id=\"caption-attachment-6345\" class=\"wp-caption-text\">Josep Sirisi, a la dedicaci\u00f3 i passi\u00f3 per l&#8217;esport (Foto: Ajuntament de Taradell)<\/p><\/div><\/td>\n<\/tr>\n<\/tbody>\n<\/table>\n<p>L&#8217;atleta <strong>Albert Pujol<\/strong>, del CET, per cinqu\u00e8 any consecutiu va ser reconegut, i en aquesta ocasi\u00f3 ho va ser per la seva traject\u00f2ria esportiva. Durant quatre anys seguits va ser reconegut com\u00a0a millor esportista i des de l&#8217;organitzaci\u00f3 es va destacar que enguany tamb\u00e9 se&#8217;l podia haver emportat\u00a0pels \u00e8xits aconseguits a totes les competicions que havia participat.<\/p>\n<p><strong>Josep Sirisi<\/strong>, atleta i excursionista, soci del CET des dels primers anys de la seva fundaci\u00f3 i que durant molts anys va formar part de la Junta,\u00a0 va rebre el guard\u00f3 a la const\u00e0ncia, la dedicaci\u00f3 i la passi\u00f3 per a l&#8217;esport.<\/p>\n<p>&nbsp;<\/p>\n","protected":false},"excerpt":{"rendered":"<p>Els dies 2 i 3 de juny de 2018 es va celebrar a Taradell la 10a edici\u00f3 de la Festa de l\u2019Esport, la qual, com en les edicions passades, va comptar amb la col\u00b7laboraci\u00f3 del Centre Excursionista Taradell juntament amb altres entitats. El dissabte al mat\u00ed el CET vam col\u00b7laborar  [&#8230;]<\/p>\n","protected":false},"author":1,"featured_media":6344,"comment_status":"closed","ping_status":"closed","sticky":false,"template":"","format":"standard","meta":{"footnotes":""},"categories":[3],"tags":[],"class_list":["post-6343","post","type-post","status-publish","format-standard","has-post-thumbnail","hentry","category-noticies"],"yoast_head":"<!-- This site is optimized with the Yoast SEO plugin v27.4 - https:\/\/yoast.com\/product\/yoast-seo-wordpress\/ -->\n<title>El CET a la 10a Festa de l\u2019Esport - Centre Excursionista Taradell<\/title>\n<meta name=\"robots\" content=\"index, follow, max-snippet:-1, max-image-preview:large, max-video-preview:-1\" \/>\n<link rel=\"canonical\" href=\"https:\/\/cetaradell.cat\/ce\/el-cet-a-la-10a-festa-de-lesport\/\" \/>\n<meta property=\"og:locale\" content=\"ca_ES\" \/>\n<meta property=\"og:type\" content=\"article\" \/>\n<meta property=\"og:title\" content=\"El CET a la 10a Festa de l\u2019Esport - Centre Excursionista Taradell\" \/>\n<meta property=\"og:description\" content=\"Els dies 2 i 3 de juny de 2018 es va celebrar a Taradell la 10a edici\u00f3 de la Festa de l\u2019Esport, la qual, com en les edicions passades, va comptar amb la col\u00b7laboraci\u00f3 del Centre Excursionista Taradell juntament amb altres entitats. El dissabte al mat\u00ed el CET vam col\u00b7laborar [...]\" \/>\n<meta property=\"og:url\" content=\"https:\/\/cetaradell.cat\/ce\/el-cet-a-la-10a-festa-de-lesport\/\" \/>\n<meta property=\"og:site_name\" content=\"Centre Excursionista Taradell\" \/>\n<meta property=\"article:publisher\" content=\"https:\/\/www.facebook.com\/CETaradell\/\" \/>\n<meta property=\"article:published_time\" content=\"2018-06-30T10:33:14+00:00\" \/>\n<meta property=\"article:modified_time\" content=\"2020-06-21T10:14:43+00:00\" \/>\n<meta property=\"og:image\" content=\"https:\/\/cetaradell.cat\/ce\/wp-content\/uploads\/2018-06-03-10a_FestaEsportfoto_AjTaradell-1.jpeg\" \/>\n\t<meta property=\"og:image:width\" content=\"950\" \/>\n\t<meta property=\"og:image:height\" content=\"633\" \/>\n\t<meta property=\"og:image:type\" content=\"image\/jpeg\" \/>\n<meta name=\"author\" content=\"CET\" \/>\n<meta name=\"twitter:card\" content=\"summary_large_image\" \/>\n<meta name=\"twitter:label1\" content=\"Escrit per\" \/>\n\t<meta name=\"twitter:data1\" content=\"CET\" \/>\n\t<meta name=\"twitter:label2\" content=\"Temps estimat de lectura\" \/>\n\t<meta name=\"twitter:data2\" content=\"3 minuts\" \/>\n<script type=\"application\/ld+json\" class=\"yoast-schema-graph\">{\"@context\":\"https:\\\/\\\/schema.org\",\"@graph\":[{\"@type\":\"Article\",\"@id\":\"https:\\\/\\\/cetaradell.cat\\\/ce\\\/el-cet-a-la-10a-festa-de-lesport\\\/#article\",\"isPartOf\":{\"@id\":\"https:\\\/\\\/cetaradell.cat\\\/ce\\\/el-cet-a-la-10a-festa-de-lesport\\\/\"},\"author\":{\"name\":\"CET\",\"@id\":\"https:\\\/\\\/cetaradell.cat\\\/ce\\\/#\\\/schema\\\/person\\\/92a59f585073071c7be6649e84b22f78\"},\"headline\":\"El CET a la 10a Festa de l\u2019Esport\",\"datePublished\":\"2018-06-30T10:33:14+00:00\",\"dateModified\":\"2020-06-21T10:14:43+00:00\",\"mainEntityOfPage\":{\"@id\":\"https:\\\/\\\/cetaradell.cat\\\/ce\\\/el-cet-a-la-10a-festa-de-lesport\\\/\"},\"wordCount\":710,\"image\":{\"@id\":\"https:\\\/\\\/cetaradell.cat\\\/ce\\\/el-cet-a-la-10a-festa-de-lesport\\\/#primaryimage\"},\"thumbnailUrl\":\"https:\\\/\\\/cetaradell.cat\\\/ce\\\/wp-content\\\/uploads\\\/2018-06-03-10a_FestaEsportfoto_AjTaradell-1.jpeg\",\"articleSection\":[\"Not\u00edcies\"],\"inLanguage\":\"ca\"},{\"@type\":\"WebPage\",\"@id\":\"https:\\\/\\\/cetaradell.cat\\\/ce\\\/el-cet-a-la-10a-festa-de-lesport\\\/\",\"url\":\"https:\\\/\\\/cetaradell.cat\\\/ce\\\/el-cet-a-la-10a-festa-de-lesport\\\/\",\"name\":\"El CET a la 10a Festa de l\u2019Esport - Centre Excursionista Taradell\",\"isPartOf\":{\"@id\":\"https:\\\/\\\/cetaradell.cat\\\/ce\\\/#website\"},\"primaryImageOfPage\":{\"@id\":\"https:\\\/\\\/cetaradell.cat\\\/ce\\\/el-cet-a-la-10a-festa-de-lesport\\\/#primaryimage\"},\"image\":{\"@id\":\"https:\\\/\\\/cetaradell.cat\\\/ce\\\/el-cet-a-la-10a-festa-de-lesport\\\/#primaryimage\"},\"thumbnailUrl\":\"https:\\\/\\\/cetaradell.cat\\\/ce\\\/wp-content\\\/uploads\\\/2018-06-03-10a_FestaEsportfoto_AjTaradell-1.jpeg\",\"datePublished\":\"2018-06-30T10:33:14+00:00\",\"dateModified\":\"2020-06-21T10:14:43+00:00\",\"author\":{\"@id\":\"https:\\\/\\\/cetaradell.cat\\\/ce\\\/#\\\/schema\\\/person\\\/92a59f585073071c7be6649e84b22f78\"},\"breadcrumb\":{\"@id\":\"https:\\\/\\\/cetaradell.cat\\\/ce\\\/el-cet-a-la-10a-festa-de-lesport\\\/#breadcrumb\"},\"inLanguage\":\"ca\",\"potentialAction\":[{\"@type\":\"ReadAction\",\"target\":[\"https:\\\/\\\/cetaradell.cat\\\/ce\\\/el-cet-a-la-10a-festa-de-lesport\\\/\"]}]},{\"@type\":\"ImageObject\",\"inLanguage\":\"ca\",\"@id\":\"https:\\\/\\\/cetaradell.cat\\\/ce\\\/el-cet-a-la-10a-festa-de-lesport\\\/#primaryimage\",\"url\":\"https:\\\/\\\/cetaradell.cat\\\/ce\\\/wp-content\\\/uploads\\\/2018-06-03-10a_FestaEsportfoto_AjTaradell-1.jpeg\",\"contentUrl\":\"https:\\\/\\\/cetaradell.cat\\\/ce\\\/wp-content\\\/uploads\\\/2018-06-03-10a_FestaEsportfoto_AjTaradell-1.jpeg\",\"width\":950,\"height\":633},{\"@type\":\"BreadcrumbList\",\"@id\":\"https:\\\/\\\/cetaradell.cat\\\/ce\\\/el-cet-a-la-10a-festa-de-lesport\\\/#breadcrumb\",\"itemListElement\":[{\"@type\":\"ListItem\",\"position\":1,\"name\":\"Inici\",\"item\":\"https:\\\/\\\/cetaradell.cat\\\/ce\\\/\"},{\"@type\":\"ListItem\",\"position\":2,\"name\":\"El CET a la 10a Festa de l\u2019Esport\"}]},{\"@type\":\"WebSite\",\"@id\":\"https:\\\/\\\/cetaradell.cat\\\/ce\\\/#website\",\"url\":\"https:\\\/\\\/cetaradell.cat\\\/ce\\\/\",\"name\":\"Centre Excursionista Taradell\",\"description\":\"\",\"potentialAction\":[{\"@type\":\"SearchAction\",\"target\":{\"@type\":\"EntryPoint\",\"urlTemplate\":\"https:\\\/\\\/cetaradell.cat\\\/ce\\\/?s={search_term_string}\"},\"query-input\":{\"@type\":\"PropertyValueSpecification\",\"valueRequired\":true,\"valueName\":\"search_term_string\"}}],\"inLanguage\":\"ca\"},{\"@type\":\"Person\",\"@id\":\"https:\\\/\\\/cetaradell.cat\\\/ce\\\/#\\\/schema\\\/person\\\/92a59f585073071c7be6649e84b22f78\",\"name\":\"CET\",\"image\":{\"@type\":\"ImageObject\",\"inLanguage\":\"ca\",\"@id\":\"https:\\\/\\\/secure.gravatar.com\\\/avatar\\\/d6fbe010d42056feccc0f613ed07277a5118442805079269f12dabdc42e1a727?s=96&d=mm&r=g\",\"url\":\"https:\\\/\\\/secure.gravatar.com\\\/avatar\\\/d6fbe010d42056feccc0f613ed07277a5118442805079269f12dabdc42e1a727?s=96&d=mm&r=g\",\"contentUrl\":\"https:\\\/\\\/secure.gravatar.com\\\/avatar\\\/d6fbe010d42056feccc0f613ed07277a5118442805079269f12dabdc42e1a727?s=96&d=mm&r=g\",\"caption\":\"CET\"},\"url\":\"https:\\\/\\\/cetaradell.cat\\\/ce\\\/author\\\/root\\\/\"}]}<\/script>\n<!-- \/ Yoast SEO plugin. -->","yoast_head_json":{"title":"El CET a la 10a Festa de l\u2019Esport - Centre Excursionista Taradell","robots":{"index":"index","follow":"follow","max-snippet":"max-snippet:-1","max-image-preview":"max-image-preview:large","max-video-preview":"max-video-preview:-1"},"canonical":"https:\/\/cetaradell.cat\/ce\/el-cet-a-la-10a-festa-de-lesport\/","og_locale":"ca_ES","og_type":"article","og_title":"El CET a la 10a Festa de l\u2019Esport - Centre Excursionista Taradell","og_description":"Els dies 2 i 3 de juny de 2018 es va celebrar a Taradell la 10a edici\u00f3 de la Festa de l\u2019Esport, la qual, com en les edicions passades, va comptar amb la col\u00b7laboraci\u00f3 del Centre Excursionista Taradell juntament amb altres entitats. El dissabte al mat\u00ed el CET vam col\u00b7laborar [...]","og_url":"https:\/\/cetaradell.cat\/ce\/el-cet-a-la-10a-festa-de-lesport\/","og_site_name":"Centre Excursionista Taradell","article_publisher":"https:\/\/www.facebook.com\/CETaradell\/","article_published_time":"2018-06-30T10:33:14+00:00","article_modified_time":"2020-06-21T10:14:43+00:00","og_image":[{"width":950,"height":633,"url":"https:\/\/cetaradell.cat\/ce\/wp-content\/uploads\/2018-06-03-10a_FestaEsportfoto_AjTaradell-1.jpeg","type":"image\/jpeg"}],"author":"CET","twitter_card":"summary_large_image","twitter_misc":{"Escrit per":"CET","Temps estimat de lectura":"3 minuts"},"schema":{"@context":"https:\/\/schema.org","@graph":[{"@type":"Article","@id":"https:\/\/cetaradell.cat\/ce\/el-cet-a-la-10a-festa-de-lesport\/#article","isPartOf":{"@id":"https:\/\/cetaradell.cat\/ce\/el-cet-a-la-10a-festa-de-lesport\/"},"author":{"name":"CET","@id":"https:\/\/cetaradell.cat\/ce\/#\/schema\/person\/92a59f585073071c7be6649e84b22f78"},"headline":"El CET a la 10a Festa de l\u2019Esport","datePublished":"2018-06-30T10:33:14+00:00","dateModified":"2020-06-21T10:14:43+00:00","mainEntityOfPage":{"@id":"https:\/\/cetaradell.cat\/ce\/el-cet-a-la-10a-festa-de-lesport\/"},"wordCount":710,"image":{"@id":"https:\/\/cetaradell.cat\/ce\/el-cet-a-la-10a-festa-de-lesport\/#primaryimage"},"thumbnailUrl":"https:\/\/cetaradell.cat\/ce\/wp-content\/uploads\/2018-06-03-10a_FestaEsportfoto_AjTaradell-1.jpeg","articleSection":["Not\u00edcies"],"inLanguage":"ca"},{"@type":"WebPage","@id":"https:\/\/cetaradell.cat\/ce\/el-cet-a-la-10a-festa-de-lesport\/","url":"https:\/\/cetaradell.cat\/ce\/el-cet-a-la-10a-festa-de-lesport\/","name":"El CET a la 10a Festa de l\u2019Esport - Centre Excursionista Taradell","isPartOf":{"@id":"https:\/\/cetaradell.cat\/ce\/#website"},"primaryImageOfPage":{"@id":"https:\/\/cetaradell.cat\/ce\/el-cet-a-la-10a-festa-de-lesport\/#primaryimage"},"image":{"@id":"https:\/\/cetaradell.cat\/ce\/el-cet-a-la-10a-festa-de-lesport\/#primaryimage"},"thumbnailUrl":"https:\/\/cetaradell.cat\/ce\/wp-content\/uploads\/2018-06-03-10a_FestaEsportfoto_AjTaradell-1.jpeg","datePublished":"2018-06-30T10:33:14+00:00","dateModified":"2020-06-21T10:14:43+00:00","author":{"@id":"https:\/\/cetaradell.cat\/ce\/#\/schema\/person\/92a59f585073071c7be6649e84b22f78"},"breadcrumb":{"@id":"https:\/\/cetaradell.cat\/ce\/el-cet-a-la-10a-festa-de-lesport\/#breadcrumb"},"inLanguage":"ca","potentialAction":[{"@type":"ReadAction","target":["https:\/\/cetaradell.cat\/ce\/el-cet-a-la-10a-festa-de-lesport\/"]}]},{"@type":"ImageObject","inLanguage":"ca","@id":"https:\/\/cetaradell.cat\/ce\/el-cet-a-la-10a-festa-de-lesport\/#primaryimage","url":"https:\/\/cetaradell.cat\/ce\/wp-content\/uploads\/2018-06-03-10a_FestaEsportfoto_AjTaradell-1.jpeg","contentUrl":"https:\/\/cetaradell.cat\/ce\/wp-content\/uploads\/2018-06-03-10a_FestaEsportfoto_AjTaradell-1.jpeg","width":950,"height":633},{"@type":"BreadcrumbList","@id":"https:\/\/cetaradell.cat\/ce\/el-cet-a-la-10a-festa-de-lesport\/#breadcrumb","itemListElement":[{"@type":"ListItem","position":1,"name":"Inici","item":"https:\/\/cetaradell.cat\/ce\/"},{"@type":"ListItem","position":2,"name":"El CET a la 10a Festa de l\u2019Esport"}]},{"@type":"WebSite","@id":"https:\/\/cetaradell.cat\/ce\/#website","url":"https:\/\/cetaradell.cat\/ce\/","name":"Centre Excursionista Taradell","description":"","potentialAction":[{"@type":"SearchAction","target":{"@type":"EntryPoint","urlTemplate":"https:\/\/cetaradell.cat\/ce\/?s={search_term_string}"},"query-input":{"@type":"PropertyValueSpecification","valueRequired":true,"valueName":"search_term_string"}}],"inLanguage":"ca"},{"@type":"Person","@id":"https:\/\/cetaradell.cat\/ce\/#\/schema\/person\/92a59f585073071c7be6649e84b22f78","name":"CET","image":{"@type":"ImageObject","inLanguage":"ca","@id":"https:\/\/secure.gravatar.com\/avatar\/d6fbe010d42056feccc0f613ed07277a5118442805079269f12dabdc42e1a727?s=96&d=mm&r=g","url":"https:\/\/secure.gravatar.com\/avatar\/d6fbe010d42056feccc0f613ed07277a5118442805079269f12dabdc42e1a727?s=96&d=mm&r=g","contentUrl":"https:\/\/secure.gravatar.com\/avatar\/d6fbe010d42056feccc0f613ed07277a5118442805079269f12dabdc42e1a727?s=96&d=mm&r=g","caption":"CET"},"url":"https:\/\/cetaradell.cat\/ce\/author\/root\/"}]}},"_links":{"self":[{"href":"https:\/\/cetaradell.cat\/ce\/wp-json\/wp\/v2\/posts\/6343","targetHints":{"allow":["GET"]}}],"collection":[{"href":"https:\/\/cetaradell.cat\/ce\/wp-json\/wp\/v2\/posts"}],"about":[{"href":"https:\/\/cetaradell.cat\/ce\/wp-json\/wp\/v2\/types\/post"}],"author":[{"embeddable":true,"href":"https:\/\/cetaradell.cat\/ce\/wp-json\/wp\/v2\/users\/1"}],"replies":[{"embeddable":true,"href":"https:\/\/cetaradell.cat\/ce\/wp-json\/wp\/v2\/comments?post=6343"}],"version-history":[{"count":0,"href":"https:\/\/cetaradell.cat\/ce\/wp-json\/wp\/v2\/posts\/6343\/revisions"}],"wp:featuredmedia":[{"embeddable":true,"href":"https:\/\/cetaradell.cat\/ce\/wp-json\/wp\/v2\/media\/6344"}],"wp:attachment":[{"href":"https:\/\/cetaradell.cat\/ce\/wp-json\/wp\/v2\/media?parent=6343"}],"wp:term":[{"taxonomy":"category","embeddable":true,"href":"https:\/\/cetaradell.cat\/ce\/wp-json\/wp\/v2\/categories?post=6343"},{"taxonomy":"post_tag","embeddable":true,"href":"https:\/\/cetaradell.cat\/ce\/wp-json\/wp\/v2\/tags?post=6343"}],"curies":[{"name":"wp","href":"https:\/\/api.w.org\/{rel}","templated":true}]}}