{"id":6361,"date":"2018-07-02T22:09:14","date_gmt":"2018-07-02T21:09:14","guid":{"rendered":"https:\/\/cetaradell.cat\/ce\/?p=6361"},"modified":"2020-06-06T11:50:54","modified_gmt":"2020-06-06T10:50:54","slug":"josep-maria-freixas-2n-als-2-dies-de-fontanals","status":"publish","type":"post","link":"https:\/\/cetaradell.cat\/ce\/josep-maria-freixas-2n-als-2-dies-de-fontanals\/","title":{"rendered":"Josep Maria Freixas, 2n als 2 Dies de Fontanals"},"content":{"rendered":"<div id=\"attachment_6362\" style=\"width: 310px\" class=\"wp-caption alignleft\"><a href=\"https:\/\/cetaradell.cat\/ce\/wp-content\/uploads\/2018-07-01-2_dies_FontanalsFoto_Meritxell_Freixas-2.jpeg\" target=\"_blank\" rel=\"attachment noopener wp-att-6362 noreferrer\"><img decoding=\"async\" aria-describedby=\"caption-attachment-6362\" class=\"wp-image-6362 size-medium\" src=\"https:\/\/cetaradell.cat\/ce\/wp-content\/uploads\/2018-07-01-2_dies_FontanalsFoto_Meritxell_Freixas-2-300x225.jpeg\" alt=\"2018-07-01-2_dies_Fontanals(Foto_Meritxell_Freixas) (2)\" width=\"300\" height=\"225\" srcset=\"https:\/\/cetaradell.cat\/ce\/wp-content\/uploads\/2018-07-01-2_dies_FontanalsFoto_Meritxell_Freixas-2-300x225.jpeg 300w, https:\/\/cetaradell.cat\/ce\/wp-content\/uploads\/2018-07-01-2_dies_FontanalsFoto_Meritxell_Freixas-2-500x375.jpeg 500w, https:\/\/cetaradell.cat\/ce\/wp-content\/uploads\/2018-07-01-2_dies_FontanalsFoto_Meritxell_Freixas-2-700x525.jpeg 700w, https:\/\/cetaradell.cat\/ce\/wp-content\/uploads\/2018-07-01-2_dies_FontanalsFoto_Meritxell_Freixas-2-768x576.jpeg 768w, https:\/\/cetaradell.cat\/ce\/wp-content\/uploads\/2018-07-01-2_dies_FontanalsFoto_Meritxell_Freixas-2.jpeg 910w\" sizes=\"(max-width: 300px) 100vw, 300px\" \/><\/a><p id=\"caption-attachment-6362\" class=\"wp-caption-text\">Josep Maria Freixas, 2n als 2 Dies de Fontanals (Foto: Meritxell Freixas)<\/p><\/div>\n<p><strong>Josep Maria Freixas<\/strong>, del CET, va quedar en <strong>2n lloc<\/strong> de la categoria Homes 21A\u00a0 a la classificaci\u00f3 final a les curses d&#8217;orientaci\u00f3 dels <strong>2 Dies de Fontanals de Cerdanya<\/strong>, celebrades els dies 30 de juny i 1 de juliol. A la cursa de llarga dist\u00e0ncia que es va c\u00f3rrer el dissabte, Josep Maria Freixas es va classificar el primer per\u00f2 l\u2019endem\u00e0 diumenge es va classificar en tercer lloc de la cursa de mitja dist\u00e0ncia de manera que la suma de les dues curses el va situar a la segona posici\u00f3.<\/p>\n<p>Els orientadors del CET <strong>Meritxell Freixas<\/strong> i <strong>Marc Ballabriga <\/strong>tamb\u00e9 van participar en aquestes curses. <strong>Meritxell Freixas<\/strong> va quedar situada en una destacada <strong>4a posici\u00f3<\/strong> de la classificaci\u00f3 final de la categoria Dones 21A tot i haver aconseguit el primer lloc a la cursa de mitja dist\u00e0ncia del diumenge, perqu\u00e8 el dissabte es va classificar en 10\u00e8 lloc degut a que va fer alguns errors que li van fer perdre molt temps; i <strong>Marc Ballabriga<\/strong>, es va classificat en 10\u00e8 lloc de la classificaci\u00f3 final a la categoria Homes 21A.<\/p>\n","protected":false},"excerpt":{"rendered":"<p>Josep Maria Freixas, del CET, va quedar en 2n lloc de la categoria Homes 21A\u00a0 a la classificaci\u00f3 final a les curses d&#8217;orientaci\u00f3 dels 2 Dies de Fontanals de Cerdanya, celebrades els dies 30 de juny i 1 de juliol. A la cursa de llarga dist\u00e0ncia que es va c\u00f3rrer  [&#8230;]<\/p>\n","protected":false},"author":1,"featured_media":6362,"comment_status":"closed","ping_status":"closed","sticky":false,"template":"","format":"standard","meta":{"footnotes":""},"categories":[46,3],"tags":[],"class_list":["post-6361","post","type-post","status-publish","format-standard","has-post-thumbnail","hentry","category-equip-cet-lenclusa-o","category-noticies"],"yoast_head":"<!-- This site is optimized with the Yoast SEO plugin v27.4 - https:\/\/yoast.com\/product\/yoast-seo-wordpress\/ -->\n<title>Josep Maria Freixas, 2n als 2 Dies de Fontanals - Centre Excursionista Taradell<\/title>\n<meta name=\"robots\" content=\"index, follow, max-snippet:-1, max-image-preview:large, max-video-preview:-1\" \/>\n<link rel=\"canonical\" href=\"https:\/\/cetaradell.cat\/ce\/josep-maria-freixas-2n-als-2-dies-de-fontanals\/\" \/>\n<meta property=\"og:locale\" content=\"ca_ES\" \/>\n<meta property=\"og:type\" content=\"article\" \/>\n<meta property=\"og:title\" content=\"Josep Maria Freixas, 2n als 2 Dies de Fontanals - Centre Excursionista Taradell\" \/>\n<meta property=\"og:description\" content=\"Josep Maria Freixas, del CET, va quedar en 2n lloc de la categoria Homes 21A\u00a0 a la classificaci\u00f3 final a les curses d&#8217;orientaci\u00f3 dels 2 Dies de Fontanals de Cerdanya, celebrades els dies 30 de juny i 1 de juliol. A la cursa de llarga dist\u00e0ncia que es va c\u00f3rrer [...]\" \/>\n<meta property=\"og:url\" content=\"https:\/\/cetaradell.cat\/ce\/josep-maria-freixas-2n-als-2-dies-de-fontanals\/\" \/>\n<meta property=\"og:site_name\" content=\"Centre Excursionista Taradell\" \/>\n<meta property=\"article:publisher\" content=\"https:\/\/www.facebook.com\/CETaradell\/\" \/>\n<meta property=\"article:published_time\" content=\"2018-07-02T21:09:14+00:00\" \/>\n<meta property=\"article:modified_time\" content=\"2020-06-06T10:50:54+00:00\" \/>\n<meta property=\"og:image\" content=\"https:\/\/cetaradell.cat\/ce\/wp-content\/uploads\/2018-07-01-2_dies_FontanalsFoto_Meritxell_Freixas-2.jpeg\" \/>\n\t<meta property=\"og:image:width\" content=\"910\" \/>\n\t<meta property=\"og:image:height\" content=\"683\" \/>\n\t<meta property=\"og:image:type\" content=\"image\/jpeg\" \/>\n<meta name=\"author\" content=\"CET\" \/>\n<meta name=\"twitter:card\" content=\"summary_large_image\" \/>\n<meta name=\"twitter:label1\" content=\"Escrit per\" \/>\n\t<meta name=\"twitter:data1\" content=\"CET\" \/>\n\t<meta name=\"twitter:label2\" content=\"Temps estimat de lectura\" \/>\n\t<meta name=\"twitter:data2\" content=\"1 minut\" \/>\n<script type=\"application\/ld+json\" class=\"yoast-schema-graph\">{\"@context\":\"https:\\\/\\\/schema.org\",\"@graph\":[{\"@type\":\"Article\",\"@id\":\"https:\\\/\\\/cetaradell.cat\\\/ce\\\/josep-maria-freixas-2n-als-2-dies-de-fontanals\\\/#article\",\"isPartOf\":{\"@id\":\"https:\\\/\\\/cetaradell.cat\\\/ce\\\/josep-maria-freixas-2n-als-2-dies-de-fontanals\\\/\"},\"author\":{\"name\":\"CET\",\"@id\":\"https:\\\/\\\/cetaradell.cat\\\/ce\\\/#\\\/schema\\\/person\\\/92a59f585073071c7be6649e84b22f78\"},\"headline\":\"Josep Maria Freixas, 2n als 2 Dies de Fontanals\",\"datePublished\":\"2018-07-02T21:09:14+00:00\",\"dateModified\":\"2020-06-06T10:50:54+00:00\",\"mainEntityOfPage\":{\"@id\":\"https:\\\/\\\/cetaradell.cat\\\/ce\\\/josep-maria-freixas-2n-als-2-dies-de-fontanals\\\/\"},\"wordCount\":208,\"image\":{\"@id\":\"https:\\\/\\\/cetaradell.cat\\\/ce\\\/josep-maria-freixas-2n-als-2-dies-de-fontanals\\\/#primaryimage\"},\"thumbnailUrl\":\"https:\\\/\\\/cetaradell.cat\\\/ce\\\/wp-content\\\/uploads\\\/2018-07-01-2_dies_FontanalsFoto_Meritxell_Freixas-2.jpeg\",\"articleSection\":[\"Equip CET L'Enclusa-O\",\"Not\u00edcies\"],\"inLanguage\":\"ca\"},{\"@type\":\"WebPage\",\"@id\":\"https:\\\/\\\/cetaradell.cat\\\/ce\\\/josep-maria-freixas-2n-als-2-dies-de-fontanals\\\/\",\"url\":\"https:\\\/\\\/cetaradell.cat\\\/ce\\\/josep-maria-freixas-2n-als-2-dies-de-fontanals\\\/\",\"name\":\"Josep Maria Freixas, 2n als 2 Dies de Fontanals - Centre Excursionista Taradell\",\"isPartOf\":{\"@id\":\"https:\\\/\\\/cetaradell.cat\\\/ce\\\/#website\"},\"primaryImageOfPage\":{\"@id\":\"https:\\\/\\\/cetaradell.cat\\\/ce\\\/josep-maria-freixas-2n-als-2-dies-de-fontanals\\\/#primaryimage\"},\"image\":{\"@id\":\"https:\\\/\\\/cetaradell.cat\\\/ce\\\/josep-maria-freixas-2n-als-2-dies-de-fontanals\\\/#primaryimage\"},\"thumbnailUrl\":\"https:\\\/\\\/cetaradell.cat\\\/ce\\\/wp-content\\\/uploads\\\/2018-07-01-2_dies_FontanalsFoto_Meritxell_Freixas-2.jpeg\",\"datePublished\":\"2018-07-02T21:09:14+00:00\",\"dateModified\":\"2020-06-06T10:50:54+00:00\",\"author\":{\"@id\":\"https:\\\/\\\/cetaradell.cat\\\/ce\\\/#\\\/schema\\\/person\\\/92a59f585073071c7be6649e84b22f78\"},\"breadcrumb\":{\"@id\":\"https:\\\/\\\/cetaradell.cat\\\/ce\\\/josep-maria-freixas-2n-als-2-dies-de-fontanals\\\/#breadcrumb\"},\"inLanguage\":\"ca\",\"potentialAction\":[{\"@type\":\"ReadAction\",\"target\":[\"https:\\\/\\\/cetaradell.cat\\\/ce\\\/josep-maria-freixas-2n-als-2-dies-de-fontanals\\\/\"]}]},{\"@type\":\"ImageObject\",\"inLanguage\":\"ca\",\"@id\":\"https:\\\/\\\/cetaradell.cat\\\/ce\\\/josep-maria-freixas-2n-als-2-dies-de-fontanals\\\/#primaryimage\",\"url\":\"https:\\\/\\\/cetaradell.cat\\\/ce\\\/wp-content\\\/uploads\\\/2018-07-01-2_dies_FontanalsFoto_Meritxell_Freixas-2.jpeg\",\"contentUrl\":\"https:\\\/\\\/cetaradell.cat\\\/ce\\\/wp-content\\\/uploads\\\/2018-07-01-2_dies_FontanalsFoto_Meritxell_Freixas-2.jpeg\",\"width\":910,\"height\":683},{\"@type\":\"BreadcrumbList\",\"@id\":\"https:\\\/\\\/cetaradell.cat\\\/ce\\\/josep-maria-freixas-2n-als-2-dies-de-fontanals\\\/#breadcrumb\",\"itemListElement\":[{\"@type\":\"ListItem\",\"position\":1,\"name\":\"Inici\",\"item\":\"https:\\\/\\\/cetaradell.cat\\\/ce\\\/\"},{\"@type\":\"ListItem\",\"position\":2,\"name\":\"Josep Maria Freixas, 2n als 2 Dies de Fontanals\"}]},{\"@type\":\"WebSite\",\"@id\":\"https:\\\/\\\/cetaradell.cat\\\/ce\\\/#website\",\"url\":\"https:\\\/\\\/cetaradell.cat\\\/ce\\\/\",\"name\":\"Centre Excursionista Taradell\",\"description\":\"\",\"potentialAction\":[{\"@type\":\"SearchAction\",\"target\":{\"@type\":\"EntryPoint\",\"urlTemplate\":\"https:\\\/\\\/cetaradell.cat\\\/ce\\\/?s={search_term_string}\"},\"query-input\":{\"@type\":\"PropertyValueSpecification\",\"valueRequired\":true,\"valueName\":\"search_term_string\"}}],\"inLanguage\":\"ca\"},{\"@type\":\"Person\",\"@id\":\"https:\\\/\\\/cetaradell.cat\\\/ce\\\/#\\\/schema\\\/person\\\/92a59f585073071c7be6649e84b22f78\",\"name\":\"CET\",\"image\":{\"@type\":\"ImageObject\",\"inLanguage\":\"ca\",\"@id\":\"https:\\\/\\\/secure.gravatar.com\\\/avatar\\\/d6fbe010d42056feccc0f613ed07277a5118442805079269f12dabdc42e1a727?s=96&d=mm&r=g\",\"url\":\"https:\\\/\\\/secure.gravatar.com\\\/avatar\\\/d6fbe010d42056feccc0f613ed07277a5118442805079269f12dabdc42e1a727?s=96&d=mm&r=g\",\"contentUrl\":\"https:\\\/\\\/secure.gravatar.com\\\/avatar\\\/d6fbe010d42056feccc0f613ed07277a5118442805079269f12dabdc42e1a727?s=96&d=mm&r=g\",\"caption\":\"CET\"},\"url\":\"https:\\\/\\\/cetaradell.cat\\\/ce\\\/author\\\/root\\\/\"}]}<\/script>\n<!-- \/ Yoast SEO plugin. -->","yoast_head_json":{"title":"Josep Maria Freixas, 2n als 2 Dies de Fontanals - Centre Excursionista Taradell","robots":{"index":"index","follow":"follow","max-snippet":"max-snippet:-1","max-image-preview":"max-image-preview:large","max-video-preview":"max-video-preview:-1"},"canonical":"https:\/\/cetaradell.cat\/ce\/josep-maria-freixas-2n-als-2-dies-de-fontanals\/","og_locale":"ca_ES","og_type":"article","og_title":"Josep Maria Freixas, 2n als 2 Dies de Fontanals - Centre Excursionista Taradell","og_description":"Josep Maria Freixas, del CET, va quedar en 2n lloc de la categoria Homes 21A\u00a0 a la classificaci\u00f3 final a les curses d&#8217;orientaci\u00f3 dels 2 Dies de Fontanals de Cerdanya, celebrades els dies 30 de juny i 1 de juliol. A la cursa de llarga dist\u00e0ncia que es va c\u00f3rrer [...]","og_url":"https:\/\/cetaradell.cat\/ce\/josep-maria-freixas-2n-als-2-dies-de-fontanals\/","og_site_name":"Centre Excursionista Taradell","article_publisher":"https:\/\/www.facebook.com\/CETaradell\/","article_published_time":"2018-07-02T21:09:14+00:00","article_modified_time":"2020-06-06T10:50:54+00:00","og_image":[{"width":910,"height":683,"url":"https:\/\/cetaradell.cat\/ce\/wp-content\/uploads\/2018-07-01-2_dies_FontanalsFoto_Meritxell_Freixas-2.jpeg","type":"image\/jpeg"}],"author":"CET","twitter_card":"summary_large_image","twitter_misc":{"Escrit per":"CET","Temps estimat de lectura":"1 minut"},"schema":{"@context":"https:\/\/schema.org","@graph":[{"@type":"Article","@id":"https:\/\/cetaradell.cat\/ce\/josep-maria-freixas-2n-als-2-dies-de-fontanals\/#article","isPartOf":{"@id":"https:\/\/cetaradell.cat\/ce\/josep-maria-freixas-2n-als-2-dies-de-fontanals\/"},"author":{"name":"CET","@id":"https:\/\/cetaradell.cat\/ce\/#\/schema\/person\/92a59f585073071c7be6649e84b22f78"},"headline":"Josep Maria Freixas, 2n als 2 Dies de Fontanals","datePublished":"2018-07-02T21:09:14+00:00","dateModified":"2020-06-06T10:50:54+00:00","mainEntityOfPage":{"@id":"https:\/\/cetaradell.cat\/ce\/josep-maria-freixas-2n-als-2-dies-de-fontanals\/"},"wordCount":208,"image":{"@id":"https:\/\/cetaradell.cat\/ce\/josep-maria-freixas-2n-als-2-dies-de-fontanals\/#primaryimage"},"thumbnailUrl":"https:\/\/cetaradell.cat\/ce\/wp-content\/uploads\/2018-07-01-2_dies_FontanalsFoto_Meritxell_Freixas-2.jpeg","articleSection":["Equip CET L'Enclusa-O","Not\u00edcies"],"inLanguage":"ca"},{"@type":"WebPage","@id":"https:\/\/cetaradell.cat\/ce\/josep-maria-freixas-2n-als-2-dies-de-fontanals\/","url":"https:\/\/cetaradell.cat\/ce\/josep-maria-freixas-2n-als-2-dies-de-fontanals\/","name":"Josep Maria Freixas, 2n als 2 Dies de Fontanals - Centre Excursionista Taradell","isPartOf":{"@id":"https:\/\/cetaradell.cat\/ce\/#website"},"primaryImageOfPage":{"@id":"https:\/\/cetaradell.cat\/ce\/josep-maria-freixas-2n-als-2-dies-de-fontanals\/#primaryimage"},"image":{"@id":"https:\/\/cetaradell.cat\/ce\/josep-maria-freixas-2n-als-2-dies-de-fontanals\/#primaryimage"},"thumbnailUrl":"https:\/\/cetaradell.cat\/ce\/wp-content\/uploads\/2018-07-01-2_dies_FontanalsFoto_Meritxell_Freixas-2.jpeg","datePublished":"2018-07-02T21:09:14+00:00","dateModified":"2020-06-06T10:50:54+00:00","author":{"@id":"https:\/\/cetaradell.cat\/ce\/#\/schema\/person\/92a59f585073071c7be6649e84b22f78"},"breadcrumb":{"@id":"https:\/\/cetaradell.cat\/ce\/josep-maria-freixas-2n-als-2-dies-de-fontanals\/#breadcrumb"},"inLanguage":"ca","potentialAction":[{"@type":"ReadAction","target":["https:\/\/cetaradell.cat\/ce\/josep-maria-freixas-2n-als-2-dies-de-fontanals\/"]}]},{"@type":"ImageObject","inLanguage":"ca","@id":"https:\/\/cetaradell.cat\/ce\/josep-maria-freixas-2n-als-2-dies-de-fontanals\/#primaryimage","url":"https:\/\/cetaradell.cat\/ce\/wp-content\/uploads\/2018-07-01-2_dies_FontanalsFoto_Meritxell_Freixas-2.jpeg","contentUrl":"https:\/\/cetaradell.cat\/ce\/wp-content\/uploads\/2018-07-01-2_dies_FontanalsFoto_Meritxell_Freixas-2.jpeg","width":910,"height":683},{"@type":"BreadcrumbList","@id":"https:\/\/cetaradell.cat\/ce\/josep-maria-freixas-2n-als-2-dies-de-fontanals\/#breadcrumb","itemListElement":[{"@type":"ListItem","position":1,"name":"Inici","item":"https:\/\/cetaradell.cat\/ce\/"},{"@type":"ListItem","position":2,"name":"Josep Maria Freixas, 2n als 2 Dies de Fontanals"}]},{"@type":"WebSite","@id":"https:\/\/cetaradell.cat\/ce\/#website","url":"https:\/\/cetaradell.cat\/ce\/","name":"Centre Excursionista Taradell","description":"","potentialAction":[{"@type":"SearchAction","target":{"@type":"EntryPoint","urlTemplate":"https:\/\/cetaradell.cat\/ce\/?s={search_term_string}"},"query-input":{"@type":"PropertyValueSpecification","valueRequired":true,"valueName":"search_term_string"}}],"inLanguage":"ca"},{"@type":"Person","@id":"https:\/\/cetaradell.cat\/ce\/#\/schema\/person\/92a59f585073071c7be6649e84b22f78","name":"CET","image":{"@type":"ImageObject","inLanguage":"ca","@id":"https:\/\/secure.gravatar.com\/avatar\/d6fbe010d42056feccc0f613ed07277a5118442805079269f12dabdc42e1a727?s=96&d=mm&r=g","url":"https:\/\/secure.gravatar.com\/avatar\/d6fbe010d42056feccc0f613ed07277a5118442805079269f12dabdc42e1a727?s=96&d=mm&r=g","contentUrl":"https:\/\/secure.gravatar.com\/avatar\/d6fbe010d42056feccc0f613ed07277a5118442805079269f12dabdc42e1a727?s=96&d=mm&r=g","caption":"CET"},"url":"https:\/\/cetaradell.cat\/ce\/author\/root\/"}]}},"_links":{"self":[{"href":"https:\/\/cetaradell.cat\/ce\/wp-json\/wp\/v2\/posts\/6361","targetHints":{"allow":["GET"]}}],"collection":[{"href":"https:\/\/cetaradell.cat\/ce\/wp-json\/wp\/v2\/posts"}],"about":[{"href":"https:\/\/cetaradell.cat\/ce\/wp-json\/wp\/v2\/types\/post"}],"author":[{"embeddable":true,"href":"https:\/\/cetaradell.cat\/ce\/wp-json\/wp\/v2\/users\/1"}],"replies":[{"embeddable":true,"href":"https:\/\/cetaradell.cat\/ce\/wp-json\/wp\/v2\/comments?post=6361"}],"version-history":[{"count":0,"href":"https:\/\/cetaradell.cat\/ce\/wp-json\/wp\/v2\/posts\/6361\/revisions"}],"wp:featuredmedia":[{"embeddable":true,"href":"https:\/\/cetaradell.cat\/ce\/wp-json\/wp\/v2\/media\/6362"}],"wp:attachment":[{"href":"https:\/\/cetaradell.cat\/ce\/wp-json\/wp\/v2\/media?parent=6361"}],"wp:term":[{"taxonomy":"category","embeddable":true,"href":"https:\/\/cetaradell.cat\/ce\/wp-json\/wp\/v2\/categories?post=6361"},{"taxonomy":"post_tag","embeddable":true,"href":"https:\/\/cetaradell.cat\/ce\/wp-json\/wp\/v2\/tags?post=6361"}],"curies":[{"name":"wp","href":"https:\/\/api.w.org\/{rel}","templated":true}]}}