{"id":6365,"date":"2018-07-05T22:57:09","date_gmt":"2018-07-05T21:57:09","guid":{"rendered":"https:\/\/cetaradell.cat\/ce\/?p=6365"},"modified":"2020-06-21T11:21:58","modified_gmt":"2020-06-21T10:21:58","slug":"albert-pujol-4t-a-la-cursa-de-42km","status":"publish","type":"post","link":"https:\/\/cetaradell.cat\/ce\/albert-pujol-4t-a-la-cursa-de-42km\/","title":{"rendered":"Albert Pujol, 4t a la cursa de 42KM"},"content":{"rendered":"<h2><strong>El CET-L\u2019Enclusa al Buff Epic Trail<\/strong><\/h2>\n<div id=\"attachment_6368\" style=\"width: 310px\" class=\"wp-caption alignleft\"><a href=\"https:\/\/cetaradell.cat\/ce\/wp-content\/uploads\/2018-07-01-Buff_Epic_Trailfoto_BuffMountainFestival.jpg\" target=\"_blank\" rel=\"attachment noopener wp-att-6368 noreferrer\"><img decoding=\"async\" aria-describedby=\"caption-attachment-6368\" class=\"wp-image-6368 size-medium\" src=\"https:\/\/cetaradell.cat\/ce\/wp-content\/uploads\/2018-07-01-Buff_Epic_Trailfoto_BuffMountainFestival-300x200.jpg\" alt=\"2018-07-01-Buff_Epic_Trail(foto_BuffMountainFestival)\" width=\"300\" height=\"200\" srcset=\"https:\/\/cetaradell.cat\/ce\/wp-content\/uploads\/2018-07-01-Buff_Epic_Trailfoto_BuffMountainFestival-300x200.jpg 300w, https:\/\/cetaradell.cat\/ce\/wp-content\/uploads\/2018-07-01-Buff_Epic_Trailfoto_BuffMountainFestival-500x333.jpg 500w, https:\/\/cetaradell.cat\/ce\/wp-content\/uploads\/2018-07-01-Buff_Epic_Trailfoto_BuffMountainFestival-700x466.jpg 700w, https:\/\/cetaradell.cat\/ce\/wp-content\/uploads\/2018-07-01-Buff_Epic_Trailfoto_BuffMountainFestival-768x512.jpg 768w, https:\/\/cetaradell.cat\/ce\/wp-content\/uploads\/2018-07-01-Buff_Epic_Trailfoto_BuffMountainFestival-1024x682.jpg 1024w, https:\/\/cetaradell.cat\/ce\/wp-content\/uploads\/2018-07-01-Buff_Epic_Trailfoto_BuffMountainFestival.jpg 1160w\" sizes=\"(max-width: 300px) 100vw, 300px\" \/><\/a><p id=\"caption-attachment-6368\" class=\"wp-caption-text\">Albert Pujol, 4t a la Marat\u00f3 del Buff Epic Trail (Foto: Buff Mountain Festival)<\/p><\/div>\n<p>A la Vall de Bo\u00ed, del 29 de juny a l\u20191 de juliol, es va celebrar el <strong>Buff Mountain Festival<\/strong>\u00a0que aplega tot tipus d\u2019activitats de muntanya. Dins d\u2019aquest festival es celebra el <strong>Buff Epic Trail <\/strong>que es compon de 4 curses de muntanya, i enguany va tornar a acollir una de les proves de la copa del m\u00f3n d\u2019Skyrunning. La prova es va disputar l\u20191 de juliol, amb sortida i arribada a la poblaci\u00f3 de Barruera, epicentre del festival de muntanya m\u00e9s gran de Catalunya.<\/p>\n<p>La cursa de la <strong>Buff Epic Trail<\/strong> puntuable per a la copa del m\u00f3n va ser la prova de 42 quil\u00f2metres de dist\u00e0ncia \u00a0i 3.300 metres de desnivell positiu, amb un recorregut t\u00e8cnic i espectacular, que va consistir en un itinerari circular per la zona perif\u00e8rica del Parc Nacional d\u2019Aig\u00fcestortes i les muntanyes que envolten la Vall de Bo\u00ed.<\/p>\n<p>En aquesta cursa, l\u2019atleta taradellenc <strong>Albert Pujol<\/strong> (CE Taradell) formant part de l\u2019equip de la selecci\u00f3 catalana de curses per muntanya de la Federaci\u00f3 d\u2019Entitats Excursionistes de Catalunya, va aconseguir classificar-se en una merescuda \u00a0<strong>4a posici\u00f3<\/strong> amb un temps de 4 hores 36 minuts i 17 segons.<\/p>\n<table>\n<tbody>\n<tr>\n<td>\n<p><div id=\"attachment_6367\" style=\"width: 310px\" class=\"wp-caption aligncenter\"><a href=\"https:\/\/cetaradell.cat\/ce\/wp-content\/uploads\/2018-07-01-Buff_Epic_Runfoto_MikelMarina-1a.jpeg\" target=\"_blank\" rel=\"attachment noopener wp-att-6367 noreferrer\"><img decoding=\"async\" aria-describedby=\"caption-attachment-6367\" class=\"wp-image-6367 size-medium\" src=\"https:\/\/cetaradell.cat\/ce\/wp-content\/uploads\/2018-07-01-Buff_Epic_Runfoto_MikelMarina-1a-300x225.jpeg\" alt=\"2018-07-01-Buff_Epic_Run(foto_MikelMarina) (1a)\" width=\"300\" height=\"225\" srcset=\"https:\/\/cetaradell.cat\/ce\/wp-content\/uploads\/2018-07-01-Buff_Epic_Runfoto_MikelMarina-1a-300x225.jpeg 300w, https:\/\/cetaradell.cat\/ce\/wp-content\/uploads\/2018-07-01-Buff_Epic_Runfoto_MikelMarina-1a-500x375.jpeg 500w, https:\/\/cetaradell.cat\/ce\/wp-content\/uploads\/2018-07-01-Buff_Epic_Runfoto_MikelMarina-1a-700x525.jpeg 700w, https:\/\/cetaradell.cat\/ce\/wp-content\/uploads\/2018-07-01-Buff_Epic_Runfoto_MikelMarina-1a-768x576.jpeg 768w, https:\/\/cetaradell.cat\/ce\/wp-content\/uploads\/2018-07-01-Buff_Epic_Runfoto_MikelMarina-1a-1024x768.jpeg 1024w, https:\/\/cetaradell.cat\/ce\/wp-content\/uploads\/2018-07-01-Buff_Epic_Runfoto_MikelMarina-1a.jpeg 1198w\" sizes=\"(max-width: 300px) 100vw, 300px\" \/><\/a><p id=\"caption-attachment-6367\" class=\"wp-caption-text\">Jordi Aguilera despr\u00e9s de la cursa de 65 km (Foto: Mikel Marina)<\/p><\/div><\/td>\n<td>\n<p><div id=\"attachment_6366\" style=\"width: 310px\" class=\"wp-caption aligncenter\"><a href=\"https:\/\/cetaradell.cat\/ce\/wp-content\/uploads\/2018-07-01-Buff_Epic_Runfoto_Edu_Aguilera.jpg\" target=\"_blank\" rel=\"attachment noopener wp-att-6366 noreferrer\"><img decoding=\"async\" aria-describedby=\"caption-attachment-6366\" class=\"wp-image-6366 size-medium\" src=\"https:\/\/cetaradell.cat\/ce\/wp-content\/uploads\/2018-07-01-Buff_Epic_Runfoto_Edu_Aguilera-300x225.jpg\" alt=\"2018-07-01-Buff_Epic_Run(foto_E_Aguilera)\" width=\"300\" height=\"225\" srcset=\"https:\/\/cetaradell.cat\/ce\/wp-content\/uploads\/2018-07-01-Buff_Epic_Runfoto_Edu_Aguilera-300x225.jpg 300w, https:\/\/cetaradell.cat\/ce\/wp-content\/uploads\/2018-07-01-Buff_Epic_Runfoto_Edu_Aguilera-500x375.jpg 500w, https:\/\/cetaradell.cat\/ce\/wp-content\/uploads\/2018-07-01-Buff_Epic_Runfoto_Edu_Aguilera-700x525.jpg 700w, https:\/\/cetaradell.cat\/ce\/wp-content\/uploads\/2018-07-01-Buff_Epic_Runfoto_Edu_Aguilera-768x576.jpg 768w, https:\/\/cetaradell.cat\/ce\/wp-content\/uploads\/2018-07-01-Buff_Epic_Runfoto_Edu_Aguilera-1024x768.jpg 1024w, https:\/\/cetaradell.cat\/ce\/wp-content\/uploads\/2018-07-01-Buff_Epic_Runfoto_Edu_Aguilera.jpg 1600w\" sizes=\"(max-width: 300px) 100vw, 300px\" \/><\/a><p id=\"caption-attachment-6366\" class=\"wp-caption-text\">Miquel Codony i Eduard Aguilera despr\u00e9s de la cursa de 26 km (Foto: E. Aguilera)<\/p><\/div><\/td>\n<\/tr>\n<\/tbody>\n<\/table>\n<p>La<strong> Buff Epic Trail <\/strong>va comptar amb la participaci\u00f3 d\u2019altres atletes del CE Taradell. <strong>Jordi Aguilera<\/strong> va c\u00f3rrer la cursa de 65 quil\u00f2metres i 5.600 metres de desnivell positiu classificant-se en 20a posici\u00f3 de la general i 14a dels s\u00e8niors masculins, amb un temps de 11 hores 16 minuts i 32 segons. Per altra banda, <strong>Eduard Aguilera<\/strong> i <strong>Miquel Codony<\/strong> van c\u00f3rrer a la prova de 26 quil\u00f2metres i 2.060 metres de desnivell positiu.<\/p>\n","protected":false},"excerpt":{"rendered":"<p>El CET-L\u2019Enclusa al Buff Epic Trail A la Vall de Bo\u00ed, del 29 de juny a l\u20191 de juliol, es va celebrar el Buff Mountain Festival\u00a0que aplega tot tipus d\u2019activitats de muntanya. Dins d\u2019aquest festival es celebra el Buff Epic Trail que es compon de 4 curses de muntanya, i  [&#8230;]<\/p>\n","protected":false},"author":1,"featured_media":6368,"comment_status":"closed","ping_status":"closed","sticky":false,"template":"","format":"standard","meta":{"footnotes":""},"categories":[32,3],"tags":[],"class_list":["post-6365","post","type-post","status-publish","format-standard","has-post-thumbnail","hentry","category-equip-cet-lenclusa","category-noticies"],"yoast_head":"<!-- This site is optimized with the Yoast SEO plugin v27.4 - https:\/\/yoast.com\/product\/yoast-seo-wordpress\/ -->\n<title>Albert Pujol, 4t a la cursa de 42KM - Centre Excursionista Taradell<\/title>\n<meta name=\"robots\" content=\"index, follow, max-snippet:-1, max-image-preview:large, max-video-preview:-1\" \/>\n<link rel=\"canonical\" href=\"https:\/\/cetaradell.cat\/ce\/albert-pujol-4t-a-la-cursa-de-42km\/\" \/>\n<meta property=\"og:locale\" content=\"ca_ES\" \/>\n<meta property=\"og:type\" content=\"article\" \/>\n<meta property=\"og:title\" content=\"Albert Pujol, 4t a la cursa de 42KM - Centre Excursionista Taradell\" \/>\n<meta property=\"og:description\" content=\"El CET-L\u2019Enclusa al Buff Epic Trail A la Vall de Bo\u00ed, del 29 de juny a l\u20191 de juliol, es va celebrar el Buff Mountain Festival\u00a0que aplega tot tipus d\u2019activitats de muntanya. Dins d\u2019aquest festival es celebra el Buff Epic Trail que es compon de 4 curses de muntanya, i [...]\" \/>\n<meta property=\"og:url\" content=\"https:\/\/cetaradell.cat\/ce\/albert-pujol-4t-a-la-cursa-de-42km\/\" \/>\n<meta property=\"og:site_name\" content=\"Centre Excursionista Taradell\" \/>\n<meta property=\"article:publisher\" content=\"https:\/\/www.facebook.com\/CETaradell\/\" \/>\n<meta property=\"article:published_time\" content=\"2018-07-05T21:57:09+00:00\" \/>\n<meta property=\"article:modified_time\" content=\"2020-06-21T10:21:58+00:00\" \/>\n<meta property=\"og:image\" content=\"https:\/\/cetaradell.cat\/ce\/wp-content\/uploads\/2018-07-01-Buff_Epic_Trailfoto_BuffMountainFestival.jpg\" \/>\n\t<meta property=\"og:image:width\" content=\"1160\" \/>\n\t<meta property=\"og:image:height\" content=\"773\" \/>\n\t<meta property=\"og:image:type\" content=\"image\/jpeg\" \/>\n<meta name=\"author\" content=\"CET\" \/>\n<meta name=\"twitter:card\" content=\"summary_large_image\" \/>\n<meta name=\"twitter:label1\" content=\"Escrit per\" \/>\n\t<meta name=\"twitter:data1\" content=\"CET\" \/>\n\t<meta name=\"twitter:label2\" content=\"Temps estimat de lectura\" \/>\n\t<meta name=\"twitter:data2\" content=\"2 minuts\" \/>\n<script type=\"application\/ld+json\" class=\"yoast-schema-graph\">{\"@context\":\"https:\\\/\\\/schema.org\",\"@graph\":[{\"@type\":\"Article\",\"@id\":\"https:\\\/\\\/cetaradell.cat\\\/ce\\\/albert-pujol-4t-a-la-cursa-de-42km\\\/#article\",\"isPartOf\":{\"@id\":\"https:\\\/\\\/cetaradell.cat\\\/ce\\\/albert-pujol-4t-a-la-cursa-de-42km\\\/\"},\"author\":{\"name\":\"CET\",\"@id\":\"https:\\\/\\\/cetaradell.cat\\\/ce\\\/#\\\/schema\\\/person\\\/92a59f585073071c7be6649e84b22f78\"},\"headline\":\"Albert Pujol, 4t a la cursa de 42KM\",\"datePublished\":\"2018-07-05T21:57:09+00:00\",\"dateModified\":\"2020-06-21T10:21:58+00:00\",\"mainEntityOfPage\":{\"@id\":\"https:\\\/\\\/cetaradell.cat\\\/ce\\\/albert-pujol-4t-a-la-cursa-de-42km\\\/\"},\"wordCount\":350,\"image\":{\"@id\":\"https:\\\/\\\/cetaradell.cat\\\/ce\\\/albert-pujol-4t-a-la-cursa-de-42km\\\/#primaryimage\"},\"thumbnailUrl\":\"https:\\\/\\\/cetaradell.cat\\\/ce\\\/wp-content\\\/uploads\\\/2018-07-01-Buff_Epic_Trailfoto_BuffMountainFestival.jpg\",\"articleSection\":[\"Equip CET-L'Enclusa\",\"Not\u00edcies\"],\"inLanguage\":\"ca\"},{\"@type\":\"WebPage\",\"@id\":\"https:\\\/\\\/cetaradell.cat\\\/ce\\\/albert-pujol-4t-a-la-cursa-de-42km\\\/\",\"url\":\"https:\\\/\\\/cetaradell.cat\\\/ce\\\/albert-pujol-4t-a-la-cursa-de-42km\\\/\",\"name\":\"Albert Pujol, 4t a la cursa de 42KM - Centre Excursionista Taradell\",\"isPartOf\":{\"@id\":\"https:\\\/\\\/cetaradell.cat\\\/ce\\\/#website\"},\"primaryImageOfPage\":{\"@id\":\"https:\\\/\\\/cetaradell.cat\\\/ce\\\/albert-pujol-4t-a-la-cursa-de-42km\\\/#primaryimage\"},\"image\":{\"@id\":\"https:\\\/\\\/cetaradell.cat\\\/ce\\\/albert-pujol-4t-a-la-cursa-de-42km\\\/#primaryimage\"},\"thumbnailUrl\":\"https:\\\/\\\/cetaradell.cat\\\/ce\\\/wp-content\\\/uploads\\\/2018-07-01-Buff_Epic_Trailfoto_BuffMountainFestival.jpg\",\"datePublished\":\"2018-07-05T21:57:09+00:00\",\"dateModified\":\"2020-06-21T10:21:58+00:00\",\"author\":{\"@id\":\"https:\\\/\\\/cetaradell.cat\\\/ce\\\/#\\\/schema\\\/person\\\/92a59f585073071c7be6649e84b22f78\"},\"breadcrumb\":{\"@id\":\"https:\\\/\\\/cetaradell.cat\\\/ce\\\/albert-pujol-4t-a-la-cursa-de-42km\\\/#breadcrumb\"},\"inLanguage\":\"ca\",\"potentialAction\":[{\"@type\":\"ReadAction\",\"target\":[\"https:\\\/\\\/cetaradell.cat\\\/ce\\\/albert-pujol-4t-a-la-cursa-de-42km\\\/\"]}]},{\"@type\":\"ImageObject\",\"inLanguage\":\"ca\",\"@id\":\"https:\\\/\\\/cetaradell.cat\\\/ce\\\/albert-pujol-4t-a-la-cursa-de-42km\\\/#primaryimage\",\"url\":\"https:\\\/\\\/cetaradell.cat\\\/ce\\\/wp-content\\\/uploads\\\/2018-07-01-Buff_Epic_Trailfoto_BuffMountainFestival.jpg\",\"contentUrl\":\"https:\\\/\\\/cetaradell.cat\\\/ce\\\/wp-content\\\/uploads\\\/2018-07-01-Buff_Epic_Trailfoto_BuffMountainFestival.jpg\",\"width\":1160,\"height\":773},{\"@type\":\"BreadcrumbList\",\"@id\":\"https:\\\/\\\/cetaradell.cat\\\/ce\\\/albert-pujol-4t-a-la-cursa-de-42km\\\/#breadcrumb\",\"itemListElement\":[{\"@type\":\"ListItem\",\"position\":1,\"name\":\"Inici\",\"item\":\"https:\\\/\\\/cetaradell.cat\\\/ce\\\/\"},{\"@type\":\"ListItem\",\"position\":2,\"name\":\"Albert Pujol, 4t a la cursa de 42KM\"}]},{\"@type\":\"WebSite\",\"@id\":\"https:\\\/\\\/cetaradell.cat\\\/ce\\\/#website\",\"url\":\"https:\\\/\\\/cetaradell.cat\\\/ce\\\/\",\"name\":\"Centre Excursionista Taradell\",\"description\":\"\",\"potentialAction\":[{\"@type\":\"SearchAction\",\"target\":{\"@type\":\"EntryPoint\",\"urlTemplate\":\"https:\\\/\\\/cetaradell.cat\\\/ce\\\/?s={search_term_string}\"},\"query-input\":{\"@type\":\"PropertyValueSpecification\",\"valueRequired\":true,\"valueName\":\"search_term_string\"}}],\"inLanguage\":\"ca\"},{\"@type\":\"Person\",\"@id\":\"https:\\\/\\\/cetaradell.cat\\\/ce\\\/#\\\/schema\\\/person\\\/92a59f585073071c7be6649e84b22f78\",\"name\":\"CET\",\"image\":{\"@type\":\"ImageObject\",\"inLanguage\":\"ca\",\"@id\":\"https:\\\/\\\/secure.gravatar.com\\\/avatar\\\/d6fbe010d42056feccc0f613ed07277a5118442805079269f12dabdc42e1a727?s=96&d=mm&r=g\",\"url\":\"https:\\\/\\\/secure.gravatar.com\\\/avatar\\\/d6fbe010d42056feccc0f613ed07277a5118442805079269f12dabdc42e1a727?s=96&d=mm&r=g\",\"contentUrl\":\"https:\\\/\\\/secure.gravatar.com\\\/avatar\\\/d6fbe010d42056feccc0f613ed07277a5118442805079269f12dabdc42e1a727?s=96&d=mm&r=g\",\"caption\":\"CET\"},\"url\":\"https:\\\/\\\/cetaradell.cat\\\/ce\\\/author\\\/root\\\/\"}]}<\/script>\n<!-- \/ Yoast SEO plugin. -->","yoast_head_json":{"title":"Albert Pujol, 4t a la cursa de 42KM - Centre Excursionista Taradell","robots":{"index":"index","follow":"follow","max-snippet":"max-snippet:-1","max-image-preview":"max-image-preview:large","max-video-preview":"max-video-preview:-1"},"canonical":"https:\/\/cetaradell.cat\/ce\/albert-pujol-4t-a-la-cursa-de-42km\/","og_locale":"ca_ES","og_type":"article","og_title":"Albert Pujol, 4t a la cursa de 42KM - Centre Excursionista Taradell","og_description":"El CET-L\u2019Enclusa al Buff Epic Trail A la Vall de Bo\u00ed, del 29 de juny a l\u20191 de juliol, es va celebrar el Buff Mountain Festival\u00a0que aplega tot tipus d\u2019activitats de muntanya. Dins d\u2019aquest festival es celebra el Buff Epic Trail que es compon de 4 curses de muntanya, i [...]","og_url":"https:\/\/cetaradell.cat\/ce\/albert-pujol-4t-a-la-cursa-de-42km\/","og_site_name":"Centre Excursionista Taradell","article_publisher":"https:\/\/www.facebook.com\/CETaradell\/","article_published_time":"2018-07-05T21:57:09+00:00","article_modified_time":"2020-06-21T10:21:58+00:00","og_image":[{"width":1160,"height":773,"url":"https:\/\/cetaradell.cat\/ce\/wp-content\/uploads\/2018-07-01-Buff_Epic_Trailfoto_BuffMountainFestival.jpg","type":"image\/jpeg"}],"author":"CET","twitter_card":"summary_large_image","twitter_misc":{"Escrit per":"CET","Temps estimat de lectura":"2 minuts"},"schema":{"@context":"https:\/\/schema.org","@graph":[{"@type":"Article","@id":"https:\/\/cetaradell.cat\/ce\/albert-pujol-4t-a-la-cursa-de-42km\/#article","isPartOf":{"@id":"https:\/\/cetaradell.cat\/ce\/albert-pujol-4t-a-la-cursa-de-42km\/"},"author":{"name":"CET","@id":"https:\/\/cetaradell.cat\/ce\/#\/schema\/person\/92a59f585073071c7be6649e84b22f78"},"headline":"Albert Pujol, 4t a la cursa de 42KM","datePublished":"2018-07-05T21:57:09+00:00","dateModified":"2020-06-21T10:21:58+00:00","mainEntityOfPage":{"@id":"https:\/\/cetaradell.cat\/ce\/albert-pujol-4t-a-la-cursa-de-42km\/"},"wordCount":350,"image":{"@id":"https:\/\/cetaradell.cat\/ce\/albert-pujol-4t-a-la-cursa-de-42km\/#primaryimage"},"thumbnailUrl":"https:\/\/cetaradell.cat\/ce\/wp-content\/uploads\/2018-07-01-Buff_Epic_Trailfoto_BuffMountainFestival.jpg","articleSection":["Equip CET-L'Enclusa","Not\u00edcies"],"inLanguage":"ca"},{"@type":"WebPage","@id":"https:\/\/cetaradell.cat\/ce\/albert-pujol-4t-a-la-cursa-de-42km\/","url":"https:\/\/cetaradell.cat\/ce\/albert-pujol-4t-a-la-cursa-de-42km\/","name":"Albert Pujol, 4t a la cursa de 42KM - Centre Excursionista Taradell","isPartOf":{"@id":"https:\/\/cetaradell.cat\/ce\/#website"},"primaryImageOfPage":{"@id":"https:\/\/cetaradell.cat\/ce\/albert-pujol-4t-a-la-cursa-de-42km\/#primaryimage"},"image":{"@id":"https:\/\/cetaradell.cat\/ce\/albert-pujol-4t-a-la-cursa-de-42km\/#primaryimage"},"thumbnailUrl":"https:\/\/cetaradell.cat\/ce\/wp-content\/uploads\/2018-07-01-Buff_Epic_Trailfoto_BuffMountainFestival.jpg","datePublished":"2018-07-05T21:57:09+00:00","dateModified":"2020-06-21T10:21:58+00:00","author":{"@id":"https:\/\/cetaradell.cat\/ce\/#\/schema\/person\/92a59f585073071c7be6649e84b22f78"},"breadcrumb":{"@id":"https:\/\/cetaradell.cat\/ce\/albert-pujol-4t-a-la-cursa-de-42km\/#breadcrumb"},"inLanguage":"ca","potentialAction":[{"@type":"ReadAction","target":["https:\/\/cetaradell.cat\/ce\/albert-pujol-4t-a-la-cursa-de-42km\/"]}]},{"@type":"ImageObject","inLanguage":"ca","@id":"https:\/\/cetaradell.cat\/ce\/albert-pujol-4t-a-la-cursa-de-42km\/#primaryimage","url":"https:\/\/cetaradell.cat\/ce\/wp-content\/uploads\/2018-07-01-Buff_Epic_Trailfoto_BuffMountainFestival.jpg","contentUrl":"https:\/\/cetaradell.cat\/ce\/wp-content\/uploads\/2018-07-01-Buff_Epic_Trailfoto_BuffMountainFestival.jpg","width":1160,"height":773},{"@type":"BreadcrumbList","@id":"https:\/\/cetaradell.cat\/ce\/albert-pujol-4t-a-la-cursa-de-42km\/#breadcrumb","itemListElement":[{"@type":"ListItem","position":1,"name":"Inici","item":"https:\/\/cetaradell.cat\/ce\/"},{"@type":"ListItem","position":2,"name":"Albert Pujol, 4t a la cursa de 42KM"}]},{"@type":"WebSite","@id":"https:\/\/cetaradell.cat\/ce\/#website","url":"https:\/\/cetaradell.cat\/ce\/","name":"Centre Excursionista Taradell","description":"","potentialAction":[{"@type":"SearchAction","target":{"@type":"EntryPoint","urlTemplate":"https:\/\/cetaradell.cat\/ce\/?s={search_term_string}"},"query-input":{"@type":"PropertyValueSpecification","valueRequired":true,"valueName":"search_term_string"}}],"inLanguage":"ca"},{"@type":"Person","@id":"https:\/\/cetaradell.cat\/ce\/#\/schema\/person\/92a59f585073071c7be6649e84b22f78","name":"CET","image":{"@type":"ImageObject","inLanguage":"ca","@id":"https:\/\/secure.gravatar.com\/avatar\/d6fbe010d42056feccc0f613ed07277a5118442805079269f12dabdc42e1a727?s=96&d=mm&r=g","url":"https:\/\/secure.gravatar.com\/avatar\/d6fbe010d42056feccc0f613ed07277a5118442805079269f12dabdc42e1a727?s=96&d=mm&r=g","contentUrl":"https:\/\/secure.gravatar.com\/avatar\/d6fbe010d42056feccc0f613ed07277a5118442805079269f12dabdc42e1a727?s=96&d=mm&r=g","caption":"CET"},"url":"https:\/\/cetaradell.cat\/ce\/author\/root\/"}]}},"_links":{"self":[{"href":"https:\/\/cetaradell.cat\/ce\/wp-json\/wp\/v2\/posts\/6365","targetHints":{"allow":["GET"]}}],"collection":[{"href":"https:\/\/cetaradell.cat\/ce\/wp-json\/wp\/v2\/posts"}],"about":[{"href":"https:\/\/cetaradell.cat\/ce\/wp-json\/wp\/v2\/types\/post"}],"author":[{"embeddable":true,"href":"https:\/\/cetaradell.cat\/ce\/wp-json\/wp\/v2\/users\/1"}],"replies":[{"embeddable":true,"href":"https:\/\/cetaradell.cat\/ce\/wp-json\/wp\/v2\/comments?post=6365"}],"version-history":[{"count":0,"href":"https:\/\/cetaradell.cat\/ce\/wp-json\/wp\/v2\/posts\/6365\/revisions"}],"wp:featuredmedia":[{"embeddable":true,"href":"https:\/\/cetaradell.cat\/ce\/wp-json\/wp\/v2\/media\/6368"}],"wp:attachment":[{"href":"https:\/\/cetaradell.cat\/ce\/wp-json\/wp\/v2\/media?parent=6365"}],"wp:term":[{"taxonomy":"category","embeddable":true,"href":"https:\/\/cetaradell.cat\/ce\/wp-json\/wp\/v2\/categories?post=6365"},{"taxonomy":"post_tag","embeddable":true,"href":"https:\/\/cetaradell.cat\/ce\/wp-json\/wp\/v2\/tags?post=6365"}],"curies":[{"name":"wp","href":"https:\/\/api.w.org\/{rel}","templated":true}]}}