{"id":6372,"date":"2018-04-07T13:16:02","date_gmt":"2018-04-07T12:16:02","guid":{"rendered":"https:\/\/cetaradell.cat\/ce\/?p=6372"},"modified":"2020-06-21T10:47:36","modified_gmt":"2020-06-21T09:47:36","slug":"curses-del-marc-del-cet-lenclusa-2018","status":"publish","type":"post","link":"https:\/\/cetaradell.cat\/ce\/curses-del-marc-del-cet-lenclusa-2018\/","title":{"rendered":"Curses del mar\u00e7 del CET L\u2019Enclusa &#8211; 2018"},"content":{"rendered":"<div id=\"attachment_6375\" style=\"width: 310px\" class=\"wp-caption alignleft\"><a href=\"https:\/\/cetaradell.cat\/ce\/wp-content\/uploads\/2018-03-11-Cam\u00edDelslIbersfoto_APresegue-1b.jpg\" target=\"_blank\" rel=\"attachment noopener wp-att-6375 noreferrer\"><img decoding=\"async\" aria-describedby=\"caption-attachment-6375\" class=\"wp-image-6375 size-medium\" src=\"https:\/\/cetaradell.cat\/ce\/wp-content\/uploads\/2018-03-11-Cam\u00edDelslIbersfoto_APresegue-1b-300x225.jpg\" alt=\"2018-03-11-Cam\u00edDelslIbers(foto_APresegue) (1b)\" width=\"300\" height=\"225\" srcset=\"https:\/\/cetaradell.cat\/ce\/wp-content\/uploads\/2018-03-11-Cam\u00edDelslIbersfoto_APresegue-1b-300x225.jpg 300w, https:\/\/cetaradell.cat\/ce\/wp-content\/uploads\/2018-03-11-Cam\u00edDelslIbersfoto_APresegue-1b-500x375.jpg 500w, https:\/\/cetaradell.cat\/ce\/wp-content\/uploads\/2018-03-11-Cam\u00edDelslIbersfoto_APresegue-1b-700x525.jpg 700w, https:\/\/cetaradell.cat\/ce\/wp-content\/uploads\/2018-03-11-Cam\u00edDelslIbersfoto_APresegue-1b-768x576.jpg 768w, https:\/\/cetaradell.cat\/ce\/wp-content\/uploads\/2018-03-11-Cam\u00edDelslIbersfoto_APresegue-1b-1024x768.jpg 1024w\" sizes=\"(max-width: 300px) 100vw, 300px\" \/><\/a><p id=\"caption-attachment-6375\" class=\"wp-caption-text\">J\u00falia Molero 3a a la Cursa Cam\u00ed dels \u00cdbers (Foto: A. Presegu\u00e9)<\/p><\/div>\n<p>El diumenge 11 de mar\u00e7 a la Roca del Vall\u00e8s es va c\u00f3rrer a <strong>Cursa de Muntanya Cam\u00ed dels \u00cdbers<\/strong>. A la prova de 14 quil\u00f2metres d\u2019aquesta cursa hi van participar els socis del CET <strong>J\u00falia Molero<\/strong>, <strong>Lle\u00efr Pladevall<\/strong> i <strong>Albert Presegu\u00e9.<\/strong><\/p>\n<p><strong>J\u00falia Molero<\/strong> es va classificar en <strong>3r lloc<\/strong> de la classificaci\u00f3 general femenina amb un temps de 1 hora 10 minuts i 46 segons. En la categoria absoluta masculina, <strong>Lle\u00efr Pladevall<\/strong> es va classificar en 4t lloc amb un temps de 57 minuts i 1 segon, i <strong>Albert Presegu\u00e9<\/strong> en 14\u00e8 lloc amb un temps de 1 hora 3 minuts i 34 segons.<\/p>\n<p>&nbsp;<\/p>\n<table>\n<tbody>\n<tr>\n<td>\n<p><div id=\"attachment_6374\" style=\"width: 310px\" class=\"wp-caption aligncenter\"><a href=\"https:\/\/cetaradell.cat\/ce\/wp-content\/uploads\/2018-03-11-Cam\u00edDelsIbersfoto_organitzacio-9.jpg\" target=\"_blank\" rel=\"attachment noopener wp-att-6374 noreferrer\"><img decoding=\"async\" aria-describedby=\"caption-attachment-6374\" class=\"wp-image-6374 size-medium\" src=\"https:\/\/cetaradell.cat\/ce\/wp-content\/uploads\/2018-03-11-Cam\u00edDelsIbersfoto_organitzacio-9-300x199.jpg\" alt=\"2018-03-11-Cam\u00edDelsIbers(foto_organitzacio) (9)\" width=\"300\" height=\"199\" srcset=\"https:\/\/cetaradell.cat\/ce\/wp-content\/uploads\/2018-03-11-Cam\u00edDelsIbersfoto_organitzacio-9-300x199.jpg 300w, https:\/\/cetaradell.cat\/ce\/wp-content\/uploads\/2018-03-11-Cam\u00edDelsIbersfoto_organitzacio-9-500x332.jpg 500w, https:\/\/cetaradell.cat\/ce\/wp-content\/uploads\/2018-03-11-Cam\u00edDelsIbersfoto_organitzacio-9-700x465.jpg 700w, https:\/\/cetaradell.cat\/ce\/wp-content\/uploads\/2018-03-11-Cam\u00edDelsIbersfoto_organitzacio-9-768x510.jpg 768w, https:\/\/cetaradell.cat\/ce\/wp-content\/uploads\/2018-03-11-Cam\u00edDelsIbersfoto_organitzacio-9-1024x680.jpg 1024w, https:\/\/cetaradell.cat\/ce\/wp-content\/uploads\/2018-03-11-Cam\u00edDelsIbersfoto_organitzacio-9.jpg 1126w\" sizes=\"(max-width: 300px) 100vw, 300px\" \/><\/a><p id=\"caption-attachment-6374\" class=\"wp-caption-text\">Lle\u00efr Pladevall a la Cursa Cam\u00ed dels \u00cdbers (Foto: Cam\u00ed dels \u00cdbers)<\/p><\/div><\/td>\n<td>\n<p><div id=\"attachment_6373\" style=\"width: 310px\" class=\"wp-caption aligncenter\"><a href=\"https:\/\/cetaradell.cat\/ce\/wp-content\/uploads\/2018-03-11-Cam\u00edDelsIbersfoto_organitzacio-2.jpg\" target=\"_blank\" rel=\"attachment noopener wp-att-6373 noreferrer\"><img decoding=\"async\" aria-describedby=\"caption-attachment-6373\" class=\"wp-image-6373 size-medium\" src=\"https:\/\/cetaradell.cat\/ce\/wp-content\/uploads\/2018-03-11-Cam\u00edDelsIbersfoto_organitzacio-2-300x199.jpg\" alt=\"2018-03-11-Cam\u00edDelsIbers(foto_organitzacio) (2)\" width=\"300\" height=\"199\" srcset=\"https:\/\/cetaradell.cat\/ce\/wp-content\/uploads\/2018-03-11-Cam\u00edDelsIbersfoto_organitzacio-2-300x199.jpg 300w, https:\/\/cetaradell.cat\/ce\/wp-content\/uploads\/2018-03-11-Cam\u00edDelsIbersfoto_organitzacio-2-500x332.jpg 500w, https:\/\/cetaradell.cat\/ce\/wp-content\/uploads\/2018-03-11-Cam\u00edDelsIbersfoto_organitzacio-2-700x465.jpg 700w, https:\/\/cetaradell.cat\/ce\/wp-content\/uploads\/2018-03-11-Cam\u00edDelsIbersfoto_organitzacio-2-768x510.jpg 768w, https:\/\/cetaradell.cat\/ce\/wp-content\/uploads\/2018-03-11-Cam\u00edDelsIbersfoto_organitzacio-2-1024x680.jpg 1024w, https:\/\/cetaradell.cat\/ce\/wp-content\/uploads\/2018-03-11-Cam\u00edDelsIbersfoto_organitzacio-2.jpg 1126w\" sizes=\"(max-width: 300px) 100vw, 300px\" \/><\/a><p id=\"caption-attachment-6373\" class=\"wp-caption-text\">Albert Presegu\u00e9 a la Cursa Cam\u00ed dels \u00cdbers (Foto: Cam\u00ed dels \u00cdbers)<\/p><\/div><\/td>\n<\/tr>\n<\/tbody>\n<\/table>\n<p>El mateix diumenge es va disputar la <strong>Cursa<\/strong> <strong>Viladrau-La Garriga<\/strong> de 32 quilometres en qual hi van prendre part els socis <strong>Miquel Codony<\/strong> i <strong>Ita Roset<\/strong>; i la <strong>Marat\u00f3 de Barcelona<\/strong> que va comptar amb la participaci\u00f3 de <strong>Joan Llopart<\/strong>, que era la seva 187a Marat\u00f3 i feia 25 anys que havia corregut la primera.<\/p>\n<p>El cap de setmana seg\u00fcent, el diumenge 18 de mar\u00e7, els atleta del CET L\u2019Enclusa, <strong>Jordi P\u00e9rez<\/strong> i <strong>David L\u00f3pez<\/strong> van c\u00f3rrer la 22a edici\u00f3 de la mitja marat\u00f3 de la cursa <strong>Vall del Congost, <\/strong>de 23 quil\u00f2metres de recorregut i m\u00e9s de 1.400 metres de desnivell positiu amb sortida i arribada a Aiguafreda. Tamb\u00e9 cal destacar que 28 de febrer, <strong>Jordi P\u00e9rez<\/strong> havia participat a la prova de 21 quil\u00f2metres de la <strong>Hivernal de Campdev\u00e0nol<\/strong> en la qual es va classificar en 28a posici\u00f3 dels veterans masculins.<\/p>\n<table>\n<tbody>\n<tr>\n<td>\n<p><div id=\"attachment_6377\" style=\"width: 310px\" class=\"wp-caption aligncenter\"><a href=\"https:\/\/cetaradell.cat\/ce\/wp-content\/uploads\/2018-03-11-Marat\u00f3DeBarcelonaFoto_IsabelPuig.jpg\" target=\"_blank\" rel=\"attachment noopener wp-att-6377 noreferrer\"><img decoding=\"async\" aria-describedby=\"caption-attachment-6377\" class=\"wp-image-6377 size-medium\" src=\"https:\/\/cetaradell.cat\/ce\/wp-content\/uploads\/2018-03-11-Marat\u00f3DeBarcelonaFoto_IsabelPuig-300x225.jpg\" alt=\"2018-03-11-Marat\u00f3DeBarcelona(Foto_IsabelPuig)\" width=\"300\" height=\"225\" srcset=\"https:\/\/cetaradell.cat\/ce\/wp-content\/uploads\/2018-03-11-Marat\u00f3DeBarcelonaFoto_IsabelPuig-300x225.jpg 300w, https:\/\/cetaradell.cat\/ce\/wp-content\/uploads\/2018-03-11-Marat\u00f3DeBarcelonaFoto_IsabelPuig-500x375.jpg 500w, https:\/\/cetaradell.cat\/ce\/wp-content\/uploads\/2018-03-11-Marat\u00f3DeBarcelonaFoto_IsabelPuig-700x525.jpg 700w, https:\/\/cetaradell.cat\/ce\/wp-content\/uploads\/2018-03-11-Marat\u00f3DeBarcelonaFoto_IsabelPuig-768x576.jpg 768w, https:\/\/cetaradell.cat\/ce\/wp-content\/uploads\/2018-03-11-Marat\u00f3DeBarcelonaFoto_IsabelPuig-1024x768.jpg 1024w, https:\/\/cetaradell.cat\/ce\/wp-content\/uploads\/2018-03-11-Marat\u00f3DeBarcelonaFoto_IsabelPuig.jpg 1080w\" sizes=\"(max-width: 300px) 100vw, 300px\" \/><\/a><p id=\"caption-attachment-6377\" class=\"wp-caption-text\">Joan Llopart a la Marat\u00f3 de Barcelona (Foto: Isabel Puig)<\/p><\/div><\/td>\n<td>\n<p><div id=\"attachment_6376\" style=\"width: 310px\" class=\"wp-caption aligncenter\"><a href=\"https:\/\/cetaradell.cat\/ce\/wp-content\/uploads\/2018-03-11-CursaViladrau-LaGarriga.jpg\" target=\"_blank\" rel=\"attachment noopener wp-att-6376 noreferrer\"><img decoding=\"async\" aria-describedby=\"caption-attachment-6376\" class=\"wp-image-6376 size-medium\" src=\"https:\/\/cetaradell.cat\/ce\/wp-content\/uploads\/2018-03-11-CursaViladrau-LaGarriga-300x225.jpg\" alt=\"2018-03-11-CursaViladrau-LaGarriga\" width=\"300\" height=\"225\" srcset=\"https:\/\/cetaradell.cat\/ce\/wp-content\/uploads\/2018-03-11-CursaViladrau-LaGarriga-300x225.jpg 300w, https:\/\/cetaradell.cat\/ce\/wp-content\/uploads\/2018-03-11-CursaViladrau-LaGarriga-500x375.jpg 500w, https:\/\/cetaradell.cat\/ce\/wp-content\/uploads\/2018-03-11-CursaViladrau-LaGarriga-700x525.jpg 700w, https:\/\/cetaradell.cat\/ce\/wp-content\/uploads\/2018-03-11-CursaViladrau-LaGarriga.jpg 718w\" sizes=\"(max-width: 300px) 100vw, 300px\" \/><\/a><p id=\"caption-attachment-6376\" class=\"wp-caption-text\">Miquel Codony i Ita Roset al finalitzar la Cursa Viladrau-La Garriga<\/p><\/div><\/td>\n<td><\/td>\n<\/tr>\n<tr>\n<td>\n<p><div id=\"attachment_6421\" style=\"width: 310px\" class=\"wp-caption aligncenter\"><a href=\"https:\/\/cetaradell.cat\/ce\/wp-content\/uploads\/2018-03-18-Vall_del_Congost-foto_Javierdela-Maza.jpg\" target=\"_blank\" rel=\"attachment noopener wp-att-6421 noreferrer\"><img decoding=\"async\" aria-describedby=\"caption-attachment-6421\" class=\"wp-image-6421 size-medium\" src=\"https:\/\/cetaradell.cat\/ce\/wp-content\/uploads\/2018-03-18-Vall_del_Congost-foto_Javierdela-Maza-300x199.jpg\" alt=\"2018-03-18-Vall_del_Congost (foto_Javierdela Maza)\" width=\"300\" height=\"199\" srcset=\"https:\/\/cetaradell.cat\/ce\/wp-content\/uploads\/2018-03-18-Vall_del_Congost-foto_Javierdela-Maza-300x199.jpg 300w, https:\/\/cetaradell.cat\/ce\/wp-content\/uploads\/2018-03-18-Vall_del_Congost-foto_Javierdela-Maza-500x332.jpg 500w, https:\/\/cetaradell.cat\/ce\/wp-content\/uploads\/2018-03-18-Vall_del_Congost-foto_Javierdela-Maza-700x465.jpg 700w, https:\/\/cetaradell.cat\/ce\/wp-content\/uploads\/2018-03-18-Vall_del_Congost-foto_Javierdela-Maza-768x510.jpg 768w, https:\/\/cetaradell.cat\/ce\/wp-content\/uploads\/2018-03-18-Vall_del_Congost-foto_Javierdela-Maza.jpg 960w\" sizes=\"(max-width: 300px) 100vw, 300px\" \/><\/a><p id=\"caption-attachment-6421\" class=\"wp-caption-text\">Jordi P\u00e9rez a la Cursa Vall del Congost (Foto: Javier De la Maza)<\/p><\/div><\/td>\n<td><\/td>\n<td><\/td>\n<\/tr>\n<\/tbody>\n<\/table>\n","protected":false},"excerpt":{"rendered":"<p>El diumenge 11 de mar\u00e7 a la Roca del Vall\u00e8s es va c\u00f3rrer a Cursa de Muntanya Cam\u00ed dels \u00cdbers. A la prova de 14 quil\u00f2metres d\u2019aquesta cursa hi van participar els socis del CET J\u00falia Molero, Lle\u00efr Pladevall i Albert Presegu\u00e9. J\u00falia Molero es va classificar en 3r lloc  [&#8230;]<\/p>\n","protected":false},"author":1,"featured_media":6375,"comment_status":"closed","ping_status":"closed","sticky":false,"template":"","format":"standard","meta":{"footnotes":""},"categories":[32,3],"tags":[],"class_list":["post-6372","post","type-post","status-publish","format-standard","has-post-thumbnail","hentry","category-equip-cet-lenclusa","category-noticies"],"yoast_head":"<!-- This site is optimized with the Yoast SEO plugin v27.4 - https:\/\/yoast.com\/product\/yoast-seo-wordpress\/ -->\n<title>Curses del mar\u00e7 del CET L\u2019Enclusa - 2018 - Centre Excursionista Taradell<\/title>\n<meta name=\"robots\" content=\"index, follow, max-snippet:-1, max-image-preview:large, max-video-preview:-1\" \/>\n<link rel=\"canonical\" href=\"https:\/\/cetaradell.cat\/ce\/curses-del-marc-del-cet-lenclusa-2018\/\" \/>\n<meta property=\"og:locale\" content=\"ca_ES\" \/>\n<meta property=\"og:type\" content=\"article\" \/>\n<meta property=\"og:title\" content=\"Curses del mar\u00e7 del CET L\u2019Enclusa - 2018 - Centre Excursionista Taradell\" \/>\n<meta property=\"og:description\" content=\"El diumenge 11 de mar\u00e7 a la Roca del Vall\u00e8s es va c\u00f3rrer a Cursa de Muntanya Cam\u00ed dels \u00cdbers. A la prova de 14 quil\u00f2metres d\u2019aquesta cursa hi van participar els socis del CET J\u00falia Molero, Lle\u00efr Pladevall i Albert Presegu\u00e9. J\u00falia Molero es va classificar en 3r lloc [...]\" \/>\n<meta property=\"og:url\" content=\"https:\/\/cetaradell.cat\/ce\/curses-del-marc-del-cet-lenclusa-2018\/\" \/>\n<meta property=\"og:site_name\" content=\"Centre Excursionista Taradell\" \/>\n<meta property=\"article:publisher\" content=\"https:\/\/www.facebook.com\/CETaradell\/\" \/>\n<meta property=\"article:published_time\" content=\"2018-04-07T12:16:02+00:00\" \/>\n<meta property=\"article:modified_time\" content=\"2020-06-21T09:47:36+00:00\" \/>\n<meta property=\"og:image\" content=\"https:\/\/cetaradell.cat\/ce\/wp-content\/uploads\/2018-03-11-Cam\u00edDelslIbersfoto_APresegue-1b.jpg\" \/>\n\t<meta property=\"og:image:width\" content=\"2444\" \/>\n\t<meta property=\"og:image:height\" content=\"1834\" \/>\n\t<meta property=\"og:image:type\" content=\"image\/jpeg\" \/>\n<meta name=\"author\" content=\"CET\" \/>\n<meta name=\"twitter:card\" content=\"summary_large_image\" \/>\n<meta name=\"twitter:label1\" content=\"Escrit per\" \/>\n\t<meta name=\"twitter:data1\" content=\"CET\" \/>\n\t<meta name=\"twitter:label2\" content=\"Temps estimat de lectura\" \/>\n\t<meta name=\"twitter:data2\" content=\"2 minuts\" \/>\n<script type=\"application\/ld+json\" class=\"yoast-schema-graph\">{\"@context\":\"https:\\\/\\\/schema.org\",\"@graph\":[{\"@type\":\"Article\",\"@id\":\"https:\\\/\\\/cetaradell.cat\\\/ce\\\/curses-del-marc-del-cet-lenclusa-2018\\\/#article\",\"isPartOf\":{\"@id\":\"https:\\\/\\\/cetaradell.cat\\\/ce\\\/curses-del-marc-del-cet-lenclusa-2018\\\/\"},\"author\":{\"name\":\"CET\",\"@id\":\"https:\\\/\\\/cetaradell.cat\\\/ce\\\/#\\\/schema\\\/person\\\/92a59f585073071c7be6649e84b22f78\"},\"headline\":\"Curses del mar\u00e7 del CET L\u2019Enclusa &#8211; 2018\",\"datePublished\":\"2018-04-07T12:16:02+00:00\",\"dateModified\":\"2020-06-21T09:47:36+00:00\",\"mainEntityOfPage\":{\"@id\":\"https:\\\/\\\/cetaradell.cat\\\/ce\\\/curses-del-marc-del-cet-lenclusa-2018\\\/\"},\"wordCount\":372,\"image\":{\"@id\":\"https:\\\/\\\/cetaradell.cat\\\/ce\\\/curses-del-marc-del-cet-lenclusa-2018\\\/#primaryimage\"},\"thumbnailUrl\":\"https:\\\/\\\/cetaradell.cat\\\/ce\\\/wp-content\\\/uploads\\\/2018-03-11-Cam\u00edDelslIbersfoto_APresegue-1b.jpg\",\"articleSection\":[\"Equip CET-L'Enclusa\",\"Not\u00edcies\"],\"inLanguage\":\"ca\"},{\"@type\":\"WebPage\",\"@id\":\"https:\\\/\\\/cetaradell.cat\\\/ce\\\/curses-del-marc-del-cet-lenclusa-2018\\\/\",\"url\":\"https:\\\/\\\/cetaradell.cat\\\/ce\\\/curses-del-marc-del-cet-lenclusa-2018\\\/\",\"name\":\"Curses del mar\u00e7 del CET L\u2019Enclusa - 2018 - Centre Excursionista Taradell\",\"isPartOf\":{\"@id\":\"https:\\\/\\\/cetaradell.cat\\\/ce\\\/#website\"},\"primaryImageOfPage\":{\"@id\":\"https:\\\/\\\/cetaradell.cat\\\/ce\\\/curses-del-marc-del-cet-lenclusa-2018\\\/#primaryimage\"},\"image\":{\"@id\":\"https:\\\/\\\/cetaradell.cat\\\/ce\\\/curses-del-marc-del-cet-lenclusa-2018\\\/#primaryimage\"},\"thumbnailUrl\":\"https:\\\/\\\/cetaradell.cat\\\/ce\\\/wp-content\\\/uploads\\\/2018-03-11-Cam\u00edDelslIbersfoto_APresegue-1b.jpg\",\"datePublished\":\"2018-04-07T12:16:02+00:00\",\"dateModified\":\"2020-06-21T09:47:36+00:00\",\"author\":{\"@id\":\"https:\\\/\\\/cetaradell.cat\\\/ce\\\/#\\\/schema\\\/person\\\/92a59f585073071c7be6649e84b22f78\"},\"breadcrumb\":{\"@id\":\"https:\\\/\\\/cetaradell.cat\\\/ce\\\/curses-del-marc-del-cet-lenclusa-2018\\\/#breadcrumb\"},\"inLanguage\":\"ca\",\"potentialAction\":[{\"@type\":\"ReadAction\",\"target\":[\"https:\\\/\\\/cetaradell.cat\\\/ce\\\/curses-del-marc-del-cet-lenclusa-2018\\\/\"]}]},{\"@type\":\"ImageObject\",\"inLanguage\":\"ca\",\"@id\":\"https:\\\/\\\/cetaradell.cat\\\/ce\\\/curses-del-marc-del-cet-lenclusa-2018\\\/#primaryimage\",\"url\":\"https:\\\/\\\/cetaradell.cat\\\/ce\\\/wp-content\\\/uploads\\\/2018-03-11-Cam\u00edDelslIbersfoto_APresegue-1b.jpg\",\"contentUrl\":\"https:\\\/\\\/cetaradell.cat\\\/ce\\\/wp-content\\\/uploads\\\/2018-03-11-Cam\u00edDelslIbersfoto_APresegue-1b.jpg\",\"width\":2444,\"height\":1834},{\"@type\":\"BreadcrumbList\",\"@id\":\"https:\\\/\\\/cetaradell.cat\\\/ce\\\/curses-del-marc-del-cet-lenclusa-2018\\\/#breadcrumb\",\"itemListElement\":[{\"@type\":\"ListItem\",\"position\":1,\"name\":\"Inici\",\"item\":\"https:\\\/\\\/cetaradell.cat\\\/ce\\\/\"},{\"@type\":\"ListItem\",\"position\":2,\"name\":\"Curses del mar\u00e7 del CET L\u2019Enclusa &#8211; 2018\"}]},{\"@type\":\"WebSite\",\"@id\":\"https:\\\/\\\/cetaradell.cat\\\/ce\\\/#website\",\"url\":\"https:\\\/\\\/cetaradell.cat\\\/ce\\\/\",\"name\":\"Centre Excursionista Taradell\",\"description\":\"\",\"potentialAction\":[{\"@type\":\"SearchAction\",\"target\":{\"@type\":\"EntryPoint\",\"urlTemplate\":\"https:\\\/\\\/cetaradell.cat\\\/ce\\\/?s={search_term_string}\"},\"query-input\":{\"@type\":\"PropertyValueSpecification\",\"valueRequired\":true,\"valueName\":\"search_term_string\"}}],\"inLanguage\":\"ca\"},{\"@type\":\"Person\",\"@id\":\"https:\\\/\\\/cetaradell.cat\\\/ce\\\/#\\\/schema\\\/person\\\/92a59f585073071c7be6649e84b22f78\",\"name\":\"CET\",\"image\":{\"@type\":\"ImageObject\",\"inLanguage\":\"ca\",\"@id\":\"https:\\\/\\\/secure.gravatar.com\\\/avatar\\\/d6fbe010d42056feccc0f613ed07277a5118442805079269f12dabdc42e1a727?s=96&d=mm&r=g\",\"url\":\"https:\\\/\\\/secure.gravatar.com\\\/avatar\\\/d6fbe010d42056feccc0f613ed07277a5118442805079269f12dabdc42e1a727?s=96&d=mm&r=g\",\"contentUrl\":\"https:\\\/\\\/secure.gravatar.com\\\/avatar\\\/d6fbe010d42056feccc0f613ed07277a5118442805079269f12dabdc42e1a727?s=96&d=mm&r=g\",\"caption\":\"CET\"},\"url\":\"https:\\\/\\\/cetaradell.cat\\\/ce\\\/author\\\/root\\\/\"}]}<\/script>\n<!-- \/ Yoast SEO plugin. -->","yoast_head_json":{"title":"Curses del mar\u00e7 del CET L\u2019Enclusa - 2018 - Centre Excursionista Taradell","robots":{"index":"index","follow":"follow","max-snippet":"max-snippet:-1","max-image-preview":"max-image-preview:large","max-video-preview":"max-video-preview:-1"},"canonical":"https:\/\/cetaradell.cat\/ce\/curses-del-marc-del-cet-lenclusa-2018\/","og_locale":"ca_ES","og_type":"article","og_title":"Curses del mar\u00e7 del CET L\u2019Enclusa - 2018 - Centre Excursionista Taradell","og_description":"El diumenge 11 de mar\u00e7 a la Roca del Vall\u00e8s es va c\u00f3rrer a Cursa de Muntanya Cam\u00ed dels \u00cdbers. A la prova de 14 quil\u00f2metres d\u2019aquesta cursa hi van participar els socis del CET J\u00falia Molero, Lle\u00efr Pladevall i Albert Presegu\u00e9. J\u00falia Molero es va classificar en 3r lloc [...]","og_url":"https:\/\/cetaradell.cat\/ce\/curses-del-marc-del-cet-lenclusa-2018\/","og_site_name":"Centre Excursionista Taradell","article_publisher":"https:\/\/www.facebook.com\/CETaradell\/","article_published_time":"2018-04-07T12:16:02+00:00","article_modified_time":"2020-06-21T09:47:36+00:00","og_image":[{"width":2444,"height":1834,"url":"https:\/\/cetaradell.cat\/ce\/wp-content\/uploads\/2018-03-11-Cam\u00edDelslIbersfoto_APresegue-1b.jpg","type":"image\/jpeg"}],"author":"CET","twitter_card":"summary_large_image","twitter_misc":{"Escrit per":"CET","Temps estimat de lectura":"2 minuts"},"schema":{"@context":"https:\/\/schema.org","@graph":[{"@type":"Article","@id":"https:\/\/cetaradell.cat\/ce\/curses-del-marc-del-cet-lenclusa-2018\/#article","isPartOf":{"@id":"https:\/\/cetaradell.cat\/ce\/curses-del-marc-del-cet-lenclusa-2018\/"},"author":{"name":"CET","@id":"https:\/\/cetaradell.cat\/ce\/#\/schema\/person\/92a59f585073071c7be6649e84b22f78"},"headline":"Curses del mar\u00e7 del CET L\u2019Enclusa &#8211; 2018","datePublished":"2018-04-07T12:16:02+00:00","dateModified":"2020-06-21T09:47:36+00:00","mainEntityOfPage":{"@id":"https:\/\/cetaradell.cat\/ce\/curses-del-marc-del-cet-lenclusa-2018\/"},"wordCount":372,"image":{"@id":"https:\/\/cetaradell.cat\/ce\/curses-del-marc-del-cet-lenclusa-2018\/#primaryimage"},"thumbnailUrl":"https:\/\/cetaradell.cat\/ce\/wp-content\/uploads\/2018-03-11-Cam\u00edDelslIbersfoto_APresegue-1b.jpg","articleSection":["Equip CET-L'Enclusa","Not\u00edcies"],"inLanguage":"ca"},{"@type":"WebPage","@id":"https:\/\/cetaradell.cat\/ce\/curses-del-marc-del-cet-lenclusa-2018\/","url":"https:\/\/cetaradell.cat\/ce\/curses-del-marc-del-cet-lenclusa-2018\/","name":"Curses del mar\u00e7 del CET L\u2019Enclusa - 2018 - Centre Excursionista Taradell","isPartOf":{"@id":"https:\/\/cetaradell.cat\/ce\/#website"},"primaryImageOfPage":{"@id":"https:\/\/cetaradell.cat\/ce\/curses-del-marc-del-cet-lenclusa-2018\/#primaryimage"},"image":{"@id":"https:\/\/cetaradell.cat\/ce\/curses-del-marc-del-cet-lenclusa-2018\/#primaryimage"},"thumbnailUrl":"https:\/\/cetaradell.cat\/ce\/wp-content\/uploads\/2018-03-11-Cam\u00edDelslIbersfoto_APresegue-1b.jpg","datePublished":"2018-04-07T12:16:02+00:00","dateModified":"2020-06-21T09:47:36+00:00","author":{"@id":"https:\/\/cetaradell.cat\/ce\/#\/schema\/person\/92a59f585073071c7be6649e84b22f78"},"breadcrumb":{"@id":"https:\/\/cetaradell.cat\/ce\/curses-del-marc-del-cet-lenclusa-2018\/#breadcrumb"},"inLanguage":"ca","potentialAction":[{"@type":"ReadAction","target":["https:\/\/cetaradell.cat\/ce\/curses-del-marc-del-cet-lenclusa-2018\/"]}]},{"@type":"ImageObject","inLanguage":"ca","@id":"https:\/\/cetaradell.cat\/ce\/curses-del-marc-del-cet-lenclusa-2018\/#primaryimage","url":"https:\/\/cetaradell.cat\/ce\/wp-content\/uploads\/2018-03-11-Cam\u00edDelslIbersfoto_APresegue-1b.jpg","contentUrl":"https:\/\/cetaradell.cat\/ce\/wp-content\/uploads\/2018-03-11-Cam\u00edDelslIbersfoto_APresegue-1b.jpg","width":2444,"height":1834},{"@type":"BreadcrumbList","@id":"https:\/\/cetaradell.cat\/ce\/curses-del-marc-del-cet-lenclusa-2018\/#breadcrumb","itemListElement":[{"@type":"ListItem","position":1,"name":"Inici","item":"https:\/\/cetaradell.cat\/ce\/"},{"@type":"ListItem","position":2,"name":"Curses del mar\u00e7 del CET L\u2019Enclusa &#8211; 2018"}]},{"@type":"WebSite","@id":"https:\/\/cetaradell.cat\/ce\/#website","url":"https:\/\/cetaradell.cat\/ce\/","name":"Centre Excursionista Taradell","description":"","potentialAction":[{"@type":"SearchAction","target":{"@type":"EntryPoint","urlTemplate":"https:\/\/cetaradell.cat\/ce\/?s={search_term_string}"},"query-input":{"@type":"PropertyValueSpecification","valueRequired":true,"valueName":"search_term_string"}}],"inLanguage":"ca"},{"@type":"Person","@id":"https:\/\/cetaradell.cat\/ce\/#\/schema\/person\/92a59f585073071c7be6649e84b22f78","name":"CET","image":{"@type":"ImageObject","inLanguage":"ca","@id":"https:\/\/secure.gravatar.com\/avatar\/d6fbe010d42056feccc0f613ed07277a5118442805079269f12dabdc42e1a727?s=96&d=mm&r=g","url":"https:\/\/secure.gravatar.com\/avatar\/d6fbe010d42056feccc0f613ed07277a5118442805079269f12dabdc42e1a727?s=96&d=mm&r=g","contentUrl":"https:\/\/secure.gravatar.com\/avatar\/d6fbe010d42056feccc0f613ed07277a5118442805079269f12dabdc42e1a727?s=96&d=mm&r=g","caption":"CET"},"url":"https:\/\/cetaradell.cat\/ce\/author\/root\/"}]}},"_links":{"self":[{"href":"https:\/\/cetaradell.cat\/ce\/wp-json\/wp\/v2\/posts\/6372","targetHints":{"allow":["GET"]}}],"collection":[{"href":"https:\/\/cetaradell.cat\/ce\/wp-json\/wp\/v2\/posts"}],"about":[{"href":"https:\/\/cetaradell.cat\/ce\/wp-json\/wp\/v2\/types\/post"}],"author":[{"embeddable":true,"href":"https:\/\/cetaradell.cat\/ce\/wp-json\/wp\/v2\/users\/1"}],"replies":[{"embeddable":true,"href":"https:\/\/cetaradell.cat\/ce\/wp-json\/wp\/v2\/comments?post=6372"}],"version-history":[{"count":0,"href":"https:\/\/cetaradell.cat\/ce\/wp-json\/wp\/v2\/posts\/6372\/revisions"}],"wp:featuredmedia":[{"embeddable":true,"href":"https:\/\/cetaradell.cat\/ce\/wp-json\/wp\/v2\/media\/6375"}],"wp:attachment":[{"href":"https:\/\/cetaradell.cat\/ce\/wp-json\/wp\/v2\/media?parent=6372"}],"wp:term":[{"taxonomy":"category","embeddable":true,"href":"https:\/\/cetaradell.cat\/ce\/wp-json\/wp\/v2\/categories?post=6372"},{"taxonomy":"post_tag","embeddable":true,"href":"https:\/\/cetaradell.cat\/ce\/wp-json\/wp\/v2\/tags?post=6372"}],"curies":[{"name":"wp","href":"https:\/\/api.w.org\/{rel}","templated":true}]}}