{"id":6391,"date":"2018-06-17T22:29:13","date_gmt":"2018-06-17T21:29:13","guid":{"rendered":"https:\/\/cetaradell.cat\/ce\/?p=6391"},"modified":"2020-06-21T10:52:10","modified_gmt":"2020-06-21T09:52:10","slug":"la-seleccio-catalana-top-20-a-la-livigno-skymarathon","status":"publish","type":"post","link":"https:\/\/cetaradell.cat\/ce\/la-seleccio-catalana-top-20-a-la-livigno-skymarathon\/","title":{"rendered":"La selecci\u00f3 catalana, Top 20 a la Livigno Skymarathon"},"content":{"rendered":"<div id=\"attachment_6392\" style=\"width: 310px\" class=\"wp-caption alignleft\"><a href=\"https:\/\/cetaradell.cat\/ce\/wp-content\/uploads\/2018-06-16-LivignoSkymarathnfoto_Jose-Miguel-Munoz.jpg\" target=\"_blank\" rel=\"attachment noopener wp-att-6392 noreferrer\"><img decoding=\"async\" aria-describedby=\"caption-attachment-6392\" class=\"wp-image-6392 size-medium\" src=\"https:\/\/cetaradell.cat\/ce\/wp-content\/uploads\/2018-06-16-LivignoSkymarathnfoto_Jose-Miguel-Munoz-300x200.jpg\" alt=\"2018-06-16-LivignoSkymarathn(foto_Jose Miguel Munoz)\" width=\"300\" height=\"200\" srcset=\"https:\/\/cetaradell.cat\/ce\/wp-content\/uploads\/2018-06-16-LivignoSkymarathnfoto_Jose-Miguel-Munoz-300x200.jpg 300w, https:\/\/cetaradell.cat\/ce\/wp-content\/uploads\/2018-06-16-LivignoSkymarathnfoto_Jose-Miguel-Munoz-500x333.jpg 500w, https:\/\/cetaradell.cat\/ce\/wp-content\/uploads\/2018-06-16-LivignoSkymarathnfoto_Jose-Miguel-Munoz-700x467.jpg 700w, https:\/\/cetaradell.cat\/ce\/wp-content\/uploads\/2018-06-16-LivignoSkymarathnfoto_Jose-Miguel-Munoz-768x512.jpg 768w, https:\/\/cetaradell.cat\/ce\/wp-content\/uploads\/2018-06-16-LivignoSkymarathnfoto_Jose-Miguel-Munoz-1024x683.jpg 1024w, https:\/\/cetaradell.cat\/ce\/wp-content\/uploads\/2018-06-16-LivignoSkymarathnfoto_Jose-Miguel-Munoz.jpg 1368w\" sizes=\"(max-width: 300px) 100vw, 300px\" \/><\/a><p id=\"caption-attachment-6392\" class=\"wp-caption-text\">Albert Pujol en plena Livigno Skymarathon (Foto: Jos\u00e9 Miguel Mu\u00f1oz)<\/p><\/div>\n<p>L\u2019equip de la selecci\u00f3 catalana va tenir una participaci\u00f3 molt destacada a la <strong>Livigno Skymarathon<\/strong> entrant entre els 20 primers classificats tant en categoria masculina com femenina. Aquesta cursa amb sortida i arribada a la poblaci\u00f3 itali\u00e0 de Livigno es va disputar el dissabte 16 de juny de 2018 i va tenir un recorregut de 34 quilometres amb 2.700 metres de desnivell positiu.<\/p>\n<p><strong>Albert Pujol<\/strong> (CE Taradell) va ser el millor de l\u2019equip catal\u00e0, amb una treballada <strong>12a posici\u00f3<\/strong> a la classificaci\u00f3 general, amb un temps de 3 hores 53 minuts i 6 segons. Just darrera seu va entrat a meta Jonatan Mora. Gerard Espa\u00f1\u00f3 ha sigut 17\u00e8 i David Prades, 19\u00e8.<\/p>\n<p>Laia Andreu va ser la corredora m\u00e9s destacada de la selecci\u00f3, aconseguint una 9a pla\u00e7a en categoria femenina. Montse Mart\u00ednez va fer tamb\u00e9 una bona cursa, creuant la meta en 15a posici\u00f3.<\/p>\n","protected":false},"excerpt":{"rendered":"<p>L\u2019equip de la selecci\u00f3 catalana va tenir una participaci\u00f3 molt destacada a la Livigno Skymarathon entrant entre els 20 primers classificats tant en categoria masculina com femenina. Aquesta cursa amb sortida i arribada a la poblaci\u00f3 itali\u00e0 de Livigno es va disputar el dissabte 16 de juny de 2018 i  [&#8230;]<\/p>\n","protected":false},"author":1,"featured_media":6392,"comment_status":"closed","ping_status":"closed","sticky":false,"template":"","format":"standard","meta":{"footnotes":""},"categories":[32,3],"tags":[],"class_list":["post-6391","post","type-post","status-publish","format-standard","has-post-thumbnail","hentry","category-equip-cet-lenclusa","category-noticies"],"yoast_head":"<!-- This site is optimized with the Yoast SEO plugin v27.5 - https:\/\/yoast.com\/product\/yoast-seo-wordpress\/ -->\n<title>La selecci\u00f3 catalana, Top 20 a la Livigno Skymarathon - Centre Excursionista Taradell<\/title>\n<meta name=\"robots\" content=\"index, follow, max-snippet:-1, max-image-preview:large, max-video-preview:-1\" \/>\n<link rel=\"canonical\" href=\"https:\/\/cetaradell.cat\/ce\/la-seleccio-catalana-top-20-a-la-livigno-skymarathon\/\" \/>\n<meta property=\"og:locale\" content=\"ca_ES\" \/>\n<meta property=\"og:type\" content=\"article\" \/>\n<meta property=\"og:title\" content=\"La selecci\u00f3 catalana, Top 20 a la Livigno Skymarathon - Centre Excursionista Taradell\" \/>\n<meta property=\"og:description\" content=\"L\u2019equip de la selecci\u00f3 catalana va tenir una participaci\u00f3 molt destacada a la Livigno Skymarathon entrant entre els 20 primers classificats tant en categoria masculina com femenina. Aquesta cursa amb sortida i arribada a la poblaci\u00f3 itali\u00e0 de Livigno es va disputar el dissabte 16 de juny de 2018 i [...]\" \/>\n<meta property=\"og:url\" content=\"https:\/\/cetaradell.cat\/ce\/la-seleccio-catalana-top-20-a-la-livigno-skymarathon\/\" \/>\n<meta property=\"og:site_name\" content=\"Centre Excursionista Taradell\" \/>\n<meta property=\"article:publisher\" content=\"https:\/\/www.facebook.com\/CETaradell\/\" \/>\n<meta property=\"article:published_time\" content=\"2018-06-17T21:29:13+00:00\" \/>\n<meta property=\"article:modified_time\" content=\"2020-06-21T09:52:10+00:00\" \/>\n<meta property=\"og:image\" content=\"https:\/\/cetaradell.cat\/ce\/wp-content\/uploads\/2018-06-16-LivignoSkymarathnfoto_Jose-Miguel-Munoz.jpg\" \/>\n\t<meta property=\"og:image:width\" content=\"1368\" \/>\n\t<meta property=\"og:image:height\" content=\"912\" \/>\n\t<meta property=\"og:image:type\" content=\"image\/jpeg\" \/>\n<meta name=\"author\" content=\"CET\" \/>\n<meta name=\"twitter:card\" content=\"summary_large_image\" \/>\n<meta name=\"twitter:label1\" content=\"Escrit per\" \/>\n\t<meta name=\"twitter:data1\" content=\"CET\" \/>\n\t<meta name=\"twitter:label2\" content=\"Temps estimat de lectura\" \/>\n\t<meta name=\"twitter:data2\" content=\"1 minut\" \/>\n<script type=\"application\/ld+json\" class=\"yoast-schema-graph\">{\"@context\":\"https:\\\/\\\/schema.org\",\"@graph\":[{\"@type\":\"Article\",\"@id\":\"https:\\\/\\\/cetaradell.cat\\\/ce\\\/la-seleccio-catalana-top-20-a-la-livigno-skymarathon\\\/#article\",\"isPartOf\":{\"@id\":\"https:\\\/\\\/cetaradell.cat\\\/ce\\\/la-seleccio-catalana-top-20-a-la-livigno-skymarathon\\\/\"},\"author\":{\"name\":\"CET\",\"@id\":\"https:\\\/\\\/cetaradell.cat\\\/ce\\\/#\\\/schema\\\/person\\\/92a59f585073071c7be6649e84b22f78\"},\"headline\":\"La selecci\u00f3 catalana, Top 20 a la Livigno Skymarathon\",\"datePublished\":\"2018-06-17T21:29:13+00:00\",\"dateModified\":\"2020-06-21T09:52:10+00:00\",\"mainEntityOfPage\":{\"@id\":\"https:\\\/\\\/cetaradell.cat\\\/ce\\\/la-seleccio-catalana-top-20-a-la-livigno-skymarathon\\\/\"},\"wordCount\":165,\"image\":{\"@id\":\"https:\\\/\\\/cetaradell.cat\\\/ce\\\/la-seleccio-catalana-top-20-a-la-livigno-skymarathon\\\/#primaryimage\"},\"thumbnailUrl\":\"https:\\\/\\\/cetaradell.cat\\\/ce\\\/wp-content\\\/uploads\\\/2018-06-16-LivignoSkymarathnfoto_Jose-Miguel-Munoz.jpg\",\"articleSection\":[\"Equip CET-L'Enclusa\",\"Not\u00edcies\"],\"inLanguage\":\"ca\"},{\"@type\":\"WebPage\",\"@id\":\"https:\\\/\\\/cetaradell.cat\\\/ce\\\/la-seleccio-catalana-top-20-a-la-livigno-skymarathon\\\/\",\"url\":\"https:\\\/\\\/cetaradell.cat\\\/ce\\\/la-seleccio-catalana-top-20-a-la-livigno-skymarathon\\\/\",\"name\":\"La selecci\u00f3 catalana, Top 20 a la Livigno Skymarathon - Centre Excursionista Taradell\",\"isPartOf\":{\"@id\":\"https:\\\/\\\/cetaradell.cat\\\/ce\\\/#website\"},\"primaryImageOfPage\":{\"@id\":\"https:\\\/\\\/cetaradell.cat\\\/ce\\\/la-seleccio-catalana-top-20-a-la-livigno-skymarathon\\\/#primaryimage\"},\"image\":{\"@id\":\"https:\\\/\\\/cetaradell.cat\\\/ce\\\/la-seleccio-catalana-top-20-a-la-livigno-skymarathon\\\/#primaryimage\"},\"thumbnailUrl\":\"https:\\\/\\\/cetaradell.cat\\\/ce\\\/wp-content\\\/uploads\\\/2018-06-16-LivignoSkymarathnfoto_Jose-Miguel-Munoz.jpg\",\"datePublished\":\"2018-06-17T21:29:13+00:00\",\"dateModified\":\"2020-06-21T09:52:10+00:00\",\"author\":{\"@id\":\"https:\\\/\\\/cetaradell.cat\\\/ce\\\/#\\\/schema\\\/person\\\/92a59f585073071c7be6649e84b22f78\"},\"breadcrumb\":{\"@id\":\"https:\\\/\\\/cetaradell.cat\\\/ce\\\/la-seleccio-catalana-top-20-a-la-livigno-skymarathon\\\/#breadcrumb\"},\"inLanguage\":\"ca\",\"potentialAction\":[{\"@type\":\"ReadAction\",\"target\":[\"https:\\\/\\\/cetaradell.cat\\\/ce\\\/la-seleccio-catalana-top-20-a-la-livigno-skymarathon\\\/\"]}]},{\"@type\":\"ImageObject\",\"inLanguage\":\"ca\",\"@id\":\"https:\\\/\\\/cetaradell.cat\\\/ce\\\/la-seleccio-catalana-top-20-a-la-livigno-skymarathon\\\/#primaryimage\",\"url\":\"https:\\\/\\\/cetaradell.cat\\\/ce\\\/wp-content\\\/uploads\\\/2018-06-16-LivignoSkymarathnfoto_Jose-Miguel-Munoz.jpg\",\"contentUrl\":\"https:\\\/\\\/cetaradell.cat\\\/ce\\\/wp-content\\\/uploads\\\/2018-06-16-LivignoSkymarathnfoto_Jose-Miguel-Munoz.jpg\",\"width\":1368,\"height\":912},{\"@type\":\"BreadcrumbList\",\"@id\":\"https:\\\/\\\/cetaradell.cat\\\/ce\\\/la-seleccio-catalana-top-20-a-la-livigno-skymarathon\\\/#breadcrumb\",\"itemListElement\":[{\"@type\":\"ListItem\",\"position\":1,\"name\":\"Inici\",\"item\":\"https:\\\/\\\/cetaradell.cat\\\/ce\\\/\"},{\"@type\":\"ListItem\",\"position\":2,\"name\":\"La selecci\u00f3 catalana, Top 20 a la Livigno Skymarathon\"}]},{\"@type\":\"WebSite\",\"@id\":\"https:\\\/\\\/cetaradell.cat\\\/ce\\\/#website\",\"url\":\"https:\\\/\\\/cetaradell.cat\\\/ce\\\/\",\"name\":\"Centre Excursionista Taradell\",\"description\":\"\",\"potentialAction\":[{\"@type\":\"SearchAction\",\"target\":{\"@type\":\"EntryPoint\",\"urlTemplate\":\"https:\\\/\\\/cetaradell.cat\\\/ce\\\/?s={search_term_string}\"},\"query-input\":{\"@type\":\"PropertyValueSpecification\",\"valueRequired\":true,\"valueName\":\"search_term_string\"}}],\"inLanguage\":\"ca\"},{\"@type\":\"Person\",\"@id\":\"https:\\\/\\\/cetaradell.cat\\\/ce\\\/#\\\/schema\\\/person\\\/92a59f585073071c7be6649e84b22f78\",\"name\":\"CET\",\"image\":{\"@type\":\"ImageObject\",\"inLanguage\":\"ca\",\"@id\":\"https:\\\/\\\/secure.gravatar.com\\\/avatar\\\/d6fbe010d42056feccc0f613ed07277a5118442805079269f12dabdc42e1a727?s=96&d=mm&r=g\",\"url\":\"https:\\\/\\\/secure.gravatar.com\\\/avatar\\\/d6fbe010d42056feccc0f613ed07277a5118442805079269f12dabdc42e1a727?s=96&d=mm&r=g\",\"contentUrl\":\"https:\\\/\\\/secure.gravatar.com\\\/avatar\\\/d6fbe010d42056feccc0f613ed07277a5118442805079269f12dabdc42e1a727?s=96&d=mm&r=g\",\"caption\":\"CET\"},\"url\":\"https:\\\/\\\/cetaradell.cat\\\/ce\\\/author\\\/root\\\/\"}]}<\/script>\n<!-- \/ Yoast SEO plugin. -->","yoast_head_json":{"title":"La selecci\u00f3 catalana, Top 20 a la Livigno Skymarathon - Centre Excursionista Taradell","robots":{"index":"index","follow":"follow","max-snippet":"max-snippet:-1","max-image-preview":"max-image-preview:large","max-video-preview":"max-video-preview:-1"},"canonical":"https:\/\/cetaradell.cat\/ce\/la-seleccio-catalana-top-20-a-la-livigno-skymarathon\/","og_locale":"ca_ES","og_type":"article","og_title":"La selecci\u00f3 catalana, Top 20 a la Livigno Skymarathon - Centre Excursionista Taradell","og_description":"L\u2019equip de la selecci\u00f3 catalana va tenir una participaci\u00f3 molt destacada a la Livigno Skymarathon entrant entre els 20 primers classificats tant en categoria masculina com femenina. Aquesta cursa amb sortida i arribada a la poblaci\u00f3 itali\u00e0 de Livigno es va disputar el dissabte 16 de juny de 2018 i [...]","og_url":"https:\/\/cetaradell.cat\/ce\/la-seleccio-catalana-top-20-a-la-livigno-skymarathon\/","og_site_name":"Centre Excursionista Taradell","article_publisher":"https:\/\/www.facebook.com\/CETaradell\/","article_published_time":"2018-06-17T21:29:13+00:00","article_modified_time":"2020-06-21T09:52:10+00:00","og_image":[{"width":1368,"height":912,"url":"https:\/\/cetaradell.cat\/ce\/wp-content\/uploads\/2018-06-16-LivignoSkymarathnfoto_Jose-Miguel-Munoz.jpg","type":"image\/jpeg"}],"author":"CET","twitter_card":"summary_large_image","twitter_misc":{"Escrit per":"CET","Temps estimat de lectura":"1 minut"},"schema":{"@context":"https:\/\/schema.org","@graph":[{"@type":"Article","@id":"https:\/\/cetaradell.cat\/ce\/la-seleccio-catalana-top-20-a-la-livigno-skymarathon\/#article","isPartOf":{"@id":"https:\/\/cetaradell.cat\/ce\/la-seleccio-catalana-top-20-a-la-livigno-skymarathon\/"},"author":{"name":"CET","@id":"https:\/\/cetaradell.cat\/ce\/#\/schema\/person\/92a59f585073071c7be6649e84b22f78"},"headline":"La selecci\u00f3 catalana, Top 20 a la Livigno Skymarathon","datePublished":"2018-06-17T21:29:13+00:00","dateModified":"2020-06-21T09:52:10+00:00","mainEntityOfPage":{"@id":"https:\/\/cetaradell.cat\/ce\/la-seleccio-catalana-top-20-a-la-livigno-skymarathon\/"},"wordCount":165,"image":{"@id":"https:\/\/cetaradell.cat\/ce\/la-seleccio-catalana-top-20-a-la-livigno-skymarathon\/#primaryimage"},"thumbnailUrl":"https:\/\/cetaradell.cat\/ce\/wp-content\/uploads\/2018-06-16-LivignoSkymarathnfoto_Jose-Miguel-Munoz.jpg","articleSection":["Equip CET-L'Enclusa","Not\u00edcies"],"inLanguage":"ca"},{"@type":"WebPage","@id":"https:\/\/cetaradell.cat\/ce\/la-seleccio-catalana-top-20-a-la-livigno-skymarathon\/","url":"https:\/\/cetaradell.cat\/ce\/la-seleccio-catalana-top-20-a-la-livigno-skymarathon\/","name":"La selecci\u00f3 catalana, Top 20 a la Livigno Skymarathon - Centre Excursionista Taradell","isPartOf":{"@id":"https:\/\/cetaradell.cat\/ce\/#website"},"primaryImageOfPage":{"@id":"https:\/\/cetaradell.cat\/ce\/la-seleccio-catalana-top-20-a-la-livigno-skymarathon\/#primaryimage"},"image":{"@id":"https:\/\/cetaradell.cat\/ce\/la-seleccio-catalana-top-20-a-la-livigno-skymarathon\/#primaryimage"},"thumbnailUrl":"https:\/\/cetaradell.cat\/ce\/wp-content\/uploads\/2018-06-16-LivignoSkymarathnfoto_Jose-Miguel-Munoz.jpg","datePublished":"2018-06-17T21:29:13+00:00","dateModified":"2020-06-21T09:52:10+00:00","author":{"@id":"https:\/\/cetaradell.cat\/ce\/#\/schema\/person\/92a59f585073071c7be6649e84b22f78"},"breadcrumb":{"@id":"https:\/\/cetaradell.cat\/ce\/la-seleccio-catalana-top-20-a-la-livigno-skymarathon\/#breadcrumb"},"inLanguage":"ca","potentialAction":[{"@type":"ReadAction","target":["https:\/\/cetaradell.cat\/ce\/la-seleccio-catalana-top-20-a-la-livigno-skymarathon\/"]}]},{"@type":"ImageObject","inLanguage":"ca","@id":"https:\/\/cetaradell.cat\/ce\/la-seleccio-catalana-top-20-a-la-livigno-skymarathon\/#primaryimage","url":"https:\/\/cetaradell.cat\/ce\/wp-content\/uploads\/2018-06-16-LivignoSkymarathnfoto_Jose-Miguel-Munoz.jpg","contentUrl":"https:\/\/cetaradell.cat\/ce\/wp-content\/uploads\/2018-06-16-LivignoSkymarathnfoto_Jose-Miguel-Munoz.jpg","width":1368,"height":912},{"@type":"BreadcrumbList","@id":"https:\/\/cetaradell.cat\/ce\/la-seleccio-catalana-top-20-a-la-livigno-skymarathon\/#breadcrumb","itemListElement":[{"@type":"ListItem","position":1,"name":"Inici","item":"https:\/\/cetaradell.cat\/ce\/"},{"@type":"ListItem","position":2,"name":"La selecci\u00f3 catalana, Top 20 a la Livigno Skymarathon"}]},{"@type":"WebSite","@id":"https:\/\/cetaradell.cat\/ce\/#website","url":"https:\/\/cetaradell.cat\/ce\/","name":"Centre Excursionista Taradell","description":"","potentialAction":[{"@type":"SearchAction","target":{"@type":"EntryPoint","urlTemplate":"https:\/\/cetaradell.cat\/ce\/?s={search_term_string}"},"query-input":{"@type":"PropertyValueSpecification","valueRequired":true,"valueName":"search_term_string"}}],"inLanguage":"ca"},{"@type":"Person","@id":"https:\/\/cetaradell.cat\/ce\/#\/schema\/person\/92a59f585073071c7be6649e84b22f78","name":"CET","image":{"@type":"ImageObject","inLanguage":"ca","@id":"https:\/\/secure.gravatar.com\/avatar\/d6fbe010d42056feccc0f613ed07277a5118442805079269f12dabdc42e1a727?s=96&d=mm&r=g","url":"https:\/\/secure.gravatar.com\/avatar\/d6fbe010d42056feccc0f613ed07277a5118442805079269f12dabdc42e1a727?s=96&d=mm&r=g","contentUrl":"https:\/\/secure.gravatar.com\/avatar\/d6fbe010d42056feccc0f613ed07277a5118442805079269f12dabdc42e1a727?s=96&d=mm&r=g","caption":"CET"},"url":"https:\/\/cetaradell.cat\/ce\/author\/root\/"}]}},"_links":{"self":[{"href":"https:\/\/cetaradell.cat\/ce\/wp-json\/wp\/v2\/posts\/6391","targetHints":{"allow":["GET"]}}],"collection":[{"href":"https:\/\/cetaradell.cat\/ce\/wp-json\/wp\/v2\/posts"}],"about":[{"href":"https:\/\/cetaradell.cat\/ce\/wp-json\/wp\/v2\/types\/post"}],"author":[{"embeddable":true,"href":"https:\/\/cetaradell.cat\/ce\/wp-json\/wp\/v2\/users\/1"}],"replies":[{"embeddable":true,"href":"https:\/\/cetaradell.cat\/ce\/wp-json\/wp\/v2\/comments?post=6391"}],"version-history":[{"count":0,"href":"https:\/\/cetaradell.cat\/ce\/wp-json\/wp\/v2\/posts\/6391\/revisions"}],"wp:featuredmedia":[{"embeddable":true,"href":"https:\/\/cetaradell.cat\/ce\/wp-json\/wp\/v2\/media\/6392"}],"wp:attachment":[{"href":"https:\/\/cetaradell.cat\/ce\/wp-json\/wp\/v2\/media?parent=6391"}],"wp:term":[{"taxonomy":"category","embeddable":true,"href":"https:\/\/cetaradell.cat\/ce\/wp-json\/wp\/v2\/categories?post=6391"},{"taxonomy":"post_tag","embeddable":true,"href":"https:\/\/cetaradell.cat\/ce\/wp-json\/wp\/v2\/tags?post=6391"}],"curies":[{"name":"wp","href":"https:\/\/api.w.org\/{rel}","templated":true}]}}