{"id":6408,"date":"2018-05-20T20:25:39","date_gmt":"2018-05-20T19:25:39","guid":{"rendered":"https:\/\/cetaradell.cat\/ce\/?p=6408"},"modified":"2020-06-21T10:50:18","modified_gmt":"2020-06-21T09:50:18","slug":"jordi-aguilera-tercer-a-la-cursa-pel-cor-de-la-fageda","status":"publish","type":"post","link":"https:\/\/cetaradell.cat\/ce\/jordi-aguilera-tercer-a-la-cursa-pel-cor-de-la-fageda\/","title":{"rendered":"Jordi Aguilera, tercer al Trail de la Cursa de la Fageda"},"content":{"rendered":"<div id=\"attachment_6409\" style=\"width: 310px\" class=\"wp-caption alignleft\"><a href=\"https:\/\/cetaradell.cat\/ce\/wp-content\/uploads\/2018-05-19-Cursa-pel-cor-de-la-fagedafoto_Albert_TerradellasIMG_3654.jpg\" target=\"_blank\" rel=\"attachment noopener wp-att-6409 noreferrer\"><img decoding=\"async\" aria-describedby=\"caption-attachment-6409\" class=\"wp-image-6409 size-medium\" src=\"https:\/\/cetaradell.cat\/ce\/wp-content\/uploads\/2018-05-19-Cursa-pel-cor-de-la-fagedafoto_Albert_TerradellasIMG_3654-300x225.jpg\" alt=\"2018-05-19-Cursa-pel-cor-de-la-fageda(foto_Albert_Terradellas)IMG_3654\" width=\"300\" height=\"225\" srcset=\"https:\/\/cetaradell.cat\/ce\/wp-content\/uploads\/2018-05-19-Cursa-pel-cor-de-la-fagedafoto_Albert_TerradellasIMG_3654-300x225.jpg 300w, https:\/\/cetaradell.cat\/ce\/wp-content\/uploads\/2018-05-19-Cursa-pel-cor-de-la-fagedafoto_Albert_TerradellasIMG_3654-500x375.jpg 500w, https:\/\/cetaradell.cat\/ce\/wp-content\/uploads\/2018-05-19-Cursa-pel-cor-de-la-fagedafoto_Albert_TerradellasIMG_3654-700x525.jpg 700w, https:\/\/cetaradell.cat\/ce\/wp-content\/uploads\/2018-05-19-Cursa-pel-cor-de-la-fagedafoto_Albert_TerradellasIMG_3654-768x576.jpg 768w, https:\/\/cetaradell.cat\/ce\/wp-content\/uploads\/2018-05-19-Cursa-pel-cor-de-la-fagedafoto_Albert_TerradellasIMG_3654-1024x768.jpg 1024w\" sizes=\"(max-width: 300px) 100vw, 300px\" \/><\/a><p id=\"caption-attachment-6409\" class=\"wp-caption-text\">Jordi Aguilera, 3r del Trail de la Cursa pel cor de la Fageda (Foto: Albert Terradellas)<\/p><\/div>\n<p><strong>Jordi Aguilera<\/strong>, del CET-L\u2019Enclusa, va fer podi a la prova <strong>Trail <\/strong>de la<strong> Cursa pel cor de la Fageda 2018<\/strong>, celebrada el dissabte 19 de maig, al classificar-se en <strong>tercer lloc<\/strong>, a nom\u00e9s 13 segons del vencedor. Va completar el recorregut de 29 quil\u00f2metres amb un temps de 2 hores 36 minuts i 21 segons, mentre que el primer classificat, Joan Galimany, ho va fer amb un temps de 2 hores 36 minuts i 8 segons.<\/p>\n<p>La Cursa pel cor de la Fageda va tenir el recorregut pel Parc Natural de la Zona Volc\u00e0nica de la Garrotxa. Van passar pel volc\u00e0 Croscat, el volc\u00e0 de Santa Margarida, el volc\u00e0 Puig de la Costa i la Fageda d\u2019en Jord\u00e0.<\/p>\n","protected":false},"excerpt":{"rendered":"<p>Jordi Aguilera, del CET-L\u2019Enclusa, va fer podi a la prova Trail de la Cursa pel cor de la Fageda 2018, celebrada el dissabte 19 de maig, al classificar-se en tercer lloc, a nom\u00e9s 13 segons del vencedor. Va completar el recorregut de 29 quil\u00f2metres amb un temps de 2 hores  [&#8230;]<\/p>\n","protected":false},"author":1,"featured_media":6409,"comment_status":"closed","ping_status":"closed","sticky":false,"template":"","format":"standard","meta":{"footnotes":""},"categories":[32,3],"tags":[],"class_list":["post-6408","post","type-post","status-publish","format-standard","has-post-thumbnail","hentry","category-equip-cet-lenclusa","category-noticies"],"yoast_head":"<!-- This site is optimized with the Yoast SEO plugin v27.5 - https:\/\/yoast.com\/product\/yoast-seo-wordpress\/ -->\n<title>Jordi Aguilera, tercer al Trail de la Cursa de la Fageda - Centre Excursionista Taradell<\/title>\n<meta name=\"robots\" content=\"index, follow, max-snippet:-1, max-image-preview:large, max-video-preview:-1\" \/>\n<link rel=\"canonical\" href=\"https:\/\/cetaradell.cat\/ce\/jordi-aguilera-tercer-a-la-cursa-pel-cor-de-la-fageda\/\" \/>\n<meta property=\"og:locale\" content=\"ca_ES\" \/>\n<meta property=\"og:type\" content=\"article\" \/>\n<meta property=\"og:title\" content=\"Jordi Aguilera, tercer al Trail de la Cursa de la Fageda - Centre Excursionista Taradell\" \/>\n<meta property=\"og:description\" content=\"Jordi Aguilera, del CET-L\u2019Enclusa, va fer podi a la prova Trail de la Cursa pel cor de la Fageda 2018, celebrada el dissabte 19 de maig, al classificar-se en tercer lloc, a nom\u00e9s 13 segons del vencedor. Va completar el recorregut de 29 quil\u00f2metres amb un temps de 2 hores [...]\" \/>\n<meta property=\"og:url\" content=\"https:\/\/cetaradell.cat\/ce\/jordi-aguilera-tercer-a-la-cursa-pel-cor-de-la-fageda\/\" \/>\n<meta property=\"og:site_name\" content=\"Centre Excursionista Taradell\" \/>\n<meta property=\"article:publisher\" content=\"https:\/\/www.facebook.com\/CETaradell\/\" \/>\n<meta property=\"article:published_time\" content=\"2018-05-20T19:25:39+00:00\" \/>\n<meta property=\"article:modified_time\" content=\"2020-06-21T09:50:18+00:00\" \/>\n<meta property=\"og:image\" content=\"https:\/\/cetaradell.cat\/ce\/wp-content\/uploads\/2018-05-19-Cursa-pel-cor-de-la-fagedafoto_Albert_TerradellasIMG_3654-scaled.jpg\" \/>\n\t<meta property=\"og:image:width\" content=\"2560\" \/>\n\t<meta property=\"og:image:height\" content=\"1920\" \/>\n\t<meta property=\"og:image:type\" content=\"image\/jpeg\" \/>\n<meta name=\"author\" content=\"CET\" \/>\n<meta name=\"twitter:card\" content=\"summary_large_image\" \/>\n<meta name=\"twitter:label1\" content=\"Escrit per\" \/>\n\t<meta name=\"twitter:data1\" content=\"CET\" \/>\n\t<meta name=\"twitter:label2\" content=\"Temps estimat de lectura\" \/>\n\t<meta name=\"twitter:data2\" content=\"1 minut\" \/>\n<script type=\"application\/ld+json\" class=\"yoast-schema-graph\">{\"@context\":\"https:\\\/\\\/schema.org\",\"@graph\":[{\"@type\":\"Article\",\"@id\":\"https:\\\/\\\/cetaradell.cat\\\/ce\\\/jordi-aguilera-tercer-a-la-cursa-pel-cor-de-la-fageda\\\/#article\",\"isPartOf\":{\"@id\":\"https:\\\/\\\/cetaradell.cat\\\/ce\\\/jordi-aguilera-tercer-a-la-cursa-pel-cor-de-la-fageda\\\/\"},\"author\":{\"name\":\"CET\",\"@id\":\"https:\\\/\\\/cetaradell.cat\\\/ce\\\/#\\\/schema\\\/person\\\/92a59f585073071c7be6649e84b22f78\"},\"headline\":\"Jordi Aguilera, tercer al Trail de la Cursa de la Fageda\",\"datePublished\":\"2018-05-20T19:25:39+00:00\",\"dateModified\":\"2020-06-21T09:50:18+00:00\",\"mainEntityOfPage\":{\"@id\":\"https:\\\/\\\/cetaradell.cat\\\/ce\\\/jordi-aguilera-tercer-a-la-cursa-pel-cor-de-la-fageda\\\/\"},\"wordCount\":147,\"image\":{\"@id\":\"https:\\\/\\\/cetaradell.cat\\\/ce\\\/jordi-aguilera-tercer-a-la-cursa-pel-cor-de-la-fageda\\\/#primaryimage\"},\"thumbnailUrl\":\"https:\\\/\\\/cetaradell.cat\\\/ce\\\/wp-content\\\/uploads\\\/2018-05-19-Cursa-pel-cor-de-la-fagedafoto_Albert_TerradellasIMG_3654-scaled.jpg\",\"articleSection\":[\"Equip CET-L'Enclusa\",\"Not\u00edcies\"],\"inLanguage\":\"ca\"},{\"@type\":\"WebPage\",\"@id\":\"https:\\\/\\\/cetaradell.cat\\\/ce\\\/jordi-aguilera-tercer-a-la-cursa-pel-cor-de-la-fageda\\\/\",\"url\":\"https:\\\/\\\/cetaradell.cat\\\/ce\\\/jordi-aguilera-tercer-a-la-cursa-pel-cor-de-la-fageda\\\/\",\"name\":\"Jordi Aguilera, tercer al Trail de la Cursa de la Fageda - Centre Excursionista Taradell\",\"isPartOf\":{\"@id\":\"https:\\\/\\\/cetaradell.cat\\\/ce\\\/#website\"},\"primaryImageOfPage\":{\"@id\":\"https:\\\/\\\/cetaradell.cat\\\/ce\\\/jordi-aguilera-tercer-a-la-cursa-pel-cor-de-la-fageda\\\/#primaryimage\"},\"image\":{\"@id\":\"https:\\\/\\\/cetaradell.cat\\\/ce\\\/jordi-aguilera-tercer-a-la-cursa-pel-cor-de-la-fageda\\\/#primaryimage\"},\"thumbnailUrl\":\"https:\\\/\\\/cetaradell.cat\\\/ce\\\/wp-content\\\/uploads\\\/2018-05-19-Cursa-pel-cor-de-la-fagedafoto_Albert_TerradellasIMG_3654-scaled.jpg\",\"datePublished\":\"2018-05-20T19:25:39+00:00\",\"dateModified\":\"2020-06-21T09:50:18+00:00\",\"author\":{\"@id\":\"https:\\\/\\\/cetaradell.cat\\\/ce\\\/#\\\/schema\\\/person\\\/92a59f585073071c7be6649e84b22f78\"},\"breadcrumb\":{\"@id\":\"https:\\\/\\\/cetaradell.cat\\\/ce\\\/jordi-aguilera-tercer-a-la-cursa-pel-cor-de-la-fageda\\\/#breadcrumb\"},\"inLanguage\":\"ca\",\"potentialAction\":[{\"@type\":\"ReadAction\",\"target\":[\"https:\\\/\\\/cetaradell.cat\\\/ce\\\/jordi-aguilera-tercer-a-la-cursa-pel-cor-de-la-fageda\\\/\"]}]},{\"@type\":\"ImageObject\",\"inLanguage\":\"ca\",\"@id\":\"https:\\\/\\\/cetaradell.cat\\\/ce\\\/jordi-aguilera-tercer-a-la-cursa-pel-cor-de-la-fageda\\\/#primaryimage\",\"url\":\"https:\\\/\\\/cetaradell.cat\\\/ce\\\/wp-content\\\/uploads\\\/2018-05-19-Cursa-pel-cor-de-la-fagedafoto_Albert_TerradellasIMG_3654-scaled.jpg\",\"contentUrl\":\"https:\\\/\\\/cetaradell.cat\\\/ce\\\/wp-content\\\/uploads\\\/2018-05-19-Cursa-pel-cor-de-la-fagedafoto_Albert_TerradellasIMG_3654-scaled.jpg\",\"width\":2560,\"height\":1920},{\"@type\":\"BreadcrumbList\",\"@id\":\"https:\\\/\\\/cetaradell.cat\\\/ce\\\/jordi-aguilera-tercer-a-la-cursa-pel-cor-de-la-fageda\\\/#breadcrumb\",\"itemListElement\":[{\"@type\":\"ListItem\",\"position\":1,\"name\":\"Inici\",\"item\":\"https:\\\/\\\/cetaradell.cat\\\/ce\\\/\"},{\"@type\":\"ListItem\",\"position\":2,\"name\":\"Jordi Aguilera, tercer al Trail de la Cursa de la Fageda\"}]},{\"@type\":\"WebSite\",\"@id\":\"https:\\\/\\\/cetaradell.cat\\\/ce\\\/#website\",\"url\":\"https:\\\/\\\/cetaradell.cat\\\/ce\\\/\",\"name\":\"Centre Excursionista Taradell\",\"description\":\"\",\"potentialAction\":[{\"@type\":\"SearchAction\",\"target\":{\"@type\":\"EntryPoint\",\"urlTemplate\":\"https:\\\/\\\/cetaradell.cat\\\/ce\\\/?s={search_term_string}\"},\"query-input\":{\"@type\":\"PropertyValueSpecification\",\"valueRequired\":true,\"valueName\":\"search_term_string\"}}],\"inLanguage\":\"ca\"},{\"@type\":\"Person\",\"@id\":\"https:\\\/\\\/cetaradell.cat\\\/ce\\\/#\\\/schema\\\/person\\\/92a59f585073071c7be6649e84b22f78\",\"name\":\"CET\",\"image\":{\"@type\":\"ImageObject\",\"inLanguage\":\"ca\",\"@id\":\"https:\\\/\\\/secure.gravatar.com\\\/avatar\\\/d6fbe010d42056feccc0f613ed07277a5118442805079269f12dabdc42e1a727?s=96&d=mm&r=g\",\"url\":\"https:\\\/\\\/secure.gravatar.com\\\/avatar\\\/d6fbe010d42056feccc0f613ed07277a5118442805079269f12dabdc42e1a727?s=96&d=mm&r=g\",\"contentUrl\":\"https:\\\/\\\/secure.gravatar.com\\\/avatar\\\/d6fbe010d42056feccc0f613ed07277a5118442805079269f12dabdc42e1a727?s=96&d=mm&r=g\",\"caption\":\"CET\"},\"url\":\"https:\\\/\\\/cetaradell.cat\\\/ce\\\/author\\\/root\\\/\"}]}<\/script>\n<!-- \/ Yoast SEO plugin. -->","yoast_head_json":{"title":"Jordi Aguilera, tercer al Trail de la Cursa de la Fageda - Centre Excursionista Taradell","robots":{"index":"index","follow":"follow","max-snippet":"max-snippet:-1","max-image-preview":"max-image-preview:large","max-video-preview":"max-video-preview:-1"},"canonical":"https:\/\/cetaradell.cat\/ce\/jordi-aguilera-tercer-a-la-cursa-pel-cor-de-la-fageda\/","og_locale":"ca_ES","og_type":"article","og_title":"Jordi Aguilera, tercer al Trail de la Cursa de la Fageda - Centre Excursionista Taradell","og_description":"Jordi Aguilera, del CET-L\u2019Enclusa, va fer podi a la prova Trail de la Cursa pel cor de la Fageda 2018, celebrada el dissabte 19 de maig, al classificar-se en tercer lloc, a nom\u00e9s 13 segons del vencedor. Va completar el recorregut de 29 quil\u00f2metres amb un temps de 2 hores [...]","og_url":"https:\/\/cetaradell.cat\/ce\/jordi-aguilera-tercer-a-la-cursa-pel-cor-de-la-fageda\/","og_site_name":"Centre Excursionista Taradell","article_publisher":"https:\/\/www.facebook.com\/CETaradell\/","article_published_time":"2018-05-20T19:25:39+00:00","article_modified_time":"2020-06-21T09:50:18+00:00","og_image":[{"width":2560,"height":1920,"url":"https:\/\/cetaradell.cat\/ce\/wp-content\/uploads\/2018-05-19-Cursa-pel-cor-de-la-fagedafoto_Albert_TerradellasIMG_3654-scaled.jpg","type":"image\/jpeg"}],"author":"CET","twitter_card":"summary_large_image","twitter_misc":{"Escrit per":"CET","Temps estimat de lectura":"1 minut"},"schema":{"@context":"https:\/\/schema.org","@graph":[{"@type":"Article","@id":"https:\/\/cetaradell.cat\/ce\/jordi-aguilera-tercer-a-la-cursa-pel-cor-de-la-fageda\/#article","isPartOf":{"@id":"https:\/\/cetaradell.cat\/ce\/jordi-aguilera-tercer-a-la-cursa-pel-cor-de-la-fageda\/"},"author":{"name":"CET","@id":"https:\/\/cetaradell.cat\/ce\/#\/schema\/person\/92a59f585073071c7be6649e84b22f78"},"headline":"Jordi Aguilera, tercer al Trail de la Cursa de la Fageda","datePublished":"2018-05-20T19:25:39+00:00","dateModified":"2020-06-21T09:50:18+00:00","mainEntityOfPage":{"@id":"https:\/\/cetaradell.cat\/ce\/jordi-aguilera-tercer-a-la-cursa-pel-cor-de-la-fageda\/"},"wordCount":147,"image":{"@id":"https:\/\/cetaradell.cat\/ce\/jordi-aguilera-tercer-a-la-cursa-pel-cor-de-la-fageda\/#primaryimage"},"thumbnailUrl":"https:\/\/cetaradell.cat\/ce\/wp-content\/uploads\/2018-05-19-Cursa-pel-cor-de-la-fagedafoto_Albert_TerradellasIMG_3654-scaled.jpg","articleSection":["Equip CET-L'Enclusa","Not\u00edcies"],"inLanguage":"ca"},{"@type":"WebPage","@id":"https:\/\/cetaradell.cat\/ce\/jordi-aguilera-tercer-a-la-cursa-pel-cor-de-la-fageda\/","url":"https:\/\/cetaradell.cat\/ce\/jordi-aguilera-tercer-a-la-cursa-pel-cor-de-la-fageda\/","name":"Jordi Aguilera, tercer al Trail de la Cursa de la Fageda - Centre Excursionista Taradell","isPartOf":{"@id":"https:\/\/cetaradell.cat\/ce\/#website"},"primaryImageOfPage":{"@id":"https:\/\/cetaradell.cat\/ce\/jordi-aguilera-tercer-a-la-cursa-pel-cor-de-la-fageda\/#primaryimage"},"image":{"@id":"https:\/\/cetaradell.cat\/ce\/jordi-aguilera-tercer-a-la-cursa-pel-cor-de-la-fageda\/#primaryimage"},"thumbnailUrl":"https:\/\/cetaradell.cat\/ce\/wp-content\/uploads\/2018-05-19-Cursa-pel-cor-de-la-fagedafoto_Albert_TerradellasIMG_3654-scaled.jpg","datePublished":"2018-05-20T19:25:39+00:00","dateModified":"2020-06-21T09:50:18+00:00","author":{"@id":"https:\/\/cetaradell.cat\/ce\/#\/schema\/person\/92a59f585073071c7be6649e84b22f78"},"breadcrumb":{"@id":"https:\/\/cetaradell.cat\/ce\/jordi-aguilera-tercer-a-la-cursa-pel-cor-de-la-fageda\/#breadcrumb"},"inLanguage":"ca","potentialAction":[{"@type":"ReadAction","target":["https:\/\/cetaradell.cat\/ce\/jordi-aguilera-tercer-a-la-cursa-pel-cor-de-la-fageda\/"]}]},{"@type":"ImageObject","inLanguage":"ca","@id":"https:\/\/cetaradell.cat\/ce\/jordi-aguilera-tercer-a-la-cursa-pel-cor-de-la-fageda\/#primaryimage","url":"https:\/\/cetaradell.cat\/ce\/wp-content\/uploads\/2018-05-19-Cursa-pel-cor-de-la-fagedafoto_Albert_TerradellasIMG_3654-scaled.jpg","contentUrl":"https:\/\/cetaradell.cat\/ce\/wp-content\/uploads\/2018-05-19-Cursa-pel-cor-de-la-fagedafoto_Albert_TerradellasIMG_3654-scaled.jpg","width":2560,"height":1920},{"@type":"BreadcrumbList","@id":"https:\/\/cetaradell.cat\/ce\/jordi-aguilera-tercer-a-la-cursa-pel-cor-de-la-fageda\/#breadcrumb","itemListElement":[{"@type":"ListItem","position":1,"name":"Inici","item":"https:\/\/cetaradell.cat\/ce\/"},{"@type":"ListItem","position":2,"name":"Jordi Aguilera, tercer al Trail de la Cursa de la Fageda"}]},{"@type":"WebSite","@id":"https:\/\/cetaradell.cat\/ce\/#website","url":"https:\/\/cetaradell.cat\/ce\/","name":"Centre Excursionista Taradell","description":"","potentialAction":[{"@type":"SearchAction","target":{"@type":"EntryPoint","urlTemplate":"https:\/\/cetaradell.cat\/ce\/?s={search_term_string}"},"query-input":{"@type":"PropertyValueSpecification","valueRequired":true,"valueName":"search_term_string"}}],"inLanguage":"ca"},{"@type":"Person","@id":"https:\/\/cetaradell.cat\/ce\/#\/schema\/person\/92a59f585073071c7be6649e84b22f78","name":"CET","image":{"@type":"ImageObject","inLanguage":"ca","@id":"https:\/\/secure.gravatar.com\/avatar\/d6fbe010d42056feccc0f613ed07277a5118442805079269f12dabdc42e1a727?s=96&d=mm&r=g","url":"https:\/\/secure.gravatar.com\/avatar\/d6fbe010d42056feccc0f613ed07277a5118442805079269f12dabdc42e1a727?s=96&d=mm&r=g","contentUrl":"https:\/\/secure.gravatar.com\/avatar\/d6fbe010d42056feccc0f613ed07277a5118442805079269f12dabdc42e1a727?s=96&d=mm&r=g","caption":"CET"},"url":"https:\/\/cetaradell.cat\/ce\/author\/root\/"}]}},"_links":{"self":[{"href":"https:\/\/cetaradell.cat\/ce\/wp-json\/wp\/v2\/posts\/6408","targetHints":{"allow":["GET"]}}],"collection":[{"href":"https:\/\/cetaradell.cat\/ce\/wp-json\/wp\/v2\/posts"}],"about":[{"href":"https:\/\/cetaradell.cat\/ce\/wp-json\/wp\/v2\/types\/post"}],"author":[{"embeddable":true,"href":"https:\/\/cetaradell.cat\/ce\/wp-json\/wp\/v2\/users\/1"}],"replies":[{"embeddable":true,"href":"https:\/\/cetaradell.cat\/ce\/wp-json\/wp\/v2\/comments?post=6408"}],"version-history":[{"count":0,"href":"https:\/\/cetaradell.cat\/ce\/wp-json\/wp\/v2\/posts\/6408\/revisions"}],"wp:featuredmedia":[{"embeddable":true,"href":"https:\/\/cetaradell.cat\/ce\/wp-json\/wp\/v2\/media\/6409"}],"wp:attachment":[{"href":"https:\/\/cetaradell.cat\/ce\/wp-json\/wp\/v2\/media?parent=6408"}],"wp:term":[{"taxonomy":"category","embeddable":true,"href":"https:\/\/cetaradell.cat\/ce\/wp-json\/wp\/v2\/categories?post=6408"},{"taxonomy":"post_tag","embeddable":true,"href":"https:\/\/cetaradell.cat\/ce\/wp-json\/wp\/v2\/tags?post=6408"}],"curies":[{"name":"wp","href":"https:\/\/api.w.org\/{rel}","templated":true}]}}