{"id":6427,"date":"2018-04-15T23:02:21","date_gmt":"2018-04-15T22:02:21","guid":{"rendered":"https:\/\/cetaradell.cat\/ce\/?p=6427"},"modified":"2020-06-21T10:46:50","modified_gmt":"2020-06-21T09:46:50","slug":"sporthg-amlsport-presenta-albert-pujol","status":"publish","type":"post","link":"https:\/\/cetaradell.cat\/ce\/sporthg-amlsport-presenta-albert-pujol\/","title":{"rendered":"SportHG-amlsport presenta Albert Pujol"},"content":{"rendered":"<div id=\"attachment_6428\" style=\"width: 510px\" class=\"wp-caption alignnone\"><a href=\"https:\/\/cetaradell.cat\/ce\/wp-content\/uploads\/2018-03-Runners-APujol.jpg\" target=\"_blank\" rel=\"noopener noreferrer\"><img decoding=\"async\" aria-describedby=\"caption-attachment-6428\" class=\"wp-image-6428\" src=\"https:\/\/cetaradell.cat\/ce\/wp-content\/uploads\/2018-03-Runners-APujol-300x129.jpg\" alt=\"2018-03-Runners-APujol\" width=\"500\" height=\"215\" srcset=\"https:\/\/cetaradell.cat\/ce\/wp-content\/uploads\/2018-03-Runners-APujol-300x129.jpg 300w, https:\/\/cetaradell.cat\/ce\/wp-content\/uploads\/2018-03-Runners-APujol-500x215.jpg 500w, https:\/\/cetaradell.cat\/ce\/wp-content\/uploads\/2018-03-Runners-APujol-700x301.jpg 700w, https:\/\/cetaradell.cat\/ce\/wp-content\/uploads\/2018-03-Runners-APujol-768x330.jpg 768w, https:\/\/cetaradell.cat\/ce\/wp-content\/uploads\/2018-03-Runners-APujol.jpg 839w\" sizes=\"(max-width: 500px) 100vw, 500px\" \/><\/a><p id=\"caption-attachment-6428\" class=\"wp-caption-text\">Clicla a sobre per accedir a l&#8217;article<\/p><\/div>\n<p>SportHG-amlsport va presentar, a la revista <strong>Runner\u2019s world<\/strong> del mar\u00e7, el corredor del seu equip <strong>Albert Pujol<\/strong>. Aquest atleta taradellenc i soci del CET s\u2019ha fet un nom a les curses de muntanya i actualment corre per l\u2019equip SportHG-amblsport i per la Selecci\u00f3 Catalana de Curses per Muntanya de la FEEC.<\/p>\n<p><strong>Albert Pujol<\/strong> \u00e9s un exemple d&#8217;esfor\u00e7, const\u00e0ncia, superaci\u00f3 i il\u00b7lusi\u00f3. El 2015 va ser campi\u00f3 de Catalunya de Curses demuntanya, el 2016 subcampi\u00f3 de les Sky Running National Series i el 2017 campi\u00f3 de la Spain Ultra Cup, Transgrancanaria , Haria Extreme Lanzarote, Ultra-Trail Guara Somontano HG i Ria\u00f1o Trail Run.<\/p>\n<p>Per altra banda, tamb\u00e9 li van fer aquest v\u00eddeo de presentaci\u00f3.<\/p>\n<p>Per l\u2019Albert<strong> \u201cla mutanya \u00e9s viure&#8230;.&#8221;<\/strong><\/p>\n<p>&nbsp;<\/p>\n<p><iframe src=\"https:\/\/www.youtube.com\/embed\/1-6x0SdBgV8\" width=\"560\" height=\"315\" frameborder=\"0\" allowfullscreen=\"allowfullscreen\"><\/iframe><\/p>\n<p>&nbsp;<\/p>\n","protected":false},"excerpt":{"rendered":"<p>SportHG-amlsport va presentar, a la revista Runner\u2019s world del mar\u00e7, el corredor del seu equip Albert Pujol. Aquest atleta taradellenc i soci del CET s\u2019ha fet un nom a les curses de muntanya i actualment corre per l\u2019equip SportHG-amblsport i per la Selecci\u00f3 Catalana de Curses per Muntanya de la  [&#8230;]<\/p>\n","protected":false},"author":1,"featured_media":6428,"comment_status":"closed","ping_status":"closed","sticky":false,"template":"","format":"standard","meta":{"footnotes":""},"categories":[32,3],"tags":[],"class_list":["post-6427","post","type-post","status-publish","format-standard","has-post-thumbnail","hentry","category-equip-cet-lenclusa","category-noticies"],"yoast_head":"<!-- This site is optimized with the Yoast SEO plugin v27.4 - https:\/\/yoast.com\/product\/yoast-seo-wordpress\/ -->\n<title>SportHG-amlsport presenta Albert Pujol - Centre Excursionista Taradell<\/title>\n<meta name=\"robots\" content=\"index, follow, max-snippet:-1, max-image-preview:large, max-video-preview:-1\" \/>\n<link rel=\"canonical\" href=\"https:\/\/cetaradell.cat\/ce\/sporthg-amlsport-presenta-albert-pujol\/\" \/>\n<meta property=\"og:locale\" content=\"ca_ES\" \/>\n<meta property=\"og:type\" content=\"article\" \/>\n<meta property=\"og:title\" content=\"SportHG-amlsport presenta Albert Pujol - Centre Excursionista Taradell\" \/>\n<meta property=\"og:description\" content=\"SportHG-amlsport va presentar, a la revista Runner\u2019s world del mar\u00e7, el corredor del seu equip Albert Pujol. Aquest atleta taradellenc i soci del CET s\u2019ha fet un nom a les curses de muntanya i actualment corre per l\u2019equip SportHG-amblsport i per la Selecci\u00f3 Catalana de Curses per Muntanya de la [...]\" \/>\n<meta property=\"og:url\" content=\"https:\/\/cetaradell.cat\/ce\/sporthg-amlsport-presenta-albert-pujol\/\" \/>\n<meta property=\"og:site_name\" content=\"Centre Excursionista Taradell\" \/>\n<meta property=\"article:publisher\" content=\"https:\/\/www.facebook.com\/CETaradell\/\" \/>\n<meta property=\"article:published_time\" content=\"2018-04-15T22:02:21+00:00\" \/>\n<meta property=\"article:modified_time\" content=\"2020-06-21T09:46:50+00:00\" \/>\n<meta property=\"og:image\" content=\"https:\/\/cetaradell.cat\/ce\/wp-content\/uploads\/2018-03-Runners-APujol.jpg\" \/>\n\t<meta property=\"og:image:width\" content=\"839\" \/>\n\t<meta property=\"og:image:height\" content=\"361\" \/>\n\t<meta property=\"og:image:type\" content=\"image\/jpeg\" \/>\n<meta name=\"author\" content=\"CET\" \/>\n<meta name=\"twitter:card\" content=\"summary_large_image\" \/>\n<meta name=\"twitter:label1\" content=\"Escrit per\" \/>\n\t<meta name=\"twitter:data1\" content=\"CET\" \/>\n\t<meta name=\"twitter:label2\" content=\"Temps estimat de lectura\" \/>\n\t<meta name=\"twitter:data2\" content=\"1 minut\" \/>\n<script type=\"application\/ld+json\" class=\"yoast-schema-graph\">{\"@context\":\"https:\\\/\\\/schema.org\",\"@graph\":[{\"@type\":\"Article\",\"@id\":\"https:\\\/\\\/cetaradell.cat\\\/ce\\\/sporthg-amlsport-presenta-albert-pujol\\\/#article\",\"isPartOf\":{\"@id\":\"https:\\\/\\\/cetaradell.cat\\\/ce\\\/sporthg-amlsport-presenta-albert-pujol\\\/\"},\"author\":{\"name\":\"CET\",\"@id\":\"https:\\\/\\\/cetaradell.cat\\\/ce\\\/#\\\/schema\\\/person\\\/92a59f585073071c7be6649e84b22f78\"},\"headline\":\"SportHG-amlsport presenta Albert Pujol\",\"datePublished\":\"2018-04-15T22:02:21+00:00\",\"dateModified\":\"2020-06-21T09:46:50+00:00\",\"mainEntityOfPage\":{\"@id\":\"https:\\\/\\\/cetaradell.cat\\\/ce\\\/sporthg-amlsport-presenta-albert-pujol\\\/\"},\"wordCount\":145,\"image\":{\"@id\":\"https:\\\/\\\/cetaradell.cat\\\/ce\\\/sporthg-amlsport-presenta-albert-pujol\\\/#primaryimage\"},\"thumbnailUrl\":\"https:\\\/\\\/cetaradell.cat\\\/ce\\\/wp-content\\\/uploads\\\/2018-03-Runners-APujol.jpg\",\"articleSection\":[\"Equip CET-L'Enclusa\",\"Not\u00edcies\"],\"inLanguage\":\"ca\"},{\"@type\":\"WebPage\",\"@id\":\"https:\\\/\\\/cetaradell.cat\\\/ce\\\/sporthg-amlsport-presenta-albert-pujol\\\/\",\"url\":\"https:\\\/\\\/cetaradell.cat\\\/ce\\\/sporthg-amlsport-presenta-albert-pujol\\\/\",\"name\":\"SportHG-amlsport presenta Albert Pujol - Centre Excursionista Taradell\",\"isPartOf\":{\"@id\":\"https:\\\/\\\/cetaradell.cat\\\/ce\\\/#website\"},\"primaryImageOfPage\":{\"@id\":\"https:\\\/\\\/cetaradell.cat\\\/ce\\\/sporthg-amlsport-presenta-albert-pujol\\\/#primaryimage\"},\"image\":{\"@id\":\"https:\\\/\\\/cetaradell.cat\\\/ce\\\/sporthg-amlsport-presenta-albert-pujol\\\/#primaryimage\"},\"thumbnailUrl\":\"https:\\\/\\\/cetaradell.cat\\\/ce\\\/wp-content\\\/uploads\\\/2018-03-Runners-APujol.jpg\",\"datePublished\":\"2018-04-15T22:02:21+00:00\",\"dateModified\":\"2020-06-21T09:46:50+00:00\",\"author\":{\"@id\":\"https:\\\/\\\/cetaradell.cat\\\/ce\\\/#\\\/schema\\\/person\\\/92a59f585073071c7be6649e84b22f78\"},\"breadcrumb\":{\"@id\":\"https:\\\/\\\/cetaradell.cat\\\/ce\\\/sporthg-amlsport-presenta-albert-pujol\\\/#breadcrumb\"},\"inLanguage\":\"ca\",\"potentialAction\":[{\"@type\":\"ReadAction\",\"target\":[\"https:\\\/\\\/cetaradell.cat\\\/ce\\\/sporthg-amlsport-presenta-albert-pujol\\\/\"]}]},{\"@type\":\"ImageObject\",\"inLanguage\":\"ca\",\"@id\":\"https:\\\/\\\/cetaradell.cat\\\/ce\\\/sporthg-amlsport-presenta-albert-pujol\\\/#primaryimage\",\"url\":\"https:\\\/\\\/cetaradell.cat\\\/ce\\\/wp-content\\\/uploads\\\/2018-03-Runners-APujol.jpg\",\"contentUrl\":\"https:\\\/\\\/cetaradell.cat\\\/ce\\\/wp-content\\\/uploads\\\/2018-03-Runners-APujol.jpg\",\"width\":839,\"height\":361},{\"@type\":\"BreadcrumbList\",\"@id\":\"https:\\\/\\\/cetaradell.cat\\\/ce\\\/sporthg-amlsport-presenta-albert-pujol\\\/#breadcrumb\",\"itemListElement\":[{\"@type\":\"ListItem\",\"position\":1,\"name\":\"Inici\",\"item\":\"https:\\\/\\\/cetaradell.cat\\\/ce\\\/\"},{\"@type\":\"ListItem\",\"position\":2,\"name\":\"SportHG-amlsport presenta Albert Pujol\"}]},{\"@type\":\"WebSite\",\"@id\":\"https:\\\/\\\/cetaradell.cat\\\/ce\\\/#website\",\"url\":\"https:\\\/\\\/cetaradell.cat\\\/ce\\\/\",\"name\":\"Centre Excursionista Taradell\",\"description\":\"\",\"potentialAction\":[{\"@type\":\"SearchAction\",\"target\":{\"@type\":\"EntryPoint\",\"urlTemplate\":\"https:\\\/\\\/cetaradell.cat\\\/ce\\\/?s={search_term_string}\"},\"query-input\":{\"@type\":\"PropertyValueSpecification\",\"valueRequired\":true,\"valueName\":\"search_term_string\"}}],\"inLanguage\":\"ca\"},{\"@type\":\"Person\",\"@id\":\"https:\\\/\\\/cetaradell.cat\\\/ce\\\/#\\\/schema\\\/person\\\/92a59f585073071c7be6649e84b22f78\",\"name\":\"CET\",\"image\":{\"@type\":\"ImageObject\",\"inLanguage\":\"ca\",\"@id\":\"https:\\\/\\\/secure.gravatar.com\\\/avatar\\\/d6fbe010d42056feccc0f613ed07277a5118442805079269f12dabdc42e1a727?s=96&d=mm&r=g\",\"url\":\"https:\\\/\\\/secure.gravatar.com\\\/avatar\\\/d6fbe010d42056feccc0f613ed07277a5118442805079269f12dabdc42e1a727?s=96&d=mm&r=g\",\"contentUrl\":\"https:\\\/\\\/secure.gravatar.com\\\/avatar\\\/d6fbe010d42056feccc0f613ed07277a5118442805079269f12dabdc42e1a727?s=96&d=mm&r=g\",\"caption\":\"CET\"},\"url\":\"https:\\\/\\\/cetaradell.cat\\\/ce\\\/author\\\/root\\\/\"}]}<\/script>\n<!-- \/ Yoast SEO plugin. -->","yoast_head_json":{"title":"SportHG-amlsport presenta Albert Pujol - Centre Excursionista Taradell","robots":{"index":"index","follow":"follow","max-snippet":"max-snippet:-1","max-image-preview":"max-image-preview:large","max-video-preview":"max-video-preview:-1"},"canonical":"https:\/\/cetaradell.cat\/ce\/sporthg-amlsport-presenta-albert-pujol\/","og_locale":"ca_ES","og_type":"article","og_title":"SportHG-amlsport presenta Albert Pujol - Centre Excursionista Taradell","og_description":"SportHG-amlsport va presentar, a la revista Runner\u2019s world del mar\u00e7, el corredor del seu equip Albert Pujol. Aquest atleta taradellenc i soci del CET s\u2019ha fet un nom a les curses de muntanya i actualment corre per l\u2019equip SportHG-amblsport i per la Selecci\u00f3 Catalana de Curses per Muntanya de la [...]","og_url":"https:\/\/cetaradell.cat\/ce\/sporthg-amlsport-presenta-albert-pujol\/","og_site_name":"Centre Excursionista Taradell","article_publisher":"https:\/\/www.facebook.com\/CETaradell\/","article_published_time":"2018-04-15T22:02:21+00:00","article_modified_time":"2020-06-21T09:46:50+00:00","og_image":[{"width":839,"height":361,"url":"https:\/\/cetaradell.cat\/ce\/wp-content\/uploads\/2018-03-Runners-APujol.jpg","type":"image\/jpeg"}],"author":"CET","twitter_card":"summary_large_image","twitter_misc":{"Escrit per":"CET","Temps estimat de lectura":"1 minut"},"schema":{"@context":"https:\/\/schema.org","@graph":[{"@type":"Article","@id":"https:\/\/cetaradell.cat\/ce\/sporthg-amlsport-presenta-albert-pujol\/#article","isPartOf":{"@id":"https:\/\/cetaradell.cat\/ce\/sporthg-amlsport-presenta-albert-pujol\/"},"author":{"name":"CET","@id":"https:\/\/cetaradell.cat\/ce\/#\/schema\/person\/92a59f585073071c7be6649e84b22f78"},"headline":"SportHG-amlsport presenta Albert Pujol","datePublished":"2018-04-15T22:02:21+00:00","dateModified":"2020-06-21T09:46:50+00:00","mainEntityOfPage":{"@id":"https:\/\/cetaradell.cat\/ce\/sporthg-amlsport-presenta-albert-pujol\/"},"wordCount":145,"image":{"@id":"https:\/\/cetaradell.cat\/ce\/sporthg-amlsport-presenta-albert-pujol\/#primaryimage"},"thumbnailUrl":"https:\/\/cetaradell.cat\/ce\/wp-content\/uploads\/2018-03-Runners-APujol.jpg","articleSection":["Equip CET-L'Enclusa","Not\u00edcies"],"inLanguage":"ca"},{"@type":"WebPage","@id":"https:\/\/cetaradell.cat\/ce\/sporthg-amlsport-presenta-albert-pujol\/","url":"https:\/\/cetaradell.cat\/ce\/sporthg-amlsport-presenta-albert-pujol\/","name":"SportHG-amlsport presenta Albert Pujol - Centre Excursionista Taradell","isPartOf":{"@id":"https:\/\/cetaradell.cat\/ce\/#website"},"primaryImageOfPage":{"@id":"https:\/\/cetaradell.cat\/ce\/sporthg-amlsport-presenta-albert-pujol\/#primaryimage"},"image":{"@id":"https:\/\/cetaradell.cat\/ce\/sporthg-amlsport-presenta-albert-pujol\/#primaryimage"},"thumbnailUrl":"https:\/\/cetaradell.cat\/ce\/wp-content\/uploads\/2018-03-Runners-APujol.jpg","datePublished":"2018-04-15T22:02:21+00:00","dateModified":"2020-06-21T09:46:50+00:00","author":{"@id":"https:\/\/cetaradell.cat\/ce\/#\/schema\/person\/92a59f585073071c7be6649e84b22f78"},"breadcrumb":{"@id":"https:\/\/cetaradell.cat\/ce\/sporthg-amlsport-presenta-albert-pujol\/#breadcrumb"},"inLanguage":"ca","potentialAction":[{"@type":"ReadAction","target":["https:\/\/cetaradell.cat\/ce\/sporthg-amlsport-presenta-albert-pujol\/"]}]},{"@type":"ImageObject","inLanguage":"ca","@id":"https:\/\/cetaradell.cat\/ce\/sporthg-amlsport-presenta-albert-pujol\/#primaryimage","url":"https:\/\/cetaradell.cat\/ce\/wp-content\/uploads\/2018-03-Runners-APujol.jpg","contentUrl":"https:\/\/cetaradell.cat\/ce\/wp-content\/uploads\/2018-03-Runners-APujol.jpg","width":839,"height":361},{"@type":"BreadcrumbList","@id":"https:\/\/cetaradell.cat\/ce\/sporthg-amlsport-presenta-albert-pujol\/#breadcrumb","itemListElement":[{"@type":"ListItem","position":1,"name":"Inici","item":"https:\/\/cetaradell.cat\/ce\/"},{"@type":"ListItem","position":2,"name":"SportHG-amlsport presenta Albert Pujol"}]},{"@type":"WebSite","@id":"https:\/\/cetaradell.cat\/ce\/#website","url":"https:\/\/cetaradell.cat\/ce\/","name":"Centre Excursionista Taradell","description":"","potentialAction":[{"@type":"SearchAction","target":{"@type":"EntryPoint","urlTemplate":"https:\/\/cetaradell.cat\/ce\/?s={search_term_string}"},"query-input":{"@type":"PropertyValueSpecification","valueRequired":true,"valueName":"search_term_string"}}],"inLanguage":"ca"},{"@type":"Person","@id":"https:\/\/cetaradell.cat\/ce\/#\/schema\/person\/92a59f585073071c7be6649e84b22f78","name":"CET","image":{"@type":"ImageObject","inLanguage":"ca","@id":"https:\/\/secure.gravatar.com\/avatar\/d6fbe010d42056feccc0f613ed07277a5118442805079269f12dabdc42e1a727?s=96&d=mm&r=g","url":"https:\/\/secure.gravatar.com\/avatar\/d6fbe010d42056feccc0f613ed07277a5118442805079269f12dabdc42e1a727?s=96&d=mm&r=g","contentUrl":"https:\/\/secure.gravatar.com\/avatar\/d6fbe010d42056feccc0f613ed07277a5118442805079269f12dabdc42e1a727?s=96&d=mm&r=g","caption":"CET"},"url":"https:\/\/cetaradell.cat\/ce\/author\/root\/"}]}},"_links":{"self":[{"href":"https:\/\/cetaradell.cat\/ce\/wp-json\/wp\/v2\/posts\/6427","targetHints":{"allow":["GET"]}}],"collection":[{"href":"https:\/\/cetaradell.cat\/ce\/wp-json\/wp\/v2\/posts"}],"about":[{"href":"https:\/\/cetaradell.cat\/ce\/wp-json\/wp\/v2\/types\/post"}],"author":[{"embeddable":true,"href":"https:\/\/cetaradell.cat\/ce\/wp-json\/wp\/v2\/users\/1"}],"replies":[{"embeddable":true,"href":"https:\/\/cetaradell.cat\/ce\/wp-json\/wp\/v2\/comments?post=6427"}],"version-history":[{"count":0,"href":"https:\/\/cetaradell.cat\/ce\/wp-json\/wp\/v2\/posts\/6427\/revisions"}],"wp:featuredmedia":[{"embeddable":true,"href":"https:\/\/cetaradell.cat\/ce\/wp-json\/wp\/v2\/media\/6428"}],"wp:attachment":[{"href":"https:\/\/cetaradell.cat\/ce\/wp-json\/wp\/v2\/media?parent=6427"}],"wp:term":[{"taxonomy":"category","embeddable":true,"href":"https:\/\/cetaradell.cat\/ce\/wp-json\/wp\/v2\/categories?post=6427"},{"taxonomy":"post_tag","embeddable":true,"href":"https:\/\/cetaradell.cat\/ce\/wp-json\/wp\/v2\/tags?post=6427"}],"curies":[{"name":"wp","href":"https:\/\/api.w.org\/{rel}","templated":true}]}}