{"id":6438,"date":"2018-03-17T23:31:47","date_gmt":"2018-03-17T22:31:47","guid":{"rendered":"https:\/\/cetaradell.cat\/ce\/?p=6438"},"modified":"2020-06-21T10:38:56","modified_gmt":"2020-06-21T09:38:56","slug":"assemblea-general-de-socis-2018-i-botifarrada","status":"publish","type":"post","link":"https:\/\/cetaradell.cat\/ce\/assemblea-general-de-socis-2018-i-botifarrada\/","title":{"rendered":"Assemblea general de socis 2018 i botifarrada"},"content":{"rendered":"<div id=\"attachment_6440\" style=\"width: 310px\" class=\"wp-caption alignleft\"><a href=\"https:\/\/cetaradell.cat\/ce\/wp-content\/uploads\/Assemblea-C.E.Taradell_4.jpg\" target=\"_blank\" rel=\"attachment noopener wp-att-6440 noreferrer\"><img decoding=\"async\" aria-describedby=\"caption-attachment-6440\" class=\"wp-image-6440 size-medium\" src=\"https:\/\/cetaradell.cat\/ce\/wp-content\/uploads\/Assemblea-C.E.Taradell_4-300x200.jpg\" alt=\"Assemblea C.E.Taradell_4\" width=\"300\" height=\"200\" srcset=\"https:\/\/cetaradell.cat\/ce\/wp-content\/uploads\/Assemblea-C.E.Taradell_4-300x200.jpg 300w, https:\/\/cetaradell.cat\/ce\/wp-content\/uploads\/Assemblea-C.E.Taradell_4-500x333.jpg 500w, https:\/\/cetaradell.cat\/ce\/wp-content\/uploads\/Assemblea-C.E.Taradell_4-700x466.jpg 700w, https:\/\/cetaradell.cat\/ce\/wp-content\/uploads\/Assemblea-C.E.Taradell_4-768x511.jpg 768w, https:\/\/cetaradell.cat\/ce\/wp-content\/uploads\/Assemblea-C.E.Taradell_4.jpg 1000w\" sizes=\"(max-width: 300px) 100vw, 300px\" \/><\/a><p id=\"caption-attachment-6440\" class=\"wp-caption-text\">Assemblea General de Socis 2018 (Foto: Ramon Curtichs)<\/p><\/div>\n<p>El dissabte 10 de mar\u00e7 de 2018 a les 8 del vespre, en segona convocat\u00f2ria, va tenir lloc l\u2019assemblea general amb l\u2019assist\u00e8ncia de 24 socis.<\/p>\n<p>Va encetar l\u2019acte la presidenta de l\u2019entitat Carme Delgado donant la benvinguda als assistents, als quals va agrair la seva pres\u00e8ncia.<\/p>\n<p>El primer punt de l\u2019ordre del dia va ser l\u2019aprovaci\u00f3 de l\u2019acta de l\u2019assemblea del 2017, que en no haver-hi cap objecci\u00f3 va ser aprovada per unanimitat.<\/p>\n<p>Seguidament es va fer el rep\u00e0s a l\u2019estat de comptes del 2017, que al ser positiu permet mantenir l\u2019import actual de la quota de soci, i es va presentar el pressupost del 2018 que ser\u00e0 semblant al de l\u2019any anterior.<\/p>\n<p>A continuaci\u00f3 es va fer un rep\u00e0s de les activitats portades a terme el 2017 i s\u2019inform\u00e0 de les previstes pel 2018 que no difereixen massa de les de l\u2019any anterior, com s\u00f3n: la Cursa dels Gitanos, la botifarrada, les sortides per Senders (el 2017 es van finalitzar les sortides pel sender del 1714 i el 2018 es faran sortides pel sender GR11 i a cims del llistat dels 100 Cims), sortides matinals, cicle de projeccions, Festa del Soci, caminada de la Festa Major, la Rupit Taradell, portada de pessebres, cavada a Matagalls i cursa de Sant Silvestre.<\/p>\n<p>El CET tamb\u00e9 ha col\u00b7laborat amb activitats d\u2019altres entitats com: Taradell Camina, Caminada Nocturna de la Festa Major de la Roca, Festa de l\u2019Esport de Taradell i caminada del Col\u00b7legi Sant Gen\u00eds i Santa Agn\u00e8s amb les quals seguirem col\u00b7laborant dins les nostres possibilitats.<\/p>\n<p>El pen\u00faltim punt de l\u2019ordre del dia va ser els canvis en la Junta de l\u2019entitat. Aix\u00ed, Carme Coll es va incorporar per a l\u2019\u00e0rea de comptabilitat i es va donar de baixa Manel Alcubierre.<\/p>\n<p>Cap a \u00be de 9, despr\u00e9s dels precs i preguntes, es va donar per acabada l\u2019assemblea i es va convidar a tots els assistents a un petit refrigeri.<\/p>\n<p><strong>Botifarrada del CET<\/strong><\/p>\n<div id=\"attachment_6441\" style=\"width: 310px\" class=\"wp-caption alignleft\"><a href=\"https:\/\/cetaradell.cat\/ce\/wp-content\/uploads\/Botifarrada-C.E.Taradell_1.jpg\" target=\"_blank\" rel=\"attachment noopener wp-att-6441 noreferrer\"><img decoding=\"async\" aria-describedby=\"caption-attachment-6441\" class=\"wp-image-6441 size-medium\" src=\"https:\/\/cetaradell.cat\/ce\/wp-content\/uploads\/Botifarrada-C.E.Taradell_1-300x200.jpg\" alt=\"Botifarrada C.E.Taradell_1\" width=\"300\" height=\"200\" srcset=\"https:\/\/cetaradell.cat\/ce\/wp-content\/uploads\/Botifarrada-C.E.Taradell_1-300x200.jpg 300w, https:\/\/cetaradell.cat\/ce\/wp-content\/uploads\/Botifarrada-C.E.Taradell_1-500x334.jpg 500w, https:\/\/cetaradell.cat\/ce\/wp-content\/uploads\/Botifarrada-C.E.Taradell_1-700x467.jpg 700w, https:\/\/cetaradell.cat\/ce\/wp-content\/uploads\/Botifarrada-C.E.Taradell_1-768x512.jpg 768w, https:\/\/cetaradell.cat\/ce\/wp-content\/uploads\/Botifarrada-C.E.Taradell_1.jpg 1000w\" sizes=\"(max-width: 300px) 100vw, 300px\" \/><\/a><p id=\"caption-attachment-6441\" class=\"wp-caption-text\">Participants a la botifarrada, a la sortida del CET (Foto: R. Curtichs)<\/p><\/div>\n<p>L\u2019endem\u00e0 de l\u2019assemblea, diumenge 11 de mar\u00e7, com ja \u00e9s tradici\u00f3 es va fer la botifarrada del CET amb la participaci\u00f3 de 32 socis.<\/p>\n<p>El dia va ser una mica vent\u00f3s i es va seguir el recorregut seg\u00fcent: es va sortir del CET pel carrer de la Vila en direcci\u00f3 cap a Seva, es va seguir pel cam\u00ed Ral, es va continuar cap a les balmes de les Pinediques i es va seguir a munt fins a la pla\u00e7a de l\u2019Everest passat pel cam\u00ed que passa pel darrera de les torres de la urbanitzaci\u00f3 de Goitallops. Des\u00a0 del monument a l\u2019Everest es va agafar el cam\u00ed que porta a l\u2019era del Poc Blat, per continuar cap a la baga de can Talai\u00a0 i arribar fins al pont del mol\u00ed dels Sorts. Es va travessar el pont i es va pujar fins a Can Calvet per despr\u00e9s baixar fins a sobre la font de Codines on es va fer la botifarrada, arressarats darrer un tur\u00f3.<\/p>\n<p>Un cop acabat l\u2019esmorzar, es va anar a visitar el moli Xic dels Sorts, al terme de seva, restaurat i netejat pels joves de Seva i tamb\u00e9 el mol\u00ed dels Sorts amb una petita explicaci\u00f3 a c\u00e0rrec de Josep Codina. Despr\u00e9s d\u2019aquestes visites es va fer el cam\u00ed de tornada a Taradell passant per can Talaia.<\/p>\n<div id=\"attachment_6442\" style=\"width: 310px\" class=\"wp-caption aligncenter\"><a href=\"https:\/\/photos.app.goo.gl\/dn5pm1icF2apf2Bj8\" target=\"_blank\" rel=\"attachment noopener wp-att-6442 noreferrer\"><img decoding=\"async\" aria-describedby=\"caption-attachment-6442\" class=\"wp-image-6442 size-medium\" src=\"https:\/\/cetaradell.cat\/ce\/wp-content\/uploads\/Botifarrada-C.E.Taradell_29-300x199.jpg\" alt=\"Botifarrada C.E.Taradell_29\" width=\"300\" height=\"199\" srcset=\"https:\/\/cetaradell.cat\/ce\/wp-content\/uploads\/Botifarrada-C.E.Taradell_29-300x199.jpg 300w, https:\/\/cetaradell.cat\/ce\/wp-content\/uploads\/Botifarrada-C.E.Taradell_29-500x332.jpg 500w, https:\/\/cetaradell.cat\/ce\/wp-content\/uploads\/Botifarrada-C.E.Taradell_29-700x465.jpg 700w, https:\/\/cetaradell.cat\/ce\/wp-content\/uploads\/Botifarrada-C.E.Taradell_29-768x510.jpg 768w, https:\/\/cetaradell.cat\/ce\/wp-content\/uploads\/Botifarrada-C.E.Taradell_29.jpg 1000w\" sizes=\"(max-width: 300px) 100vw, 300px\" \/><\/a><p id=\"caption-attachment-6442\" class=\"wp-caption-text\">CLICA LA FOTO PER VEURE L&#8217;\u00c0LBUM COMPLERT<\/p><\/div>\n","protected":false},"excerpt":{"rendered":"<p>El dissabte 10 de mar\u00e7 de 2018 a les 8 del vespre, en segona convocat\u00f2ria, va tenir lloc l\u2019assemblea general amb l\u2019assist\u00e8ncia de 24 socis. Va encetar l\u2019acte la presidenta de l\u2019entitat Carme Delgado donant la benvinguda als assistents, als quals va agrair la seva pres\u00e8ncia. El primer punt de  [&#8230;]<\/p>\n","protected":false},"author":1,"featured_media":6440,"comment_status":"closed","ping_status":"closed","sticky":false,"template":"","format":"standard","meta":{"footnotes":""},"categories":[3],"tags":[],"class_list":["post-6438","post","type-post","status-publish","format-standard","has-post-thumbnail","hentry","category-noticies"],"yoast_head":"<!-- This site is optimized with the Yoast SEO plugin v27.4 - https:\/\/yoast.com\/product\/yoast-seo-wordpress\/ -->\n<title>Assemblea general de socis 2018 i botifarrada - Centre Excursionista Taradell<\/title>\n<meta name=\"robots\" content=\"index, follow, max-snippet:-1, max-image-preview:large, max-video-preview:-1\" \/>\n<link rel=\"canonical\" href=\"https:\/\/cetaradell.cat\/ce\/assemblea-general-de-socis-2018-i-botifarrada\/\" \/>\n<meta property=\"og:locale\" content=\"ca_ES\" \/>\n<meta property=\"og:type\" content=\"article\" \/>\n<meta property=\"og:title\" content=\"Assemblea general de socis 2018 i botifarrada - Centre Excursionista Taradell\" \/>\n<meta property=\"og:description\" content=\"El dissabte 10 de mar\u00e7 de 2018 a les 8 del vespre, en segona convocat\u00f2ria, va tenir lloc l\u2019assemblea general amb l\u2019assist\u00e8ncia de 24 socis. Va encetar l\u2019acte la presidenta de l\u2019entitat Carme Delgado donant la benvinguda als assistents, als quals va agrair la seva pres\u00e8ncia. El primer punt de [...]\" \/>\n<meta property=\"og:url\" content=\"https:\/\/cetaradell.cat\/ce\/assemblea-general-de-socis-2018-i-botifarrada\/\" \/>\n<meta property=\"og:site_name\" content=\"Centre Excursionista Taradell\" \/>\n<meta property=\"article:publisher\" content=\"https:\/\/www.facebook.com\/CETaradell\/\" \/>\n<meta property=\"article:published_time\" content=\"2018-03-17T22:31:47+00:00\" \/>\n<meta property=\"article:modified_time\" content=\"2020-06-21T09:38:56+00:00\" \/>\n<meta property=\"og:image\" content=\"https:\/\/cetaradell.cat\/ce\/wp-content\/uploads\/Assemblea-C.E.Taradell_4.jpg\" \/>\n\t<meta property=\"og:image:width\" content=\"1000\" \/>\n\t<meta property=\"og:image:height\" content=\"665\" \/>\n\t<meta property=\"og:image:type\" content=\"image\/jpeg\" \/>\n<meta name=\"author\" content=\"CET\" \/>\n<meta name=\"twitter:card\" content=\"summary_large_image\" \/>\n<meta name=\"twitter:label1\" content=\"Escrit per\" \/>\n\t<meta name=\"twitter:data1\" content=\"CET\" \/>\n\t<meta name=\"twitter:label2\" content=\"Temps estimat de lectura\" \/>\n\t<meta name=\"twitter:data2\" content=\"3 minuts\" \/>\n<script type=\"application\/ld+json\" class=\"yoast-schema-graph\">{\"@context\":\"https:\\\/\\\/schema.org\",\"@graph\":[{\"@type\":\"Article\",\"@id\":\"https:\\\/\\\/cetaradell.cat\\\/ce\\\/assemblea-general-de-socis-2018-i-botifarrada\\\/#article\",\"isPartOf\":{\"@id\":\"https:\\\/\\\/cetaradell.cat\\\/ce\\\/assemblea-general-de-socis-2018-i-botifarrada\\\/\"},\"author\":{\"name\":\"CET\",\"@id\":\"https:\\\/\\\/cetaradell.cat\\\/ce\\\/#\\\/schema\\\/person\\\/92a59f585073071c7be6649e84b22f78\"},\"headline\":\"Assemblea general de socis 2018 i botifarrada\",\"datePublished\":\"2018-03-17T22:31:47+00:00\",\"dateModified\":\"2020-06-21T09:38:56+00:00\",\"mainEntityOfPage\":{\"@id\":\"https:\\\/\\\/cetaradell.cat\\\/ce\\\/assemblea-general-de-socis-2018-i-botifarrada\\\/\"},\"wordCount\":623,\"image\":{\"@id\":\"https:\\\/\\\/cetaradell.cat\\\/ce\\\/assemblea-general-de-socis-2018-i-botifarrada\\\/#primaryimage\"},\"thumbnailUrl\":\"https:\\\/\\\/cetaradell.cat\\\/ce\\\/wp-content\\\/uploads\\\/Assemblea-C.E.Taradell_4.jpg\",\"articleSection\":[\"Not\u00edcies\"],\"inLanguage\":\"ca\"},{\"@type\":\"WebPage\",\"@id\":\"https:\\\/\\\/cetaradell.cat\\\/ce\\\/assemblea-general-de-socis-2018-i-botifarrada\\\/\",\"url\":\"https:\\\/\\\/cetaradell.cat\\\/ce\\\/assemblea-general-de-socis-2018-i-botifarrada\\\/\",\"name\":\"Assemblea general de socis 2018 i botifarrada - Centre Excursionista Taradell\",\"isPartOf\":{\"@id\":\"https:\\\/\\\/cetaradell.cat\\\/ce\\\/#website\"},\"primaryImageOfPage\":{\"@id\":\"https:\\\/\\\/cetaradell.cat\\\/ce\\\/assemblea-general-de-socis-2018-i-botifarrada\\\/#primaryimage\"},\"image\":{\"@id\":\"https:\\\/\\\/cetaradell.cat\\\/ce\\\/assemblea-general-de-socis-2018-i-botifarrada\\\/#primaryimage\"},\"thumbnailUrl\":\"https:\\\/\\\/cetaradell.cat\\\/ce\\\/wp-content\\\/uploads\\\/Assemblea-C.E.Taradell_4.jpg\",\"datePublished\":\"2018-03-17T22:31:47+00:00\",\"dateModified\":\"2020-06-21T09:38:56+00:00\",\"author\":{\"@id\":\"https:\\\/\\\/cetaradell.cat\\\/ce\\\/#\\\/schema\\\/person\\\/92a59f585073071c7be6649e84b22f78\"},\"breadcrumb\":{\"@id\":\"https:\\\/\\\/cetaradell.cat\\\/ce\\\/assemblea-general-de-socis-2018-i-botifarrada\\\/#breadcrumb\"},\"inLanguage\":\"ca\",\"potentialAction\":[{\"@type\":\"ReadAction\",\"target\":[\"https:\\\/\\\/cetaradell.cat\\\/ce\\\/assemblea-general-de-socis-2018-i-botifarrada\\\/\"]}]},{\"@type\":\"ImageObject\",\"inLanguage\":\"ca\",\"@id\":\"https:\\\/\\\/cetaradell.cat\\\/ce\\\/assemblea-general-de-socis-2018-i-botifarrada\\\/#primaryimage\",\"url\":\"https:\\\/\\\/cetaradell.cat\\\/ce\\\/wp-content\\\/uploads\\\/Assemblea-C.E.Taradell_4.jpg\",\"contentUrl\":\"https:\\\/\\\/cetaradell.cat\\\/ce\\\/wp-content\\\/uploads\\\/Assemblea-C.E.Taradell_4.jpg\",\"width\":1000,\"height\":665},{\"@type\":\"BreadcrumbList\",\"@id\":\"https:\\\/\\\/cetaradell.cat\\\/ce\\\/assemblea-general-de-socis-2018-i-botifarrada\\\/#breadcrumb\",\"itemListElement\":[{\"@type\":\"ListItem\",\"position\":1,\"name\":\"Inici\",\"item\":\"https:\\\/\\\/cetaradell.cat\\\/ce\\\/\"},{\"@type\":\"ListItem\",\"position\":2,\"name\":\"Assemblea general de socis 2018 i botifarrada\"}]},{\"@type\":\"WebSite\",\"@id\":\"https:\\\/\\\/cetaradell.cat\\\/ce\\\/#website\",\"url\":\"https:\\\/\\\/cetaradell.cat\\\/ce\\\/\",\"name\":\"Centre Excursionista Taradell\",\"description\":\"\",\"potentialAction\":[{\"@type\":\"SearchAction\",\"target\":{\"@type\":\"EntryPoint\",\"urlTemplate\":\"https:\\\/\\\/cetaradell.cat\\\/ce\\\/?s={search_term_string}\"},\"query-input\":{\"@type\":\"PropertyValueSpecification\",\"valueRequired\":true,\"valueName\":\"search_term_string\"}}],\"inLanguage\":\"ca\"},{\"@type\":\"Person\",\"@id\":\"https:\\\/\\\/cetaradell.cat\\\/ce\\\/#\\\/schema\\\/person\\\/92a59f585073071c7be6649e84b22f78\",\"name\":\"CET\",\"image\":{\"@type\":\"ImageObject\",\"inLanguage\":\"ca\",\"@id\":\"https:\\\/\\\/secure.gravatar.com\\\/avatar\\\/d6fbe010d42056feccc0f613ed07277a5118442805079269f12dabdc42e1a727?s=96&d=mm&r=g\",\"url\":\"https:\\\/\\\/secure.gravatar.com\\\/avatar\\\/d6fbe010d42056feccc0f613ed07277a5118442805079269f12dabdc42e1a727?s=96&d=mm&r=g\",\"contentUrl\":\"https:\\\/\\\/secure.gravatar.com\\\/avatar\\\/d6fbe010d42056feccc0f613ed07277a5118442805079269f12dabdc42e1a727?s=96&d=mm&r=g\",\"caption\":\"CET\"},\"url\":\"https:\\\/\\\/cetaradell.cat\\\/ce\\\/author\\\/root\\\/\"}]}<\/script>\n<!-- \/ Yoast SEO plugin. -->","yoast_head_json":{"title":"Assemblea general de socis 2018 i botifarrada - Centre Excursionista Taradell","robots":{"index":"index","follow":"follow","max-snippet":"max-snippet:-1","max-image-preview":"max-image-preview:large","max-video-preview":"max-video-preview:-1"},"canonical":"https:\/\/cetaradell.cat\/ce\/assemblea-general-de-socis-2018-i-botifarrada\/","og_locale":"ca_ES","og_type":"article","og_title":"Assemblea general de socis 2018 i botifarrada - Centre Excursionista Taradell","og_description":"El dissabte 10 de mar\u00e7 de 2018 a les 8 del vespre, en segona convocat\u00f2ria, va tenir lloc l\u2019assemblea general amb l\u2019assist\u00e8ncia de 24 socis. Va encetar l\u2019acte la presidenta de l\u2019entitat Carme Delgado donant la benvinguda als assistents, als quals va agrair la seva pres\u00e8ncia. El primer punt de [...]","og_url":"https:\/\/cetaradell.cat\/ce\/assemblea-general-de-socis-2018-i-botifarrada\/","og_site_name":"Centre Excursionista Taradell","article_publisher":"https:\/\/www.facebook.com\/CETaradell\/","article_published_time":"2018-03-17T22:31:47+00:00","article_modified_time":"2020-06-21T09:38:56+00:00","og_image":[{"width":1000,"height":665,"url":"https:\/\/cetaradell.cat\/ce\/wp-content\/uploads\/Assemblea-C.E.Taradell_4.jpg","type":"image\/jpeg"}],"author":"CET","twitter_card":"summary_large_image","twitter_misc":{"Escrit per":"CET","Temps estimat de lectura":"3 minuts"},"schema":{"@context":"https:\/\/schema.org","@graph":[{"@type":"Article","@id":"https:\/\/cetaradell.cat\/ce\/assemblea-general-de-socis-2018-i-botifarrada\/#article","isPartOf":{"@id":"https:\/\/cetaradell.cat\/ce\/assemblea-general-de-socis-2018-i-botifarrada\/"},"author":{"name":"CET","@id":"https:\/\/cetaradell.cat\/ce\/#\/schema\/person\/92a59f585073071c7be6649e84b22f78"},"headline":"Assemblea general de socis 2018 i botifarrada","datePublished":"2018-03-17T22:31:47+00:00","dateModified":"2020-06-21T09:38:56+00:00","mainEntityOfPage":{"@id":"https:\/\/cetaradell.cat\/ce\/assemblea-general-de-socis-2018-i-botifarrada\/"},"wordCount":623,"image":{"@id":"https:\/\/cetaradell.cat\/ce\/assemblea-general-de-socis-2018-i-botifarrada\/#primaryimage"},"thumbnailUrl":"https:\/\/cetaradell.cat\/ce\/wp-content\/uploads\/Assemblea-C.E.Taradell_4.jpg","articleSection":["Not\u00edcies"],"inLanguage":"ca"},{"@type":"WebPage","@id":"https:\/\/cetaradell.cat\/ce\/assemblea-general-de-socis-2018-i-botifarrada\/","url":"https:\/\/cetaradell.cat\/ce\/assemblea-general-de-socis-2018-i-botifarrada\/","name":"Assemblea general de socis 2018 i botifarrada - Centre Excursionista Taradell","isPartOf":{"@id":"https:\/\/cetaradell.cat\/ce\/#website"},"primaryImageOfPage":{"@id":"https:\/\/cetaradell.cat\/ce\/assemblea-general-de-socis-2018-i-botifarrada\/#primaryimage"},"image":{"@id":"https:\/\/cetaradell.cat\/ce\/assemblea-general-de-socis-2018-i-botifarrada\/#primaryimage"},"thumbnailUrl":"https:\/\/cetaradell.cat\/ce\/wp-content\/uploads\/Assemblea-C.E.Taradell_4.jpg","datePublished":"2018-03-17T22:31:47+00:00","dateModified":"2020-06-21T09:38:56+00:00","author":{"@id":"https:\/\/cetaradell.cat\/ce\/#\/schema\/person\/92a59f585073071c7be6649e84b22f78"},"breadcrumb":{"@id":"https:\/\/cetaradell.cat\/ce\/assemblea-general-de-socis-2018-i-botifarrada\/#breadcrumb"},"inLanguage":"ca","potentialAction":[{"@type":"ReadAction","target":["https:\/\/cetaradell.cat\/ce\/assemblea-general-de-socis-2018-i-botifarrada\/"]}]},{"@type":"ImageObject","inLanguage":"ca","@id":"https:\/\/cetaradell.cat\/ce\/assemblea-general-de-socis-2018-i-botifarrada\/#primaryimage","url":"https:\/\/cetaradell.cat\/ce\/wp-content\/uploads\/Assemblea-C.E.Taradell_4.jpg","contentUrl":"https:\/\/cetaradell.cat\/ce\/wp-content\/uploads\/Assemblea-C.E.Taradell_4.jpg","width":1000,"height":665},{"@type":"BreadcrumbList","@id":"https:\/\/cetaradell.cat\/ce\/assemblea-general-de-socis-2018-i-botifarrada\/#breadcrumb","itemListElement":[{"@type":"ListItem","position":1,"name":"Inici","item":"https:\/\/cetaradell.cat\/ce\/"},{"@type":"ListItem","position":2,"name":"Assemblea general de socis 2018 i botifarrada"}]},{"@type":"WebSite","@id":"https:\/\/cetaradell.cat\/ce\/#website","url":"https:\/\/cetaradell.cat\/ce\/","name":"Centre Excursionista Taradell","description":"","potentialAction":[{"@type":"SearchAction","target":{"@type":"EntryPoint","urlTemplate":"https:\/\/cetaradell.cat\/ce\/?s={search_term_string}"},"query-input":{"@type":"PropertyValueSpecification","valueRequired":true,"valueName":"search_term_string"}}],"inLanguage":"ca"},{"@type":"Person","@id":"https:\/\/cetaradell.cat\/ce\/#\/schema\/person\/92a59f585073071c7be6649e84b22f78","name":"CET","image":{"@type":"ImageObject","inLanguage":"ca","@id":"https:\/\/secure.gravatar.com\/avatar\/d6fbe010d42056feccc0f613ed07277a5118442805079269f12dabdc42e1a727?s=96&d=mm&r=g","url":"https:\/\/secure.gravatar.com\/avatar\/d6fbe010d42056feccc0f613ed07277a5118442805079269f12dabdc42e1a727?s=96&d=mm&r=g","contentUrl":"https:\/\/secure.gravatar.com\/avatar\/d6fbe010d42056feccc0f613ed07277a5118442805079269f12dabdc42e1a727?s=96&d=mm&r=g","caption":"CET"},"url":"https:\/\/cetaradell.cat\/ce\/author\/root\/"}]}},"_links":{"self":[{"href":"https:\/\/cetaradell.cat\/ce\/wp-json\/wp\/v2\/posts\/6438","targetHints":{"allow":["GET"]}}],"collection":[{"href":"https:\/\/cetaradell.cat\/ce\/wp-json\/wp\/v2\/posts"}],"about":[{"href":"https:\/\/cetaradell.cat\/ce\/wp-json\/wp\/v2\/types\/post"}],"author":[{"embeddable":true,"href":"https:\/\/cetaradell.cat\/ce\/wp-json\/wp\/v2\/users\/1"}],"replies":[{"embeddable":true,"href":"https:\/\/cetaradell.cat\/ce\/wp-json\/wp\/v2\/comments?post=6438"}],"version-history":[{"count":0,"href":"https:\/\/cetaradell.cat\/ce\/wp-json\/wp\/v2\/posts\/6438\/revisions"}],"wp:featuredmedia":[{"embeddable":true,"href":"https:\/\/cetaradell.cat\/ce\/wp-json\/wp\/v2\/media\/6440"}],"wp:attachment":[{"href":"https:\/\/cetaradell.cat\/ce\/wp-json\/wp\/v2\/media?parent=6438"}],"wp:term":[{"taxonomy":"category","embeddable":true,"href":"https:\/\/cetaradell.cat\/ce\/wp-json\/wp\/v2\/categories?post=6438"},{"taxonomy":"post_tag","embeddable":true,"href":"https:\/\/cetaradell.cat\/ce\/wp-json\/wp\/v2\/tags?post=6438"}],"curies":[{"name":"wp","href":"https:\/\/api.w.org\/{rel}","templated":true}]}}