{"id":6445,"date":"2016-12-19T09:54:15","date_gmt":"2016-12-19T08:54:15","guid":{"rendered":"https:\/\/cetaradell.cat\/ce\/?p=6445"},"modified":"2020-08-02T18:16:33","modified_gmt":"2020-08-02T17:16:33","slug":"3a-cursa-dorientacio-daiguafreda-10122016","status":"publish","type":"post","link":"https:\/\/cetaradell.cat\/ce\/3a-cursa-dorientacio-daiguafreda-10122016\/","title":{"rendered":"3a Cursa d&#8217;Orientaci\u00f3 d&#8217;Aiguafreda &#8211; 10\/12\/2016"},"content":{"rendered":"<div id=\"attachment_6446\" style=\"width: 310px\" class=\"wp-caption alignleft\"><a href=\"https:\/\/cetaradell.cat\/ce\/wp-content\/uploads\/IMG_20161210_100633_25.jpg\" target=\"_blank\" rel=\"attachment noopener wp-att-6446 noreferrer\"><img decoding=\"async\" aria-describedby=\"caption-attachment-6446\" class=\"wp-image-6446 size-medium\" src=\"https:\/\/cetaradell.cat\/ce\/wp-content\/uploads\/IMG_20161210_100633_25-300x225.jpg\" alt=\"IMG_20161210_100633_25\" width=\"300\" height=\"225\" srcset=\"https:\/\/cetaradell.cat\/ce\/wp-content\/uploads\/IMG_20161210_100633_25-300x225.jpg 300w, https:\/\/cetaradell.cat\/ce\/wp-content\/uploads\/IMG_20161210_100633_25-500x375.jpg 500w, https:\/\/cetaradell.cat\/ce\/wp-content\/uploads\/IMG_20161210_100633_25-700x525.jpg 700w, https:\/\/cetaradell.cat\/ce\/wp-content\/uploads\/IMG_20161210_100633_25-768x576.jpg 768w, https:\/\/cetaradell.cat\/ce\/wp-content\/uploads\/IMG_20161210_100633_25-1024x768.jpg 1024w, https:\/\/cetaradell.cat\/ce\/wp-content\/uploads\/IMG_20161210_100633_25.jpg 1040w\" sizes=\"(max-width: 300px) 100vw, 300px\" \/><\/a><p id=\"caption-attachment-6446\" class=\"wp-caption-text\">Participants del CET a la cursa d&#8217;Orientaci\u00f3 d&#8217;Aiguafreda<\/p><\/div>\n<p>12 taradellencs van participar a la cursa d&#8217;orientaci\u00f3 d&#8217;Aiguafreda. Al circuit C2 Homes, <strong>Josep Maria Freixas<\/strong> es va classificar en 2a posici\u00f3. Tamb\u00e9 hi van prendre part: <strong>Marc Ballabriga<\/strong> (13\u00e8), <strong>Josep Bosch<\/strong> (18\u00e8), <strong>Llu\u00eds Saborit<\/strong> (19\u00e8) i <strong>Lluc Noguera<\/strong> (20\u00e8).<br \/>\nAl circuit C2 Dones, <strong>Meritxell Freixas<\/strong> es va classificar en 5a poasici\u00f3.<br \/>\nAl circuit C3 (Iniciaci\u00f3 Adults) hi van participar:<strong> Miquel Codony<\/strong>, <strong>Pepe Blanch<\/strong>, <strong>Piti Muntal<\/strong>, <strong>Maire Adam<\/strong>, <strong>Imma Bosch<\/strong> i <strong>Geni Ram\u00edrez<\/strong>, els quals volien provar com era aquest esport i en van quedar molt contents.<\/p>\n","protected":false},"excerpt":{"rendered":"<p>12 taradellencs van participar a la cursa d&#8217;orientaci\u00f3 d&#8217;Aiguafreda. Al circuit C2 Homes, Josep Maria Freixas es va classificar en 2a posici\u00f3. Tamb\u00e9 hi van prendre part: Marc Ballabriga (13\u00e8), Josep Bosch (18\u00e8), Llu\u00eds Saborit (19\u00e8) i Lluc Noguera (20\u00e8). Al circuit C2 Dones, Meritxell Freixas es va classificar en  [&#8230;]<\/p>\n","protected":false},"author":1,"featured_media":6446,"comment_status":"closed","ping_status":"closed","sticky":false,"template":"","format":"standard","meta":{"footnotes":""},"categories":[46,3],"tags":[],"class_list":["post-6445","post","type-post","status-publish","format-standard","has-post-thumbnail","hentry","category-equip-cet-lenclusa-o","category-noticies"],"yoast_head":"<!-- This site is optimized with the Yoast SEO plugin v27.5 - https:\/\/yoast.com\/product\/yoast-seo-wordpress\/ -->\n<title>3a Cursa d&#039;Orientaci\u00f3 d&#039;Aiguafreda - 10\/12\/2016 - Centre Excursionista Taradell<\/title>\n<meta name=\"robots\" content=\"index, follow, max-snippet:-1, max-image-preview:large, max-video-preview:-1\" \/>\n<link rel=\"canonical\" href=\"https:\/\/cetaradell.cat\/ce\/3a-cursa-dorientacio-daiguafreda-10122016\/\" \/>\n<meta property=\"og:locale\" content=\"ca_ES\" \/>\n<meta property=\"og:type\" content=\"article\" \/>\n<meta property=\"og:title\" content=\"3a Cursa d&#039;Orientaci\u00f3 d&#039;Aiguafreda - 10\/12\/2016 - Centre Excursionista Taradell\" \/>\n<meta property=\"og:description\" content=\"12 taradellencs van participar a la cursa d&#8217;orientaci\u00f3 d&#8217;Aiguafreda. Al circuit C2 Homes, Josep Maria Freixas es va classificar en 2a posici\u00f3. Tamb\u00e9 hi van prendre part: Marc Ballabriga (13\u00e8), Josep Bosch (18\u00e8), Llu\u00eds Saborit (19\u00e8) i Lluc Noguera (20\u00e8). Al circuit C2 Dones, Meritxell Freixas es va classificar en [...]\" \/>\n<meta property=\"og:url\" content=\"https:\/\/cetaradell.cat\/ce\/3a-cursa-dorientacio-daiguafreda-10122016\/\" \/>\n<meta property=\"og:site_name\" content=\"Centre Excursionista Taradell\" \/>\n<meta property=\"article:publisher\" content=\"https:\/\/www.facebook.com\/CETaradell\/\" \/>\n<meta property=\"article:published_time\" content=\"2016-12-19T08:54:15+00:00\" \/>\n<meta property=\"article:modified_time\" content=\"2020-08-02T17:16:33+00:00\" \/>\n<meta property=\"og:image\" content=\"https:\/\/cetaradell.cat\/ce\/wp-content\/uploads\/IMG_20161210_100633_25.jpg\" \/>\n\t<meta property=\"og:image:width\" content=\"1040\" \/>\n\t<meta property=\"og:image:height\" content=\"780\" \/>\n\t<meta property=\"og:image:type\" content=\"image\/jpeg\" \/>\n<meta name=\"author\" content=\"CET\" \/>\n<meta name=\"twitter:card\" content=\"summary_large_image\" \/>\n<meta name=\"twitter:label1\" content=\"Escrit per\" \/>\n\t<meta name=\"twitter:data1\" content=\"CET\" \/>\n<script type=\"application\/ld+json\" class=\"yoast-schema-graph\">{\"@context\":\"https:\\\/\\\/schema.org\",\"@graph\":[{\"@type\":\"Article\",\"@id\":\"https:\\\/\\\/cetaradell.cat\\\/ce\\\/3a-cursa-dorientacio-daiguafreda-10122016\\\/#article\",\"isPartOf\":{\"@id\":\"https:\\\/\\\/cetaradell.cat\\\/ce\\\/3a-cursa-dorientacio-daiguafreda-10122016\\\/\"},\"author\":{\"name\":\"CET\",\"@id\":\"https:\\\/\\\/cetaradell.cat\\\/ce\\\/#\\\/schema\\\/person\\\/92a59f585073071c7be6649e84b22f78\"},\"headline\":\"3a Cursa d&#8217;Orientaci\u00f3 d&#8217;Aiguafreda &#8211; 10\\\/12\\\/2016\",\"datePublished\":\"2016-12-19T08:54:15+00:00\",\"dateModified\":\"2020-08-02T17:16:33+00:00\",\"mainEntityOfPage\":{\"@id\":\"https:\\\/\\\/cetaradell.cat\\\/ce\\\/3a-cursa-dorientacio-daiguafreda-10122016\\\/\"},\"wordCount\":110,\"image\":{\"@id\":\"https:\\\/\\\/cetaradell.cat\\\/ce\\\/3a-cursa-dorientacio-daiguafreda-10122016\\\/#primaryimage\"},\"thumbnailUrl\":\"https:\\\/\\\/cetaradell.cat\\\/ce\\\/wp-content\\\/uploads\\\/IMG_20161210_100633_25.jpg\",\"articleSection\":[\"Equip CET L'Enclusa-O\",\"Not\u00edcies\"],\"inLanguage\":\"ca\"},{\"@type\":\"WebPage\",\"@id\":\"https:\\\/\\\/cetaradell.cat\\\/ce\\\/3a-cursa-dorientacio-daiguafreda-10122016\\\/\",\"url\":\"https:\\\/\\\/cetaradell.cat\\\/ce\\\/3a-cursa-dorientacio-daiguafreda-10122016\\\/\",\"name\":\"3a Cursa d'Orientaci\u00f3 d'Aiguafreda - 10\\\/12\\\/2016 - Centre Excursionista Taradell\",\"isPartOf\":{\"@id\":\"https:\\\/\\\/cetaradell.cat\\\/ce\\\/#website\"},\"primaryImageOfPage\":{\"@id\":\"https:\\\/\\\/cetaradell.cat\\\/ce\\\/3a-cursa-dorientacio-daiguafreda-10122016\\\/#primaryimage\"},\"image\":{\"@id\":\"https:\\\/\\\/cetaradell.cat\\\/ce\\\/3a-cursa-dorientacio-daiguafreda-10122016\\\/#primaryimage\"},\"thumbnailUrl\":\"https:\\\/\\\/cetaradell.cat\\\/ce\\\/wp-content\\\/uploads\\\/IMG_20161210_100633_25.jpg\",\"datePublished\":\"2016-12-19T08:54:15+00:00\",\"dateModified\":\"2020-08-02T17:16:33+00:00\",\"author\":{\"@id\":\"https:\\\/\\\/cetaradell.cat\\\/ce\\\/#\\\/schema\\\/person\\\/92a59f585073071c7be6649e84b22f78\"},\"breadcrumb\":{\"@id\":\"https:\\\/\\\/cetaradell.cat\\\/ce\\\/3a-cursa-dorientacio-daiguafreda-10122016\\\/#breadcrumb\"},\"inLanguage\":\"ca\",\"potentialAction\":[{\"@type\":\"ReadAction\",\"target\":[\"https:\\\/\\\/cetaradell.cat\\\/ce\\\/3a-cursa-dorientacio-daiguafreda-10122016\\\/\"]}]},{\"@type\":\"ImageObject\",\"inLanguage\":\"ca\",\"@id\":\"https:\\\/\\\/cetaradell.cat\\\/ce\\\/3a-cursa-dorientacio-daiguafreda-10122016\\\/#primaryimage\",\"url\":\"https:\\\/\\\/cetaradell.cat\\\/ce\\\/wp-content\\\/uploads\\\/IMG_20161210_100633_25.jpg\",\"contentUrl\":\"https:\\\/\\\/cetaradell.cat\\\/ce\\\/wp-content\\\/uploads\\\/IMG_20161210_100633_25.jpg\",\"width\":1040,\"height\":780},{\"@type\":\"BreadcrumbList\",\"@id\":\"https:\\\/\\\/cetaradell.cat\\\/ce\\\/3a-cursa-dorientacio-daiguafreda-10122016\\\/#breadcrumb\",\"itemListElement\":[{\"@type\":\"ListItem\",\"position\":1,\"name\":\"Inici\",\"item\":\"https:\\\/\\\/cetaradell.cat\\\/ce\\\/\"},{\"@type\":\"ListItem\",\"position\":2,\"name\":\"3a Cursa d&#8217;Orientaci\u00f3 d&#8217;Aiguafreda &#8211; 10\\\/12\\\/2016\"}]},{\"@type\":\"WebSite\",\"@id\":\"https:\\\/\\\/cetaradell.cat\\\/ce\\\/#website\",\"url\":\"https:\\\/\\\/cetaradell.cat\\\/ce\\\/\",\"name\":\"Centre Excursionista Taradell\",\"description\":\"\",\"potentialAction\":[{\"@type\":\"SearchAction\",\"target\":{\"@type\":\"EntryPoint\",\"urlTemplate\":\"https:\\\/\\\/cetaradell.cat\\\/ce\\\/?s={search_term_string}\"},\"query-input\":{\"@type\":\"PropertyValueSpecification\",\"valueRequired\":true,\"valueName\":\"search_term_string\"}}],\"inLanguage\":\"ca\"},{\"@type\":\"Person\",\"@id\":\"https:\\\/\\\/cetaradell.cat\\\/ce\\\/#\\\/schema\\\/person\\\/92a59f585073071c7be6649e84b22f78\",\"name\":\"CET\",\"image\":{\"@type\":\"ImageObject\",\"inLanguage\":\"ca\",\"@id\":\"https:\\\/\\\/secure.gravatar.com\\\/avatar\\\/d6fbe010d42056feccc0f613ed07277a5118442805079269f12dabdc42e1a727?s=96&d=mm&r=g\",\"url\":\"https:\\\/\\\/secure.gravatar.com\\\/avatar\\\/d6fbe010d42056feccc0f613ed07277a5118442805079269f12dabdc42e1a727?s=96&d=mm&r=g\",\"contentUrl\":\"https:\\\/\\\/secure.gravatar.com\\\/avatar\\\/d6fbe010d42056feccc0f613ed07277a5118442805079269f12dabdc42e1a727?s=96&d=mm&r=g\",\"caption\":\"CET\"},\"url\":\"https:\\\/\\\/cetaradell.cat\\\/ce\\\/author\\\/root\\\/\"}]}<\/script>\n<!-- \/ Yoast SEO plugin. -->","yoast_head_json":{"title":"3a Cursa d'Orientaci\u00f3 d'Aiguafreda - 10\/12\/2016 - Centre Excursionista Taradell","robots":{"index":"index","follow":"follow","max-snippet":"max-snippet:-1","max-image-preview":"max-image-preview:large","max-video-preview":"max-video-preview:-1"},"canonical":"https:\/\/cetaradell.cat\/ce\/3a-cursa-dorientacio-daiguafreda-10122016\/","og_locale":"ca_ES","og_type":"article","og_title":"3a Cursa d'Orientaci\u00f3 d'Aiguafreda - 10\/12\/2016 - Centre Excursionista Taradell","og_description":"12 taradellencs van participar a la cursa d&#8217;orientaci\u00f3 d&#8217;Aiguafreda. Al circuit C2 Homes, Josep Maria Freixas es va classificar en 2a posici\u00f3. Tamb\u00e9 hi van prendre part: Marc Ballabriga (13\u00e8), Josep Bosch (18\u00e8), Llu\u00eds Saborit (19\u00e8) i Lluc Noguera (20\u00e8). Al circuit C2 Dones, Meritxell Freixas es va classificar en [...]","og_url":"https:\/\/cetaradell.cat\/ce\/3a-cursa-dorientacio-daiguafreda-10122016\/","og_site_name":"Centre Excursionista Taradell","article_publisher":"https:\/\/www.facebook.com\/CETaradell\/","article_published_time":"2016-12-19T08:54:15+00:00","article_modified_time":"2020-08-02T17:16:33+00:00","og_image":[{"width":1040,"height":780,"url":"https:\/\/cetaradell.cat\/ce\/wp-content\/uploads\/IMG_20161210_100633_25.jpg","type":"image\/jpeg"}],"author":"CET","twitter_card":"summary_large_image","twitter_misc":{"Escrit per":"CET"},"schema":{"@context":"https:\/\/schema.org","@graph":[{"@type":"Article","@id":"https:\/\/cetaradell.cat\/ce\/3a-cursa-dorientacio-daiguafreda-10122016\/#article","isPartOf":{"@id":"https:\/\/cetaradell.cat\/ce\/3a-cursa-dorientacio-daiguafreda-10122016\/"},"author":{"name":"CET","@id":"https:\/\/cetaradell.cat\/ce\/#\/schema\/person\/92a59f585073071c7be6649e84b22f78"},"headline":"3a Cursa d&#8217;Orientaci\u00f3 d&#8217;Aiguafreda &#8211; 10\/12\/2016","datePublished":"2016-12-19T08:54:15+00:00","dateModified":"2020-08-02T17:16:33+00:00","mainEntityOfPage":{"@id":"https:\/\/cetaradell.cat\/ce\/3a-cursa-dorientacio-daiguafreda-10122016\/"},"wordCount":110,"image":{"@id":"https:\/\/cetaradell.cat\/ce\/3a-cursa-dorientacio-daiguafreda-10122016\/#primaryimage"},"thumbnailUrl":"https:\/\/cetaradell.cat\/ce\/wp-content\/uploads\/IMG_20161210_100633_25.jpg","articleSection":["Equip CET L'Enclusa-O","Not\u00edcies"],"inLanguage":"ca"},{"@type":"WebPage","@id":"https:\/\/cetaradell.cat\/ce\/3a-cursa-dorientacio-daiguafreda-10122016\/","url":"https:\/\/cetaradell.cat\/ce\/3a-cursa-dorientacio-daiguafreda-10122016\/","name":"3a Cursa d'Orientaci\u00f3 d'Aiguafreda - 10\/12\/2016 - Centre Excursionista Taradell","isPartOf":{"@id":"https:\/\/cetaradell.cat\/ce\/#website"},"primaryImageOfPage":{"@id":"https:\/\/cetaradell.cat\/ce\/3a-cursa-dorientacio-daiguafreda-10122016\/#primaryimage"},"image":{"@id":"https:\/\/cetaradell.cat\/ce\/3a-cursa-dorientacio-daiguafreda-10122016\/#primaryimage"},"thumbnailUrl":"https:\/\/cetaradell.cat\/ce\/wp-content\/uploads\/IMG_20161210_100633_25.jpg","datePublished":"2016-12-19T08:54:15+00:00","dateModified":"2020-08-02T17:16:33+00:00","author":{"@id":"https:\/\/cetaradell.cat\/ce\/#\/schema\/person\/92a59f585073071c7be6649e84b22f78"},"breadcrumb":{"@id":"https:\/\/cetaradell.cat\/ce\/3a-cursa-dorientacio-daiguafreda-10122016\/#breadcrumb"},"inLanguage":"ca","potentialAction":[{"@type":"ReadAction","target":["https:\/\/cetaradell.cat\/ce\/3a-cursa-dorientacio-daiguafreda-10122016\/"]}]},{"@type":"ImageObject","inLanguage":"ca","@id":"https:\/\/cetaradell.cat\/ce\/3a-cursa-dorientacio-daiguafreda-10122016\/#primaryimage","url":"https:\/\/cetaradell.cat\/ce\/wp-content\/uploads\/IMG_20161210_100633_25.jpg","contentUrl":"https:\/\/cetaradell.cat\/ce\/wp-content\/uploads\/IMG_20161210_100633_25.jpg","width":1040,"height":780},{"@type":"BreadcrumbList","@id":"https:\/\/cetaradell.cat\/ce\/3a-cursa-dorientacio-daiguafreda-10122016\/#breadcrumb","itemListElement":[{"@type":"ListItem","position":1,"name":"Inici","item":"https:\/\/cetaradell.cat\/ce\/"},{"@type":"ListItem","position":2,"name":"3a Cursa d&#8217;Orientaci\u00f3 d&#8217;Aiguafreda &#8211; 10\/12\/2016"}]},{"@type":"WebSite","@id":"https:\/\/cetaradell.cat\/ce\/#website","url":"https:\/\/cetaradell.cat\/ce\/","name":"Centre Excursionista Taradell","description":"","potentialAction":[{"@type":"SearchAction","target":{"@type":"EntryPoint","urlTemplate":"https:\/\/cetaradell.cat\/ce\/?s={search_term_string}"},"query-input":{"@type":"PropertyValueSpecification","valueRequired":true,"valueName":"search_term_string"}}],"inLanguage":"ca"},{"@type":"Person","@id":"https:\/\/cetaradell.cat\/ce\/#\/schema\/person\/92a59f585073071c7be6649e84b22f78","name":"CET","image":{"@type":"ImageObject","inLanguage":"ca","@id":"https:\/\/secure.gravatar.com\/avatar\/d6fbe010d42056feccc0f613ed07277a5118442805079269f12dabdc42e1a727?s=96&d=mm&r=g","url":"https:\/\/secure.gravatar.com\/avatar\/d6fbe010d42056feccc0f613ed07277a5118442805079269f12dabdc42e1a727?s=96&d=mm&r=g","contentUrl":"https:\/\/secure.gravatar.com\/avatar\/d6fbe010d42056feccc0f613ed07277a5118442805079269f12dabdc42e1a727?s=96&d=mm&r=g","caption":"CET"},"url":"https:\/\/cetaradell.cat\/ce\/author\/root\/"}]}},"_links":{"self":[{"href":"https:\/\/cetaradell.cat\/ce\/wp-json\/wp\/v2\/posts\/6445","targetHints":{"allow":["GET"]}}],"collection":[{"href":"https:\/\/cetaradell.cat\/ce\/wp-json\/wp\/v2\/posts"}],"about":[{"href":"https:\/\/cetaradell.cat\/ce\/wp-json\/wp\/v2\/types\/post"}],"author":[{"embeddable":true,"href":"https:\/\/cetaradell.cat\/ce\/wp-json\/wp\/v2\/users\/1"}],"replies":[{"embeddable":true,"href":"https:\/\/cetaradell.cat\/ce\/wp-json\/wp\/v2\/comments?post=6445"}],"version-history":[{"count":0,"href":"https:\/\/cetaradell.cat\/ce\/wp-json\/wp\/v2\/posts\/6445\/revisions"}],"wp:featuredmedia":[{"embeddable":true,"href":"https:\/\/cetaradell.cat\/ce\/wp-json\/wp\/v2\/media\/6446"}],"wp:attachment":[{"href":"https:\/\/cetaradell.cat\/ce\/wp-json\/wp\/v2\/media?parent=6445"}],"wp:term":[{"taxonomy":"category","embeddable":true,"href":"https:\/\/cetaradell.cat\/ce\/wp-json\/wp\/v2\/categories?post=6445"},{"taxonomy":"post_tag","embeddable":true,"href":"https:\/\/cetaradell.cat\/ce\/wp-json\/wp\/v2\/tags?post=6445"}],"curies":[{"name":"wp","href":"https:\/\/api.w.org\/{rel}","templated":true}]}}