{"id":6453,"date":"2018-09-07T23:31:03","date_gmt":"2018-09-07T22:31:03","guid":{"rendered":"https:\/\/cetaradell.cat\/ce\/?p=6453"},"modified":"2025-02-22T21:03:40","modified_gmt":"2025-02-22T20:03:40","slug":"cims-per-la-llibertat","status":"publish","type":"post","link":"https:\/\/cetaradell.cat\/ce\/cims-per-la-llibertat\/","title":{"rendered":"Cims per la llibertat"},"content":{"rendered":"<p style=\"text-align: left;\"><a href=\"https:\/\/cetaradell.cat\/ce\/wp-content\/uploads\/2018-cims_llibertat.jpg\" target=\"_blank\" rel=\"attachment noopener wp-att-6454 noreferrer\"><img decoding=\"async\" class=\"alignleft wp-image-6454 size-medium\" src=\"https:\/\/cetaradell.cat\/ce\/wp-content\/uploads\/2018-cims_llibertat-300x300.jpg\" alt=\"2018-cims_llibertat\" width=\"300\" height=\"300\" srcset=\"https:\/\/cetaradell.cat\/ce\/wp-content\/uploads\/2018-cims_llibertat-60x60.jpg 60w, https:\/\/cetaradell.cat\/ce\/wp-content\/uploads\/2018-cims_llibertat-100x100.jpg 100w, https:\/\/cetaradell.cat\/ce\/wp-content\/uploads\/2018-cims_llibertat-150x150.jpg 150w, https:\/\/cetaradell.cat\/ce\/wp-content\/uploads\/2018-cims_llibertat-300x300.jpg 300w, https:\/\/cetaradell.cat\/ce\/wp-content\/uploads\/2018-cims_llibertat-500x500.jpg 500w, https:\/\/cetaradell.cat\/ce\/wp-content\/uploads\/2018-cims_llibertat-700x700.jpg 700w, https:\/\/cetaradell.cat\/ce\/wp-content\/uploads\/2018-cims_llibertat-768x768.jpg 768w, https:\/\/cetaradell.cat\/ce\/wp-content\/uploads\/2018-cims_llibertat.jpg 801w\" sizes=\"(max-width: 300px) 100vw, 300px\" \/><\/a>El Centre Excursionsta Taradell ha apadrinat el cim del<strong> Matagalls<\/strong>, triat per Marta Rovira, dins del projecte <strong>Cims per la llibertat(\u2192) <\/strong><\/p>\n<blockquote>\n<p style=\"text-align: left;\">&#8220;Des que era petita he anat al Montseny i he pujat al Matagalls. Ara l\u2019enyoro, per\u00f2 estic conven\u00e7uda que algun dia el tornarem a pujar plegats.&#8221;<\/p>\n<p style=\"text-align: right;\">Marta Rovira<\/p>\n<\/blockquote>\n<p style=\"text-align: left;\"><strong>Cims per la llibertat(\u2192) <\/strong>\u00e9s un projecte\u00a0basat en la solidaritat, l\u2019esfor\u00e7, la cooperaci\u00f3 i la llibertat. La iniciativa consisteix en una ascensi\u00f3 simult\u00e0nia, el <strong>13 d\u2019octubre<\/strong>, a <strong>18 cims<\/strong> de la nostra terra, escollits\u00a0directament pels nostres presos\u00a0i exiliats pol\u00edtics.\u00a0La finalitat \u00e9s fer-los arribar el nostre suport, oferir-los el nostre esfor\u00e7 i fer el nostre crit a la llibertat des dels punts m\u00e9s alts del nostre pa\u00eds.<\/p>\n<p style=\"text-align: left;\">El llistat agrupa cims aptes per a tots els p\u00fablics. Des del m\u00e9s alt de Catalunya,\u00a0la <strong>Pica d\u2019Estats <\/strong>(escollida per Toni Com\u00edn), fins al\u00a0<strong>Mont Caro<\/strong> (Carme Forcadell), passant per cims tan emblem\u00e0tics com\u00a0el <strong>Canig\u00f3<\/strong> (Jordi Cuixart), el <strong>Puigmal <\/strong>(Carles Mund\u00f3), el<strong> <strong>Pedraforca<\/strong> <\/strong>(Meritxell Borr\u00e0s), el<strong>\u00a0<strong>Carlit<\/strong> <\/strong>(Jordi S\u00e1nchez) o el<strong>\u00a0<strong>Puigsacalm<\/strong>, <\/strong>triat per Carles Puigdemont.<\/p>\n<p style=\"text-align: left;\">Les<strong> <a href=\"http:\/\/inscripcions.feec.cat\/index.php?arxiu=inscripcio&amp;id_esdeveniment=621&amp;prova=1\" target=\"_blank\" rel=\"noopener noreferrer\">inscripcions(\u2192)<\/a><\/strong>, que es troba ja obertes, inclouen una samarreta i l\u2019asseguran\u00e7a pel m\u00f2dic preu de 10 euros. Tamb\u00e9 s\u2019hi pot participar amb l\u2019ascensi\u00f3 simb\u00f2lica al cim0. Tots els beneficis aniran destinats a l\u2019<strong>Associaci\u00f3 Catalana pels Drets Civils(\u2192).<\/strong><\/p>\n<p style=\"text-align: left;\">Enlla\u00e7os:<\/p>\n<ul>\n<li style=\"text-align: left;\">\n<h2><strong><a href=\"http:\/\/inscripcions.feec.cat\/index.php?arxiu=inscripcio&amp;id_esdeveniment=621&amp;prova=1\" target=\"_blank\" rel=\"noopener noreferrer\">Inscripcions<\/a><\/strong><\/h2>\n<\/li>\n<li style=\"text-align: left;\">\n<h2><strong>Cims per la llibertat<\/strong><\/h2>\n<\/li>\n<\/ul>\n","protected":false},"excerpt":{"rendered":"<p>El Centre Excursionsta Taradell ha apadrinat el cim del Matagalls, triat per Marta Rovira, dins del projecte Cims per la llibertat(\u2192) &#8220;Des que era petita he anat al Montseny i he pujat al Matagalls. Ara l\u2019enyoro, per\u00f2 estic conven\u00e7uda que algun dia el tornarem a pujar plegats.&#8221; Marta Rovira Cims  [&#8230;]<\/p>\n","protected":false},"author":1,"featured_media":6454,"comment_status":"closed","ping_status":"closed","sticky":false,"template":"","format":"standard","meta":{"footnotes":""},"categories":[4,21,3],"tags":[],"class_list":["post-6453","post","type-post","status-publish","format-standard","has-post-thumbnail","hentry","category-activitats","category-collaboracio-amb-entitats","category-noticies"],"yoast_head":"<!-- This site is optimized with the Yoast SEO plugin v27.4 - https:\/\/yoast.com\/product\/yoast-seo-wordpress\/ -->\n<title>Cims per la llibertat - Centre Excursionista Taradell<\/title>\n<meta name=\"robots\" content=\"index, follow, max-snippet:-1, max-image-preview:large, max-video-preview:-1\" \/>\n<link rel=\"canonical\" href=\"https:\/\/cetaradell.cat\/ce\/cims-per-la-llibertat\/\" \/>\n<meta property=\"og:locale\" content=\"ca_ES\" \/>\n<meta property=\"og:type\" content=\"article\" \/>\n<meta property=\"og:title\" content=\"Cims per la llibertat - Centre Excursionista Taradell\" \/>\n<meta property=\"og:description\" content=\"El Centre Excursionsta Taradell ha apadrinat el cim del Matagalls, triat per Marta Rovira, dins del projecte Cims per la llibertat(\u2192) &#8220;Des que era petita he anat al Montseny i he pujat al Matagalls. Ara l\u2019enyoro, per\u00f2 estic conven\u00e7uda que algun dia el tornarem a pujar plegats.&#8221; Marta Rovira Cims [...]\" \/>\n<meta property=\"og:url\" content=\"https:\/\/cetaradell.cat\/ce\/cims-per-la-llibertat\/\" \/>\n<meta property=\"og:site_name\" content=\"Centre Excursionista Taradell\" \/>\n<meta property=\"article:publisher\" content=\"https:\/\/www.facebook.com\/CETaradell\/\" \/>\n<meta property=\"article:published_time\" content=\"2018-09-07T22:31:03+00:00\" \/>\n<meta property=\"article:modified_time\" content=\"2025-02-22T20:03:40+00:00\" \/>\n<meta property=\"og:image\" content=\"https:\/\/cetaradell.cat\/ce\/wp-content\/uploads\/2018-cims_llibertat.jpg\" \/>\n\t<meta property=\"og:image:width\" content=\"801\" \/>\n\t<meta property=\"og:image:height\" content=\"801\" \/>\n\t<meta property=\"og:image:type\" content=\"image\/jpeg\" \/>\n<meta name=\"author\" content=\"CET\" \/>\n<meta name=\"twitter:card\" content=\"summary_large_image\" \/>\n<meta name=\"twitter:label1\" content=\"Escrit per\" \/>\n\t<meta name=\"twitter:data1\" content=\"CET\" \/>\n\t<meta name=\"twitter:label2\" content=\"Temps estimat de lectura\" \/>\n\t<meta name=\"twitter:data2\" content=\"1 minut\" \/>\n<script type=\"application\/ld+json\" class=\"yoast-schema-graph\">{\"@context\":\"https:\\\/\\\/schema.org\",\"@graph\":[{\"@type\":\"Article\",\"@id\":\"https:\\\/\\\/cetaradell.cat\\\/ce\\\/cims-per-la-llibertat\\\/#article\",\"isPartOf\":{\"@id\":\"https:\\\/\\\/cetaradell.cat\\\/ce\\\/cims-per-la-llibertat\\\/\"},\"author\":{\"name\":\"CET\",\"@id\":\"https:\\\/\\\/cetaradell.cat\\\/ce\\\/#\\\/schema\\\/person\\\/92a59f585073071c7be6649e84b22f78\"},\"headline\":\"Cims per la llibertat\",\"datePublished\":\"2018-09-07T22:31:03+00:00\",\"dateModified\":\"2025-02-22T20:03:40+00:00\",\"mainEntityOfPage\":{\"@id\":\"https:\\\/\\\/cetaradell.cat\\\/ce\\\/cims-per-la-llibertat\\\/\"},\"wordCount\":245,\"image\":{\"@id\":\"https:\\\/\\\/cetaradell.cat\\\/ce\\\/cims-per-la-llibertat\\\/#primaryimage\"},\"thumbnailUrl\":\"https:\\\/\\\/cetaradell.cat\\\/ce\\\/wp-content\\\/uploads\\\/2018-cims_llibertat.jpg\",\"articleSection\":[\"Activitats\",\"Col\u00b7laboraci\u00f3 amb entitats\",\"Not\u00edcies\"],\"inLanguage\":\"ca\"},{\"@type\":\"WebPage\",\"@id\":\"https:\\\/\\\/cetaradell.cat\\\/ce\\\/cims-per-la-llibertat\\\/\",\"url\":\"https:\\\/\\\/cetaradell.cat\\\/ce\\\/cims-per-la-llibertat\\\/\",\"name\":\"Cims per la llibertat - Centre Excursionista Taradell\",\"isPartOf\":{\"@id\":\"https:\\\/\\\/cetaradell.cat\\\/ce\\\/#website\"},\"primaryImageOfPage\":{\"@id\":\"https:\\\/\\\/cetaradell.cat\\\/ce\\\/cims-per-la-llibertat\\\/#primaryimage\"},\"image\":{\"@id\":\"https:\\\/\\\/cetaradell.cat\\\/ce\\\/cims-per-la-llibertat\\\/#primaryimage\"},\"thumbnailUrl\":\"https:\\\/\\\/cetaradell.cat\\\/ce\\\/wp-content\\\/uploads\\\/2018-cims_llibertat.jpg\",\"datePublished\":\"2018-09-07T22:31:03+00:00\",\"dateModified\":\"2025-02-22T20:03:40+00:00\",\"author\":{\"@id\":\"https:\\\/\\\/cetaradell.cat\\\/ce\\\/#\\\/schema\\\/person\\\/92a59f585073071c7be6649e84b22f78\"},\"breadcrumb\":{\"@id\":\"https:\\\/\\\/cetaradell.cat\\\/ce\\\/cims-per-la-llibertat\\\/#breadcrumb\"},\"inLanguage\":\"ca\",\"potentialAction\":[{\"@type\":\"ReadAction\",\"target\":[\"https:\\\/\\\/cetaradell.cat\\\/ce\\\/cims-per-la-llibertat\\\/\"]}]},{\"@type\":\"ImageObject\",\"inLanguage\":\"ca\",\"@id\":\"https:\\\/\\\/cetaradell.cat\\\/ce\\\/cims-per-la-llibertat\\\/#primaryimage\",\"url\":\"https:\\\/\\\/cetaradell.cat\\\/ce\\\/wp-content\\\/uploads\\\/2018-cims_llibertat.jpg\",\"contentUrl\":\"https:\\\/\\\/cetaradell.cat\\\/ce\\\/wp-content\\\/uploads\\\/2018-cims_llibertat.jpg\",\"width\":801,\"height\":801},{\"@type\":\"BreadcrumbList\",\"@id\":\"https:\\\/\\\/cetaradell.cat\\\/ce\\\/cims-per-la-llibertat\\\/#breadcrumb\",\"itemListElement\":[{\"@type\":\"ListItem\",\"position\":1,\"name\":\"Inici\",\"item\":\"https:\\\/\\\/cetaradell.cat\\\/ce\\\/\"},{\"@type\":\"ListItem\",\"position\":2,\"name\":\"Cims per la llibertat\"}]},{\"@type\":\"WebSite\",\"@id\":\"https:\\\/\\\/cetaradell.cat\\\/ce\\\/#website\",\"url\":\"https:\\\/\\\/cetaradell.cat\\\/ce\\\/\",\"name\":\"Centre Excursionista Taradell\",\"description\":\"\",\"potentialAction\":[{\"@type\":\"SearchAction\",\"target\":{\"@type\":\"EntryPoint\",\"urlTemplate\":\"https:\\\/\\\/cetaradell.cat\\\/ce\\\/?s={search_term_string}\"},\"query-input\":{\"@type\":\"PropertyValueSpecification\",\"valueRequired\":true,\"valueName\":\"search_term_string\"}}],\"inLanguage\":\"ca\"},{\"@type\":\"Person\",\"@id\":\"https:\\\/\\\/cetaradell.cat\\\/ce\\\/#\\\/schema\\\/person\\\/92a59f585073071c7be6649e84b22f78\",\"name\":\"CET\",\"image\":{\"@type\":\"ImageObject\",\"inLanguage\":\"ca\",\"@id\":\"https:\\\/\\\/secure.gravatar.com\\\/avatar\\\/d6fbe010d42056feccc0f613ed07277a5118442805079269f12dabdc42e1a727?s=96&d=mm&r=g\",\"url\":\"https:\\\/\\\/secure.gravatar.com\\\/avatar\\\/d6fbe010d42056feccc0f613ed07277a5118442805079269f12dabdc42e1a727?s=96&d=mm&r=g\",\"contentUrl\":\"https:\\\/\\\/secure.gravatar.com\\\/avatar\\\/d6fbe010d42056feccc0f613ed07277a5118442805079269f12dabdc42e1a727?s=96&d=mm&r=g\",\"caption\":\"CET\"},\"url\":\"https:\\\/\\\/cetaradell.cat\\\/ce\\\/author\\\/root\\\/\"}]}<\/script>\n<!-- \/ Yoast SEO plugin. -->","yoast_head_json":{"title":"Cims per la llibertat - Centre Excursionista Taradell","robots":{"index":"index","follow":"follow","max-snippet":"max-snippet:-1","max-image-preview":"max-image-preview:large","max-video-preview":"max-video-preview:-1"},"canonical":"https:\/\/cetaradell.cat\/ce\/cims-per-la-llibertat\/","og_locale":"ca_ES","og_type":"article","og_title":"Cims per la llibertat - Centre Excursionista Taradell","og_description":"El Centre Excursionsta Taradell ha apadrinat el cim del Matagalls, triat per Marta Rovira, dins del projecte Cims per la llibertat(\u2192) &#8220;Des que era petita he anat al Montseny i he pujat al Matagalls. Ara l\u2019enyoro, per\u00f2 estic conven\u00e7uda que algun dia el tornarem a pujar plegats.&#8221; Marta Rovira Cims [...]","og_url":"https:\/\/cetaradell.cat\/ce\/cims-per-la-llibertat\/","og_site_name":"Centre Excursionista Taradell","article_publisher":"https:\/\/www.facebook.com\/CETaradell\/","article_published_time":"2018-09-07T22:31:03+00:00","article_modified_time":"2025-02-22T20:03:40+00:00","og_image":[{"width":801,"height":801,"url":"https:\/\/cetaradell.cat\/ce\/wp-content\/uploads\/2018-cims_llibertat.jpg","type":"image\/jpeg"}],"author":"CET","twitter_card":"summary_large_image","twitter_misc":{"Escrit per":"CET","Temps estimat de lectura":"1 minut"},"schema":{"@context":"https:\/\/schema.org","@graph":[{"@type":"Article","@id":"https:\/\/cetaradell.cat\/ce\/cims-per-la-llibertat\/#article","isPartOf":{"@id":"https:\/\/cetaradell.cat\/ce\/cims-per-la-llibertat\/"},"author":{"name":"CET","@id":"https:\/\/cetaradell.cat\/ce\/#\/schema\/person\/92a59f585073071c7be6649e84b22f78"},"headline":"Cims per la llibertat","datePublished":"2018-09-07T22:31:03+00:00","dateModified":"2025-02-22T20:03:40+00:00","mainEntityOfPage":{"@id":"https:\/\/cetaradell.cat\/ce\/cims-per-la-llibertat\/"},"wordCount":245,"image":{"@id":"https:\/\/cetaradell.cat\/ce\/cims-per-la-llibertat\/#primaryimage"},"thumbnailUrl":"https:\/\/cetaradell.cat\/ce\/wp-content\/uploads\/2018-cims_llibertat.jpg","articleSection":["Activitats","Col\u00b7laboraci\u00f3 amb entitats","Not\u00edcies"],"inLanguage":"ca"},{"@type":"WebPage","@id":"https:\/\/cetaradell.cat\/ce\/cims-per-la-llibertat\/","url":"https:\/\/cetaradell.cat\/ce\/cims-per-la-llibertat\/","name":"Cims per la llibertat - Centre Excursionista Taradell","isPartOf":{"@id":"https:\/\/cetaradell.cat\/ce\/#website"},"primaryImageOfPage":{"@id":"https:\/\/cetaradell.cat\/ce\/cims-per-la-llibertat\/#primaryimage"},"image":{"@id":"https:\/\/cetaradell.cat\/ce\/cims-per-la-llibertat\/#primaryimage"},"thumbnailUrl":"https:\/\/cetaradell.cat\/ce\/wp-content\/uploads\/2018-cims_llibertat.jpg","datePublished":"2018-09-07T22:31:03+00:00","dateModified":"2025-02-22T20:03:40+00:00","author":{"@id":"https:\/\/cetaradell.cat\/ce\/#\/schema\/person\/92a59f585073071c7be6649e84b22f78"},"breadcrumb":{"@id":"https:\/\/cetaradell.cat\/ce\/cims-per-la-llibertat\/#breadcrumb"},"inLanguage":"ca","potentialAction":[{"@type":"ReadAction","target":["https:\/\/cetaradell.cat\/ce\/cims-per-la-llibertat\/"]}]},{"@type":"ImageObject","inLanguage":"ca","@id":"https:\/\/cetaradell.cat\/ce\/cims-per-la-llibertat\/#primaryimage","url":"https:\/\/cetaradell.cat\/ce\/wp-content\/uploads\/2018-cims_llibertat.jpg","contentUrl":"https:\/\/cetaradell.cat\/ce\/wp-content\/uploads\/2018-cims_llibertat.jpg","width":801,"height":801},{"@type":"BreadcrumbList","@id":"https:\/\/cetaradell.cat\/ce\/cims-per-la-llibertat\/#breadcrumb","itemListElement":[{"@type":"ListItem","position":1,"name":"Inici","item":"https:\/\/cetaradell.cat\/ce\/"},{"@type":"ListItem","position":2,"name":"Cims per la llibertat"}]},{"@type":"WebSite","@id":"https:\/\/cetaradell.cat\/ce\/#website","url":"https:\/\/cetaradell.cat\/ce\/","name":"Centre Excursionista Taradell","description":"","potentialAction":[{"@type":"SearchAction","target":{"@type":"EntryPoint","urlTemplate":"https:\/\/cetaradell.cat\/ce\/?s={search_term_string}"},"query-input":{"@type":"PropertyValueSpecification","valueRequired":true,"valueName":"search_term_string"}}],"inLanguage":"ca"},{"@type":"Person","@id":"https:\/\/cetaradell.cat\/ce\/#\/schema\/person\/92a59f585073071c7be6649e84b22f78","name":"CET","image":{"@type":"ImageObject","inLanguage":"ca","@id":"https:\/\/secure.gravatar.com\/avatar\/d6fbe010d42056feccc0f613ed07277a5118442805079269f12dabdc42e1a727?s=96&d=mm&r=g","url":"https:\/\/secure.gravatar.com\/avatar\/d6fbe010d42056feccc0f613ed07277a5118442805079269f12dabdc42e1a727?s=96&d=mm&r=g","contentUrl":"https:\/\/secure.gravatar.com\/avatar\/d6fbe010d42056feccc0f613ed07277a5118442805079269f12dabdc42e1a727?s=96&d=mm&r=g","caption":"CET"},"url":"https:\/\/cetaradell.cat\/ce\/author\/root\/"}]}},"_links":{"self":[{"href":"https:\/\/cetaradell.cat\/ce\/wp-json\/wp\/v2\/posts\/6453","targetHints":{"allow":["GET"]}}],"collection":[{"href":"https:\/\/cetaradell.cat\/ce\/wp-json\/wp\/v2\/posts"}],"about":[{"href":"https:\/\/cetaradell.cat\/ce\/wp-json\/wp\/v2\/types\/post"}],"author":[{"embeddable":true,"href":"https:\/\/cetaradell.cat\/ce\/wp-json\/wp\/v2\/users\/1"}],"replies":[{"embeddable":true,"href":"https:\/\/cetaradell.cat\/ce\/wp-json\/wp\/v2\/comments?post=6453"}],"version-history":[{"count":0,"href":"https:\/\/cetaradell.cat\/ce\/wp-json\/wp\/v2\/posts\/6453\/revisions"}],"wp:featuredmedia":[{"embeddable":true,"href":"https:\/\/cetaradell.cat\/ce\/wp-json\/wp\/v2\/media\/6454"}],"wp:attachment":[{"href":"https:\/\/cetaradell.cat\/ce\/wp-json\/wp\/v2\/media?parent=6453"}],"wp:term":[{"taxonomy":"category","embeddable":true,"href":"https:\/\/cetaradell.cat\/ce\/wp-json\/wp\/v2\/categories?post=6453"},{"taxonomy":"post_tag","embeddable":true,"href":"https:\/\/cetaradell.cat\/ce\/wp-json\/wp\/v2\/tags?post=6453"}],"curies":[{"name":"wp","href":"https:\/\/api.w.org\/{rel}","templated":true}]}}