{"id":6527,"date":"2018-09-20T23:16:19","date_gmt":"2018-09-20T22:16:19","guid":{"rendered":"https:\/\/cetaradell.cat\/ce\/?p=6527"},"modified":"2020-06-03T22:17:46","modified_gmt":"2020-06-03T21:17:46","slug":"els-germans-freixes-primers-a-la-pedraforca-o-cup","status":"publish","type":"post","link":"https:\/\/cetaradell.cat\/ce\/els-germans-freixes-primers-a-la-pedraforca-o-cup\/","title":{"rendered":"Els germans Freixes primers a la Pedraforca O-Cup"},"content":{"rendered":"<div id=\"attachment_6528\" style=\"width: 310px\" class=\"wp-caption alignleft\"><a href=\"https:\/\/cetaradell.cat\/ce\/wp-content\/uploads\/2018-09-16-Pedraforca-Cup-Ofoto_MBallabriga-2.jpeg\" target=\"_blank\" rel=\"attachment noopener wp-att-6528 noreferrer\"><img decoding=\"async\" aria-describedby=\"caption-attachment-6528\" class=\"wp-image-6528 size-medium\" src=\"https:\/\/cetaradell.cat\/ce\/wp-content\/uploads\/2018-09-16-Pedraforca-Cup-Ofoto_MBallabriga-2-300x225.jpeg\" alt=\"2018-09-16-Pedraforca-Cup-O(foto_MBallabriga) (2)\" width=\"300\" height=\"225\" srcset=\"https:\/\/cetaradell.cat\/ce\/wp-content\/uploads\/2018-09-16-Pedraforca-Cup-Ofoto_MBallabriga-2-300x225.jpeg 300w, https:\/\/cetaradell.cat\/ce\/wp-content\/uploads\/2018-09-16-Pedraforca-Cup-Ofoto_MBallabriga-2-500x375.jpeg 500w, https:\/\/cetaradell.cat\/ce\/wp-content\/uploads\/2018-09-16-Pedraforca-Cup-Ofoto_MBallabriga-2-700x525.jpeg 700w, https:\/\/cetaradell.cat\/ce\/wp-content\/uploads\/2018-09-16-Pedraforca-Cup-Ofoto_MBallabriga-2.jpeg 724w\" sizes=\"(max-width: 300px) 100vw, 300px\" \/><\/a><p id=\"caption-attachment-6528\" class=\"wp-caption-text\">Podi de la Pedraforca O-Cup, catgoria 21A (Foto: M. Ballabriga)<\/p><\/div>\n<p>Els germans <strong>Meritxell Freixas<\/strong> i <strong>Josep Ma Freixas<\/strong>, de CET L\u2019Enclusa-O\u00a0 es van proclamar campions, de la categoria 21A femenina i masculina respectivament, a la <strong>Pedraforca O-Cup<\/strong>, 2 dies de curses d&#8217;orientaci\u00f3 al peu del Pedraforca, al Coll de la Trapa. Tamb\u00e9 hi va participar \u00a0<strong>Marc Ballabriga<\/strong>, del CET, que va aconseguir el 8\u00e8 lloc a la categoria 21A masculina.<\/p>\n<p>El dissabte 15 de setembre es va disputar la Copa Catalana de Llarga Dist\u00e0ncia\u00a0 i el diumenge 16 el\u00a0 Campionat de Catalunya de Mitja Dist\u00e0ncia. \u00a0A la cursa del dissabte, Meritxell Freixes es va classificar en primer lloc i el diumenge en quart, de manera que la suma de puntuaci\u00f3 dels dos dies la va situar en primer lloc de la prova. Josep Ma Freixas tamb\u00e9 es va situar primer en aquesta prova despr\u00e9s d\u2019haver assolit el segons lloc a la cursa llarga i el primer a la mitjana. Per altra banda, Marc Ballabriga va aconseguir el vuit\u00e8 de la Pedraforca O-Cup a l\u2019aconseguir el tretze lloc a la cursa llarga i el cinqu\u00e8 a la cursa mitjana.<\/p>\n","protected":false},"excerpt":{"rendered":"<p>Els germans Meritxell Freixas i Josep Ma Freixas, de CET L\u2019Enclusa-O\u00a0 es van proclamar campions, de la categoria 21A femenina i masculina respectivament, a la Pedraforca O-Cup, 2 dies de curses d&#8217;orientaci\u00f3 al peu del Pedraforca, al Coll de la Trapa. Tamb\u00e9 hi va participar \u00a0Marc Ballabriga, del CET, que  [&#8230;]<\/p>\n","protected":false},"author":1,"featured_media":6528,"comment_status":"closed","ping_status":"closed","sticky":false,"template":"","format":"standard","meta":{"footnotes":""},"categories":[46,3],"tags":[],"class_list":["post-6527","post","type-post","status-publish","format-standard","has-post-thumbnail","hentry","category-equip-cet-lenclusa-o","category-noticies"],"yoast_head":"<!-- This site is optimized with the Yoast SEO plugin v27.5 - https:\/\/yoast.com\/product\/yoast-seo-wordpress\/ -->\n<title>Els germans Freixes primers a la Pedraforca O-Cup - Centre Excursionista Taradell<\/title>\n<meta name=\"robots\" content=\"index, follow, max-snippet:-1, max-image-preview:large, max-video-preview:-1\" \/>\n<link rel=\"canonical\" href=\"https:\/\/cetaradell.cat\/ce\/els-germans-freixes-primers-a-la-pedraforca-o-cup\/\" \/>\n<meta property=\"og:locale\" content=\"ca_ES\" \/>\n<meta property=\"og:type\" content=\"article\" \/>\n<meta property=\"og:title\" content=\"Els germans Freixes primers a la Pedraforca O-Cup - Centre Excursionista Taradell\" \/>\n<meta property=\"og:description\" content=\"Els germans Meritxell Freixas i Josep Ma Freixas, de CET L\u2019Enclusa-O\u00a0 es van proclamar campions, de la categoria 21A femenina i masculina respectivament, a la Pedraforca O-Cup, 2 dies de curses d&#8217;orientaci\u00f3 al peu del Pedraforca, al Coll de la Trapa. Tamb\u00e9 hi va participar \u00a0Marc Ballabriga, del CET, que [...]\" \/>\n<meta property=\"og:url\" content=\"https:\/\/cetaradell.cat\/ce\/els-germans-freixes-primers-a-la-pedraforca-o-cup\/\" \/>\n<meta property=\"og:site_name\" content=\"Centre Excursionista Taradell\" \/>\n<meta property=\"article:publisher\" content=\"https:\/\/www.facebook.com\/CETaradell\/\" \/>\n<meta property=\"article:published_time\" content=\"2018-09-20T22:16:19+00:00\" \/>\n<meta property=\"article:modified_time\" content=\"2020-06-03T21:17:46+00:00\" \/>\n<meta property=\"og:image\" content=\"https:\/\/cetaradell.cat\/ce\/wp-content\/uploads\/2018-09-16-Pedraforca-Cup-Ofoto_MBallabriga-2.jpeg\" \/>\n\t<meta property=\"og:image:width\" content=\"724\" \/>\n\t<meta property=\"og:image:height\" content=\"543\" \/>\n\t<meta property=\"og:image:type\" content=\"image\/jpeg\" \/>\n<meta name=\"author\" content=\"CET\" \/>\n<meta name=\"twitter:card\" content=\"summary_large_image\" \/>\n<meta name=\"twitter:label1\" content=\"Escrit per\" \/>\n\t<meta name=\"twitter:data1\" content=\"CET\" \/>\n\t<meta name=\"twitter:label2\" content=\"Temps estimat de lectura\" \/>\n\t<meta name=\"twitter:data2\" content=\"1 minut\" \/>\n<script type=\"application\/ld+json\" class=\"yoast-schema-graph\">{\"@context\":\"https:\\\/\\\/schema.org\",\"@graph\":[{\"@type\":\"Article\",\"@id\":\"https:\\\/\\\/cetaradell.cat\\\/ce\\\/els-germans-freixes-primers-a-la-pedraforca-o-cup\\\/#article\",\"isPartOf\":{\"@id\":\"https:\\\/\\\/cetaradell.cat\\\/ce\\\/els-germans-freixes-primers-a-la-pedraforca-o-cup\\\/\"},\"author\":{\"name\":\"CET\",\"@id\":\"https:\\\/\\\/cetaradell.cat\\\/ce\\\/#\\\/schema\\\/person\\\/92a59f585073071c7be6649e84b22f78\"},\"headline\":\"Els germans Freixes primers a la Pedraforca O-Cup\",\"datePublished\":\"2018-09-20T22:16:19+00:00\",\"dateModified\":\"2020-06-03T21:17:46+00:00\",\"mainEntityOfPage\":{\"@id\":\"https:\\\/\\\/cetaradell.cat\\\/ce\\\/els-germans-freixes-primers-a-la-pedraforca-o-cup\\\/\"},\"wordCount\":206,\"image\":{\"@id\":\"https:\\\/\\\/cetaradell.cat\\\/ce\\\/els-germans-freixes-primers-a-la-pedraforca-o-cup\\\/#primaryimage\"},\"thumbnailUrl\":\"https:\\\/\\\/cetaradell.cat\\\/ce\\\/wp-content\\\/uploads\\\/2018-09-16-Pedraforca-Cup-Ofoto_MBallabriga-2.jpeg\",\"articleSection\":[\"Equip CET L'Enclusa-O\",\"Not\u00edcies\"],\"inLanguage\":\"ca\"},{\"@type\":\"WebPage\",\"@id\":\"https:\\\/\\\/cetaradell.cat\\\/ce\\\/els-germans-freixes-primers-a-la-pedraforca-o-cup\\\/\",\"url\":\"https:\\\/\\\/cetaradell.cat\\\/ce\\\/els-germans-freixes-primers-a-la-pedraforca-o-cup\\\/\",\"name\":\"Els germans Freixes primers a la Pedraforca O-Cup - Centre Excursionista Taradell\",\"isPartOf\":{\"@id\":\"https:\\\/\\\/cetaradell.cat\\\/ce\\\/#website\"},\"primaryImageOfPage\":{\"@id\":\"https:\\\/\\\/cetaradell.cat\\\/ce\\\/els-germans-freixes-primers-a-la-pedraforca-o-cup\\\/#primaryimage\"},\"image\":{\"@id\":\"https:\\\/\\\/cetaradell.cat\\\/ce\\\/els-germans-freixes-primers-a-la-pedraforca-o-cup\\\/#primaryimage\"},\"thumbnailUrl\":\"https:\\\/\\\/cetaradell.cat\\\/ce\\\/wp-content\\\/uploads\\\/2018-09-16-Pedraforca-Cup-Ofoto_MBallabriga-2.jpeg\",\"datePublished\":\"2018-09-20T22:16:19+00:00\",\"dateModified\":\"2020-06-03T21:17:46+00:00\",\"author\":{\"@id\":\"https:\\\/\\\/cetaradell.cat\\\/ce\\\/#\\\/schema\\\/person\\\/92a59f585073071c7be6649e84b22f78\"},\"breadcrumb\":{\"@id\":\"https:\\\/\\\/cetaradell.cat\\\/ce\\\/els-germans-freixes-primers-a-la-pedraforca-o-cup\\\/#breadcrumb\"},\"inLanguage\":\"ca\",\"potentialAction\":[{\"@type\":\"ReadAction\",\"target\":[\"https:\\\/\\\/cetaradell.cat\\\/ce\\\/els-germans-freixes-primers-a-la-pedraforca-o-cup\\\/\"]}]},{\"@type\":\"ImageObject\",\"inLanguage\":\"ca\",\"@id\":\"https:\\\/\\\/cetaradell.cat\\\/ce\\\/els-germans-freixes-primers-a-la-pedraforca-o-cup\\\/#primaryimage\",\"url\":\"https:\\\/\\\/cetaradell.cat\\\/ce\\\/wp-content\\\/uploads\\\/2018-09-16-Pedraforca-Cup-Ofoto_MBallabriga-2.jpeg\",\"contentUrl\":\"https:\\\/\\\/cetaradell.cat\\\/ce\\\/wp-content\\\/uploads\\\/2018-09-16-Pedraforca-Cup-Ofoto_MBallabriga-2.jpeg\",\"width\":724,\"height\":543},{\"@type\":\"BreadcrumbList\",\"@id\":\"https:\\\/\\\/cetaradell.cat\\\/ce\\\/els-germans-freixes-primers-a-la-pedraforca-o-cup\\\/#breadcrumb\",\"itemListElement\":[{\"@type\":\"ListItem\",\"position\":1,\"name\":\"Inici\",\"item\":\"https:\\\/\\\/cetaradell.cat\\\/ce\\\/\"},{\"@type\":\"ListItem\",\"position\":2,\"name\":\"Els germans Freixes primers a la Pedraforca O-Cup\"}]},{\"@type\":\"WebSite\",\"@id\":\"https:\\\/\\\/cetaradell.cat\\\/ce\\\/#website\",\"url\":\"https:\\\/\\\/cetaradell.cat\\\/ce\\\/\",\"name\":\"Centre Excursionista Taradell\",\"description\":\"\",\"potentialAction\":[{\"@type\":\"SearchAction\",\"target\":{\"@type\":\"EntryPoint\",\"urlTemplate\":\"https:\\\/\\\/cetaradell.cat\\\/ce\\\/?s={search_term_string}\"},\"query-input\":{\"@type\":\"PropertyValueSpecification\",\"valueRequired\":true,\"valueName\":\"search_term_string\"}}],\"inLanguage\":\"ca\"},{\"@type\":\"Person\",\"@id\":\"https:\\\/\\\/cetaradell.cat\\\/ce\\\/#\\\/schema\\\/person\\\/92a59f585073071c7be6649e84b22f78\",\"name\":\"CET\",\"image\":{\"@type\":\"ImageObject\",\"inLanguage\":\"ca\",\"@id\":\"https:\\\/\\\/secure.gravatar.com\\\/avatar\\\/d6fbe010d42056feccc0f613ed07277a5118442805079269f12dabdc42e1a727?s=96&d=mm&r=g\",\"url\":\"https:\\\/\\\/secure.gravatar.com\\\/avatar\\\/d6fbe010d42056feccc0f613ed07277a5118442805079269f12dabdc42e1a727?s=96&d=mm&r=g\",\"contentUrl\":\"https:\\\/\\\/secure.gravatar.com\\\/avatar\\\/d6fbe010d42056feccc0f613ed07277a5118442805079269f12dabdc42e1a727?s=96&d=mm&r=g\",\"caption\":\"CET\"},\"url\":\"https:\\\/\\\/cetaradell.cat\\\/ce\\\/author\\\/root\\\/\"}]}<\/script>\n<!-- \/ Yoast SEO plugin. -->","yoast_head_json":{"title":"Els germans Freixes primers a la Pedraforca O-Cup - Centre Excursionista Taradell","robots":{"index":"index","follow":"follow","max-snippet":"max-snippet:-1","max-image-preview":"max-image-preview:large","max-video-preview":"max-video-preview:-1"},"canonical":"https:\/\/cetaradell.cat\/ce\/els-germans-freixes-primers-a-la-pedraforca-o-cup\/","og_locale":"ca_ES","og_type":"article","og_title":"Els germans Freixes primers a la Pedraforca O-Cup - Centre Excursionista Taradell","og_description":"Els germans Meritxell Freixas i Josep Ma Freixas, de CET L\u2019Enclusa-O\u00a0 es van proclamar campions, de la categoria 21A femenina i masculina respectivament, a la Pedraforca O-Cup, 2 dies de curses d&#8217;orientaci\u00f3 al peu del Pedraforca, al Coll de la Trapa. Tamb\u00e9 hi va participar \u00a0Marc Ballabriga, del CET, que [...]","og_url":"https:\/\/cetaradell.cat\/ce\/els-germans-freixes-primers-a-la-pedraforca-o-cup\/","og_site_name":"Centre Excursionista Taradell","article_publisher":"https:\/\/www.facebook.com\/CETaradell\/","article_published_time":"2018-09-20T22:16:19+00:00","article_modified_time":"2020-06-03T21:17:46+00:00","og_image":[{"width":724,"height":543,"url":"https:\/\/cetaradell.cat\/ce\/wp-content\/uploads\/2018-09-16-Pedraforca-Cup-Ofoto_MBallabriga-2.jpeg","type":"image\/jpeg"}],"author":"CET","twitter_card":"summary_large_image","twitter_misc":{"Escrit per":"CET","Temps estimat de lectura":"1 minut"},"schema":{"@context":"https:\/\/schema.org","@graph":[{"@type":"Article","@id":"https:\/\/cetaradell.cat\/ce\/els-germans-freixes-primers-a-la-pedraforca-o-cup\/#article","isPartOf":{"@id":"https:\/\/cetaradell.cat\/ce\/els-germans-freixes-primers-a-la-pedraforca-o-cup\/"},"author":{"name":"CET","@id":"https:\/\/cetaradell.cat\/ce\/#\/schema\/person\/92a59f585073071c7be6649e84b22f78"},"headline":"Els germans Freixes primers a la Pedraforca O-Cup","datePublished":"2018-09-20T22:16:19+00:00","dateModified":"2020-06-03T21:17:46+00:00","mainEntityOfPage":{"@id":"https:\/\/cetaradell.cat\/ce\/els-germans-freixes-primers-a-la-pedraforca-o-cup\/"},"wordCount":206,"image":{"@id":"https:\/\/cetaradell.cat\/ce\/els-germans-freixes-primers-a-la-pedraforca-o-cup\/#primaryimage"},"thumbnailUrl":"https:\/\/cetaradell.cat\/ce\/wp-content\/uploads\/2018-09-16-Pedraforca-Cup-Ofoto_MBallabriga-2.jpeg","articleSection":["Equip CET L'Enclusa-O","Not\u00edcies"],"inLanguage":"ca"},{"@type":"WebPage","@id":"https:\/\/cetaradell.cat\/ce\/els-germans-freixes-primers-a-la-pedraforca-o-cup\/","url":"https:\/\/cetaradell.cat\/ce\/els-germans-freixes-primers-a-la-pedraforca-o-cup\/","name":"Els germans Freixes primers a la Pedraforca O-Cup - Centre Excursionista Taradell","isPartOf":{"@id":"https:\/\/cetaradell.cat\/ce\/#website"},"primaryImageOfPage":{"@id":"https:\/\/cetaradell.cat\/ce\/els-germans-freixes-primers-a-la-pedraforca-o-cup\/#primaryimage"},"image":{"@id":"https:\/\/cetaradell.cat\/ce\/els-germans-freixes-primers-a-la-pedraforca-o-cup\/#primaryimage"},"thumbnailUrl":"https:\/\/cetaradell.cat\/ce\/wp-content\/uploads\/2018-09-16-Pedraforca-Cup-Ofoto_MBallabriga-2.jpeg","datePublished":"2018-09-20T22:16:19+00:00","dateModified":"2020-06-03T21:17:46+00:00","author":{"@id":"https:\/\/cetaradell.cat\/ce\/#\/schema\/person\/92a59f585073071c7be6649e84b22f78"},"breadcrumb":{"@id":"https:\/\/cetaradell.cat\/ce\/els-germans-freixes-primers-a-la-pedraforca-o-cup\/#breadcrumb"},"inLanguage":"ca","potentialAction":[{"@type":"ReadAction","target":["https:\/\/cetaradell.cat\/ce\/els-germans-freixes-primers-a-la-pedraforca-o-cup\/"]}]},{"@type":"ImageObject","inLanguage":"ca","@id":"https:\/\/cetaradell.cat\/ce\/els-germans-freixes-primers-a-la-pedraforca-o-cup\/#primaryimage","url":"https:\/\/cetaradell.cat\/ce\/wp-content\/uploads\/2018-09-16-Pedraforca-Cup-Ofoto_MBallabriga-2.jpeg","contentUrl":"https:\/\/cetaradell.cat\/ce\/wp-content\/uploads\/2018-09-16-Pedraforca-Cup-Ofoto_MBallabriga-2.jpeg","width":724,"height":543},{"@type":"BreadcrumbList","@id":"https:\/\/cetaradell.cat\/ce\/els-germans-freixes-primers-a-la-pedraforca-o-cup\/#breadcrumb","itemListElement":[{"@type":"ListItem","position":1,"name":"Inici","item":"https:\/\/cetaradell.cat\/ce\/"},{"@type":"ListItem","position":2,"name":"Els germans Freixes primers a la Pedraforca O-Cup"}]},{"@type":"WebSite","@id":"https:\/\/cetaradell.cat\/ce\/#website","url":"https:\/\/cetaradell.cat\/ce\/","name":"Centre Excursionista Taradell","description":"","potentialAction":[{"@type":"SearchAction","target":{"@type":"EntryPoint","urlTemplate":"https:\/\/cetaradell.cat\/ce\/?s={search_term_string}"},"query-input":{"@type":"PropertyValueSpecification","valueRequired":true,"valueName":"search_term_string"}}],"inLanguage":"ca"},{"@type":"Person","@id":"https:\/\/cetaradell.cat\/ce\/#\/schema\/person\/92a59f585073071c7be6649e84b22f78","name":"CET","image":{"@type":"ImageObject","inLanguage":"ca","@id":"https:\/\/secure.gravatar.com\/avatar\/d6fbe010d42056feccc0f613ed07277a5118442805079269f12dabdc42e1a727?s=96&d=mm&r=g","url":"https:\/\/secure.gravatar.com\/avatar\/d6fbe010d42056feccc0f613ed07277a5118442805079269f12dabdc42e1a727?s=96&d=mm&r=g","contentUrl":"https:\/\/secure.gravatar.com\/avatar\/d6fbe010d42056feccc0f613ed07277a5118442805079269f12dabdc42e1a727?s=96&d=mm&r=g","caption":"CET"},"url":"https:\/\/cetaradell.cat\/ce\/author\/root\/"}]}},"_links":{"self":[{"href":"https:\/\/cetaradell.cat\/ce\/wp-json\/wp\/v2\/posts\/6527","targetHints":{"allow":["GET"]}}],"collection":[{"href":"https:\/\/cetaradell.cat\/ce\/wp-json\/wp\/v2\/posts"}],"about":[{"href":"https:\/\/cetaradell.cat\/ce\/wp-json\/wp\/v2\/types\/post"}],"author":[{"embeddable":true,"href":"https:\/\/cetaradell.cat\/ce\/wp-json\/wp\/v2\/users\/1"}],"replies":[{"embeddable":true,"href":"https:\/\/cetaradell.cat\/ce\/wp-json\/wp\/v2\/comments?post=6527"}],"version-history":[{"count":0,"href":"https:\/\/cetaradell.cat\/ce\/wp-json\/wp\/v2\/posts\/6527\/revisions"}],"wp:featuredmedia":[{"embeddable":true,"href":"https:\/\/cetaradell.cat\/ce\/wp-json\/wp\/v2\/media\/6528"}],"wp:attachment":[{"href":"https:\/\/cetaradell.cat\/ce\/wp-json\/wp\/v2\/media?parent=6527"}],"wp:term":[{"taxonomy":"category","embeddable":true,"href":"https:\/\/cetaradell.cat\/ce\/wp-json\/wp\/v2\/categories?post=6527"},{"taxonomy":"post_tag","embeddable":true,"href":"https:\/\/cetaradell.cat\/ce\/wp-json\/wp\/v2\/tags?post=6527"}],"curies":[{"name":"wp","href":"https:\/\/api.w.org\/{rel}","templated":true}]}}