{"id":6534,"date":"2018-09-15T20:39:51","date_gmt":"2018-09-15T19:39:51","guid":{"rendered":"https:\/\/cetaradell.cat\/ce\/?p=6534"},"modified":"2020-06-03T22:18:20","modified_gmt":"2020-06-03T21:18:20","slug":"el-cet-a-la-lliga-nord-o-2018","status":"publish","type":"post","link":"https:\/\/cetaradell.cat\/ce\/el-cet-a-la-lliga-nord-o-2018\/","title":{"rendered":"El CET a la Lliga Nord-O 2018"},"content":{"rendered":"<div id=\"attachment_6535\" style=\"width: 310px\" class=\"wp-caption alignleft\"><a href=\"https:\/\/cetaradell.cat\/ce\/wp-content\/uploads\/2018-09-02-Vilada-1.jpeg\" target=\"_blank\" rel=\"attachment noopener wp-att-6535 noreferrer\"><img decoding=\"async\" aria-describedby=\"caption-attachment-6535\" class=\"wp-image-6535 size-medium\" src=\"https:\/\/cetaradell.cat\/ce\/wp-content\/uploads\/2018-09-02-Vilada-1-300x225.jpeg\" alt=\"2018-09-02-Vilada (1)\" width=\"300\" height=\"225\" srcset=\"https:\/\/cetaradell.cat\/ce\/wp-content\/uploads\/2018-09-02-Vilada-1-300x225.jpeg 300w, https:\/\/cetaradell.cat\/ce\/wp-content\/uploads\/2018-09-02-Vilada-1-500x375.jpeg 500w, https:\/\/cetaradell.cat\/ce\/wp-content\/uploads\/2018-09-02-Vilada-1-700x525.jpeg 700w, https:\/\/cetaradell.cat\/ce\/wp-content\/uploads\/2018-09-02-Vilada-1-768x576.jpeg 768w, https:\/\/cetaradell.cat\/ce\/wp-content\/uploads\/2018-09-02-Vilada-1-1024x768.jpeg 1024w, https:\/\/cetaradell.cat\/ce\/wp-content\/uploads\/2018-09-02-Vilada-1.jpeg 1436w\" sizes=\"(max-width: 300px) 100vw, 300px\" \/><\/a><p id=\"caption-attachment-6535\" class=\"wp-caption-text\">Equip del CET a la cursa d\u2019orientaci\u00f3 de Vilada<\/p><\/div>\n<p>Aquest setembre s\u2019han celebrat dues de les 10 curses del calendari de la Lliga Nord de Curses d\u2019Orientaci\u00f3, de manera que nom\u00e9s en faltar\u00e0 una per completar el calendari del 2018. A la cursa d\u2019Aiguafreda que est\u00e0 previst que es disputi\u00a0 pel desembre es decidiran els campions de la majoria de categories, per\u00f2 n\u2019hi ha tres que ja tenen el campi\u00f3 decidit i una d\u2019aquestes \u00e9s la C1 dones, en la que la campiona ha estat <strong>Meritxell Freixas<\/strong>, del CE Taradell, a m\u00e9s de 300 punts de dist\u00e0ncia de la segona classificada.<\/p>\n<p>A la categoria C1 homes, el campi\u00f3 encara no est\u00e0 decidit, <strong>Josep Maria Freixas<\/strong> del CE Taradell ocupa el 2n lloc a nom\u00e9s 8 punts de l\u2019actual l\u00edder, per tant tot \u00e9s possible. I, <strong>Marc Ballabriga<\/strong> \u00e9s mant\u00e9 en 3a posici\u00f3 amb moltes opcions a conservar-la. A la categoria C2, <strong>Llu\u00eds Saborit<\/strong> es mant\u00e9 en 8a posici\u00f3.<\/p>\n<p>Les curses disputades aquest setembre van ser la de Vilada el dia 2, que tamb\u00e9 puntuava per la Lliga Bergued\u00e0-O,\u00a0 i la d\u2019Olot, Orientura 2018, el dia 9. A la de Vilada, Meritxell Freixas va aconseguir el 3r lloc de la categoria C1 dones i a la categoria C1 homes, Josep Maria Freixas i Marc Ballabriga van aconseguir el 4t i 20\u00e8 lloc respectivament.<\/p>\n<p>A la cursa d\u2019Olot, Josep Maria Freixas es va classificar en 2n lloc, Marc Ballabriga en 10\u00e8 lloc (9\u00e8 mascul\u00ed) i Meritxell Freixas en 12\u00e8 (2n femen\u00ed), de la categoria C1 general. A la cursa C2 hi van participar Llu\u00eds Saborit\u00a0 i Bernat Saborit del CE Taradell que van aconseguir el 27\u00e8 i 55\u00e8 lloc de la general.<\/p>\n","protected":false},"excerpt":{"rendered":"<p>Aquest setembre s\u2019han celebrat dues de les 10 curses del calendari de la Lliga Nord de Curses d\u2019Orientaci\u00f3, de manera que nom\u00e9s en faltar\u00e0 una per completar el calendari del 2018. A la cursa d\u2019Aiguafreda que est\u00e0 previst que es disputi\u00a0 pel desembre es decidiran els campions de la majoria  [&#8230;]<\/p>\n","protected":false},"author":1,"featured_media":6535,"comment_status":"closed","ping_status":"closed","sticky":false,"template":"","format":"standard","meta":{"footnotes":""},"categories":[46,3],"tags":[],"class_list":["post-6534","post","type-post","status-publish","format-standard","has-post-thumbnail","hentry","category-equip-cet-lenclusa-o","category-noticies"],"yoast_head":"<!-- This site is optimized with the Yoast SEO plugin v27.5 - https:\/\/yoast.com\/product\/yoast-seo-wordpress\/ -->\n<title>El CET a la Lliga Nord-O 2018 - Centre Excursionista Taradell<\/title>\n<meta name=\"robots\" content=\"index, follow, max-snippet:-1, max-image-preview:large, max-video-preview:-1\" \/>\n<link rel=\"canonical\" href=\"https:\/\/cetaradell.cat\/ce\/el-cet-a-la-lliga-nord-o-2018\/\" \/>\n<meta property=\"og:locale\" content=\"ca_ES\" \/>\n<meta property=\"og:type\" content=\"article\" \/>\n<meta property=\"og:title\" content=\"El CET a la Lliga Nord-O 2018 - Centre Excursionista Taradell\" \/>\n<meta property=\"og:description\" content=\"Aquest setembre s\u2019han celebrat dues de les 10 curses del calendari de la Lliga Nord de Curses d\u2019Orientaci\u00f3, de manera que nom\u00e9s en faltar\u00e0 una per completar el calendari del 2018. A la cursa d\u2019Aiguafreda que est\u00e0 previst que es disputi\u00a0 pel desembre es decidiran els campions de la majoria [...]\" \/>\n<meta property=\"og:url\" content=\"https:\/\/cetaradell.cat\/ce\/el-cet-a-la-lliga-nord-o-2018\/\" \/>\n<meta property=\"og:site_name\" content=\"Centre Excursionista Taradell\" \/>\n<meta property=\"article:publisher\" content=\"https:\/\/www.facebook.com\/CETaradell\/\" \/>\n<meta property=\"article:published_time\" content=\"2018-09-15T19:39:51+00:00\" \/>\n<meta property=\"article:modified_time\" content=\"2020-06-03T21:18:20+00:00\" \/>\n<meta property=\"og:image\" content=\"https:\/\/cetaradell.cat\/ce\/wp-content\/uploads\/2018-09-02-Vilada-1.jpeg\" \/>\n\t<meta property=\"og:image:width\" content=\"1436\" \/>\n\t<meta property=\"og:image:height\" content=\"1077\" \/>\n\t<meta property=\"og:image:type\" content=\"image\/jpeg\" \/>\n<meta name=\"author\" content=\"CET\" \/>\n<meta name=\"twitter:card\" content=\"summary_large_image\" \/>\n<meta name=\"twitter:label1\" content=\"Escrit per\" \/>\n\t<meta name=\"twitter:data1\" content=\"CET\" \/>\n\t<meta name=\"twitter:label2\" content=\"Temps estimat de lectura\" \/>\n\t<meta name=\"twitter:data2\" content=\"1 minut\" \/>\n<script type=\"application\/ld+json\" class=\"yoast-schema-graph\">{\"@context\":\"https:\\\/\\\/schema.org\",\"@graph\":[{\"@type\":\"Article\",\"@id\":\"https:\\\/\\\/cetaradell.cat\\\/ce\\\/el-cet-a-la-lliga-nord-o-2018\\\/#article\",\"isPartOf\":{\"@id\":\"https:\\\/\\\/cetaradell.cat\\\/ce\\\/el-cet-a-la-lliga-nord-o-2018\\\/\"},\"author\":{\"name\":\"CET\",\"@id\":\"https:\\\/\\\/cetaradell.cat\\\/ce\\\/#\\\/schema\\\/person\\\/92a59f585073071c7be6649e84b22f78\"},\"headline\":\"El CET a la Lliga Nord-O 2018\",\"datePublished\":\"2018-09-15T19:39:51+00:00\",\"dateModified\":\"2020-06-03T21:18:20+00:00\",\"mainEntityOfPage\":{\"@id\":\"https:\\\/\\\/cetaradell.cat\\\/ce\\\/el-cet-a-la-lliga-nord-o-2018\\\/\"},\"wordCount\":297,\"image\":{\"@id\":\"https:\\\/\\\/cetaradell.cat\\\/ce\\\/el-cet-a-la-lliga-nord-o-2018\\\/#primaryimage\"},\"thumbnailUrl\":\"https:\\\/\\\/cetaradell.cat\\\/ce\\\/wp-content\\\/uploads\\\/2018-09-02-Vilada-1.jpeg\",\"articleSection\":[\"Equip CET L'Enclusa-O\",\"Not\u00edcies\"],\"inLanguage\":\"ca\"},{\"@type\":\"WebPage\",\"@id\":\"https:\\\/\\\/cetaradell.cat\\\/ce\\\/el-cet-a-la-lliga-nord-o-2018\\\/\",\"url\":\"https:\\\/\\\/cetaradell.cat\\\/ce\\\/el-cet-a-la-lliga-nord-o-2018\\\/\",\"name\":\"El CET a la Lliga Nord-O 2018 - Centre Excursionista Taradell\",\"isPartOf\":{\"@id\":\"https:\\\/\\\/cetaradell.cat\\\/ce\\\/#website\"},\"primaryImageOfPage\":{\"@id\":\"https:\\\/\\\/cetaradell.cat\\\/ce\\\/el-cet-a-la-lliga-nord-o-2018\\\/#primaryimage\"},\"image\":{\"@id\":\"https:\\\/\\\/cetaradell.cat\\\/ce\\\/el-cet-a-la-lliga-nord-o-2018\\\/#primaryimage\"},\"thumbnailUrl\":\"https:\\\/\\\/cetaradell.cat\\\/ce\\\/wp-content\\\/uploads\\\/2018-09-02-Vilada-1.jpeg\",\"datePublished\":\"2018-09-15T19:39:51+00:00\",\"dateModified\":\"2020-06-03T21:18:20+00:00\",\"author\":{\"@id\":\"https:\\\/\\\/cetaradell.cat\\\/ce\\\/#\\\/schema\\\/person\\\/92a59f585073071c7be6649e84b22f78\"},\"breadcrumb\":{\"@id\":\"https:\\\/\\\/cetaradell.cat\\\/ce\\\/el-cet-a-la-lliga-nord-o-2018\\\/#breadcrumb\"},\"inLanguage\":\"ca\",\"potentialAction\":[{\"@type\":\"ReadAction\",\"target\":[\"https:\\\/\\\/cetaradell.cat\\\/ce\\\/el-cet-a-la-lliga-nord-o-2018\\\/\"]}]},{\"@type\":\"ImageObject\",\"inLanguage\":\"ca\",\"@id\":\"https:\\\/\\\/cetaradell.cat\\\/ce\\\/el-cet-a-la-lliga-nord-o-2018\\\/#primaryimage\",\"url\":\"https:\\\/\\\/cetaradell.cat\\\/ce\\\/wp-content\\\/uploads\\\/2018-09-02-Vilada-1.jpeg\",\"contentUrl\":\"https:\\\/\\\/cetaradell.cat\\\/ce\\\/wp-content\\\/uploads\\\/2018-09-02-Vilada-1.jpeg\",\"width\":1436,\"height\":1077},{\"@type\":\"BreadcrumbList\",\"@id\":\"https:\\\/\\\/cetaradell.cat\\\/ce\\\/el-cet-a-la-lliga-nord-o-2018\\\/#breadcrumb\",\"itemListElement\":[{\"@type\":\"ListItem\",\"position\":1,\"name\":\"Inici\",\"item\":\"https:\\\/\\\/cetaradell.cat\\\/ce\\\/\"},{\"@type\":\"ListItem\",\"position\":2,\"name\":\"El CET a la Lliga Nord-O 2018\"}]},{\"@type\":\"WebSite\",\"@id\":\"https:\\\/\\\/cetaradell.cat\\\/ce\\\/#website\",\"url\":\"https:\\\/\\\/cetaradell.cat\\\/ce\\\/\",\"name\":\"Centre Excursionista Taradell\",\"description\":\"\",\"potentialAction\":[{\"@type\":\"SearchAction\",\"target\":{\"@type\":\"EntryPoint\",\"urlTemplate\":\"https:\\\/\\\/cetaradell.cat\\\/ce\\\/?s={search_term_string}\"},\"query-input\":{\"@type\":\"PropertyValueSpecification\",\"valueRequired\":true,\"valueName\":\"search_term_string\"}}],\"inLanguage\":\"ca\"},{\"@type\":\"Person\",\"@id\":\"https:\\\/\\\/cetaradell.cat\\\/ce\\\/#\\\/schema\\\/person\\\/92a59f585073071c7be6649e84b22f78\",\"name\":\"CET\",\"image\":{\"@type\":\"ImageObject\",\"inLanguage\":\"ca\",\"@id\":\"https:\\\/\\\/secure.gravatar.com\\\/avatar\\\/d6fbe010d42056feccc0f613ed07277a5118442805079269f12dabdc42e1a727?s=96&d=mm&r=g\",\"url\":\"https:\\\/\\\/secure.gravatar.com\\\/avatar\\\/d6fbe010d42056feccc0f613ed07277a5118442805079269f12dabdc42e1a727?s=96&d=mm&r=g\",\"contentUrl\":\"https:\\\/\\\/secure.gravatar.com\\\/avatar\\\/d6fbe010d42056feccc0f613ed07277a5118442805079269f12dabdc42e1a727?s=96&d=mm&r=g\",\"caption\":\"CET\"},\"url\":\"https:\\\/\\\/cetaradell.cat\\\/ce\\\/author\\\/root\\\/\"}]}<\/script>\n<!-- \/ Yoast SEO plugin. -->","yoast_head_json":{"title":"El CET a la Lliga Nord-O 2018 - Centre Excursionista Taradell","robots":{"index":"index","follow":"follow","max-snippet":"max-snippet:-1","max-image-preview":"max-image-preview:large","max-video-preview":"max-video-preview:-1"},"canonical":"https:\/\/cetaradell.cat\/ce\/el-cet-a-la-lliga-nord-o-2018\/","og_locale":"ca_ES","og_type":"article","og_title":"El CET a la Lliga Nord-O 2018 - Centre Excursionista Taradell","og_description":"Aquest setembre s\u2019han celebrat dues de les 10 curses del calendari de la Lliga Nord de Curses d\u2019Orientaci\u00f3, de manera que nom\u00e9s en faltar\u00e0 una per completar el calendari del 2018. A la cursa d\u2019Aiguafreda que est\u00e0 previst que es disputi\u00a0 pel desembre es decidiran els campions de la majoria [...]","og_url":"https:\/\/cetaradell.cat\/ce\/el-cet-a-la-lliga-nord-o-2018\/","og_site_name":"Centre Excursionista Taradell","article_publisher":"https:\/\/www.facebook.com\/CETaradell\/","article_published_time":"2018-09-15T19:39:51+00:00","article_modified_time":"2020-06-03T21:18:20+00:00","og_image":[{"width":1436,"height":1077,"url":"https:\/\/cetaradell.cat\/ce\/wp-content\/uploads\/2018-09-02-Vilada-1.jpeg","type":"image\/jpeg"}],"author":"CET","twitter_card":"summary_large_image","twitter_misc":{"Escrit per":"CET","Temps estimat de lectura":"1 minut"},"schema":{"@context":"https:\/\/schema.org","@graph":[{"@type":"Article","@id":"https:\/\/cetaradell.cat\/ce\/el-cet-a-la-lliga-nord-o-2018\/#article","isPartOf":{"@id":"https:\/\/cetaradell.cat\/ce\/el-cet-a-la-lliga-nord-o-2018\/"},"author":{"name":"CET","@id":"https:\/\/cetaradell.cat\/ce\/#\/schema\/person\/92a59f585073071c7be6649e84b22f78"},"headline":"El CET a la Lliga Nord-O 2018","datePublished":"2018-09-15T19:39:51+00:00","dateModified":"2020-06-03T21:18:20+00:00","mainEntityOfPage":{"@id":"https:\/\/cetaradell.cat\/ce\/el-cet-a-la-lliga-nord-o-2018\/"},"wordCount":297,"image":{"@id":"https:\/\/cetaradell.cat\/ce\/el-cet-a-la-lliga-nord-o-2018\/#primaryimage"},"thumbnailUrl":"https:\/\/cetaradell.cat\/ce\/wp-content\/uploads\/2018-09-02-Vilada-1.jpeg","articleSection":["Equip CET L'Enclusa-O","Not\u00edcies"],"inLanguage":"ca"},{"@type":"WebPage","@id":"https:\/\/cetaradell.cat\/ce\/el-cet-a-la-lliga-nord-o-2018\/","url":"https:\/\/cetaradell.cat\/ce\/el-cet-a-la-lliga-nord-o-2018\/","name":"El CET a la Lliga Nord-O 2018 - Centre Excursionista Taradell","isPartOf":{"@id":"https:\/\/cetaradell.cat\/ce\/#website"},"primaryImageOfPage":{"@id":"https:\/\/cetaradell.cat\/ce\/el-cet-a-la-lliga-nord-o-2018\/#primaryimage"},"image":{"@id":"https:\/\/cetaradell.cat\/ce\/el-cet-a-la-lliga-nord-o-2018\/#primaryimage"},"thumbnailUrl":"https:\/\/cetaradell.cat\/ce\/wp-content\/uploads\/2018-09-02-Vilada-1.jpeg","datePublished":"2018-09-15T19:39:51+00:00","dateModified":"2020-06-03T21:18:20+00:00","author":{"@id":"https:\/\/cetaradell.cat\/ce\/#\/schema\/person\/92a59f585073071c7be6649e84b22f78"},"breadcrumb":{"@id":"https:\/\/cetaradell.cat\/ce\/el-cet-a-la-lliga-nord-o-2018\/#breadcrumb"},"inLanguage":"ca","potentialAction":[{"@type":"ReadAction","target":["https:\/\/cetaradell.cat\/ce\/el-cet-a-la-lliga-nord-o-2018\/"]}]},{"@type":"ImageObject","inLanguage":"ca","@id":"https:\/\/cetaradell.cat\/ce\/el-cet-a-la-lliga-nord-o-2018\/#primaryimage","url":"https:\/\/cetaradell.cat\/ce\/wp-content\/uploads\/2018-09-02-Vilada-1.jpeg","contentUrl":"https:\/\/cetaradell.cat\/ce\/wp-content\/uploads\/2018-09-02-Vilada-1.jpeg","width":1436,"height":1077},{"@type":"BreadcrumbList","@id":"https:\/\/cetaradell.cat\/ce\/el-cet-a-la-lliga-nord-o-2018\/#breadcrumb","itemListElement":[{"@type":"ListItem","position":1,"name":"Inici","item":"https:\/\/cetaradell.cat\/ce\/"},{"@type":"ListItem","position":2,"name":"El CET a la Lliga Nord-O 2018"}]},{"@type":"WebSite","@id":"https:\/\/cetaradell.cat\/ce\/#website","url":"https:\/\/cetaradell.cat\/ce\/","name":"Centre Excursionista Taradell","description":"","potentialAction":[{"@type":"SearchAction","target":{"@type":"EntryPoint","urlTemplate":"https:\/\/cetaradell.cat\/ce\/?s={search_term_string}"},"query-input":{"@type":"PropertyValueSpecification","valueRequired":true,"valueName":"search_term_string"}}],"inLanguage":"ca"},{"@type":"Person","@id":"https:\/\/cetaradell.cat\/ce\/#\/schema\/person\/92a59f585073071c7be6649e84b22f78","name":"CET","image":{"@type":"ImageObject","inLanguage":"ca","@id":"https:\/\/secure.gravatar.com\/avatar\/d6fbe010d42056feccc0f613ed07277a5118442805079269f12dabdc42e1a727?s=96&d=mm&r=g","url":"https:\/\/secure.gravatar.com\/avatar\/d6fbe010d42056feccc0f613ed07277a5118442805079269f12dabdc42e1a727?s=96&d=mm&r=g","contentUrl":"https:\/\/secure.gravatar.com\/avatar\/d6fbe010d42056feccc0f613ed07277a5118442805079269f12dabdc42e1a727?s=96&d=mm&r=g","caption":"CET"},"url":"https:\/\/cetaradell.cat\/ce\/author\/root\/"}]}},"_links":{"self":[{"href":"https:\/\/cetaradell.cat\/ce\/wp-json\/wp\/v2\/posts\/6534","targetHints":{"allow":["GET"]}}],"collection":[{"href":"https:\/\/cetaradell.cat\/ce\/wp-json\/wp\/v2\/posts"}],"about":[{"href":"https:\/\/cetaradell.cat\/ce\/wp-json\/wp\/v2\/types\/post"}],"author":[{"embeddable":true,"href":"https:\/\/cetaradell.cat\/ce\/wp-json\/wp\/v2\/users\/1"}],"replies":[{"embeddable":true,"href":"https:\/\/cetaradell.cat\/ce\/wp-json\/wp\/v2\/comments?post=6534"}],"version-history":[{"count":0,"href":"https:\/\/cetaradell.cat\/ce\/wp-json\/wp\/v2\/posts\/6534\/revisions"}],"wp:featuredmedia":[{"embeddable":true,"href":"https:\/\/cetaradell.cat\/ce\/wp-json\/wp\/v2\/media\/6535"}],"wp:attachment":[{"href":"https:\/\/cetaradell.cat\/ce\/wp-json\/wp\/v2\/media?parent=6534"}],"wp:term":[{"taxonomy":"category","embeddable":true,"href":"https:\/\/cetaradell.cat\/ce\/wp-json\/wp\/v2\/categories?post=6534"},{"taxonomy":"post_tag","embeddable":true,"href":"https:\/\/cetaradell.cat\/ce\/wp-json\/wp\/v2\/tags?post=6534"}],"curies":[{"name":"wp","href":"https:\/\/api.w.org\/{rel}","templated":true}]}}