{"id":6567,"date":"2018-05-10T22:57:19","date_gmt":"2018-05-10T21:57:19","guid":{"rendered":"https:\/\/cetaradell.cat\/ce\/?p=6567"},"modified":"2020-06-21T11:22:55","modified_gmt":"2020-06-21T10:22:55","slug":"8a-cursa-dels-gitanos-2018-2","status":"publish","type":"post","link":"https:\/\/cetaradell.cat\/ce\/8a-cursa-dels-gitanos-2018-2\/","title":{"rendered":"8a Cursa dels Gitanos &#8211; 2018"},"content":{"rendered":"<p><a href=\"https:\/\/cetaradell.cat\/ce\/wp-content\/uploads\/P1180683.jpg\" target=\"_blank\" rel=\"attachment noopener wp-att-6350 noreferrer\"><img decoding=\"async\" class=\"alignleft wp-image-6350 size-medium\" src=\"https:\/\/cetaradell.cat\/ce\/wp-content\/uploads\/P1180683-300x225.jpg\" alt=\"P1180683\" width=\"300\" height=\"225\" srcset=\"https:\/\/cetaradell.cat\/ce\/wp-content\/uploads\/P1180683-300x225.jpg 300w, https:\/\/cetaradell.cat\/ce\/wp-content\/uploads\/P1180683-500x376.jpg 500w, https:\/\/cetaradell.cat\/ce\/wp-content\/uploads\/P1180683-700x526.jpg 700w, https:\/\/cetaradell.cat\/ce\/wp-content\/uploads\/P1180683-768x577.jpg 768w, https:\/\/cetaradell.cat\/ce\/wp-content\/uploads\/P1180683.jpg 1000w\" sizes=\"(max-width: 300px) 100vw, 300px\" \/><\/a>El diumenge 8 de maig, malgrat que durant la setmana el temps amena\u00e7ava a pluja, que dia va comen\u00e7ar amb pluja, que els camins estaven enfangats i que hi havia una mica de boira, <strong>90 atletes<\/strong>, dels\u00a0 109 inscrits, van prendre la sortida de la <strong>8a edici\u00f3 de la Cursa dels Gitanos de Taradell<\/strong>, la qual es va desenvolupar amb tota normalitat.<\/p>\n<p>Aquest any la sortida de la cursa va canviar d\u2019empla\u00e7ament i es va fer davant de l\u2019IES Taradell. Cap a les 8 del mat\u00ed van comen\u00e7ar a arribar els primers corredors a recollir el dorsal que portava adossat el xip de control. Cap a 2\/4 de 10 es van donar als participants una breu explicaci\u00f3 de les instruccions de la cursa i a les 10 es va donar la sortida conjunta de les dues proves.<\/p>\n<p>Al llarg de la cursa hi havia un avituallament aproximadament cada cinc quil\u00f2metres, per tant 2 a la cursa de 10 km i 4 a la de 22 km. A l\u2019arribada, els participants van ser obsequiats amb una samarreta de la 8a cursa dels Gitanos, un entrep\u00e0, fruita, galetes i begudes.<\/p>\n<p>Els participants a cada cursa van estar repartits de la forma seg\u00fcent:<\/p>\n<ul>\n<li><strong>Cursa de 10 km:<\/strong> 35 corredors, 25 homes i 10 dones<\/li>\n<li><strong>Cursa de 22 km:<\/strong> 55 corredors, 45 homes i 10 dones<\/li>\n<\/ul>\n<p>Dels participants, 18 eren de Taradell i ho estaven a les curses seg\u00fcents:<\/p>\n<ul>\n<li><strong>Cursa de 10 km:<\/strong> 9 corredors, 9 homes<\/li>\n<li><strong>Cursa de 22 km:<\/strong> 9 corredors, 6 homes i 3 dones<\/li>\n<\/ul>\n<p>A la cursa de 10 km, Isma Casades\u00fas, de Torell\u00f3, es va imposar en la categoria masculina amb un temps de 48 minuts i 17 segons, amb 3 minuts i 42 segons d\u2019avantatge respecte al segon, Pau Lancis de La Garriga. El tercer classificat va ser Sergi Balaguer, de Torell\u00f3, amb un temps de 54 minuts i 30 segons.<\/p>\n<p>A la categoria femenina la vict\u00f2ria va ser la corredora d\u2019Olot B\u00e0rbara Badosa amb un temps d\u20191 hora i 36 segons. En segona posici\u00f3 a 2 minuts i 27 segons va arribar \u00c0frica Pou de Barcelona. La tercera posici\u00f3 va ser per Anna Sabata, de Gurb, amb un temps d\u20191 hora 14 minuts i 29 segons.<\/p>\n<p>El primer taradellenc va ser David Sol\u00e0 que amb un temps de 55 minuts i 9 segons va ser el quart en travessar la l\u00ednia meta.<\/p>\n<p>A la cursa de 22 quil\u00f2metres, el guanyador de la categoria masculina va ser Marc Trasera, de Sant Cec\u00edlia de Voltreg\u00e0, amb un temps d\u20191 hora 30 minuts i 20 segons. La segona posici\u00f3 va ser per David Rovira, de Sant Joan de les Abadesses, amb un temps d\u20191 hora 41 minuts i 7 segons. En tercera posici\u00f3 va entrar Arnau Serrabasa, de Roda de Ter, amb un temps d\u20191 hora 42 minuts i 51 segons.<\/p>\n<p>A la categoria femenina la vict\u00f2ria va ser per \u00a0Sandra S\u00e1nchez, de Moi\u00e0, \u00a0amb un temps de 2 hores 6 minuts i 15 segons. La segona posici\u00f3 va ser per \u00a0Mireia Garcia, de Vallgorgina, amb un temps de 2 hores 17 minuts i 21 segons. I la tercera classificada va ser Elisabet Noguera, de Folgueroles, amb un temps de 2 hores 18 minuts i 7 segons.<\/p>\n<p>Els millors participants locals van ser Lle\u00efr Pladevall, que amb un temps d\u20191 hora 45 minuts va entrar en \u00a0quarta posici\u00f3, i Elisabet Camp\u00e0s, que va ser la quarta dona en travessar la meta, amb un temps de 2 hores 20 minuts i 7 segons.<\/p>\n<p>El primer taradellenc i els tres primers classificats de cada categoria de la cursa de 10 km van rebre un trofeu. Els primers classificats de la cursa de 22 km de cada categoria van rebre un trofeu i cent euros, i els segons i els tercers van ser obsequiats amb un trofeu. Els trofeus, fets amb metall, representaven el perfil de la cursa i portaven gravada la inscripci\u00f3 8a Cursa dels Gitanos, els quil\u00f2metres de la cursa en que s\u2019havia participat, 10 km o 22 km, la posici\u00f3 en el podi, 1r, 2n o 3r i la categoria<\/p>\n<h3><strong><a href=\"https:\/\/results.chronotrack.com\/event\/results\/event\/event-39768?&amp;lc=ca\" target=\"_blank\" rel=\"noopener noreferrer\">CLASSIFICACIONS \/ FOTOS I V\u00cdDEO DE CADA PARTICIPANT (acc\u00e9s \u2192)<\/a><br \/>\n<\/strong><\/h3>\n<p>Les classificacions van quedar de la forma seg\u00fcent:<strong><br \/>\n<\/strong><\/p>\n<table style=\"border: 1px solid #9acd32;\" border=\"1\" width=\"600\" cellspacing=\"0\" cellpadding=\"0\">\n<tbody>\n<tr style=\"border: 1px solid #9acd32; background-color: #f5f5f5; height: 35px;\">\n<td style=\"border: 1px solid #9acd32; width: 200px; text-align: center;\" colspan=\"2\" width=\"156\"><strong>Cursa 10 km<\/strong><\/td>\n<td style=\"border: 1px solid #9acd32; width: 200px; text-align: center;\" colspan=\"2\" width=\"156\"><strong>Categoria Femenina<\/strong><\/td>\n<\/tr>\n<tr style=\"border: 1px solid #9acd32; background-color: #f5f5f5; height: 35px;\">\n<td style=\"border: 1px solid #9acd32; width: 50px; text-align: center;\" width=\"32\"><strong>POS<\/strong><\/td>\n<td style=\"border: 1px solid #9acd32; width: 525px; text-align: center;\" width=\"184\"><strong>NOM<\/strong><\/td>\n<td style=\"border: 1px solid #9acd32; width: 450px; text-align: center;\" width=\"156\"><strong>POBLACI\u00d3<\/strong><\/td>\n<td style=\"border: 1px solid #9acd32; width: 60px; text-align: center;\" width=\"60\"><strong>TEMPS<\/strong><\/td>\n<\/tr>\n<tr style=\"border-color: #9acd32; background-color: #f5f5f5; height: 35px;\">\n<td style=\"border: 1px solid #9acd32; width: 50px; text-align: center;\" width=\"32\"><strong>1<\/strong><\/td>\n<td style=\"border: 1px solid #9acd32; width: 525px; text-align: center;\" width=\"184\">B\u00e0rbara Badosa<\/td>\n<td style=\"border: 1px solid #9acd32; width: 450px; text-align: center;\" width=\"156\">Olot<\/td>\n<td style=\"border: 1px solid #9acd32; width: 60px; text-align: center;\" width=\"60\">1:00:36<\/td>\n<\/tr>\n<tr style=\"border-color: #9acd32; background-color: #f5f5f5; height: 35px;\">\n<td style=\"border: 1px solid #9acd32; width: 50px; text-align: center;\" width=\"32\"><strong>2<\/strong><\/td>\n<td style=\"border: 1px solid #9acd32; width: 525px; text-align: center;\" width=\"184\">\u00c0frica Pou<\/td>\n<td style=\"border: 1px solid #9acd32; width: 450px; text-align: center;\" width=\"156\">Barcelona<\/td>\n<td style=\"border: 1px solid #9acd32; width: 60px; text-align: center;\" width=\"60\">1:03:03<\/td>\n<\/tr>\n<tr style=\"border-color: #9acd32; background-color: #f5f5f5; height: 35px;\">\n<td style=\"border: 1px solid #9acd32; width: 50px; text-align: center;\" width=\"32\"><strong>3<\/strong><\/td>\n<td style=\"border: 1px solid #9acd32; width: 525px; text-align: center;\" width=\"184\">Anna Sabata<\/td>\n<td style=\"border: 1px solid #9acd32; width: 450px; text-align: center;\" width=\"156\">Gurb<\/td>\n<td style=\"border: 1px solid #9acd32; width: 60px; text-align: center;\" width=\"60\">1:14:29<\/td>\n<\/tr>\n<\/tbody>\n<\/table>\n<p>&nbsp;<\/p>\n<table style=\"border: 1px solid #9acd32;\" border=\"1\" width=\"600\" cellspacing=\"0\" cellpadding=\"0\">\n<tbody>\n<tr style=\"border: 1px solid #9acd32; background-color: #f5f5f5; height: 35px;\">\n<td style=\"border: 1px solid #9acd32; width: 200px; text-align: center;\" colspan=\"2\" width=\"156\"><strong>Cursa 10 km<\/strong><\/td>\n<td style=\"border: 1px solid #9acd32; width: 200px; text-align: center;\" colspan=\"2\" width=\"156\"><strong>Categoria Masculina<\/strong><\/td>\n<\/tr>\n<tr style=\"border: 1px solid #9acd32; background-color: #f5f5f5; height: 35px;\">\n<td style=\"border: 1px solid #9acd32; width: 50px; text-align: center;\" width=\"32\"><strong>POS<\/strong><\/td>\n<td style=\"border: 1px solid #9acd32; width: 525px; text-align: center;\" width=\"184\"><strong>NOM<\/strong><\/td>\n<td style=\"border: 1px solid #9acd32; width: 450px; text-align: center;\" width=\"156\"><strong>POBLACI\u00d3<\/strong><\/td>\n<td style=\"border: 1px solid #9acd32; width: 60px; text-align: center;\" width=\"60\"><strong>TEMPS<\/strong><\/td>\n<\/tr>\n<tr style=\"border-color: #9acd32; background-color: #f5f5f5; height: 35px;\">\n<td style=\"border: 1px solid #9acd32; width: 50px; text-align: center;\" width=\"32\"><strong>1<\/strong><\/td>\n<td style=\"border: 1px solid #9acd32; width: 525px; text-align: center;\" width=\"184\">Isma Casadesus<\/td>\n<td style=\"border: 1px solid #9acd32; width: 450px; text-align: center;\" width=\"156\">Torell\u00f3<\/td>\n<td style=\"border: 1px solid #9acd32; width: 76px; text-align: center;\" width=\"60\">0:48:17<\/td>\n<\/tr>\n<tr style=\"border-color: #9acd32; background-color: #f5f5f5; height: 35px;\">\n<td style=\"border: 1px solid #9acd32; width: 50px; text-align: center;\" width=\"32\"><strong>2<\/strong><\/td>\n<td style=\"border: 1px solid #9acd32; width: 525px; text-align: center;\" width=\"184\">Pau Lancis<\/td>\n<td style=\"border: 1px solid #9acd32; width: 450px; text-align: center;\" width=\"156\">La Garriga<\/td>\n<td style=\"border: 1px solid #9acd32; width: 60px; text-align: center;\" width=\"60\">0:51:59<\/td>\n<\/tr>\n<tr style=\"border-color: #9acd32; background-color: #f5f5f5; height: 35px;\">\n<td style=\"border: 1px solid #9acd32; width: 50px; text-align: center;\" width=\"32\"><strong>3<\/strong><\/td>\n<td style=\"border: 1px solid #9acd32; width: 525px; text-align: center;\" width=\"184\">Sergi Balaguer<\/td>\n<td style=\"border: 1px solid #9acd32; width: 450px; text-align: center;\" width=\"156\">Torell\u00f3<\/td>\n<td style=\"border: 1px solid #9acd32; width: 60px; text-align: center;\" width=\"60\">0:54:30<\/td>\n<\/tr>\n<\/tbody>\n<\/table>\n<p>&nbsp;<\/p>\n<table style=\"border: 1px solid #9acd32; height: 114px;\" border=\"1\" width=\"600\" cellspacing=\"0\" cellpadding=\"0\">\n<tbody>\n<tr style=\"border-color: #9acd32; background-color: #f5f5f5; height: 30px;\">\n<td style=\"border: 1px solid #9acd32; width: 200px; text-align: center;\" colspan=\"2\" width=\"156\"><strong>Cursa 10 km<\/strong><\/td>\n<td style=\"border: 1px solid #9acd32; width: 200px; text-align: center;\" colspan=\"2\" width=\"156\"><strong>Local mascul\u00ed<br \/>\n<\/strong><\/td>\n<\/tr>\n<tr style=\"border-color: #9acd32; background-color: #f5f5f5; height: 30px;\">\n<td style=\"border-color: #9acd32; width: 50px; text-align: center;\" width=\"32\"><strong>POS<\/strong><\/td>\n<td style=\"border: 1px solid #9acd32; width: 525px; text-align: center;\" width=\"184\"><strong>NOM<\/strong><\/td>\n<td style=\"border: 1px solid #9acd32; width: 450px; text-align: center;\" width=\"156\"><strong>POBLACI\u00d3<\/strong><\/td>\n<td style=\"border: 1px solid #9acd32; width: 60px; text-align: center;\" width=\"60\"><strong>TEMPS<\/strong><\/td>\n<\/tr>\n<tr style=\"border-color: #9acd32; background-color: #f5f5f5; height: 30px;\">\n<td style=\"border: 1px solid #9acd32; width: 50px; text-align: center;\" width=\"32\"><strong>1<\/strong><\/td>\n<td style=\"border: 1px solid #9acd32; width: 525px; text-align: center;\" width=\"184\">David Sol\u00e0<\/td>\n<td style=\"border: 1px solid #9acd32; width: 450px; text-align: center;\" width=\"156\">Taradell<\/td>\n<td style=\"border: 1px solid #9acd32; width: 60px; text-align: center;\" width=\"60\">0:55:09<\/td>\n<\/tr>\n<\/tbody>\n<\/table>\n<p>&nbsp;<\/p>\n<table style=\"border: 1px solid #9acd32; height: 178px;\" border=\"1\" width=\"600\" cellspacing=\"0\" cellpadding=\"0\">\n<tbody>\n<tr style=\"border-color: #9acd32; background-color: #f5f5f5; height: 30px;\">\n<td style=\"border: 1px solid #9acd32; width: 200px; text-align: center;\" colspan=\"2\" width=\"156\"><strong>Cursa 22 km<\/strong><\/td>\n<td style=\"border: 1px solid #9acd32; width: 200px; text-align: center;\" colspan=\"2\" width=\"156\"><strong>Categoria Femenina<\/strong><\/td>\n<\/tr>\n<tr style=\"border-color: #9acd32; background-color: #f5f5f5; height: 30px;\">\n<td style=\"border: 1px solid #9acd32; width: 50px; text-align: center;\" width=\"32\"><strong>POS<\/strong><\/td>\n<td style=\"border: 1px solid #9acd32; width: 525px; text-align: center;\" width=\"184\"><strong>NOM<\/strong><\/td>\n<td style=\"border: 1px solid #9acd32; width: 450px; text-align: center;\" width=\"156\"><strong>POBLACI\u00d3<\/strong><\/td>\n<td style=\"border: 1px solid #9acd32; width: 60px; text-align: center;\" width=\"60\"><strong>TEMPS<\/strong><\/td>\n<\/tr>\n<tr style=\"border-color: #9acd32; background-color: #f5f5f5; height: 30px;\">\n<td style=\"border: 1px solid #9acd32; width: 50px; text-align: center;\" width=\"32\"><strong>1<\/strong><\/td>\n<td style=\"border: 1px solid #9acd32; width: 525px; text-align: center;\" width=\"184\">Sandra S\u00e1nchez<\/td>\n<td style=\"border: 1px solid #9acd32; width: 450px; text-align: center;\" width=\"156\">Moi\u00e0<\/td>\n<td style=\"border: 1px solid #9acd32; width: 60px; text-align: center;\" width=\"60\">2:06:15<\/td>\n<\/tr>\n<tr style=\"border-color: #9acd32; background-color: #f5f5f5; height: 30px;\">\n<td style=\"border: 1px solid #9acd32; width: 50px; text-align: center;\" width=\"32\"><strong>2<\/strong><\/td>\n<td style=\"border: 1px solid #9acd32; width: 525px; text-align: center;\" width=\"184\">\u00a0Mireia Garcia<\/td>\n<td style=\"border: 1px solid #9acd32; width: 450px; text-align: center;\" width=\"156\">Vallgorguina<\/td>\n<td style=\"border: 1px solid #9acd32; width: 60px; text-align: center;\" width=\"60\">2:17:21<\/td>\n<\/tr>\n<tr style=\"border-color: #9acd32; background-color: #f5f5f5; height: 30px;\">\n<td style=\"border: 1px solid #9acd32; width: 50px; text-align: center;\" width=\"32\"><strong>3<\/strong><\/td>\n<td style=\"border: 1px solid #9acd32; width: 525px; text-align: center;\" width=\"184\">Elisabet Noguera<\/td>\n<td style=\"border: 1px solid #9acd32; width: 450px; text-align: center;\" width=\"156\">Folgueroles<\/td>\n<td style=\"border: 1px solid #9acd32; width: 60px; text-align: center;\" width=\"60\">2:18:07<\/td>\n<\/tr>\n<\/tbody>\n<\/table>\n<p>&nbsp;<\/p>\n<table style=\"border: 1px solid #9acd32; height: 178px;\" border=\"1\" width=\"600\" cellspacing=\"0\" cellpadding=\"0\">\n<tbody>\n<tr style=\"border-color: #9acd32; background-color: #f5f5f5; height: 30px;\">\n<td style=\"border: 1px solid #9acd32; width: 200px; text-align: center;\" colspan=\"2\" width=\"156\"><strong>Cursa 22 km<\/strong><\/td>\n<td style=\"border: 1px solid #9acd32; width: 200px; text-align: center;\" colspan=\"2\" width=\"156\"><strong>Categoria Masculina<\/strong><\/td>\n<\/tr>\n<tr style=\"border-color: #9acd32; background-color: #f5f5f5; height: 30px;\">\n<td style=\"border: 1px solid #9acd32; width: 50px; text-align: center;\" width=\"32\"><strong>POS<\/strong><\/td>\n<td style=\"border: 1px solid #9acd32; width: 525px; text-align: center;\" width=\"184\"><strong>NOM<\/strong><\/td>\n<td style=\"border: 1px solid #9acd32; width: 450px; text-align: center;\" width=\"156\"><strong>POBLACI\u00d3<\/strong><\/td>\n<td style=\"border: 1px solid #9acd32; width: 60px; text-align: center;\" width=\"60\"><strong>TEMPS<\/strong><\/td>\n<\/tr>\n<tr style=\"border-color: #9acd32; background-color: #f5f5f5; height: 30px;\">\n<td style=\"border: 1px solid #9acd32; width: 50px; text-align: center;\" width=\"32\"><strong>1<\/strong><\/td>\n<td style=\"border: 1px solid #9acd32; width: 525px; text-align: center;\" width=\"184\">Marc Traserra<\/td>\n<td style=\"border: 1px solid #9acd32; width: 450px; text-align: center;\" width=\"156\">Sant Cec\u00edlia de Voltreg\u00e0<\/td>\n<td style=\"border: 1px solid #9acd32; width: 60px; text-align: center;\" width=\"60\">1:35:20<\/td>\n<\/tr>\n<tr style=\"border-color: #9acd32; background-color: #f5f5f5; height: 30px;\">\n<td style=\"border: 1px solid #9acd32; width: 50px; text-align: center;\" width=\"32\"><strong>2<\/strong><\/td>\n<td style=\"border: 1px solid #9acd32; width: 525px; text-align: center;\" width=\"184\">David Rovira<\/td>\n<td style=\"border: 1px solid #9acd32; width: 450px; text-align: center;\" width=\"156\">Sant Joan de les Abadesses<\/td>\n<td style=\"border: 1px solid #9acd32; width: 60px; text-align: center;\" width=\"60\">1:41:07<\/td>\n<\/tr>\n<tr style=\"border-color: #9acd32; background-color: #f5f5f5; height: 30px;\">\n<td style=\"border: 1px solid #9acd32; width: 50px; text-align: center;\" width=\"32\"><strong>3<\/strong><\/td>\n<td style=\"border: 1px solid #9acd32; width: 525px; text-align: center;\" width=\"184\">Arnau Serrabasa<\/td>\n<td style=\"border: 1px solid #9acd32; width: 450px; text-align: center;\" width=\"156\">Roda de Ter<\/td>\n<td style=\"border: 1px solid #9acd32; width: 60px; text-align: center;\" width=\"60\">1:42:51<\/td>\n<\/tr>\n<\/tbody>\n<\/table>\n<p>&nbsp;<\/p>\n<table style=\"border: 1px solid #9acd32; height: 110px;\" border=\"1\" width=\"600\" cellspacing=\"0\" cellpadding=\"0\">\n<tbody>\n<tr style=\"border-color: #9acd32; background-color: #f5f5f5; height: 30px;\">\n<td style=\"border: 1px solid #9acd32; width: 200px; text-align: center;\" colspan=\"2\" width=\"156\"><strong>Cursa 22 km<\/strong><\/td>\n<td style=\"border: 1px solid #9acd32; width: 200px; text-align: center;\" colspan=\"2\" width=\"156\"><strong>Local femen\u00ed<br \/>\n<\/strong><\/td>\n<\/tr>\n<tr style=\"border-color: #9acd32; background-color: #f5f5f5; height: 30px;\">\n<td style=\"border: 1px solid #9acd32; width: 50px; text-align: center;\" width=\"32\"><strong>POS<\/strong><\/td>\n<td style=\"border: 1px solid #9acd32; width: 500px; text-align: center;\" width=\"184\"><strong>NOM<\/strong><\/td>\n<td style=\"border: 1px solid #9acd32; width: 450px; text-align: center;\" width=\"156\"><strong>POBLACI\u00d3<\/strong><\/td>\n<td style=\"border: 1px solid #9acd32; width: 60px; text-align: center;\" width=\"60\"><strong>TEMPS<\/strong><\/td>\n<\/tr>\n<tr style=\"border-color: #9acd32; background-color: #f5f5f5; height: 30px;\">\n<td style=\"border: 1px solid #9acd32; width: 50px; text-align: center;\" width=\"32\"><strong>1<\/strong><\/td>\n<td style=\"border: 1px solid #9acd32; width: 500px; text-align: center;\" width=\"184\">Elisabet Camp\u00e0s<\/td>\n<td style=\"border: 1px solid #9acd32; width: 450px; text-align: center;\" width=\"156\">Taradell<\/td>\n<td style=\"border: 1px solid #9acd32; width: 60px; text-align: center;\" width=\"60\">2:20:07<\/td>\n<\/tr>\n<\/tbody>\n<\/table>\n<p>&nbsp;<\/p>\n<table style=\"border: 1px solid #9acd32; height: 116px;\" border=\"1\" width=\"602\" cellspacing=\"0\" cellpadding=\"0\">\n<tbody>\n<tr style=\"border-color: #9acd32; background-color: #f5f5f5; height: 30px;\">\n<td style=\"border: 1px solid #9acd32; width: 200px; text-align: center;\" colspan=\"2\" width=\"156\"><strong>Cursa 22 km<\/strong><\/td>\n<td style=\"border: 1px solid #9acd32; width: 200px; text-align: center;\" colspan=\"2\" width=\"156\"><strong>Local mascul\u00ed<br \/>\n<\/strong><\/td>\n<\/tr>\n<tr style=\"border-color: #9acd32; background-color: #f5f5f5; height: 30px;\">\n<td style=\"border: 1px solid #9acd32; width: 50px; text-align: center;\" width=\"32\"><strong>POS<\/strong><\/td>\n<td style=\"border: 1px solid #9acd32; width: 500px; text-align: center;\" width=\"184\"><strong>NOM<\/strong><\/td>\n<td style=\"border: 1px solid #9acd32; width: 450px; text-align: center;\" width=\"156\"><strong>POBLACI\u00d3<\/strong><\/td>\n<td style=\"border: 1px solid #9acd32; width: 60px; text-align: center;\" width=\"60\"><strong>TEMPS<\/strong><\/td>\n<\/tr>\n<tr style=\"border-color: #9acd32; background-color: #f5f5f5; height: 30px;\">\n<td style=\"border: 1px solid #9acd32; width: 50px; text-align: center;\" width=\"32\"><strong>1<\/strong><\/td>\n<td style=\"border: 1px solid #9acd32; width: 500px; text-align: center;\" width=\"184\">Lle\u00efr Pladevall<\/td>\n<td style=\"border: 1px solid #9acd32; width: 450px; text-align: center;\" width=\"156\">Taradell<\/td>\n<td style=\"border: 1px solid #9acd32; width: 60px; text-align: center;\" width=\"60\">1:45:00<\/td>\n<\/tr>\n<\/tbody>\n<\/table>\n<blockquote><p>La cursa dels Gitanos consta de dos recorreguts: un de 10 quil\u00f2metres i un altre de 22, amb un tra\u00e7at cent per cent de muntanya que passa per camins, senders i corriols al voltant de Taradell. La sortida i arribada de la cursa van ser davant l\u2019INS Taradell, mentre que l\u2019any passat va ser a la pla\u00e7a de les Eres de Taradell, i en les primeres es sortia del pavell\u00f3 del Pujol\u00f3.<br \/>\nEls recorreguts de les curses van ser els seg\u00fcents:<br \/>\n\u2022 La cursa de 10 km, amb un desnivell acumulat en positiu de 600 metres, sortia de l\u2019INS Taradell, cap al castell de Taradell, Puig Grif\u00f3, Creu de Pedra, bosc del Mass\u00f3, collet de Goitallops, Pi Gros, coll de Taradell i retornava al centre de Taradell per la Serra.<br \/>\n\u2022 El recorregut de la cursa de 22 km, amb un desnivell acumulat en positiu de 1.000 metres, seguia el mateix recorregut que la de 10 km fins a la zona de Puig Grif\u00f3 i d\u2019aqu\u00ed continuava cap a la Collada, l\u2019Enclusa, la creu de Puiglagulla, baixada cap a la Guineu, el Vilar, Fossa d\u2019en Tocasons, Roques de Morter i enlla\u00e7ava de nou amb el recorregut de 10 km; bosc del Mass\u00f3, Collet de Goitallops, Pi Gros, coll de Taradell i retornava al centre de Taradell per la Serra.<\/p><\/blockquote>\n<h3><a href=\"https:\/\/photos.app.goo.gl\/1ZASAkNNF9NuqB9J9\" target=\"_blank\" rel=\"noopener noreferrer\"><strong>FOTOGRAFIES (acc\u00e9s als \u00e0lbums de la cursa \u2192)<\/strong><\/a><\/h3>\n<table border=\"1\" cellspacing=\"0\" cellpadding=\"0\">\n<tbody>\n<tr>\n<td valign=\"top\" width=\"317\">\n<p><div id=\"attachment_6572\" style=\"width: 310px\" class=\"wp-caption aligncenter\"><a href=\"https:\/\/cetaradell.cat\/ce\/wp-content\/uploads\/P1180749.jpg\" target=\"_blank\" rel=\"noopener noreferrer\"><img decoding=\"async\" aria-describedby=\"caption-attachment-6572\" class=\"wp-image-6572 size-medium\" src=\"https:\/\/cetaradell.cat\/ce\/wp-content\/uploads\/P1180749-300x225.jpg\" alt=\"\" width=\"300\" height=\"225\" srcset=\"https:\/\/cetaradell.cat\/ce\/wp-content\/uploads\/P1180749-300x225.jpg 300w, https:\/\/cetaradell.cat\/ce\/wp-content\/uploads\/P1180749-500x375.jpg 500w, https:\/\/cetaradell.cat\/ce\/wp-content\/uploads\/P1180749-700x525.jpg 700w, https:\/\/cetaradell.cat\/ce\/wp-content\/uploads\/P1180749-768x576.jpg 768w, https:\/\/cetaradell.cat\/ce\/wp-content\/uploads\/P1180749.jpg 1000w\" sizes=\"(max-width: 300px) 100vw, 300px\" \/><\/a><p id=\"caption-attachment-6572\" class=\"wp-caption-text\">Cursa de 10 km \u2013 Podi mascul\u00ed<\/p><\/div><\/td>\n<td valign=\"top\" width=\"317\">\n<p><div id=\"attachment_6571\" style=\"width: 310px\" class=\"wp-caption aligncenter\"><a href=\"https:\/\/cetaradell.cat\/ce\/wp-content\/uploads\/P1180744.jpg\" target=\"_blank\" rel=\"noopener noreferrer\"><img decoding=\"async\" aria-describedby=\"caption-attachment-6571\" class=\"wp-image-6571 size-medium\" src=\"https:\/\/cetaradell.cat\/ce\/wp-content\/uploads\/P1180744-300x225.jpg\" alt=\"\" width=\"300\" height=\"225\" srcset=\"https:\/\/cetaradell.cat\/ce\/wp-content\/uploads\/P1180744-300x225.jpg 300w, https:\/\/cetaradell.cat\/ce\/wp-content\/uploads\/P1180744-500x376.jpg 500w, https:\/\/cetaradell.cat\/ce\/wp-content\/uploads\/P1180744-700x526.jpg 700w, https:\/\/cetaradell.cat\/ce\/wp-content\/uploads\/P1180744-768x577.jpg 768w, https:\/\/cetaradell.cat\/ce\/wp-content\/uploads\/P1180744.jpg 1000w\" sizes=\"(max-width: 300px) 100vw, 300px\" \/><\/a><p id=\"caption-attachment-6571\" class=\"wp-caption-text\">Cursa de 10 km \u2013 Podi femen\u00ed<\/p><\/div><\/td>\n<\/tr>\n<tr>\n<td valign=\"top\" width=\"317\">\n<p><div id=\"attachment_6573\" style=\"width: 310px\" class=\"wp-caption aligncenter\"><a href=\"https:\/\/cetaradell.cat\/ce\/wp-content\/uploads\/P1180783.jpg\" target=\"_blank\" rel=\"attachment noopener wp-att-6573 noreferrer\"><img decoding=\"async\" aria-describedby=\"caption-attachment-6573\" class=\"wp-image-6573 size-medium\" src=\"https:\/\/cetaradell.cat\/ce\/wp-content\/uploads\/P1180783-300x225.jpg\" alt=\"P1180783\" width=\"300\" height=\"225\" srcset=\"https:\/\/cetaradell.cat\/ce\/wp-content\/uploads\/P1180783-300x225.jpg 300w, https:\/\/cetaradell.cat\/ce\/wp-content\/uploads\/P1180783-500x375.jpg 500w, https:\/\/cetaradell.cat\/ce\/wp-content\/uploads\/P1180783-700x525.jpg 700w, https:\/\/cetaradell.cat\/ce\/wp-content\/uploads\/P1180783-768x576.jpg 768w, https:\/\/cetaradell.cat\/ce\/wp-content\/uploads\/P1180783.jpg 1000w\" sizes=\"(max-width: 300px) 100vw, 300px\" \/><\/a><p id=\"caption-attachment-6573\" class=\"wp-caption-text\">Cursa de 22 km \u2013 Podi mascul\u00ed<\/p><\/div><\/td>\n<td valign=\"top\" width=\"317\">\n<p><div id=\"attachment_6575\" style=\"width: 310px\" class=\"wp-caption aligncenter\"><a href=\"https:\/\/cetaradell.cat\/ce\/wp-content\/uploads\/P1180775.jpg\" target=\"_blank\" rel=\"noopener noreferrer\"><img decoding=\"async\" aria-describedby=\"caption-attachment-6575\" class=\"wp-image-6575 size-medium\" src=\"https:\/\/cetaradell.cat\/ce\/wp-content\/uploads\/P1180775-300x225.jpg\" alt=\"\" width=\"300\" height=\"225\" srcset=\"https:\/\/cetaradell.cat\/ce\/wp-content\/uploads\/P1180775-300x225.jpg 300w, https:\/\/cetaradell.cat\/ce\/wp-content\/uploads\/P1180775-500x376.jpg 500w, https:\/\/cetaradell.cat\/ce\/wp-content\/uploads\/P1180775-700x526.jpg 700w, https:\/\/cetaradell.cat\/ce\/wp-content\/uploads\/P1180775-768x577.jpg 768w, https:\/\/cetaradell.cat\/ce\/wp-content\/uploads\/P1180775.jpg 1000w\" sizes=\"(max-width: 300px) 100vw, 300px\" \/><\/a><p id=\"caption-attachment-6575\" class=\"wp-caption-text\">Cursa de 22 km \u2013 Podi femen\u00ed<\/p><\/div><\/td>\n<\/tr>\n<tr>\n<td valign=\"top\" width=\"317\">\n<p><div id=\"attachment_6576\" style=\"width: 310px\" class=\"wp-caption aligncenter\"><a href=\"https:\/\/cetaradell.cat\/ce\/wp-content\/uploads\/P1180751.jpg\" target=\"_blank\" rel=\"noopener noreferrer\"><img decoding=\"async\" aria-describedby=\"caption-attachment-6576\" class=\"wp-image-6576 size-medium\" src=\"https:\/\/cetaradell.cat\/ce\/wp-content\/uploads\/P1180751-300x225.jpg\" alt=\"\" width=\"300\" height=\"225\" srcset=\"https:\/\/cetaradell.cat\/ce\/wp-content\/uploads\/P1180751-300x225.jpg 300w, https:\/\/cetaradell.cat\/ce\/wp-content\/uploads\/P1180751-500x375.jpg 500w, https:\/\/cetaradell.cat\/ce\/wp-content\/uploads\/P1180751-700x525.jpg 700w, https:\/\/cetaradell.cat\/ce\/wp-content\/uploads\/P1180751-768x576.jpg 768w, https:\/\/cetaradell.cat\/ce\/wp-content\/uploads\/P1180751.jpg 1000w\" sizes=\"(max-width: 300px) 100vw, 300px\" \/><\/a><p id=\"caption-attachment-6576\" class=\"wp-caption-text\">Cursa de 10 km \u2013 Primer local mascul\u00ed<\/p><\/div><\/td>\n<td valign=\"top\" width=\"317\"><\/td>\n<\/tr>\n<tr>\n<td valign=\"top\" width=\"634\">\n<p><div id=\"attachment_6574\" style=\"width: 310px\" class=\"wp-caption aligncenter\"><a href=\"https:\/\/cetaradell.cat\/ce\/wp-content\/uploads\/P1180786.jpg\" target=\"_blank\" rel=\"noopener noreferrer\"><img decoding=\"async\" aria-describedby=\"caption-attachment-6574\" class=\"wp-image-6574 size-medium\" src=\"https:\/\/cetaradell.cat\/ce\/wp-content\/uploads\/P1180786-300x225.jpg\" alt=\"\" width=\"300\" height=\"225\" srcset=\"https:\/\/cetaradell.cat\/ce\/wp-content\/uploads\/P1180786-300x225.jpg 300w, https:\/\/cetaradell.cat\/ce\/wp-content\/uploads\/P1180786-500x375.jpg 500w, https:\/\/cetaradell.cat\/ce\/wp-content\/uploads\/P1180786-700x525.jpg 700w, https:\/\/cetaradell.cat\/ce\/wp-content\/uploads\/P1180786-768x576.jpg 768w, https:\/\/cetaradell.cat\/ce\/wp-content\/uploads\/P1180786.jpg 1000w\" sizes=\"(max-width: 300px) 100vw, 300px\" \/><\/a><p id=\"caption-attachment-6574\" class=\"wp-caption-text\">Cursa de 22 km \u2013 Primer local mascul\u00ed<\/p><\/div><\/td>\n<td valign=\"top\" width=\"634\">\n<p><div id=\"attachment_6577\" style=\"width: 310px\" class=\"wp-caption aligncenter\"><a href=\"https:\/\/cetaradell.cat\/ce\/wp-content\/uploads\/P1180777.jpg\" target=\"_blank\" rel=\"attachment noopener wp-att-6577 noreferrer\"><img decoding=\"async\" aria-describedby=\"caption-attachment-6577\" class=\"wp-image-6577 size-medium\" src=\"https:\/\/cetaradell.cat\/ce\/wp-content\/uploads\/P1180777-300x225.jpg\" alt=\"P1180777\" width=\"300\" height=\"225\" srcset=\"https:\/\/cetaradell.cat\/ce\/wp-content\/uploads\/P1180777-300x225.jpg 300w, https:\/\/cetaradell.cat\/ce\/wp-content\/uploads\/P1180777-500x375.jpg 500w, https:\/\/cetaradell.cat\/ce\/wp-content\/uploads\/P1180777-700x525.jpg 700w, https:\/\/cetaradell.cat\/ce\/wp-content\/uploads\/P1180777-768x576.jpg 768w, https:\/\/cetaradell.cat\/ce\/wp-content\/uploads\/P1180777.jpg 1000w\" sizes=\"(max-width: 300px) 100vw, 300px\" \/><\/a><p id=\"caption-attachment-6577\" class=\"wp-caption-text\">Cursa de 22 km \u2013 Primera local femenina<\/p><\/div><\/td>\n<\/tr>\n<\/tbody>\n<\/table>\n","protected":false},"excerpt":{"rendered":"<p>El diumenge 8 de maig, malgrat que durant la setmana el temps amena\u00e7ava a pluja, que dia va comen\u00e7ar amb pluja, que els camins estaven enfangats i que hi havia una mica de boira, 90 atletes, dels\u00a0 109 inscrits, van prendre la sortida de la 8a edici\u00f3 de la Cursa  [&#8230;]<\/p>\n","protected":false},"author":1,"featured_media":6350,"comment_status":"closed","ping_status":"closed","sticky":false,"template":"","format":"standard","meta":{"footnotes":""},"categories":[25,8,3],"tags":[],"class_list":["post-6567","post","type-post","status-publish","format-standard","has-post-thumbnail","hentry","category-cursa-de-taradell","category-curses","category-noticies"],"yoast_head":"<!-- This site is optimized with the Yoast SEO plugin v27.5 - https:\/\/yoast.com\/product\/yoast-seo-wordpress\/ -->\n<title>8a Cursa dels Gitanos - 2018 - Centre Excursionista Taradell<\/title>\n<meta name=\"robots\" content=\"index, follow, max-snippet:-1, max-image-preview:large, max-video-preview:-1\" \/>\n<link rel=\"canonical\" href=\"https:\/\/cetaradell.cat\/ce\/8a-cursa-dels-gitanos-2018-2\/\" \/>\n<meta property=\"og:locale\" content=\"ca_ES\" \/>\n<meta property=\"og:type\" content=\"article\" \/>\n<meta property=\"og:title\" content=\"8a Cursa dels Gitanos - 2018 - Centre Excursionista Taradell\" \/>\n<meta property=\"og:description\" content=\"El diumenge 8 de maig, malgrat que durant la setmana el temps amena\u00e7ava a pluja, que dia va comen\u00e7ar amb pluja, que els camins estaven enfangats i que hi havia una mica de boira, 90 atletes, dels\u00a0 109 inscrits, van prendre la sortida de la 8a edici\u00f3 de la Cursa [...]\" \/>\n<meta property=\"og:url\" content=\"https:\/\/cetaradell.cat\/ce\/8a-cursa-dels-gitanos-2018-2\/\" \/>\n<meta property=\"og:site_name\" content=\"Centre Excursionista Taradell\" \/>\n<meta property=\"article:publisher\" content=\"https:\/\/www.facebook.com\/CETaradell\/\" \/>\n<meta property=\"article:published_time\" content=\"2018-05-10T21:57:19+00:00\" \/>\n<meta property=\"article:modified_time\" content=\"2020-06-21T10:22:55+00:00\" \/>\n<meta property=\"og:image\" content=\"https:\/\/cetaradell.cat\/ce\/wp-content\/uploads\/P1180683.jpg\" \/>\n\t<meta property=\"og:image:width\" content=\"1000\" \/>\n\t<meta property=\"og:image:height\" content=\"751\" \/>\n\t<meta property=\"og:image:type\" content=\"image\/jpeg\" \/>\n<meta name=\"author\" content=\"CET\" \/>\n<meta name=\"twitter:card\" content=\"summary_large_image\" \/>\n<meta name=\"twitter:label1\" content=\"Escrit per\" \/>\n\t<meta name=\"twitter:data1\" content=\"CET\" \/>\n\t<meta name=\"twitter:label2\" content=\"Temps estimat de lectura\" \/>\n\t<meta name=\"twitter:data2\" content=\"5 minuts\" \/>\n<script type=\"application\/ld+json\" class=\"yoast-schema-graph\">{\"@context\":\"https:\\\/\\\/schema.org\",\"@graph\":[{\"@type\":\"Article\",\"@id\":\"https:\\\/\\\/cetaradell.cat\\\/ce\\\/8a-cursa-dels-gitanos-2018-2\\\/#article\",\"isPartOf\":{\"@id\":\"https:\\\/\\\/cetaradell.cat\\\/ce\\\/8a-cursa-dels-gitanos-2018-2\\\/\"},\"author\":{\"name\":\"CET\",\"@id\":\"https:\\\/\\\/cetaradell.cat\\\/ce\\\/#\\\/schema\\\/person\\\/92a59f585073071c7be6649e84b22f78\"},\"headline\":\"8a Cursa dels Gitanos &#8211; 2018\",\"datePublished\":\"2018-05-10T21:57:19+00:00\",\"dateModified\":\"2020-06-21T10:22:55+00:00\",\"mainEntityOfPage\":{\"@id\":\"https:\\\/\\\/cetaradell.cat\\\/ce\\\/8a-cursa-dels-gitanos-2018-2\\\/\"},\"wordCount\":1100,\"image\":{\"@id\":\"https:\\\/\\\/cetaradell.cat\\\/ce\\\/8a-cursa-dels-gitanos-2018-2\\\/#primaryimage\"},\"thumbnailUrl\":\"https:\\\/\\\/cetaradell.cat\\\/ce\\\/wp-content\\\/uploads\\\/P1180683.jpg\",\"articleSection\":[\"Cursa per Muntanya de Taradell\",\"Curses\",\"Not\u00edcies\"],\"inLanguage\":\"ca\"},{\"@type\":\"WebPage\",\"@id\":\"https:\\\/\\\/cetaradell.cat\\\/ce\\\/8a-cursa-dels-gitanos-2018-2\\\/\",\"url\":\"https:\\\/\\\/cetaradell.cat\\\/ce\\\/8a-cursa-dels-gitanos-2018-2\\\/\",\"name\":\"8a Cursa dels Gitanos - 2018 - Centre Excursionista Taradell\",\"isPartOf\":{\"@id\":\"https:\\\/\\\/cetaradell.cat\\\/ce\\\/#website\"},\"primaryImageOfPage\":{\"@id\":\"https:\\\/\\\/cetaradell.cat\\\/ce\\\/8a-cursa-dels-gitanos-2018-2\\\/#primaryimage\"},\"image\":{\"@id\":\"https:\\\/\\\/cetaradell.cat\\\/ce\\\/8a-cursa-dels-gitanos-2018-2\\\/#primaryimage\"},\"thumbnailUrl\":\"https:\\\/\\\/cetaradell.cat\\\/ce\\\/wp-content\\\/uploads\\\/P1180683.jpg\",\"datePublished\":\"2018-05-10T21:57:19+00:00\",\"dateModified\":\"2020-06-21T10:22:55+00:00\",\"author\":{\"@id\":\"https:\\\/\\\/cetaradell.cat\\\/ce\\\/#\\\/schema\\\/person\\\/92a59f585073071c7be6649e84b22f78\"},\"breadcrumb\":{\"@id\":\"https:\\\/\\\/cetaradell.cat\\\/ce\\\/8a-cursa-dels-gitanos-2018-2\\\/#breadcrumb\"},\"inLanguage\":\"ca\",\"potentialAction\":[{\"@type\":\"ReadAction\",\"target\":[\"https:\\\/\\\/cetaradell.cat\\\/ce\\\/8a-cursa-dels-gitanos-2018-2\\\/\"]}]},{\"@type\":\"ImageObject\",\"inLanguage\":\"ca\",\"@id\":\"https:\\\/\\\/cetaradell.cat\\\/ce\\\/8a-cursa-dels-gitanos-2018-2\\\/#primaryimage\",\"url\":\"https:\\\/\\\/cetaradell.cat\\\/ce\\\/wp-content\\\/uploads\\\/P1180683.jpg\",\"contentUrl\":\"https:\\\/\\\/cetaradell.cat\\\/ce\\\/wp-content\\\/uploads\\\/P1180683.jpg\",\"width\":1000,\"height\":751},{\"@type\":\"BreadcrumbList\",\"@id\":\"https:\\\/\\\/cetaradell.cat\\\/ce\\\/8a-cursa-dels-gitanos-2018-2\\\/#breadcrumb\",\"itemListElement\":[{\"@type\":\"ListItem\",\"position\":1,\"name\":\"Inici\",\"item\":\"https:\\\/\\\/cetaradell.cat\\\/ce\\\/\"},{\"@type\":\"ListItem\",\"position\":2,\"name\":\"8a Cursa dels Gitanos &#8211; 2018\"}]},{\"@type\":\"WebSite\",\"@id\":\"https:\\\/\\\/cetaradell.cat\\\/ce\\\/#website\",\"url\":\"https:\\\/\\\/cetaradell.cat\\\/ce\\\/\",\"name\":\"Centre Excursionista Taradell\",\"description\":\"\",\"potentialAction\":[{\"@type\":\"SearchAction\",\"target\":{\"@type\":\"EntryPoint\",\"urlTemplate\":\"https:\\\/\\\/cetaradell.cat\\\/ce\\\/?s={search_term_string}\"},\"query-input\":{\"@type\":\"PropertyValueSpecification\",\"valueRequired\":true,\"valueName\":\"search_term_string\"}}],\"inLanguage\":\"ca\"},{\"@type\":\"Person\",\"@id\":\"https:\\\/\\\/cetaradell.cat\\\/ce\\\/#\\\/schema\\\/person\\\/92a59f585073071c7be6649e84b22f78\",\"name\":\"CET\",\"image\":{\"@type\":\"ImageObject\",\"inLanguage\":\"ca\",\"@id\":\"https:\\\/\\\/secure.gravatar.com\\\/avatar\\\/d6fbe010d42056feccc0f613ed07277a5118442805079269f12dabdc42e1a727?s=96&d=mm&r=g\",\"url\":\"https:\\\/\\\/secure.gravatar.com\\\/avatar\\\/d6fbe010d42056feccc0f613ed07277a5118442805079269f12dabdc42e1a727?s=96&d=mm&r=g\",\"contentUrl\":\"https:\\\/\\\/secure.gravatar.com\\\/avatar\\\/d6fbe010d42056feccc0f613ed07277a5118442805079269f12dabdc42e1a727?s=96&d=mm&r=g\",\"caption\":\"CET\"},\"url\":\"https:\\\/\\\/cetaradell.cat\\\/ce\\\/author\\\/root\\\/\"}]}<\/script>\n<!-- \/ Yoast SEO plugin. -->","yoast_head_json":{"title":"8a Cursa dels Gitanos - 2018 - Centre Excursionista Taradell","robots":{"index":"index","follow":"follow","max-snippet":"max-snippet:-1","max-image-preview":"max-image-preview:large","max-video-preview":"max-video-preview:-1"},"canonical":"https:\/\/cetaradell.cat\/ce\/8a-cursa-dels-gitanos-2018-2\/","og_locale":"ca_ES","og_type":"article","og_title":"8a Cursa dels Gitanos - 2018 - Centre Excursionista Taradell","og_description":"El diumenge 8 de maig, malgrat que durant la setmana el temps amena\u00e7ava a pluja, que dia va comen\u00e7ar amb pluja, que els camins estaven enfangats i que hi havia una mica de boira, 90 atletes, dels\u00a0 109 inscrits, van prendre la sortida de la 8a edici\u00f3 de la Cursa [...]","og_url":"https:\/\/cetaradell.cat\/ce\/8a-cursa-dels-gitanos-2018-2\/","og_site_name":"Centre Excursionista Taradell","article_publisher":"https:\/\/www.facebook.com\/CETaradell\/","article_published_time":"2018-05-10T21:57:19+00:00","article_modified_time":"2020-06-21T10:22:55+00:00","og_image":[{"width":1000,"height":751,"url":"https:\/\/cetaradell.cat\/ce\/wp-content\/uploads\/P1180683.jpg","type":"image\/jpeg"}],"author":"CET","twitter_card":"summary_large_image","twitter_misc":{"Escrit per":"CET","Temps estimat de lectura":"5 minuts"},"schema":{"@context":"https:\/\/schema.org","@graph":[{"@type":"Article","@id":"https:\/\/cetaradell.cat\/ce\/8a-cursa-dels-gitanos-2018-2\/#article","isPartOf":{"@id":"https:\/\/cetaradell.cat\/ce\/8a-cursa-dels-gitanos-2018-2\/"},"author":{"name":"CET","@id":"https:\/\/cetaradell.cat\/ce\/#\/schema\/person\/92a59f585073071c7be6649e84b22f78"},"headline":"8a Cursa dels Gitanos &#8211; 2018","datePublished":"2018-05-10T21:57:19+00:00","dateModified":"2020-06-21T10:22:55+00:00","mainEntityOfPage":{"@id":"https:\/\/cetaradell.cat\/ce\/8a-cursa-dels-gitanos-2018-2\/"},"wordCount":1100,"image":{"@id":"https:\/\/cetaradell.cat\/ce\/8a-cursa-dels-gitanos-2018-2\/#primaryimage"},"thumbnailUrl":"https:\/\/cetaradell.cat\/ce\/wp-content\/uploads\/P1180683.jpg","articleSection":["Cursa per Muntanya de Taradell","Curses","Not\u00edcies"],"inLanguage":"ca"},{"@type":"WebPage","@id":"https:\/\/cetaradell.cat\/ce\/8a-cursa-dels-gitanos-2018-2\/","url":"https:\/\/cetaradell.cat\/ce\/8a-cursa-dels-gitanos-2018-2\/","name":"8a Cursa dels Gitanos - 2018 - Centre Excursionista Taradell","isPartOf":{"@id":"https:\/\/cetaradell.cat\/ce\/#website"},"primaryImageOfPage":{"@id":"https:\/\/cetaradell.cat\/ce\/8a-cursa-dels-gitanos-2018-2\/#primaryimage"},"image":{"@id":"https:\/\/cetaradell.cat\/ce\/8a-cursa-dels-gitanos-2018-2\/#primaryimage"},"thumbnailUrl":"https:\/\/cetaradell.cat\/ce\/wp-content\/uploads\/P1180683.jpg","datePublished":"2018-05-10T21:57:19+00:00","dateModified":"2020-06-21T10:22:55+00:00","author":{"@id":"https:\/\/cetaradell.cat\/ce\/#\/schema\/person\/92a59f585073071c7be6649e84b22f78"},"breadcrumb":{"@id":"https:\/\/cetaradell.cat\/ce\/8a-cursa-dels-gitanos-2018-2\/#breadcrumb"},"inLanguage":"ca","potentialAction":[{"@type":"ReadAction","target":["https:\/\/cetaradell.cat\/ce\/8a-cursa-dels-gitanos-2018-2\/"]}]},{"@type":"ImageObject","inLanguage":"ca","@id":"https:\/\/cetaradell.cat\/ce\/8a-cursa-dels-gitanos-2018-2\/#primaryimage","url":"https:\/\/cetaradell.cat\/ce\/wp-content\/uploads\/P1180683.jpg","contentUrl":"https:\/\/cetaradell.cat\/ce\/wp-content\/uploads\/P1180683.jpg","width":1000,"height":751},{"@type":"BreadcrumbList","@id":"https:\/\/cetaradell.cat\/ce\/8a-cursa-dels-gitanos-2018-2\/#breadcrumb","itemListElement":[{"@type":"ListItem","position":1,"name":"Inici","item":"https:\/\/cetaradell.cat\/ce\/"},{"@type":"ListItem","position":2,"name":"8a Cursa dels Gitanos &#8211; 2018"}]},{"@type":"WebSite","@id":"https:\/\/cetaradell.cat\/ce\/#website","url":"https:\/\/cetaradell.cat\/ce\/","name":"Centre Excursionista Taradell","description":"","potentialAction":[{"@type":"SearchAction","target":{"@type":"EntryPoint","urlTemplate":"https:\/\/cetaradell.cat\/ce\/?s={search_term_string}"},"query-input":{"@type":"PropertyValueSpecification","valueRequired":true,"valueName":"search_term_string"}}],"inLanguage":"ca"},{"@type":"Person","@id":"https:\/\/cetaradell.cat\/ce\/#\/schema\/person\/92a59f585073071c7be6649e84b22f78","name":"CET","image":{"@type":"ImageObject","inLanguage":"ca","@id":"https:\/\/secure.gravatar.com\/avatar\/d6fbe010d42056feccc0f613ed07277a5118442805079269f12dabdc42e1a727?s=96&d=mm&r=g","url":"https:\/\/secure.gravatar.com\/avatar\/d6fbe010d42056feccc0f613ed07277a5118442805079269f12dabdc42e1a727?s=96&d=mm&r=g","contentUrl":"https:\/\/secure.gravatar.com\/avatar\/d6fbe010d42056feccc0f613ed07277a5118442805079269f12dabdc42e1a727?s=96&d=mm&r=g","caption":"CET"},"url":"https:\/\/cetaradell.cat\/ce\/author\/root\/"}]}},"_links":{"self":[{"href":"https:\/\/cetaradell.cat\/ce\/wp-json\/wp\/v2\/posts\/6567","targetHints":{"allow":["GET"]}}],"collection":[{"href":"https:\/\/cetaradell.cat\/ce\/wp-json\/wp\/v2\/posts"}],"about":[{"href":"https:\/\/cetaradell.cat\/ce\/wp-json\/wp\/v2\/types\/post"}],"author":[{"embeddable":true,"href":"https:\/\/cetaradell.cat\/ce\/wp-json\/wp\/v2\/users\/1"}],"replies":[{"embeddable":true,"href":"https:\/\/cetaradell.cat\/ce\/wp-json\/wp\/v2\/comments?post=6567"}],"version-history":[{"count":0,"href":"https:\/\/cetaradell.cat\/ce\/wp-json\/wp\/v2\/posts\/6567\/revisions"}],"wp:featuredmedia":[{"embeddable":true,"href":"https:\/\/cetaradell.cat\/ce\/wp-json\/wp\/v2\/media\/6350"}],"wp:attachment":[{"href":"https:\/\/cetaradell.cat\/ce\/wp-json\/wp\/v2\/media?parent=6567"}],"wp:term":[{"taxonomy":"category","embeddable":true,"href":"https:\/\/cetaradell.cat\/ce\/wp-json\/wp\/v2\/categories?post=6567"},{"taxonomy":"post_tag","embeddable":true,"href":"https:\/\/cetaradell.cat\/ce\/wp-json\/wp\/v2\/tags?post=6567"}],"curies":[{"name":"wp","href":"https:\/\/api.w.org\/{rel}","templated":true}]}}