{"id":6596,"date":"2018-10-04T21:02:55","date_gmt":"2018-10-04T20:02:55","guid":{"rendered":"https:\/\/cetaradell.cat\/ce\/?p=6596"},"modified":"2020-06-03T22:16:25","modified_gmt":"2020-06-03T21:16:25","slug":"eduard-aguilera-3r-al-trailvertet-27-km","status":"publish","type":"post","link":"https:\/\/cetaradell.cat\/ce\/eduard-aguilera-3r-al-trailvertet-27-km\/","title":{"rendered":"Eduard Aguilera, 3r al Trailvertet 27 km"},"content":{"rendered":"<div id=\"attachment_6600\" style=\"width: 310px\" class=\"wp-caption alignleft\"><a href=\"https:\/\/cetaradell.cat\/ce\/wp-content\/uploads\/2018-09-30-trail_vertetfoto_trailsacabra-3.jpg\" target=\"_blank\" rel=\"attachment noopener wp-att-6600 noreferrer\"><img decoding=\"async\" aria-describedby=\"caption-attachment-6600\" class=\"wp-image-6600 size-medium\" src=\"https:\/\/cetaradell.cat\/ce\/wp-content\/uploads\/2018-09-30-trail_vertetfoto_trailsacabra-3-300x200.jpg\" alt=\"2018-09-30-trail_vertet(foto_trailsacabra) (3)\" width=\"300\" height=\"200\" srcset=\"https:\/\/cetaradell.cat\/ce\/wp-content\/uploads\/2018-09-30-trail_vertetfoto_trailsacabra-3-300x200.jpg 300w, https:\/\/cetaradell.cat\/ce\/wp-content\/uploads\/2018-09-30-trail_vertetfoto_trailsacabra-3-500x334.jpg 500w, https:\/\/cetaradell.cat\/ce\/wp-content\/uploads\/2018-09-30-trail_vertetfoto_trailsacabra-3-700x467.jpg 700w, https:\/\/cetaradell.cat\/ce\/wp-content\/uploads\/2018-09-30-trail_vertetfoto_trailsacabra-3-768x512.jpg 768w, https:\/\/cetaradell.cat\/ce\/wp-content\/uploads\/2018-09-30-trail_vertetfoto_trailsacabra-3-1024x683.jpg 1024w, https:\/\/cetaradell.cat\/ce\/wp-content\/uploads\/2018-09-30-trail_vertetfoto_trailsacabra-3.jpg 1439w\" sizes=\"(max-width: 300px) 100vw, 300px\" \/><\/a><p id=\"caption-attachment-6600\" class=\"wp-caption-text\">Eduard Aguilera al Trailvertet (Foto: Trailsacabra)<\/p><\/div>\n<p>L\u2019atleta <strong>Eduard Aguilera<\/strong>, del CET L\u2019Enclusa, \u00a0es va classificar en <strong>tercera posici\u00f3<\/strong> al <strong>Trailvertet de 27 km<\/strong> que es va disputar a Tavertet el diumenge 30 de setembre. Aquesta prova de 27 quil\u00f2metres i 1.400 metres de desnivell positiu es va disputar dins del Trailsacabra que constava de tres proves m\u00e9s: el Trailvertet\u00a0 de 14 quil\u00f2metres i el Trailsacabra i el Teamsacabra de 44 quil\u00f2metre.<\/p>\n<p>A la cursa de 27 km tamb\u00e9 hi va participar\u00a0 <strong>Miquel Codony<\/strong>, del CE Taradell, que es va classificar en una destacada 21a posici\u00f3 a la classificaci\u00f3 general i en 17a a la masculina.<\/p>\n<p>Aquest mateix cap de setmana es va disputar la <strong>Ultra Pirineu<\/strong> de 110 km de recorregut i 6.768 metres de desnivell positiu, amb sortida i arribada a Bag\u00e0. En aquesta dur\u00edssima prova hi van participar <strong>Jordi Aguilera<\/strong> i <strong>Jordi P\u00e9rez<\/strong> del CET L\u2019Enclusa. Jordi Aguilera amb un temps de 17 hores 18 minuts i\u00a0 1 segon es va classificar en una destacada 69a posici\u00f3 de la general i en 44a posici\u00f3 dels s\u00e8niors masculins. Jordi P\u00e9rez amb un temps de 26 hores 24 minuts i 48 segons va entrar en el lloc 454 i es va classificar en 178a posici\u00f3 dels veterans masculins.<\/p>\n<div id=\"attachment_6599\" style=\"width: 310px\" class=\"wp-caption aligncenter\"><a href=\"https:\/\/cetaradell.cat\/ce\/wp-content\/uploads\/2018-09-30-trail_vertetfoto_eva_salmeron-TRAILSACABRAFIREHAWK.jpg\" target=\"_blank\" rel=\"attachment noopener wp-att-6599 noreferrer\"><img decoding=\"async\" aria-describedby=\"caption-attachment-6599\" class=\"wp-image-6599 size-medium\" src=\"https:\/\/cetaradell.cat\/ce\/wp-content\/uploads\/2018-09-30-trail_vertetfoto_eva_salmeron-TRAILSACABRAFIREHAWK-300x225.jpg\" alt=\"2018-09-30-trail_vertet(foto_eva_salmeron-TRAILSACABRA&amp;FIREHAWK)\" width=\"300\" height=\"225\" srcset=\"https:\/\/cetaradell.cat\/ce\/wp-content\/uploads\/2018-09-30-trail_vertetfoto_eva_salmeron-TRAILSACABRAFIREHAWK-300x225.jpg 300w, https:\/\/cetaradell.cat\/ce\/wp-content\/uploads\/2018-09-30-trail_vertetfoto_eva_salmeron-TRAILSACABRAFIREHAWK-500x375.jpg 500w, https:\/\/cetaradell.cat\/ce\/wp-content\/uploads\/2018-09-30-trail_vertetfoto_eva_salmeron-TRAILSACABRAFIREHAWK-700x525.jpg 700w, https:\/\/cetaradell.cat\/ce\/wp-content\/uploads\/2018-09-30-trail_vertetfoto_eva_salmeron-TRAILSACABRAFIREHAWK-768x576.jpg 768w, https:\/\/cetaradell.cat\/ce\/wp-content\/uploads\/2018-09-30-trail_vertetfoto_eva_salmeron-TRAILSACABRAFIREHAWK-1024x768.jpg 1024w, https:\/\/cetaradell.cat\/ce\/wp-content\/uploads\/2018-09-30-trail_vertetfoto_eva_salmeron-TRAILSACABRAFIREHAWK.jpg 1728w\" sizes=\"(max-width: 300px) 100vw, 300px\" \/><\/a><p id=\"caption-attachment-6599\" class=\"wp-caption-text\">Sortida del Trailvertet amb Eduard Aguilera i Miquel Codony (Foto: Eva Salmeron &#8211; TRAILSACABR&amp;FIREHAWK)<\/p><\/div>\n<table>\n<tbody>\n<tr>\n<td>\n<p><div id=\"attachment_6598\" style=\"width: 310px\" class=\"wp-caption aligncenter\"><a href=\"https:\/\/cetaradell.cat\/ce\/wp-content\/uploads\/2018-09-29-UltraPirineufoto_Naciodigital_muntanya-1.jpg\" target=\"_blank\" rel=\"attachment noopener wp-att-6598 noreferrer\"><img decoding=\"async\" aria-describedby=\"caption-attachment-6598\" class=\"wp-image-6598 size-medium\" src=\"https:\/\/cetaradell.cat\/ce\/wp-content\/uploads\/2018-09-29-UltraPirineufoto_Naciodigital_muntanya-1-300x200.jpg\" alt=\"2018-09-29-UltraPirineu(foto_Naciodigital_muntanya) (1)\" width=\"300\" height=\"200\" srcset=\"https:\/\/cetaradell.cat\/ce\/wp-content\/uploads\/2018-09-29-UltraPirineufoto_Naciodigital_muntanya-1-300x200.jpg 300w, https:\/\/cetaradell.cat\/ce\/wp-content\/uploads\/2018-09-29-UltraPirineufoto_Naciodigital_muntanya-1-500x333.jpg 500w, https:\/\/cetaradell.cat\/ce\/wp-content\/uploads\/2018-09-29-UltraPirineufoto_Naciodigital_muntanya-1-700x466.jpg 700w, https:\/\/cetaradell.cat\/ce\/wp-content\/uploads\/2018-09-29-UltraPirineufoto_Naciodigital_muntanya-1-768x511.jpg 768w, https:\/\/cetaradell.cat\/ce\/wp-content\/uploads\/2018-09-29-UltraPirineufoto_Naciodigital_muntanya-1-1024x682.jpg 1024w, https:\/\/cetaradell.cat\/ce\/wp-content\/uploads\/2018-09-29-UltraPirineufoto_Naciodigital_muntanya-1.jpg 1200w\" sizes=\"(max-width: 300px) 100vw, 300px\" \/><\/a><p id=\"caption-attachment-6598\" class=\"wp-caption-text\">Jordi Aguilera a la Ultra Pirineu (Foto: Naciodigital Muntanya)<\/p><\/div><\/td>\n<td>\n<p><div id=\"attachment_6597\" style=\"width: 209px\" class=\"wp-caption aligncenter\"><a href=\"https:\/\/cetaradell.cat\/ce\/wp-content\/uploads\/2018-09-29-UltraPirineufoto_JordiPerez.jpg\" target=\"_blank\" rel=\"attachment noopener wp-att-6597 noreferrer\"><img decoding=\"async\" aria-describedby=\"caption-attachment-6597\" class=\"wp-image-6597\" src=\"https:\/\/cetaradell.cat\/ce\/wp-content\/uploads\/2018-09-29-UltraPirineufoto_JordiPerez-298x300.jpg\" alt=\"2018-09-29-UltraPirineu(foto_JordiPerez)\" width=\"199\" height=\"200\" srcset=\"https:\/\/cetaradell.cat\/ce\/wp-content\/uploads\/2018-09-29-UltraPirineufoto_JordiPerez-60x60.jpg 60w, https:\/\/cetaradell.cat\/ce\/wp-content\/uploads\/2018-09-29-UltraPirineufoto_JordiPerez-100x100.jpg 100w, https:\/\/cetaradell.cat\/ce\/wp-content\/uploads\/2018-09-29-UltraPirineufoto_JordiPerez-150x150.jpg 150w, https:\/\/cetaradell.cat\/ce\/wp-content\/uploads\/2018-09-29-UltraPirineufoto_JordiPerez-298x300.jpg 298w, https:\/\/cetaradell.cat\/ce\/wp-content\/uploads\/2018-09-29-UltraPirineufoto_JordiPerez-500x504.jpg 500w, https:\/\/cetaradell.cat\/ce\/wp-content\/uploads\/2018-09-29-UltraPirineufoto_JordiPerez-700x705.jpg 700w, https:\/\/cetaradell.cat\/ce\/wp-content\/uploads\/2018-09-29-UltraPirineufoto_JordiPerez-768x774.jpg 768w, https:\/\/cetaradell.cat\/ce\/wp-content\/uploads\/2018-09-29-UltraPirineufoto_JordiPerez-1016x1024.jpg 1016w, https:\/\/cetaradell.cat\/ce\/wp-content\/uploads\/2018-09-29-UltraPirineufoto_JordiPerez.jpg 1199w\" sizes=\"(max-width: 199px) 100vw, 199px\" \/><\/a><p id=\"caption-attachment-6597\" class=\"wp-caption-text\">Jordi P\u00e9rez a la Ultra Pirineu (Foto: J. P\u00e9rez)<\/p><\/div><\/td>\n<\/tr>\n<\/tbody>\n<\/table>\n<p>Per altra banda, <strong>Joan Llopart<\/strong> i <strong>Oriol Sentmart\u00ed<\/strong>, del CET, van participar a la Marat\u00f3 i a la Mitja Marat\u00f3, respectivament , que es van organitzar paral\u00b7lelament a la Ultra Pirineu i amb sortida i arribada a Bellver de Cerdanya. A la marat\u00f3 de 43 km i 2.400 metres de desnivell positiu, Joan Llopart es va classificar en el lloc 43 de la categoria m\u00e0sters masculins; i a la mitja marat\u00f3 de 20 km i 630 metres de desnivell positiu, Oriol Sentmart\u00ed es va classificar en 72\u00e8 lloc de la general i en el 55\u00e8 dels s\u00e8niors masculins.<\/p>\n","protected":false},"excerpt":{"rendered":"<p>L\u2019atleta Eduard Aguilera, del CET L\u2019Enclusa, \u00a0es va classificar en tercera posici\u00f3 al Trailvertet de 27 km que es va disputar a Tavertet el diumenge 30 de setembre. Aquesta prova de 27 quil\u00f2metres i 1.400 metres de desnivell positiu es va disputar dins del Trailsacabra que constava de tres proves  [&#8230;]<\/p>\n","protected":false},"author":1,"featured_media":6600,"comment_status":"closed","ping_status":"closed","sticky":false,"template":"","format":"standard","meta":{"footnotes":""},"categories":[32,3],"tags":[],"class_list":["post-6596","post","type-post","status-publish","format-standard","has-post-thumbnail","hentry","category-equip-cet-lenclusa","category-noticies"],"yoast_head":"<!-- This site is optimized with the Yoast SEO plugin v27.5 - https:\/\/yoast.com\/product\/yoast-seo-wordpress\/ -->\n<title>Eduard Aguilera, 3r al Trailvertet 27 km - Centre Excursionista Taradell<\/title>\n<meta name=\"robots\" content=\"index, follow, max-snippet:-1, max-image-preview:large, max-video-preview:-1\" \/>\n<link rel=\"canonical\" href=\"https:\/\/cetaradell.cat\/ce\/eduard-aguilera-3r-al-trailvertet-27-km\/\" \/>\n<meta property=\"og:locale\" content=\"ca_ES\" \/>\n<meta property=\"og:type\" content=\"article\" \/>\n<meta property=\"og:title\" content=\"Eduard Aguilera, 3r al Trailvertet 27 km - Centre Excursionista Taradell\" \/>\n<meta property=\"og:description\" content=\"L\u2019atleta Eduard Aguilera, del CET L\u2019Enclusa, \u00a0es va classificar en tercera posici\u00f3 al Trailvertet de 27 km que es va disputar a Tavertet el diumenge 30 de setembre. Aquesta prova de 27 quil\u00f2metres i 1.400 metres de desnivell positiu es va disputar dins del Trailsacabra que constava de tres proves [...]\" \/>\n<meta property=\"og:url\" content=\"https:\/\/cetaradell.cat\/ce\/eduard-aguilera-3r-al-trailvertet-27-km\/\" \/>\n<meta property=\"og:site_name\" content=\"Centre Excursionista Taradell\" \/>\n<meta property=\"article:publisher\" content=\"https:\/\/www.facebook.com\/CETaradell\/\" \/>\n<meta property=\"article:published_time\" content=\"2018-10-04T20:02:55+00:00\" \/>\n<meta property=\"article:modified_time\" content=\"2020-06-03T21:16:25+00:00\" \/>\n<meta property=\"og:image\" content=\"https:\/\/cetaradell.cat\/ce\/wp-content\/uploads\/2018-09-30-trail_vertetfoto_trailsacabra-3.jpg\" \/>\n\t<meta property=\"og:image:width\" content=\"1439\" \/>\n\t<meta property=\"og:image:height\" content=\"960\" \/>\n\t<meta property=\"og:image:type\" content=\"image\/jpeg\" \/>\n<meta name=\"author\" content=\"CET\" \/>\n<meta name=\"twitter:card\" content=\"summary_large_image\" \/>\n<meta name=\"twitter:label1\" content=\"Escrit per\" \/>\n\t<meta name=\"twitter:data1\" content=\"CET\" \/>\n\t<meta name=\"twitter:label2\" content=\"Temps estimat de lectura\" \/>\n\t<meta name=\"twitter:data2\" content=\"2 minuts\" \/>\n<script type=\"application\/ld+json\" class=\"yoast-schema-graph\">{\"@context\":\"https:\\\/\\\/schema.org\",\"@graph\":[{\"@type\":\"Article\",\"@id\":\"https:\\\/\\\/cetaradell.cat\\\/ce\\\/eduard-aguilera-3r-al-trailvertet-27-km\\\/#article\",\"isPartOf\":{\"@id\":\"https:\\\/\\\/cetaradell.cat\\\/ce\\\/eduard-aguilera-3r-al-trailvertet-27-km\\\/\"},\"author\":{\"name\":\"CET\",\"@id\":\"https:\\\/\\\/cetaradell.cat\\\/ce\\\/#\\\/schema\\\/person\\\/92a59f585073071c7be6649e84b22f78\"},\"headline\":\"Eduard Aguilera, 3r al Trailvertet 27 km\",\"datePublished\":\"2018-10-04T20:02:55+00:00\",\"dateModified\":\"2020-06-03T21:16:25+00:00\",\"mainEntityOfPage\":{\"@id\":\"https:\\\/\\\/cetaradell.cat\\\/ce\\\/eduard-aguilera-3r-al-trailvertet-27-km\\\/\"},\"wordCount\":366,\"image\":{\"@id\":\"https:\\\/\\\/cetaradell.cat\\\/ce\\\/eduard-aguilera-3r-al-trailvertet-27-km\\\/#primaryimage\"},\"thumbnailUrl\":\"https:\\\/\\\/cetaradell.cat\\\/ce\\\/wp-content\\\/uploads\\\/2018-09-30-trail_vertetfoto_trailsacabra-3.jpg\",\"articleSection\":[\"Equip CET-L'Enclusa\",\"Not\u00edcies\"],\"inLanguage\":\"ca\"},{\"@type\":\"WebPage\",\"@id\":\"https:\\\/\\\/cetaradell.cat\\\/ce\\\/eduard-aguilera-3r-al-trailvertet-27-km\\\/\",\"url\":\"https:\\\/\\\/cetaradell.cat\\\/ce\\\/eduard-aguilera-3r-al-trailvertet-27-km\\\/\",\"name\":\"Eduard Aguilera, 3r al Trailvertet 27 km - Centre Excursionista Taradell\",\"isPartOf\":{\"@id\":\"https:\\\/\\\/cetaradell.cat\\\/ce\\\/#website\"},\"primaryImageOfPage\":{\"@id\":\"https:\\\/\\\/cetaradell.cat\\\/ce\\\/eduard-aguilera-3r-al-trailvertet-27-km\\\/#primaryimage\"},\"image\":{\"@id\":\"https:\\\/\\\/cetaradell.cat\\\/ce\\\/eduard-aguilera-3r-al-trailvertet-27-km\\\/#primaryimage\"},\"thumbnailUrl\":\"https:\\\/\\\/cetaradell.cat\\\/ce\\\/wp-content\\\/uploads\\\/2018-09-30-trail_vertetfoto_trailsacabra-3.jpg\",\"datePublished\":\"2018-10-04T20:02:55+00:00\",\"dateModified\":\"2020-06-03T21:16:25+00:00\",\"author\":{\"@id\":\"https:\\\/\\\/cetaradell.cat\\\/ce\\\/#\\\/schema\\\/person\\\/92a59f585073071c7be6649e84b22f78\"},\"breadcrumb\":{\"@id\":\"https:\\\/\\\/cetaradell.cat\\\/ce\\\/eduard-aguilera-3r-al-trailvertet-27-km\\\/#breadcrumb\"},\"inLanguage\":\"ca\",\"potentialAction\":[{\"@type\":\"ReadAction\",\"target\":[\"https:\\\/\\\/cetaradell.cat\\\/ce\\\/eduard-aguilera-3r-al-trailvertet-27-km\\\/\"]}]},{\"@type\":\"ImageObject\",\"inLanguage\":\"ca\",\"@id\":\"https:\\\/\\\/cetaradell.cat\\\/ce\\\/eduard-aguilera-3r-al-trailvertet-27-km\\\/#primaryimage\",\"url\":\"https:\\\/\\\/cetaradell.cat\\\/ce\\\/wp-content\\\/uploads\\\/2018-09-30-trail_vertetfoto_trailsacabra-3.jpg\",\"contentUrl\":\"https:\\\/\\\/cetaradell.cat\\\/ce\\\/wp-content\\\/uploads\\\/2018-09-30-trail_vertetfoto_trailsacabra-3.jpg\",\"width\":1439,\"height\":960},{\"@type\":\"BreadcrumbList\",\"@id\":\"https:\\\/\\\/cetaradell.cat\\\/ce\\\/eduard-aguilera-3r-al-trailvertet-27-km\\\/#breadcrumb\",\"itemListElement\":[{\"@type\":\"ListItem\",\"position\":1,\"name\":\"Inici\",\"item\":\"https:\\\/\\\/cetaradell.cat\\\/ce\\\/\"},{\"@type\":\"ListItem\",\"position\":2,\"name\":\"Eduard Aguilera, 3r al Trailvertet 27 km\"}]},{\"@type\":\"WebSite\",\"@id\":\"https:\\\/\\\/cetaradell.cat\\\/ce\\\/#website\",\"url\":\"https:\\\/\\\/cetaradell.cat\\\/ce\\\/\",\"name\":\"Centre Excursionista Taradell\",\"description\":\"\",\"potentialAction\":[{\"@type\":\"SearchAction\",\"target\":{\"@type\":\"EntryPoint\",\"urlTemplate\":\"https:\\\/\\\/cetaradell.cat\\\/ce\\\/?s={search_term_string}\"},\"query-input\":{\"@type\":\"PropertyValueSpecification\",\"valueRequired\":true,\"valueName\":\"search_term_string\"}}],\"inLanguage\":\"ca\"},{\"@type\":\"Person\",\"@id\":\"https:\\\/\\\/cetaradell.cat\\\/ce\\\/#\\\/schema\\\/person\\\/92a59f585073071c7be6649e84b22f78\",\"name\":\"CET\",\"image\":{\"@type\":\"ImageObject\",\"inLanguage\":\"ca\",\"@id\":\"https:\\\/\\\/secure.gravatar.com\\\/avatar\\\/d6fbe010d42056feccc0f613ed07277a5118442805079269f12dabdc42e1a727?s=96&d=mm&r=g\",\"url\":\"https:\\\/\\\/secure.gravatar.com\\\/avatar\\\/d6fbe010d42056feccc0f613ed07277a5118442805079269f12dabdc42e1a727?s=96&d=mm&r=g\",\"contentUrl\":\"https:\\\/\\\/secure.gravatar.com\\\/avatar\\\/d6fbe010d42056feccc0f613ed07277a5118442805079269f12dabdc42e1a727?s=96&d=mm&r=g\",\"caption\":\"CET\"},\"url\":\"https:\\\/\\\/cetaradell.cat\\\/ce\\\/author\\\/root\\\/\"}]}<\/script>\n<!-- \/ Yoast SEO plugin. -->","yoast_head_json":{"title":"Eduard Aguilera, 3r al Trailvertet 27 km - Centre Excursionista Taradell","robots":{"index":"index","follow":"follow","max-snippet":"max-snippet:-1","max-image-preview":"max-image-preview:large","max-video-preview":"max-video-preview:-1"},"canonical":"https:\/\/cetaradell.cat\/ce\/eduard-aguilera-3r-al-trailvertet-27-km\/","og_locale":"ca_ES","og_type":"article","og_title":"Eduard Aguilera, 3r al Trailvertet 27 km - Centre Excursionista Taradell","og_description":"L\u2019atleta Eduard Aguilera, del CET L\u2019Enclusa, \u00a0es va classificar en tercera posici\u00f3 al Trailvertet de 27 km que es va disputar a Tavertet el diumenge 30 de setembre. Aquesta prova de 27 quil\u00f2metres i 1.400 metres de desnivell positiu es va disputar dins del Trailsacabra que constava de tres proves [...]","og_url":"https:\/\/cetaradell.cat\/ce\/eduard-aguilera-3r-al-trailvertet-27-km\/","og_site_name":"Centre Excursionista Taradell","article_publisher":"https:\/\/www.facebook.com\/CETaradell\/","article_published_time":"2018-10-04T20:02:55+00:00","article_modified_time":"2020-06-03T21:16:25+00:00","og_image":[{"width":1439,"height":960,"url":"https:\/\/cetaradell.cat\/ce\/wp-content\/uploads\/2018-09-30-trail_vertetfoto_trailsacabra-3.jpg","type":"image\/jpeg"}],"author":"CET","twitter_card":"summary_large_image","twitter_misc":{"Escrit per":"CET","Temps estimat de lectura":"2 minuts"},"schema":{"@context":"https:\/\/schema.org","@graph":[{"@type":"Article","@id":"https:\/\/cetaradell.cat\/ce\/eduard-aguilera-3r-al-trailvertet-27-km\/#article","isPartOf":{"@id":"https:\/\/cetaradell.cat\/ce\/eduard-aguilera-3r-al-trailvertet-27-km\/"},"author":{"name":"CET","@id":"https:\/\/cetaradell.cat\/ce\/#\/schema\/person\/92a59f585073071c7be6649e84b22f78"},"headline":"Eduard Aguilera, 3r al Trailvertet 27 km","datePublished":"2018-10-04T20:02:55+00:00","dateModified":"2020-06-03T21:16:25+00:00","mainEntityOfPage":{"@id":"https:\/\/cetaradell.cat\/ce\/eduard-aguilera-3r-al-trailvertet-27-km\/"},"wordCount":366,"image":{"@id":"https:\/\/cetaradell.cat\/ce\/eduard-aguilera-3r-al-trailvertet-27-km\/#primaryimage"},"thumbnailUrl":"https:\/\/cetaradell.cat\/ce\/wp-content\/uploads\/2018-09-30-trail_vertetfoto_trailsacabra-3.jpg","articleSection":["Equip CET-L'Enclusa","Not\u00edcies"],"inLanguage":"ca"},{"@type":"WebPage","@id":"https:\/\/cetaradell.cat\/ce\/eduard-aguilera-3r-al-trailvertet-27-km\/","url":"https:\/\/cetaradell.cat\/ce\/eduard-aguilera-3r-al-trailvertet-27-km\/","name":"Eduard Aguilera, 3r al Trailvertet 27 km - Centre Excursionista Taradell","isPartOf":{"@id":"https:\/\/cetaradell.cat\/ce\/#website"},"primaryImageOfPage":{"@id":"https:\/\/cetaradell.cat\/ce\/eduard-aguilera-3r-al-trailvertet-27-km\/#primaryimage"},"image":{"@id":"https:\/\/cetaradell.cat\/ce\/eduard-aguilera-3r-al-trailvertet-27-km\/#primaryimage"},"thumbnailUrl":"https:\/\/cetaradell.cat\/ce\/wp-content\/uploads\/2018-09-30-trail_vertetfoto_trailsacabra-3.jpg","datePublished":"2018-10-04T20:02:55+00:00","dateModified":"2020-06-03T21:16:25+00:00","author":{"@id":"https:\/\/cetaradell.cat\/ce\/#\/schema\/person\/92a59f585073071c7be6649e84b22f78"},"breadcrumb":{"@id":"https:\/\/cetaradell.cat\/ce\/eduard-aguilera-3r-al-trailvertet-27-km\/#breadcrumb"},"inLanguage":"ca","potentialAction":[{"@type":"ReadAction","target":["https:\/\/cetaradell.cat\/ce\/eduard-aguilera-3r-al-trailvertet-27-km\/"]}]},{"@type":"ImageObject","inLanguage":"ca","@id":"https:\/\/cetaradell.cat\/ce\/eduard-aguilera-3r-al-trailvertet-27-km\/#primaryimage","url":"https:\/\/cetaradell.cat\/ce\/wp-content\/uploads\/2018-09-30-trail_vertetfoto_trailsacabra-3.jpg","contentUrl":"https:\/\/cetaradell.cat\/ce\/wp-content\/uploads\/2018-09-30-trail_vertetfoto_trailsacabra-3.jpg","width":1439,"height":960},{"@type":"BreadcrumbList","@id":"https:\/\/cetaradell.cat\/ce\/eduard-aguilera-3r-al-trailvertet-27-km\/#breadcrumb","itemListElement":[{"@type":"ListItem","position":1,"name":"Inici","item":"https:\/\/cetaradell.cat\/ce\/"},{"@type":"ListItem","position":2,"name":"Eduard Aguilera, 3r al Trailvertet 27 km"}]},{"@type":"WebSite","@id":"https:\/\/cetaradell.cat\/ce\/#website","url":"https:\/\/cetaradell.cat\/ce\/","name":"Centre Excursionista Taradell","description":"","potentialAction":[{"@type":"SearchAction","target":{"@type":"EntryPoint","urlTemplate":"https:\/\/cetaradell.cat\/ce\/?s={search_term_string}"},"query-input":{"@type":"PropertyValueSpecification","valueRequired":true,"valueName":"search_term_string"}}],"inLanguage":"ca"},{"@type":"Person","@id":"https:\/\/cetaradell.cat\/ce\/#\/schema\/person\/92a59f585073071c7be6649e84b22f78","name":"CET","image":{"@type":"ImageObject","inLanguage":"ca","@id":"https:\/\/secure.gravatar.com\/avatar\/d6fbe010d42056feccc0f613ed07277a5118442805079269f12dabdc42e1a727?s=96&d=mm&r=g","url":"https:\/\/secure.gravatar.com\/avatar\/d6fbe010d42056feccc0f613ed07277a5118442805079269f12dabdc42e1a727?s=96&d=mm&r=g","contentUrl":"https:\/\/secure.gravatar.com\/avatar\/d6fbe010d42056feccc0f613ed07277a5118442805079269f12dabdc42e1a727?s=96&d=mm&r=g","caption":"CET"},"url":"https:\/\/cetaradell.cat\/ce\/author\/root\/"}]}},"_links":{"self":[{"href":"https:\/\/cetaradell.cat\/ce\/wp-json\/wp\/v2\/posts\/6596","targetHints":{"allow":["GET"]}}],"collection":[{"href":"https:\/\/cetaradell.cat\/ce\/wp-json\/wp\/v2\/posts"}],"about":[{"href":"https:\/\/cetaradell.cat\/ce\/wp-json\/wp\/v2\/types\/post"}],"author":[{"embeddable":true,"href":"https:\/\/cetaradell.cat\/ce\/wp-json\/wp\/v2\/users\/1"}],"replies":[{"embeddable":true,"href":"https:\/\/cetaradell.cat\/ce\/wp-json\/wp\/v2\/comments?post=6596"}],"version-history":[{"count":0,"href":"https:\/\/cetaradell.cat\/ce\/wp-json\/wp\/v2\/posts\/6596\/revisions"}],"wp:featuredmedia":[{"embeddable":true,"href":"https:\/\/cetaradell.cat\/ce\/wp-json\/wp\/v2\/media\/6600"}],"wp:attachment":[{"href":"https:\/\/cetaradell.cat\/ce\/wp-json\/wp\/v2\/media?parent=6596"}],"wp:term":[{"taxonomy":"category","embeddable":true,"href":"https:\/\/cetaradell.cat\/ce\/wp-json\/wp\/v2\/categories?post=6596"},{"taxonomy":"post_tag","embeddable":true,"href":"https:\/\/cetaradell.cat\/ce\/wp-json\/wp\/v2\/tags?post=6596"}],"curies":[{"name":"wp","href":"https:\/\/api.w.org\/{rel}","templated":true}]}}