{"id":6607,"date":"2018-10-15T23:27:17","date_gmt":"2018-10-15T22:27:17","guid":{"rendered":"https:\/\/cetaradell.cat\/ce\/?p=6607"},"modified":"2020-06-03T22:07:53","modified_gmt":"2020-06-03T21:07:53","slug":"orientadors-del-cet-al-trofeu-nazaries","status":"publish","type":"post","link":"https:\/\/cetaradell.cat\/ce\/orientadors-del-cet-al-trofeu-nazaries\/","title":{"rendered":"Orientadors del CET al Trofeu Nazar\u00edes"},"content":{"rendered":"<div id=\"attachment_6610\" style=\"width: 310px\" class=\"wp-caption alignleft\"><a href=\"https:\/\/cetaradell.cat\/ce\/wp-content\/uploads\/2018-10-13-TrofeuNazar\u00edes_SprintfotoMBallabrigab.jpeg\" target=\"_blank\" rel=\"attachment noopener wp-att-6610 noreferrer\"><img decoding=\"async\" aria-describedby=\"caption-attachment-6610\" class=\"wp-image-6610 size-medium\" src=\"https:\/\/cetaradell.cat\/ce\/wp-content\/uploads\/2018-10-13-TrofeuNazar\u00edes_SprintfotoMBallabrigab-300x225.jpeg\" alt=\"2018-10-13-TrofeuNazar\u00edes_Sprint(fotoMBallabriga)b\" width=\"300\" height=\"225\" srcset=\"https:\/\/cetaradell.cat\/ce\/wp-content\/uploads\/2018-10-13-TrofeuNazar\u00edes_SprintfotoMBallabrigab-300x225.jpeg 300w, https:\/\/cetaradell.cat\/ce\/wp-content\/uploads\/2018-10-13-TrofeuNazar\u00edes_SprintfotoMBallabrigab-500x375.jpeg 500w, https:\/\/cetaradell.cat\/ce\/wp-content\/uploads\/2018-10-13-TrofeuNazar\u00edes_SprintfotoMBallabrigab-700x525.jpeg 700w, https:\/\/cetaradell.cat\/ce\/wp-content\/uploads\/2018-10-13-TrofeuNazar\u00edes_SprintfotoMBallabrigab-768x576.jpeg 768w, https:\/\/cetaradell.cat\/ce\/wp-content\/uploads\/2018-10-13-TrofeuNazar\u00edes_SprintfotoMBallabrigab-1024x768.jpeg 1024w, https:\/\/cetaradell.cat\/ce\/wp-content\/uploads\/2018-10-13-TrofeuNazar\u00edes_SprintfotoMBallabrigab.jpeg 1198w\" sizes=\"(max-width: 300px) 100vw, 300px\" \/><\/a><p id=\"caption-attachment-6610\" class=\"wp-caption-text\">Podi de la categoria 21A de la Sprint (Foto: M. Ballabriga)<\/p><\/div>\n<p>Tres orientadors del CET van participar\u00a0 en el <strong>VI Trofeu Nazar\u00edes<\/strong>, celebrat del 12 al 14 d\u2019octubre a la Sierra de Baza (Granada). El Trofeu Nazar\u00edes va ser la onzena prova de les dotze que formen part del lliga espanyola d\u2019orientaci\u00f3 a peu i tamb\u00e9 puntuava per a la lliga andalusa O-pie. Aquesta prova d\u2019orientaci\u00f3 va constar de tres curses, una de mitja dist\u00e0ncia i una de llarga dist\u00e0ncia que puntuaven pel trofeu i una Sprint que puntuava a part.<\/p>\n<p><strong>Meritxell Freixas<\/strong> va aconseguir el <strong>primer lloc<\/strong> en dues de les proves a la categoria 21A femenina; a la sprint i a la cursa de llarga dist\u00e0ncia. La cursa de mitja dist\u00e0ncia no li va anar tant b\u00e9 i es va classificar en 10a posici\u00f3, fet que la va deixar en <strong>4r lloc del Trofeu<\/strong>.<\/p>\n<p>Els altres dos participants del CET van ser <strong>Josep Maria Freixas<\/strong> i <strong>Marc Ballabriga <\/strong>que es van classificar en 10\u00e8 i 14\u00e8 lloc a la prova Sprint, i en 22\u00e8 i 24\u00e8 lloc respectivament\u00a0 de la classificaci\u00f3 general del Trofeu Nazar\u00edes, ambdues proves a la categoria 21A masculina.<\/p>\n<table>\n<tbody>\n<tr>\n<td>\n<p><div id=\"attachment_6608\" style=\"width: 310px\" class=\"wp-caption aligncenter\"><a href=\"https:\/\/cetaradell.cat\/ce\/wp-content\/uploads\/2018-10-13-TrofeuNazar\u00edesfoto_www.oveleta.com-45.jpeg\" target=\"_blank\" rel=\"attachment noopener wp-att-6608 noreferrer\"><img decoding=\"async\" aria-describedby=\"caption-attachment-6608\" class=\"wp-image-6608 size-medium\" src=\"https:\/\/cetaradell.cat\/ce\/wp-content\/uploads\/2018-10-13-TrofeuNazar\u00edesfoto_www.oveleta.com-45-300x200.jpeg\" alt=\"2018-10-13-TrofeuNazar\u00edes(foto_www.oveleta.com) (45)\" width=\"300\" height=\"200\" srcset=\"https:\/\/cetaradell.cat\/ce\/wp-content\/uploads\/2018-10-13-TrofeuNazar\u00edesfoto_www.oveleta.com-45-300x200.jpeg 300w, https:\/\/cetaradell.cat\/ce\/wp-content\/uploads\/2018-10-13-TrofeuNazar\u00edesfoto_www.oveleta.com-45-500x333.jpeg 500w, https:\/\/cetaradell.cat\/ce\/wp-content\/uploads\/2018-10-13-TrofeuNazar\u00edesfoto_www.oveleta.com-45-700x467.jpeg 700w, https:\/\/cetaradell.cat\/ce\/wp-content\/uploads\/2018-10-13-TrofeuNazar\u00edesfoto_www.oveleta.com-45-768x512.jpeg 768w, https:\/\/cetaradell.cat\/ce\/wp-content\/uploads\/2018-10-13-TrofeuNazar\u00edesfoto_www.oveleta.com-45.jpeg 912w\" sizes=\"(max-width: 300px) 100vw, 300px\" \/><\/a><p id=\"caption-attachment-6608\" class=\"wp-caption-text\">Josep M. Freixas a la prova de mitja dist\u00e0ncia (Foto: Ana Adela Cernicharo)<\/p><\/div><\/td>\n<td>\n<p><div id=\"attachment_6609\" style=\"width: 210px\" class=\"wp-caption aligncenter\"><a href=\"https:\/\/cetaradell.cat\/ce\/wp-content\/uploads\/2018-10-13-TrofeuNazar\u00edesfoto_www.oveleta.com-55.jpeg\" target=\"_blank\" rel=\"attachment noopener wp-att-6609 noreferrer\"><img decoding=\"async\" aria-describedby=\"caption-attachment-6609\" class=\"wp-image-6609 size-medium\" src=\"https:\/\/cetaradell.cat\/ce\/wp-content\/uploads\/2018-10-13-TrofeuNazar\u00edesfoto_www.oveleta.com-55-200x300.jpeg\" alt=\"2018-10-13-TrofeuNazar\u00edes(foto_www.oveleta.com) (55)\" width=\"200\" height=\"300\" srcset=\"https:\/\/cetaradell.cat\/ce\/wp-content\/uploads\/2018-10-13-TrofeuNazar\u00edesfoto_www.oveleta.com-55-200x300.jpeg 200w, https:\/\/cetaradell.cat\/ce\/wp-content\/uploads\/2018-10-13-TrofeuNazar\u00edesfoto_www.oveleta.com-55.jpeg 405w\" sizes=\"(max-width: 200px) 100vw, 200px\" \/><\/a><p id=\"caption-attachment-6609\" class=\"wp-caption-text\">Marc Ballabriga a la prova Sprint (Foto: Inma G\u00f3rriz)<\/p><\/div><\/td>\n<\/tr>\n<\/tbody>\n<\/table>\n","protected":false},"excerpt":{"rendered":"<p>Tres orientadors del CET van participar\u00a0 en el VI Trofeu Nazar\u00edes, celebrat del 12 al 14 d\u2019octubre a la Sierra de Baza (Granada). El Trofeu Nazar\u00edes va ser la onzena prova de les dotze que formen part del lliga espanyola d\u2019orientaci\u00f3 a peu i tamb\u00e9 puntuava per a la lliga  [&#8230;]<\/p>\n","protected":false},"author":1,"featured_media":6610,"comment_status":"closed","ping_status":"closed","sticky":false,"template":"","format":"standard","meta":{"footnotes":""},"categories":[46,3],"tags":[],"class_list":["post-6607","post","type-post","status-publish","format-standard","has-post-thumbnail","hentry","category-equip-cet-lenclusa-o","category-noticies"],"yoast_head":"<!-- This site is optimized with the Yoast SEO plugin v27.4 - https:\/\/yoast.com\/product\/yoast-seo-wordpress\/ -->\n<title>Orientadors del CET al Trofeu Nazar\u00edes - Centre Excursionista Taradell<\/title>\n<meta name=\"robots\" content=\"index, follow, max-snippet:-1, max-image-preview:large, max-video-preview:-1\" \/>\n<link rel=\"canonical\" href=\"https:\/\/cetaradell.cat\/ce\/orientadors-del-cet-al-trofeu-nazaries\/\" \/>\n<meta property=\"og:locale\" content=\"ca_ES\" \/>\n<meta property=\"og:type\" content=\"article\" \/>\n<meta property=\"og:title\" content=\"Orientadors del CET al Trofeu Nazar\u00edes - Centre Excursionista Taradell\" \/>\n<meta property=\"og:description\" content=\"Tres orientadors del CET van participar\u00a0 en el VI Trofeu Nazar\u00edes, celebrat del 12 al 14 d\u2019octubre a la Sierra de Baza (Granada). El Trofeu Nazar\u00edes va ser la onzena prova de les dotze que formen part del lliga espanyola d\u2019orientaci\u00f3 a peu i tamb\u00e9 puntuava per a la lliga [...]\" \/>\n<meta property=\"og:url\" content=\"https:\/\/cetaradell.cat\/ce\/orientadors-del-cet-al-trofeu-nazaries\/\" \/>\n<meta property=\"og:site_name\" content=\"Centre Excursionista Taradell\" \/>\n<meta property=\"article:publisher\" content=\"https:\/\/www.facebook.com\/CETaradell\/\" \/>\n<meta property=\"article:published_time\" content=\"2018-10-15T22:27:17+00:00\" \/>\n<meta property=\"article:modified_time\" content=\"2020-06-03T21:07:53+00:00\" \/>\n<meta property=\"og:image\" content=\"https:\/\/cetaradell.cat\/ce\/wp-content\/uploads\/2018-10-13-TrofeuNazar\u00edes_SprintfotoMBallabrigab.jpeg\" \/>\n\t<meta property=\"og:image:width\" content=\"1198\" \/>\n\t<meta property=\"og:image:height\" content=\"898\" \/>\n\t<meta property=\"og:image:type\" content=\"image\/jpeg\" \/>\n<meta name=\"author\" content=\"CET\" \/>\n<meta name=\"twitter:card\" content=\"summary_large_image\" \/>\n<meta name=\"twitter:label1\" content=\"Escrit per\" \/>\n\t<meta name=\"twitter:data1\" content=\"CET\" \/>\n\t<meta name=\"twitter:label2\" content=\"Temps estimat de lectura\" \/>\n\t<meta name=\"twitter:data2\" content=\"1 minut\" \/>\n<script type=\"application\/ld+json\" class=\"yoast-schema-graph\">{\"@context\":\"https:\\\/\\\/schema.org\",\"@graph\":[{\"@type\":\"Article\",\"@id\":\"https:\\\/\\\/cetaradell.cat\\\/ce\\\/orientadors-del-cet-al-trofeu-nazaries\\\/#article\",\"isPartOf\":{\"@id\":\"https:\\\/\\\/cetaradell.cat\\\/ce\\\/orientadors-del-cet-al-trofeu-nazaries\\\/\"},\"author\":{\"name\":\"CET\",\"@id\":\"https:\\\/\\\/cetaradell.cat\\\/ce\\\/#\\\/schema\\\/person\\\/92a59f585073071c7be6649e84b22f78\"},\"headline\":\"Orientadors del CET al Trofeu Nazar\u00edes\",\"datePublished\":\"2018-10-15T22:27:17+00:00\",\"dateModified\":\"2020-06-03T21:07:53+00:00\",\"mainEntityOfPage\":{\"@id\":\"https:\\\/\\\/cetaradell.cat\\\/ce\\\/orientadors-del-cet-al-trofeu-nazaries\\\/\"},\"wordCount\":250,\"image\":{\"@id\":\"https:\\\/\\\/cetaradell.cat\\\/ce\\\/orientadors-del-cet-al-trofeu-nazaries\\\/#primaryimage\"},\"thumbnailUrl\":\"https:\\\/\\\/cetaradell.cat\\\/ce\\\/wp-content\\\/uploads\\\/2018-10-13-TrofeuNazar\u00edes_SprintfotoMBallabrigab.jpeg\",\"articleSection\":[\"Equip CET L'Enclusa-O\",\"Not\u00edcies\"],\"inLanguage\":\"ca\"},{\"@type\":\"WebPage\",\"@id\":\"https:\\\/\\\/cetaradell.cat\\\/ce\\\/orientadors-del-cet-al-trofeu-nazaries\\\/\",\"url\":\"https:\\\/\\\/cetaradell.cat\\\/ce\\\/orientadors-del-cet-al-trofeu-nazaries\\\/\",\"name\":\"Orientadors del CET al Trofeu Nazar\u00edes - Centre Excursionista Taradell\",\"isPartOf\":{\"@id\":\"https:\\\/\\\/cetaradell.cat\\\/ce\\\/#website\"},\"primaryImageOfPage\":{\"@id\":\"https:\\\/\\\/cetaradell.cat\\\/ce\\\/orientadors-del-cet-al-trofeu-nazaries\\\/#primaryimage\"},\"image\":{\"@id\":\"https:\\\/\\\/cetaradell.cat\\\/ce\\\/orientadors-del-cet-al-trofeu-nazaries\\\/#primaryimage\"},\"thumbnailUrl\":\"https:\\\/\\\/cetaradell.cat\\\/ce\\\/wp-content\\\/uploads\\\/2018-10-13-TrofeuNazar\u00edes_SprintfotoMBallabrigab.jpeg\",\"datePublished\":\"2018-10-15T22:27:17+00:00\",\"dateModified\":\"2020-06-03T21:07:53+00:00\",\"author\":{\"@id\":\"https:\\\/\\\/cetaradell.cat\\\/ce\\\/#\\\/schema\\\/person\\\/92a59f585073071c7be6649e84b22f78\"},\"breadcrumb\":{\"@id\":\"https:\\\/\\\/cetaradell.cat\\\/ce\\\/orientadors-del-cet-al-trofeu-nazaries\\\/#breadcrumb\"},\"inLanguage\":\"ca\",\"potentialAction\":[{\"@type\":\"ReadAction\",\"target\":[\"https:\\\/\\\/cetaradell.cat\\\/ce\\\/orientadors-del-cet-al-trofeu-nazaries\\\/\"]}]},{\"@type\":\"ImageObject\",\"inLanguage\":\"ca\",\"@id\":\"https:\\\/\\\/cetaradell.cat\\\/ce\\\/orientadors-del-cet-al-trofeu-nazaries\\\/#primaryimage\",\"url\":\"https:\\\/\\\/cetaradell.cat\\\/ce\\\/wp-content\\\/uploads\\\/2018-10-13-TrofeuNazar\u00edes_SprintfotoMBallabrigab.jpeg\",\"contentUrl\":\"https:\\\/\\\/cetaradell.cat\\\/ce\\\/wp-content\\\/uploads\\\/2018-10-13-TrofeuNazar\u00edes_SprintfotoMBallabrigab.jpeg\",\"width\":1198,\"height\":898},{\"@type\":\"BreadcrumbList\",\"@id\":\"https:\\\/\\\/cetaradell.cat\\\/ce\\\/orientadors-del-cet-al-trofeu-nazaries\\\/#breadcrumb\",\"itemListElement\":[{\"@type\":\"ListItem\",\"position\":1,\"name\":\"Inici\",\"item\":\"https:\\\/\\\/cetaradell.cat\\\/ce\\\/\"},{\"@type\":\"ListItem\",\"position\":2,\"name\":\"Orientadors del CET al Trofeu Nazar\u00edes\"}]},{\"@type\":\"WebSite\",\"@id\":\"https:\\\/\\\/cetaradell.cat\\\/ce\\\/#website\",\"url\":\"https:\\\/\\\/cetaradell.cat\\\/ce\\\/\",\"name\":\"Centre Excursionista Taradell\",\"description\":\"\",\"potentialAction\":[{\"@type\":\"SearchAction\",\"target\":{\"@type\":\"EntryPoint\",\"urlTemplate\":\"https:\\\/\\\/cetaradell.cat\\\/ce\\\/?s={search_term_string}\"},\"query-input\":{\"@type\":\"PropertyValueSpecification\",\"valueRequired\":true,\"valueName\":\"search_term_string\"}}],\"inLanguage\":\"ca\"},{\"@type\":\"Person\",\"@id\":\"https:\\\/\\\/cetaradell.cat\\\/ce\\\/#\\\/schema\\\/person\\\/92a59f585073071c7be6649e84b22f78\",\"name\":\"CET\",\"image\":{\"@type\":\"ImageObject\",\"inLanguage\":\"ca\",\"@id\":\"https:\\\/\\\/secure.gravatar.com\\\/avatar\\\/d6fbe010d42056feccc0f613ed07277a5118442805079269f12dabdc42e1a727?s=96&d=mm&r=g\",\"url\":\"https:\\\/\\\/secure.gravatar.com\\\/avatar\\\/d6fbe010d42056feccc0f613ed07277a5118442805079269f12dabdc42e1a727?s=96&d=mm&r=g\",\"contentUrl\":\"https:\\\/\\\/secure.gravatar.com\\\/avatar\\\/d6fbe010d42056feccc0f613ed07277a5118442805079269f12dabdc42e1a727?s=96&d=mm&r=g\",\"caption\":\"CET\"},\"url\":\"https:\\\/\\\/cetaradell.cat\\\/ce\\\/author\\\/root\\\/\"}]}<\/script>\n<!-- \/ Yoast SEO plugin. -->","yoast_head_json":{"title":"Orientadors del CET al Trofeu Nazar\u00edes - Centre Excursionista Taradell","robots":{"index":"index","follow":"follow","max-snippet":"max-snippet:-1","max-image-preview":"max-image-preview:large","max-video-preview":"max-video-preview:-1"},"canonical":"https:\/\/cetaradell.cat\/ce\/orientadors-del-cet-al-trofeu-nazaries\/","og_locale":"ca_ES","og_type":"article","og_title":"Orientadors del CET al Trofeu Nazar\u00edes - Centre Excursionista Taradell","og_description":"Tres orientadors del CET van participar\u00a0 en el VI Trofeu Nazar\u00edes, celebrat del 12 al 14 d\u2019octubre a la Sierra de Baza (Granada). El Trofeu Nazar\u00edes va ser la onzena prova de les dotze que formen part del lliga espanyola d\u2019orientaci\u00f3 a peu i tamb\u00e9 puntuava per a la lliga [...]","og_url":"https:\/\/cetaradell.cat\/ce\/orientadors-del-cet-al-trofeu-nazaries\/","og_site_name":"Centre Excursionista Taradell","article_publisher":"https:\/\/www.facebook.com\/CETaradell\/","article_published_time":"2018-10-15T22:27:17+00:00","article_modified_time":"2020-06-03T21:07:53+00:00","og_image":[{"width":1198,"height":898,"url":"https:\/\/cetaradell.cat\/ce\/wp-content\/uploads\/2018-10-13-TrofeuNazar\u00edes_SprintfotoMBallabrigab.jpeg","type":"image\/jpeg"}],"author":"CET","twitter_card":"summary_large_image","twitter_misc":{"Escrit per":"CET","Temps estimat de lectura":"1 minut"},"schema":{"@context":"https:\/\/schema.org","@graph":[{"@type":"Article","@id":"https:\/\/cetaradell.cat\/ce\/orientadors-del-cet-al-trofeu-nazaries\/#article","isPartOf":{"@id":"https:\/\/cetaradell.cat\/ce\/orientadors-del-cet-al-trofeu-nazaries\/"},"author":{"name":"CET","@id":"https:\/\/cetaradell.cat\/ce\/#\/schema\/person\/92a59f585073071c7be6649e84b22f78"},"headline":"Orientadors del CET al Trofeu Nazar\u00edes","datePublished":"2018-10-15T22:27:17+00:00","dateModified":"2020-06-03T21:07:53+00:00","mainEntityOfPage":{"@id":"https:\/\/cetaradell.cat\/ce\/orientadors-del-cet-al-trofeu-nazaries\/"},"wordCount":250,"image":{"@id":"https:\/\/cetaradell.cat\/ce\/orientadors-del-cet-al-trofeu-nazaries\/#primaryimage"},"thumbnailUrl":"https:\/\/cetaradell.cat\/ce\/wp-content\/uploads\/2018-10-13-TrofeuNazar\u00edes_SprintfotoMBallabrigab.jpeg","articleSection":["Equip CET L'Enclusa-O","Not\u00edcies"],"inLanguage":"ca"},{"@type":"WebPage","@id":"https:\/\/cetaradell.cat\/ce\/orientadors-del-cet-al-trofeu-nazaries\/","url":"https:\/\/cetaradell.cat\/ce\/orientadors-del-cet-al-trofeu-nazaries\/","name":"Orientadors del CET al Trofeu Nazar\u00edes - Centre Excursionista Taradell","isPartOf":{"@id":"https:\/\/cetaradell.cat\/ce\/#website"},"primaryImageOfPage":{"@id":"https:\/\/cetaradell.cat\/ce\/orientadors-del-cet-al-trofeu-nazaries\/#primaryimage"},"image":{"@id":"https:\/\/cetaradell.cat\/ce\/orientadors-del-cet-al-trofeu-nazaries\/#primaryimage"},"thumbnailUrl":"https:\/\/cetaradell.cat\/ce\/wp-content\/uploads\/2018-10-13-TrofeuNazar\u00edes_SprintfotoMBallabrigab.jpeg","datePublished":"2018-10-15T22:27:17+00:00","dateModified":"2020-06-03T21:07:53+00:00","author":{"@id":"https:\/\/cetaradell.cat\/ce\/#\/schema\/person\/92a59f585073071c7be6649e84b22f78"},"breadcrumb":{"@id":"https:\/\/cetaradell.cat\/ce\/orientadors-del-cet-al-trofeu-nazaries\/#breadcrumb"},"inLanguage":"ca","potentialAction":[{"@type":"ReadAction","target":["https:\/\/cetaradell.cat\/ce\/orientadors-del-cet-al-trofeu-nazaries\/"]}]},{"@type":"ImageObject","inLanguage":"ca","@id":"https:\/\/cetaradell.cat\/ce\/orientadors-del-cet-al-trofeu-nazaries\/#primaryimage","url":"https:\/\/cetaradell.cat\/ce\/wp-content\/uploads\/2018-10-13-TrofeuNazar\u00edes_SprintfotoMBallabrigab.jpeg","contentUrl":"https:\/\/cetaradell.cat\/ce\/wp-content\/uploads\/2018-10-13-TrofeuNazar\u00edes_SprintfotoMBallabrigab.jpeg","width":1198,"height":898},{"@type":"BreadcrumbList","@id":"https:\/\/cetaradell.cat\/ce\/orientadors-del-cet-al-trofeu-nazaries\/#breadcrumb","itemListElement":[{"@type":"ListItem","position":1,"name":"Inici","item":"https:\/\/cetaradell.cat\/ce\/"},{"@type":"ListItem","position":2,"name":"Orientadors del CET al Trofeu Nazar\u00edes"}]},{"@type":"WebSite","@id":"https:\/\/cetaradell.cat\/ce\/#website","url":"https:\/\/cetaradell.cat\/ce\/","name":"Centre Excursionista Taradell","description":"","potentialAction":[{"@type":"SearchAction","target":{"@type":"EntryPoint","urlTemplate":"https:\/\/cetaradell.cat\/ce\/?s={search_term_string}"},"query-input":{"@type":"PropertyValueSpecification","valueRequired":true,"valueName":"search_term_string"}}],"inLanguage":"ca"},{"@type":"Person","@id":"https:\/\/cetaradell.cat\/ce\/#\/schema\/person\/92a59f585073071c7be6649e84b22f78","name":"CET","image":{"@type":"ImageObject","inLanguage":"ca","@id":"https:\/\/secure.gravatar.com\/avatar\/d6fbe010d42056feccc0f613ed07277a5118442805079269f12dabdc42e1a727?s=96&d=mm&r=g","url":"https:\/\/secure.gravatar.com\/avatar\/d6fbe010d42056feccc0f613ed07277a5118442805079269f12dabdc42e1a727?s=96&d=mm&r=g","contentUrl":"https:\/\/secure.gravatar.com\/avatar\/d6fbe010d42056feccc0f613ed07277a5118442805079269f12dabdc42e1a727?s=96&d=mm&r=g","caption":"CET"},"url":"https:\/\/cetaradell.cat\/ce\/author\/root\/"}]}},"_links":{"self":[{"href":"https:\/\/cetaradell.cat\/ce\/wp-json\/wp\/v2\/posts\/6607","targetHints":{"allow":["GET"]}}],"collection":[{"href":"https:\/\/cetaradell.cat\/ce\/wp-json\/wp\/v2\/posts"}],"about":[{"href":"https:\/\/cetaradell.cat\/ce\/wp-json\/wp\/v2\/types\/post"}],"author":[{"embeddable":true,"href":"https:\/\/cetaradell.cat\/ce\/wp-json\/wp\/v2\/users\/1"}],"replies":[{"embeddable":true,"href":"https:\/\/cetaradell.cat\/ce\/wp-json\/wp\/v2\/comments?post=6607"}],"version-history":[{"count":0,"href":"https:\/\/cetaradell.cat\/ce\/wp-json\/wp\/v2\/posts\/6607\/revisions"}],"wp:featuredmedia":[{"embeddable":true,"href":"https:\/\/cetaradell.cat\/ce\/wp-json\/wp\/v2\/media\/6610"}],"wp:attachment":[{"href":"https:\/\/cetaradell.cat\/ce\/wp-json\/wp\/v2\/media?parent=6607"}],"wp:term":[{"taxonomy":"category","embeddable":true,"href":"https:\/\/cetaradell.cat\/ce\/wp-json\/wp\/v2\/categories?post=6607"},{"taxonomy":"post_tag","embeddable":true,"href":"https:\/\/cetaradell.cat\/ce\/wp-json\/wp\/v2\/tags?post=6607"}],"curies":[{"name":"wp","href":"https:\/\/api.w.org\/{rel}","templated":true}]}}