{"id":6621,"date":"2018-11-05T00:37:37","date_gmt":"2018-11-04T23:37:37","guid":{"rendered":"https:\/\/cetaradell.cat\/ce\/?p=6621"},"modified":"2020-06-03T22:05:00","modified_gmt":"2020-06-03T21:05:00","slug":"podi-del-cet-als-2-dies-del-bergueda","status":"publish","type":"post","link":"https:\/\/cetaradell.cat\/ce\/podi-del-cet-als-2-dies-del-bergueda\/","title":{"rendered":"Podi del CET als 2 Dies del Bergued\u00e0"},"content":{"rendered":"<div id=\"attachment_6622\" style=\"width: 310px\" class=\"wp-caption alignleft\"><a href=\"https:\/\/cetaradell.cat\/ce\/wp-content\/uploads\/2018-11-04-2Dies_del_Bergueda.jpg\" target=\"_blank\" rel=\"attachment noopener wp-att-6622 noreferrer\"><img decoding=\"async\" aria-describedby=\"caption-attachment-6622\" class=\"wp-image-6622 size-medium\" src=\"https:\/\/cetaradell.cat\/ce\/wp-content\/uploads\/2018-11-04-2Dies_del_Bergueda-300x300.jpg\" alt=\"2018-11-04-2Dies_del_Bergueda\" width=\"300\" height=\"300\" srcset=\"https:\/\/cetaradell.cat\/ce\/wp-content\/uploads\/2018-11-04-2Dies_del_Bergueda-60x60.jpg 60w, https:\/\/cetaradell.cat\/ce\/wp-content\/uploads\/2018-11-04-2Dies_del_Bergueda-100x100.jpg 100w, https:\/\/cetaradell.cat\/ce\/wp-content\/uploads\/2018-11-04-2Dies_del_Bergueda-150x150.jpg 150w, https:\/\/cetaradell.cat\/ce\/wp-content\/uploads\/2018-11-04-2Dies_del_Bergueda-300x300.jpg 300w, https:\/\/cetaradell.cat\/ce\/wp-content\/uploads\/2018-11-04-2Dies_del_Bergueda-500x500.jpg 500w, https:\/\/cetaradell.cat\/ce\/wp-content\/uploads\/2018-11-04-2Dies_del_Bergueda-700x700.jpg 700w, https:\/\/cetaradell.cat\/ce\/wp-content\/uploads\/2018-11-04-2Dies_del_Bergueda-768x768.jpg 768w, https:\/\/cetaradell.cat\/ce\/wp-content\/uploads\/2018-11-04-2Dies_del_Bergueda-1024x1024.jpg 1024w, https:\/\/cetaradell.cat\/ce\/wp-content\/uploads\/2018-11-04-2Dies_del_Bergueda.jpg 1080w\" sizes=\"(max-width: 300px) 100vw, 300px\" \/><\/a><p id=\"caption-attachment-6622\" class=\"wp-caption-text\">Podi de la categoria 21A, als 2 Dies del Bergued\u00e0<\/p><\/div>\n<p>El cap de setmana del 4 al 5 de novembre es va celebrar la prova d\u2019orientaci\u00f3 <strong>2 Dies del Bergued\u00e0<\/strong>, en la qual <strong>Meritxell Freixas<\/strong> es va classificat en <strong>primer lloc<\/strong> a la categoria D21A; i <strong>Josep Maria Freixas<\/strong> i <strong>Marc Ballabriga<\/strong>, en <strong>segon<\/strong> i <strong>tercer<\/strong> <strong>lloc<\/strong> respectivament a la categoria H21A.<\/p>\n<p>En aquest\u00a0 2 dies d\u2019orientaci\u00f3 en total es van organitzar tres curses: el dissabte es va disputar una nocturna que juntament amb una cursa de mitja dist\u00e0ncia del diumenge eren les que puntuaven pels 2 Dies del Bergued\u00e0. El dissabte tamb\u00e9 es va fer una cursa de relleus mixta en la qual l\u2019equip del CET tamb\u00e9 va participar, per\u00f2 al no tenir prou components, ja que havien de ser dos homes i dues dones, van fer equip amb Maria Prieto del club Malarruta de Madrid, que va ser seleccionada per c\u00f3rrer els mundials d\u2019Sprint on va aconseguir el 7\u00e8 lloc, per\u00f2 al no ser tots els corredors del mateix club no van puntuar a la classificaci\u00f3. De tota manera cal destacar que van superar la prova amb un temps 54 minuts i 50 segons, a menys de 3 minuts del primer equip classificat.<\/p>\n<p>Per altra banda, el passat mes d\u2019octubre, els orientadors del CET van competir en d\u2019altres curses com els <strong>2 Dies dels Pirineus <\/strong>\u00a0i la <strong>Rogaine 3 Valls<\/strong>,\u00a0 a part de participar en el \u00a0<strong>VI Trofeu Nazar\u00edes<\/strong>, celebrat del 12 al 14 d\u2019octubre a la Sierra de Baza (Granada) en el qual Meritxell Freixas va aconseguir el primer lloc en dues de les proves a la categoria 21A femenina, com ja vam informar en aquesta<strong> <a href=\"https:\/\/cetaradell.cat\/ce\/orientadors-del-cet-al-trofeu-nazaries\/\" target=\"_blank\" rel=\"noopener noreferrer\">web (\u2192)<\/a><\/strong><\/p>\n<p>Aix\u00ed, doncs, el cap de setmana del 20 al 21 d\u2019octubre, a Guils-Fontanera, a la Cerdanya, es va celebrar la 22a edici\u00f3 dels <strong>2 Dies dels Pirineus<\/strong>. El dissabte es va disputar una cursa d\u2019orientaci\u00f3 de llarga dist\u00e0ncia, i diumenge una de mitja dist\u00e0ncia.<\/p>\n<p>L\u2019orientadora del CET, <strong>Meritxell Freixas<\/strong> hi va participar en la categoria 21A Dones on va guanyar\u00a0 la cursa de mitja dist\u00e0ncia i es va classificar en <strong>segon lloc<\/strong> de la classificaci\u00f3 consolidades dels dos dies, i per altra banda, a la categoria 21A Homes hi van prendre part <strong>Josep Maria Freixas<\/strong> i <strong>Marc Ballabriga<\/strong> que es van classificar en <strong>tercer<\/strong> i <strong>cinqu\u00e8<\/strong> <strong>lloc<\/strong> respectivament, tamb\u00e9 de la classificaci\u00f3 final dels dos dies.<\/p>\n<p>El dissabte dia 27 d\u2019octubre a Sant Feliu de Pallerols es va celebrar la <strong>Rogaines 3 Valls<\/strong>, que constava de modalitats; dues curses puntuables per la Copa Catalana (6 hores i 9 hores) i una de popular (3 hores). L\u2019equip \u00a0format per <strong>Meritxell Freixas<\/strong>, <strong>Marc Ballabriga<\/strong> i <strong>Josep Maria Freixas<\/strong> van participar a la cursa de 9 hores, per\u00f2 el mal temps de pluja constant i fred van fer que despr\u00e9s de 6 hores i 29 minuts anessin a l\u2019arribada. Tot i aix\u00f2 van aconseguir 160 punts classificant-se en <strong>segon lloc<\/strong> de la categoria Open Mixtes 9h.<\/p>\n<p>A la prova de 3 hores i va participar l\u2019equip format per <strong>Llu\u00eds Saborit<\/strong> (CET) i <strong>Ramon Moragues<\/strong> (UEVic) que es van classificar en onzena posici\u00f3 dels equips masculins.<\/p>\n","protected":false},"excerpt":{"rendered":"<p>El cap de setmana del 4 al 5 de novembre es va celebrar la prova d\u2019orientaci\u00f3 2 Dies del Bergued\u00e0, en la qual Meritxell Freixas es va classificat en primer lloc a la categoria D21A; i Josep Maria Freixas i Marc Ballabriga, en segon i tercer lloc respectivament a la  [&#8230;]<\/p>\n","protected":false},"author":1,"featured_media":6622,"comment_status":"closed","ping_status":"closed","sticky":false,"template":"","format":"standard","meta":{"footnotes":""},"categories":[46,3],"tags":[],"class_list":["post-6621","post","type-post","status-publish","format-standard","has-post-thumbnail","hentry","category-equip-cet-lenclusa-o","category-noticies"],"yoast_head":"<!-- This site is optimized with the Yoast SEO plugin v27.5 - https:\/\/yoast.com\/product\/yoast-seo-wordpress\/ -->\n<title>Podi del CET als 2 Dies del Bergued\u00e0 - Centre Excursionista Taradell<\/title>\n<meta name=\"robots\" content=\"index, follow, max-snippet:-1, max-image-preview:large, max-video-preview:-1\" \/>\n<link rel=\"canonical\" href=\"https:\/\/cetaradell.cat\/ce\/podi-del-cet-als-2-dies-del-bergueda\/\" \/>\n<meta property=\"og:locale\" content=\"ca_ES\" \/>\n<meta property=\"og:type\" content=\"article\" \/>\n<meta property=\"og:title\" content=\"Podi del CET als 2 Dies del Bergued\u00e0 - Centre Excursionista Taradell\" \/>\n<meta property=\"og:description\" content=\"El cap de setmana del 4 al 5 de novembre es va celebrar la prova d\u2019orientaci\u00f3 2 Dies del Bergued\u00e0, en la qual Meritxell Freixas es va classificat en primer lloc a la categoria D21A; i Josep Maria Freixas i Marc Ballabriga, en segon i tercer lloc respectivament a la [...]\" \/>\n<meta property=\"og:url\" content=\"https:\/\/cetaradell.cat\/ce\/podi-del-cet-als-2-dies-del-bergueda\/\" \/>\n<meta property=\"og:site_name\" content=\"Centre Excursionista Taradell\" \/>\n<meta property=\"article:publisher\" content=\"https:\/\/www.facebook.com\/CETaradell\/\" \/>\n<meta property=\"article:published_time\" content=\"2018-11-04T23:37:37+00:00\" \/>\n<meta property=\"article:modified_time\" content=\"2020-06-03T21:05:00+00:00\" \/>\n<meta property=\"og:image\" content=\"https:\/\/cetaradell.cat\/ce\/wp-content\/uploads\/2018-11-04-2Dies_del_Bergueda.jpg\" \/>\n\t<meta property=\"og:image:width\" content=\"1080\" \/>\n\t<meta property=\"og:image:height\" content=\"1080\" \/>\n\t<meta property=\"og:image:type\" content=\"image\/jpeg\" \/>\n<meta name=\"author\" content=\"CET\" \/>\n<meta name=\"twitter:card\" content=\"summary_large_image\" \/>\n<meta name=\"twitter:label1\" content=\"Escrit per\" \/>\n\t<meta name=\"twitter:data1\" content=\"CET\" \/>\n\t<meta name=\"twitter:label2\" content=\"Temps estimat de lectura\" \/>\n\t<meta name=\"twitter:data2\" content=\"3 minuts\" \/>\n<script type=\"application\/ld+json\" class=\"yoast-schema-graph\">{\"@context\":\"https:\\\/\\\/schema.org\",\"@graph\":[{\"@type\":\"Article\",\"@id\":\"https:\\\/\\\/cetaradell.cat\\\/ce\\\/podi-del-cet-als-2-dies-del-bergueda\\\/#article\",\"isPartOf\":{\"@id\":\"https:\\\/\\\/cetaradell.cat\\\/ce\\\/podi-del-cet-als-2-dies-del-bergueda\\\/\"},\"author\":{\"name\":\"CET\",\"@id\":\"https:\\\/\\\/cetaradell.cat\\\/ce\\\/#\\\/schema\\\/person\\\/92a59f585073071c7be6649e84b22f78\"},\"headline\":\"Podi del CET als 2 Dies del Bergued\u00e0\",\"datePublished\":\"2018-11-04T23:37:37+00:00\",\"dateModified\":\"2020-06-03T21:05:00+00:00\",\"mainEntityOfPage\":{\"@id\":\"https:\\\/\\\/cetaradell.cat\\\/ce\\\/podi-del-cet-als-2-dies-del-bergueda\\\/\"},\"wordCount\":533,\"image\":{\"@id\":\"https:\\\/\\\/cetaradell.cat\\\/ce\\\/podi-del-cet-als-2-dies-del-bergueda\\\/#primaryimage\"},\"thumbnailUrl\":\"https:\\\/\\\/cetaradell.cat\\\/ce\\\/wp-content\\\/uploads\\\/2018-11-04-2Dies_del_Bergueda.jpg\",\"articleSection\":[\"Equip CET L'Enclusa-O\",\"Not\u00edcies\"],\"inLanguage\":\"ca\"},{\"@type\":\"WebPage\",\"@id\":\"https:\\\/\\\/cetaradell.cat\\\/ce\\\/podi-del-cet-als-2-dies-del-bergueda\\\/\",\"url\":\"https:\\\/\\\/cetaradell.cat\\\/ce\\\/podi-del-cet-als-2-dies-del-bergueda\\\/\",\"name\":\"Podi del CET als 2 Dies del Bergued\u00e0 - Centre Excursionista Taradell\",\"isPartOf\":{\"@id\":\"https:\\\/\\\/cetaradell.cat\\\/ce\\\/#website\"},\"primaryImageOfPage\":{\"@id\":\"https:\\\/\\\/cetaradell.cat\\\/ce\\\/podi-del-cet-als-2-dies-del-bergueda\\\/#primaryimage\"},\"image\":{\"@id\":\"https:\\\/\\\/cetaradell.cat\\\/ce\\\/podi-del-cet-als-2-dies-del-bergueda\\\/#primaryimage\"},\"thumbnailUrl\":\"https:\\\/\\\/cetaradell.cat\\\/ce\\\/wp-content\\\/uploads\\\/2018-11-04-2Dies_del_Bergueda.jpg\",\"datePublished\":\"2018-11-04T23:37:37+00:00\",\"dateModified\":\"2020-06-03T21:05:00+00:00\",\"author\":{\"@id\":\"https:\\\/\\\/cetaradell.cat\\\/ce\\\/#\\\/schema\\\/person\\\/92a59f585073071c7be6649e84b22f78\"},\"breadcrumb\":{\"@id\":\"https:\\\/\\\/cetaradell.cat\\\/ce\\\/podi-del-cet-als-2-dies-del-bergueda\\\/#breadcrumb\"},\"inLanguage\":\"ca\",\"potentialAction\":[{\"@type\":\"ReadAction\",\"target\":[\"https:\\\/\\\/cetaradell.cat\\\/ce\\\/podi-del-cet-als-2-dies-del-bergueda\\\/\"]}]},{\"@type\":\"ImageObject\",\"inLanguage\":\"ca\",\"@id\":\"https:\\\/\\\/cetaradell.cat\\\/ce\\\/podi-del-cet-als-2-dies-del-bergueda\\\/#primaryimage\",\"url\":\"https:\\\/\\\/cetaradell.cat\\\/ce\\\/wp-content\\\/uploads\\\/2018-11-04-2Dies_del_Bergueda.jpg\",\"contentUrl\":\"https:\\\/\\\/cetaradell.cat\\\/ce\\\/wp-content\\\/uploads\\\/2018-11-04-2Dies_del_Bergueda.jpg\",\"width\":1080,\"height\":1080},{\"@type\":\"BreadcrumbList\",\"@id\":\"https:\\\/\\\/cetaradell.cat\\\/ce\\\/podi-del-cet-als-2-dies-del-bergueda\\\/#breadcrumb\",\"itemListElement\":[{\"@type\":\"ListItem\",\"position\":1,\"name\":\"Inici\",\"item\":\"https:\\\/\\\/cetaradell.cat\\\/ce\\\/\"},{\"@type\":\"ListItem\",\"position\":2,\"name\":\"Podi del CET als 2 Dies del Bergued\u00e0\"}]},{\"@type\":\"WebSite\",\"@id\":\"https:\\\/\\\/cetaradell.cat\\\/ce\\\/#website\",\"url\":\"https:\\\/\\\/cetaradell.cat\\\/ce\\\/\",\"name\":\"Centre Excursionista Taradell\",\"description\":\"\",\"potentialAction\":[{\"@type\":\"SearchAction\",\"target\":{\"@type\":\"EntryPoint\",\"urlTemplate\":\"https:\\\/\\\/cetaradell.cat\\\/ce\\\/?s={search_term_string}\"},\"query-input\":{\"@type\":\"PropertyValueSpecification\",\"valueRequired\":true,\"valueName\":\"search_term_string\"}}],\"inLanguage\":\"ca\"},{\"@type\":\"Person\",\"@id\":\"https:\\\/\\\/cetaradell.cat\\\/ce\\\/#\\\/schema\\\/person\\\/92a59f585073071c7be6649e84b22f78\",\"name\":\"CET\",\"image\":{\"@type\":\"ImageObject\",\"inLanguage\":\"ca\",\"@id\":\"https:\\\/\\\/secure.gravatar.com\\\/avatar\\\/d6fbe010d42056feccc0f613ed07277a5118442805079269f12dabdc42e1a727?s=96&d=mm&r=g\",\"url\":\"https:\\\/\\\/secure.gravatar.com\\\/avatar\\\/d6fbe010d42056feccc0f613ed07277a5118442805079269f12dabdc42e1a727?s=96&d=mm&r=g\",\"contentUrl\":\"https:\\\/\\\/secure.gravatar.com\\\/avatar\\\/d6fbe010d42056feccc0f613ed07277a5118442805079269f12dabdc42e1a727?s=96&d=mm&r=g\",\"caption\":\"CET\"},\"url\":\"https:\\\/\\\/cetaradell.cat\\\/ce\\\/author\\\/root\\\/\"}]}<\/script>\n<!-- \/ Yoast SEO plugin. -->","yoast_head_json":{"title":"Podi del CET als 2 Dies del Bergued\u00e0 - Centre Excursionista Taradell","robots":{"index":"index","follow":"follow","max-snippet":"max-snippet:-1","max-image-preview":"max-image-preview:large","max-video-preview":"max-video-preview:-1"},"canonical":"https:\/\/cetaradell.cat\/ce\/podi-del-cet-als-2-dies-del-bergueda\/","og_locale":"ca_ES","og_type":"article","og_title":"Podi del CET als 2 Dies del Bergued\u00e0 - Centre Excursionista Taradell","og_description":"El cap de setmana del 4 al 5 de novembre es va celebrar la prova d\u2019orientaci\u00f3 2 Dies del Bergued\u00e0, en la qual Meritxell Freixas es va classificat en primer lloc a la categoria D21A; i Josep Maria Freixas i Marc Ballabriga, en segon i tercer lloc respectivament a la [...]","og_url":"https:\/\/cetaradell.cat\/ce\/podi-del-cet-als-2-dies-del-bergueda\/","og_site_name":"Centre Excursionista Taradell","article_publisher":"https:\/\/www.facebook.com\/CETaradell\/","article_published_time":"2018-11-04T23:37:37+00:00","article_modified_time":"2020-06-03T21:05:00+00:00","og_image":[{"width":1080,"height":1080,"url":"https:\/\/cetaradell.cat\/ce\/wp-content\/uploads\/2018-11-04-2Dies_del_Bergueda.jpg","type":"image\/jpeg"}],"author":"CET","twitter_card":"summary_large_image","twitter_misc":{"Escrit per":"CET","Temps estimat de lectura":"3 minuts"},"schema":{"@context":"https:\/\/schema.org","@graph":[{"@type":"Article","@id":"https:\/\/cetaradell.cat\/ce\/podi-del-cet-als-2-dies-del-bergueda\/#article","isPartOf":{"@id":"https:\/\/cetaradell.cat\/ce\/podi-del-cet-als-2-dies-del-bergueda\/"},"author":{"name":"CET","@id":"https:\/\/cetaradell.cat\/ce\/#\/schema\/person\/92a59f585073071c7be6649e84b22f78"},"headline":"Podi del CET als 2 Dies del Bergued\u00e0","datePublished":"2018-11-04T23:37:37+00:00","dateModified":"2020-06-03T21:05:00+00:00","mainEntityOfPage":{"@id":"https:\/\/cetaradell.cat\/ce\/podi-del-cet-als-2-dies-del-bergueda\/"},"wordCount":533,"image":{"@id":"https:\/\/cetaradell.cat\/ce\/podi-del-cet-als-2-dies-del-bergueda\/#primaryimage"},"thumbnailUrl":"https:\/\/cetaradell.cat\/ce\/wp-content\/uploads\/2018-11-04-2Dies_del_Bergueda.jpg","articleSection":["Equip CET L'Enclusa-O","Not\u00edcies"],"inLanguage":"ca"},{"@type":"WebPage","@id":"https:\/\/cetaradell.cat\/ce\/podi-del-cet-als-2-dies-del-bergueda\/","url":"https:\/\/cetaradell.cat\/ce\/podi-del-cet-als-2-dies-del-bergueda\/","name":"Podi del CET als 2 Dies del Bergued\u00e0 - Centre Excursionista Taradell","isPartOf":{"@id":"https:\/\/cetaradell.cat\/ce\/#website"},"primaryImageOfPage":{"@id":"https:\/\/cetaradell.cat\/ce\/podi-del-cet-als-2-dies-del-bergueda\/#primaryimage"},"image":{"@id":"https:\/\/cetaradell.cat\/ce\/podi-del-cet-als-2-dies-del-bergueda\/#primaryimage"},"thumbnailUrl":"https:\/\/cetaradell.cat\/ce\/wp-content\/uploads\/2018-11-04-2Dies_del_Bergueda.jpg","datePublished":"2018-11-04T23:37:37+00:00","dateModified":"2020-06-03T21:05:00+00:00","author":{"@id":"https:\/\/cetaradell.cat\/ce\/#\/schema\/person\/92a59f585073071c7be6649e84b22f78"},"breadcrumb":{"@id":"https:\/\/cetaradell.cat\/ce\/podi-del-cet-als-2-dies-del-bergueda\/#breadcrumb"},"inLanguage":"ca","potentialAction":[{"@type":"ReadAction","target":["https:\/\/cetaradell.cat\/ce\/podi-del-cet-als-2-dies-del-bergueda\/"]}]},{"@type":"ImageObject","inLanguage":"ca","@id":"https:\/\/cetaradell.cat\/ce\/podi-del-cet-als-2-dies-del-bergueda\/#primaryimage","url":"https:\/\/cetaradell.cat\/ce\/wp-content\/uploads\/2018-11-04-2Dies_del_Bergueda.jpg","contentUrl":"https:\/\/cetaradell.cat\/ce\/wp-content\/uploads\/2018-11-04-2Dies_del_Bergueda.jpg","width":1080,"height":1080},{"@type":"BreadcrumbList","@id":"https:\/\/cetaradell.cat\/ce\/podi-del-cet-als-2-dies-del-bergueda\/#breadcrumb","itemListElement":[{"@type":"ListItem","position":1,"name":"Inici","item":"https:\/\/cetaradell.cat\/ce\/"},{"@type":"ListItem","position":2,"name":"Podi del CET als 2 Dies del Bergued\u00e0"}]},{"@type":"WebSite","@id":"https:\/\/cetaradell.cat\/ce\/#website","url":"https:\/\/cetaradell.cat\/ce\/","name":"Centre Excursionista Taradell","description":"","potentialAction":[{"@type":"SearchAction","target":{"@type":"EntryPoint","urlTemplate":"https:\/\/cetaradell.cat\/ce\/?s={search_term_string}"},"query-input":{"@type":"PropertyValueSpecification","valueRequired":true,"valueName":"search_term_string"}}],"inLanguage":"ca"},{"@type":"Person","@id":"https:\/\/cetaradell.cat\/ce\/#\/schema\/person\/92a59f585073071c7be6649e84b22f78","name":"CET","image":{"@type":"ImageObject","inLanguage":"ca","@id":"https:\/\/secure.gravatar.com\/avatar\/d6fbe010d42056feccc0f613ed07277a5118442805079269f12dabdc42e1a727?s=96&d=mm&r=g","url":"https:\/\/secure.gravatar.com\/avatar\/d6fbe010d42056feccc0f613ed07277a5118442805079269f12dabdc42e1a727?s=96&d=mm&r=g","contentUrl":"https:\/\/secure.gravatar.com\/avatar\/d6fbe010d42056feccc0f613ed07277a5118442805079269f12dabdc42e1a727?s=96&d=mm&r=g","caption":"CET"},"url":"https:\/\/cetaradell.cat\/ce\/author\/root\/"}]}},"_links":{"self":[{"href":"https:\/\/cetaradell.cat\/ce\/wp-json\/wp\/v2\/posts\/6621","targetHints":{"allow":["GET"]}}],"collection":[{"href":"https:\/\/cetaradell.cat\/ce\/wp-json\/wp\/v2\/posts"}],"about":[{"href":"https:\/\/cetaradell.cat\/ce\/wp-json\/wp\/v2\/types\/post"}],"author":[{"embeddable":true,"href":"https:\/\/cetaradell.cat\/ce\/wp-json\/wp\/v2\/users\/1"}],"replies":[{"embeddable":true,"href":"https:\/\/cetaradell.cat\/ce\/wp-json\/wp\/v2\/comments?post=6621"}],"version-history":[{"count":0,"href":"https:\/\/cetaradell.cat\/ce\/wp-json\/wp\/v2\/posts\/6621\/revisions"}],"wp:featuredmedia":[{"embeddable":true,"href":"https:\/\/cetaradell.cat\/ce\/wp-json\/wp\/v2\/media\/6622"}],"wp:attachment":[{"href":"https:\/\/cetaradell.cat\/ce\/wp-json\/wp\/v2\/media?parent=6621"}],"wp:term":[{"taxonomy":"category","embeddable":true,"href":"https:\/\/cetaradell.cat\/ce\/wp-json\/wp\/v2\/categories?post=6621"},{"taxonomy":"post_tag","embeddable":true,"href":"https:\/\/cetaradell.cat\/ce\/wp-json\/wp\/v2\/tags?post=6621"}],"curies":[{"name":"wp","href":"https:\/\/api.w.org\/{rel}","templated":true}]}}