{"id":6627,"date":"2018-10-24T00:49:59","date_gmt":"2018-10-23T23:49:59","guid":{"rendered":"https:\/\/cetaradell.cat\/ce\/?p=6627"},"modified":"2020-06-03T22:06:38","modified_gmt":"2020-06-03T21:06:38","slug":"jordi-aguilera-tercer-a-la-marato-del-cabrares","status":"publish","type":"post","link":"https:\/\/cetaradell.cat\/ce\/jordi-aguilera-tercer-a-la-marato-del-cabrares\/","title":{"rendered":"Jordi Aguilera, tercer a la Marat\u00f3 del Cabrar\u00e8s"},"content":{"rendered":"<ul>\n<li>\n<h3>Lle\u00efr Pladevall, primer a la mitja marat\u00f3, i\u00a0 Marta Camps, segona a l&#8217;Oncocursa del Remei<strong><br \/>\n<\/strong><\/h3>\n<\/li>\n<\/ul>\n<div id=\"attachment_6629\" style=\"width: 235px\" class=\"wp-caption alignleft\"><a href=\"https:\/\/cetaradell.cat\/ce\/wp-content\/uploads\/2018-10-21-CabreresMM-2.jpg\" target=\"_blank\" rel=\"attachment noopener wp-att-6629 noreferrer\"><img decoding=\"async\" aria-describedby=\"caption-attachment-6629\" class=\"wp-image-6629 size-medium\" src=\"https:\/\/cetaradell.cat\/ce\/wp-content\/uploads\/2018-10-21-CabreresMM-2-225x300.jpg\" alt=\"2018-10-21-CabreresMM (2)\" width=\"225\" height=\"300\" srcset=\"https:\/\/cetaradell.cat\/ce\/wp-content\/uploads\/2018-10-21-CabreresMM-2-225x300.jpg 225w, https:\/\/cetaradell.cat\/ce\/wp-content\/uploads\/2018-10-21-CabreresMM-2-500x667.jpg 500w, https:\/\/cetaradell.cat\/ce\/wp-content\/uploads\/2018-10-21-CabreresMM-2-700x933.jpg 700w, https:\/\/cetaradell.cat\/ce\/wp-content\/uploads\/2018-10-21-CabreresMM-2.jpg 753w\" sizes=\"(max-width: 225px) 100vw, 225px\" \/><\/a><p id=\"caption-attachment-6629\" class=\"wp-caption-text\">Podi de la marat\u00f3. Jordi Aguilera, tercer (Foto: Cabrer\u00e8sMM)<\/p><\/div>\n<p>El diumenge 21 d\u2019octubre a l\u2019Esquirol es va disputar la <strong>Cabrar\u00e8s Marat\u00f3 de Muntanya by SPORT<\/strong> una prova que consta de dues curses: una mitja marat\u00f3 (21.300 metres de recorregut i 900 metres de desnivell positiu) i una marat\u00f3 (42.470 metres de recorregut i 1.500 de desnivell positiu).<\/p>\n<p>A la prova marat\u00f3 hi va participar <strong>Jordi Aguilera<\/strong>, del CET L\u2019Enclusa, que amb un temps de 4 hores 10 minuts i 37 segons es va classificar en <strong>3r lloc<\/strong>. A la mitja marat\u00f3 hi van participar;\u00a0 <strong>Lle\u00efr Pladevall<\/strong>, el qual es va proclamar campi\u00f3; i \u00a0<strong>Eduard Aguilera<\/strong> i <strong>Miquel Codony<\/strong> que es van classificar en 15\u00e8 i 38\u00e8 lloc respectivament.<\/p>\n<p>Per altra banda, \u00a0el mateix dia a Vic es va celebrar la <strong>III Oncocursa del Remei 2018<\/strong>, de 14 km. Una cursa solid\u00e0ria organitzada per Osona Contra el C\u00e0ncer, en la qual <strong>Marta Camps<\/strong>, del CET, es va classificar en segon lloc.<\/p>\n<p>&nbsp;<\/p>\n<p>&nbsp;<\/p>\n<table>\n<tbody>\n<tr>\n<td>\n<p><div id=\"attachment_6628\" style=\"width: 235px\" class=\"wp-caption aligncenter\"><a href=\"https:\/\/cetaradell.cat\/ce\/wp-content\/uploads\/2018-10-21-CabreresMM-1.jpg\" target=\"_blank\" rel=\"attachment noopener wp-att-6628 noreferrer\"><img decoding=\"async\" aria-describedby=\"caption-attachment-6628\" class=\"wp-image-6628 size-medium\" src=\"https:\/\/cetaradell.cat\/ce\/wp-content\/uploads\/2018-10-21-CabreresMM-1-225x300.jpg\" alt=\"2018-10-21-CabreresMM (1)\" width=\"225\" height=\"300\" srcset=\"https:\/\/cetaradell.cat\/ce\/wp-content\/uploads\/2018-10-21-CabreresMM-1-225x300.jpg 225w, https:\/\/cetaradell.cat\/ce\/wp-content\/uploads\/2018-10-21-CabreresMM-1-500x666.jpg 500w, https:\/\/cetaradell.cat\/ce\/wp-content\/uploads\/2018-10-21-CabreresMM-1-700x933.jpg 700w, https:\/\/cetaradell.cat\/ce\/wp-content\/uploads\/2018-10-21-CabreresMM-1.jpg 757w\" sizes=\"(max-width: 225px) 100vw, 225px\" \/><\/a><p id=\"caption-attachment-6628\" class=\"wp-caption-text\">Podi de la mitja. Lle\u00efr Pladevall, primer (Foto: Cabrer\u00e8sMM)<\/p><\/div><\/td>\n<td>\n<p><div id=\"attachment_6630\" style=\"width: 310px\" class=\"wp-caption aligncenter\"><a href=\"https:\/\/cetaradell.cat\/ce\/wp-content\/uploads\/2018-10-21-III_oncocursa.jpg\" target=\"_blank\" rel=\"attachment noopener wp-att-6630 noreferrer\"><img decoding=\"async\" aria-describedby=\"caption-attachment-6630\" class=\"wp-image-6630 size-medium\" src=\"https:\/\/cetaradell.cat\/ce\/wp-content\/uploads\/2018-10-21-III_oncocursa-300x300.jpg\" alt=\"2018-10-21-III_oncocursa\" width=\"300\" height=\"300\" srcset=\"https:\/\/cetaradell.cat\/ce\/wp-content\/uploads\/2018-10-21-III_oncocursa-60x60.jpg 60w, https:\/\/cetaradell.cat\/ce\/wp-content\/uploads\/2018-10-21-III_oncocursa-100x100.jpg 100w, https:\/\/cetaradell.cat\/ce\/wp-content\/uploads\/2018-10-21-III_oncocursa-150x150.jpg 150w, https:\/\/cetaradell.cat\/ce\/wp-content\/uploads\/2018-10-21-III_oncocursa-300x300.jpg 300w, https:\/\/cetaradell.cat\/ce\/wp-content\/uploads\/2018-10-21-III_oncocursa-500x500.jpg 500w, https:\/\/cetaradell.cat\/ce\/wp-content\/uploads\/2018-10-21-III_oncocursa-700x700.jpg 700w, https:\/\/cetaradell.cat\/ce\/wp-content\/uploads\/2018-10-21-III_oncocursa.jpg 768w\" sizes=\"(max-width: 300px) 100vw, 300px\" \/><\/a><p id=\"caption-attachment-6630\" class=\"wp-caption-text\">Podi de l\u2019Oncocursa 2018. Marta Camps, segona (Foto: Josep Vil\u00e0)<\/p><\/div><\/td>\n<\/tr>\n<\/tbody>\n<\/table>\n<p>&nbsp;<\/p>\n<p>&nbsp;<\/p>\n","protected":false},"excerpt":{"rendered":"<p>Lle\u00efr Pladevall, primer a la mitja marat\u00f3, i\u00a0 Marta Camps, segona a l&#8217;Oncocursa del Remei El diumenge 21 d\u2019octubre a l\u2019Esquirol es va disputar la Cabrar\u00e8s Marat\u00f3 de Muntanya by SPORT una prova que consta de dues curses: una mitja marat\u00f3 (21.300 metres de recorregut i 900 metres de desnivell  [&#8230;]<\/p>\n","protected":false},"author":1,"featured_media":6629,"comment_status":"closed","ping_status":"closed","sticky":false,"template":"","format":"standard","meta":{"footnotes":""},"categories":[32,3],"tags":[],"class_list":["post-6627","post","type-post","status-publish","format-standard","has-post-thumbnail","hentry","category-equip-cet-lenclusa","category-noticies"],"yoast_head":"<!-- This site is optimized with the Yoast SEO plugin v27.4 - https:\/\/yoast.com\/product\/yoast-seo-wordpress\/ -->\n<title>Jordi Aguilera, tercer a la Marat\u00f3 del Cabrar\u00e8s - Centre Excursionista Taradell<\/title>\n<meta name=\"robots\" content=\"index, follow, max-snippet:-1, max-image-preview:large, max-video-preview:-1\" \/>\n<link rel=\"canonical\" href=\"https:\/\/cetaradell.cat\/ce\/jordi-aguilera-tercer-a-la-marato-del-cabrares\/\" \/>\n<meta property=\"og:locale\" content=\"ca_ES\" \/>\n<meta property=\"og:type\" content=\"article\" \/>\n<meta property=\"og:title\" content=\"Jordi Aguilera, tercer a la Marat\u00f3 del Cabrar\u00e8s - Centre Excursionista Taradell\" \/>\n<meta property=\"og:description\" content=\"Lle\u00efr Pladevall, primer a la mitja marat\u00f3, i\u00a0 Marta Camps, segona a l&#8217;Oncocursa del Remei El diumenge 21 d\u2019octubre a l\u2019Esquirol es va disputar la Cabrar\u00e8s Marat\u00f3 de Muntanya by SPORT una prova que consta de dues curses: una mitja marat\u00f3 (21.300 metres de recorregut i 900 metres de desnivell [...]\" \/>\n<meta property=\"og:url\" content=\"https:\/\/cetaradell.cat\/ce\/jordi-aguilera-tercer-a-la-marato-del-cabrares\/\" \/>\n<meta property=\"og:site_name\" content=\"Centre Excursionista Taradell\" \/>\n<meta property=\"article:publisher\" content=\"https:\/\/www.facebook.com\/CETaradell\/\" \/>\n<meta property=\"article:published_time\" content=\"2018-10-23T23:49:59+00:00\" \/>\n<meta property=\"article:modified_time\" content=\"2020-06-03T21:06:38+00:00\" \/>\n<meta property=\"og:image\" content=\"https:\/\/cetaradell.cat\/ce\/wp-content\/uploads\/2018-10-21-CabreresMM-2.jpg\" \/>\n\t<meta property=\"og:image:width\" content=\"753\" \/>\n\t<meta property=\"og:image:height\" content=\"1004\" \/>\n\t<meta property=\"og:image:type\" content=\"image\/jpeg\" \/>\n<meta name=\"author\" content=\"CET\" \/>\n<meta name=\"twitter:card\" content=\"summary_large_image\" \/>\n<meta name=\"twitter:label1\" content=\"Escrit per\" \/>\n\t<meta name=\"twitter:data1\" content=\"CET\" \/>\n\t<meta name=\"twitter:label2\" content=\"Temps estimat de lectura\" \/>\n\t<meta name=\"twitter:data2\" content=\"1 minut\" \/>\n<script type=\"application\/ld+json\" class=\"yoast-schema-graph\">{\"@context\":\"https:\\\/\\\/schema.org\",\"@graph\":[{\"@type\":\"Article\",\"@id\":\"https:\\\/\\\/cetaradell.cat\\\/ce\\\/jordi-aguilera-tercer-a-la-marato-del-cabrares\\\/#article\",\"isPartOf\":{\"@id\":\"https:\\\/\\\/cetaradell.cat\\\/ce\\\/jordi-aguilera-tercer-a-la-marato-del-cabrares\\\/\"},\"author\":{\"name\":\"CET\",\"@id\":\"https:\\\/\\\/cetaradell.cat\\\/ce\\\/#\\\/schema\\\/person\\\/92a59f585073071c7be6649e84b22f78\"},\"headline\":\"Jordi Aguilera, tercer a la Marat\u00f3 del Cabrar\u00e8s\",\"datePublished\":\"2018-10-23T23:49:59+00:00\",\"dateModified\":\"2020-06-03T21:06:38+00:00\",\"mainEntityOfPage\":{\"@id\":\"https:\\\/\\\/cetaradell.cat\\\/ce\\\/jordi-aguilera-tercer-a-la-marato-del-cabrares\\\/\"},\"wordCount\":228,\"image\":{\"@id\":\"https:\\\/\\\/cetaradell.cat\\\/ce\\\/jordi-aguilera-tercer-a-la-marato-del-cabrares\\\/#primaryimage\"},\"thumbnailUrl\":\"https:\\\/\\\/cetaradell.cat\\\/ce\\\/wp-content\\\/uploads\\\/2018-10-21-CabreresMM-2.jpg\",\"articleSection\":[\"Equip CET-L'Enclusa\",\"Not\u00edcies\"],\"inLanguage\":\"ca\"},{\"@type\":\"WebPage\",\"@id\":\"https:\\\/\\\/cetaradell.cat\\\/ce\\\/jordi-aguilera-tercer-a-la-marato-del-cabrares\\\/\",\"url\":\"https:\\\/\\\/cetaradell.cat\\\/ce\\\/jordi-aguilera-tercer-a-la-marato-del-cabrares\\\/\",\"name\":\"Jordi Aguilera, tercer a la Marat\u00f3 del Cabrar\u00e8s - Centre Excursionista Taradell\",\"isPartOf\":{\"@id\":\"https:\\\/\\\/cetaradell.cat\\\/ce\\\/#website\"},\"primaryImageOfPage\":{\"@id\":\"https:\\\/\\\/cetaradell.cat\\\/ce\\\/jordi-aguilera-tercer-a-la-marato-del-cabrares\\\/#primaryimage\"},\"image\":{\"@id\":\"https:\\\/\\\/cetaradell.cat\\\/ce\\\/jordi-aguilera-tercer-a-la-marato-del-cabrares\\\/#primaryimage\"},\"thumbnailUrl\":\"https:\\\/\\\/cetaradell.cat\\\/ce\\\/wp-content\\\/uploads\\\/2018-10-21-CabreresMM-2.jpg\",\"datePublished\":\"2018-10-23T23:49:59+00:00\",\"dateModified\":\"2020-06-03T21:06:38+00:00\",\"author\":{\"@id\":\"https:\\\/\\\/cetaradell.cat\\\/ce\\\/#\\\/schema\\\/person\\\/92a59f585073071c7be6649e84b22f78\"},\"breadcrumb\":{\"@id\":\"https:\\\/\\\/cetaradell.cat\\\/ce\\\/jordi-aguilera-tercer-a-la-marato-del-cabrares\\\/#breadcrumb\"},\"inLanguage\":\"ca\",\"potentialAction\":[{\"@type\":\"ReadAction\",\"target\":[\"https:\\\/\\\/cetaradell.cat\\\/ce\\\/jordi-aguilera-tercer-a-la-marato-del-cabrares\\\/\"]}]},{\"@type\":\"ImageObject\",\"inLanguage\":\"ca\",\"@id\":\"https:\\\/\\\/cetaradell.cat\\\/ce\\\/jordi-aguilera-tercer-a-la-marato-del-cabrares\\\/#primaryimage\",\"url\":\"https:\\\/\\\/cetaradell.cat\\\/ce\\\/wp-content\\\/uploads\\\/2018-10-21-CabreresMM-2.jpg\",\"contentUrl\":\"https:\\\/\\\/cetaradell.cat\\\/ce\\\/wp-content\\\/uploads\\\/2018-10-21-CabreresMM-2.jpg\",\"width\":753,\"height\":1004},{\"@type\":\"BreadcrumbList\",\"@id\":\"https:\\\/\\\/cetaradell.cat\\\/ce\\\/jordi-aguilera-tercer-a-la-marato-del-cabrares\\\/#breadcrumb\",\"itemListElement\":[{\"@type\":\"ListItem\",\"position\":1,\"name\":\"Inici\",\"item\":\"https:\\\/\\\/cetaradell.cat\\\/ce\\\/\"},{\"@type\":\"ListItem\",\"position\":2,\"name\":\"Jordi Aguilera, tercer a la Marat\u00f3 del Cabrar\u00e8s\"}]},{\"@type\":\"WebSite\",\"@id\":\"https:\\\/\\\/cetaradell.cat\\\/ce\\\/#website\",\"url\":\"https:\\\/\\\/cetaradell.cat\\\/ce\\\/\",\"name\":\"Centre Excursionista Taradell\",\"description\":\"\",\"potentialAction\":[{\"@type\":\"SearchAction\",\"target\":{\"@type\":\"EntryPoint\",\"urlTemplate\":\"https:\\\/\\\/cetaradell.cat\\\/ce\\\/?s={search_term_string}\"},\"query-input\":{\"@type\":\"PropertyValueSpecification\",\"valueRequired\":true,\"valueName\":\"search_term_string\"}}],\"inLanguage\":\"ca\"},{\"@type\":\"Person\",\"@id\":\"https:\\\/\\\/cetaradell.cat\\\/ce\\\/#\\\/schema\\\/person\\\/92a59f585073071c7be6649e84b22f78\",\"name\":\"CET\",\"image\":{\"@type\":\"ImageObject\",\"inLanguage\":\"ca\",\"@id\":\"https:\\\/\\\/secure.gravatar.com\\\/avatar\\\/d6fbe010d42056feccc0f613ed07277a5118442805079269f12dabdc42e1a727?s=96&d=mm&r=g\",\"url\":\"https:\\\/\\\/secure.gravatar.com\\\/avatar\\\/d6fbe010d42056feccc0f613ed07277a5118442805079269f12dabdc42e1a727?s=96&d=mm&r=g\",\"contentUrl\":\"https:\\\/\\\/secure.gravatar.com\\\/avatar\\\/d6fbe010d42056feccc0f613ed07277a5118442805079269f12dabdc42e1a727?s=96&d=mm&r=g\",\"caption\":\"CET\"},\"url\":\"https:\\\/\\\/cetaradell.cat\\\/ce\\\/author\\\/root\\\/\"}]}<\/script>\n<!-- \/ Yoast SEO plugin. -->","yoast_head_json":{"title":"Jordi Aguilera, tercer a la Marat\u00f3 del Cabrar\u00e8s - Centre Excursionista Taradell","robots":{"index":"index","follow":"follow","max-snippet":"max-snippet:-1","max-image-preview":"max-image-preview:large","max-video-preview":"max-video-preview:-1"},"canonical":"https:\/\/cetaradell.cat\/ce\/jordi-aguilera-tercer-a-la-marato-del-cabrares\/","og_locale":"ca_ES","og_type":"article","og_title":"Jordi Aguilera, tercer a la Marat\u00f3 del Cabrar\u00e8s - Centre Excursionista Taradell","og_description":"Lle\u00efr Pladevall, primer a la mitja marat\u00f3, i\u00a0 Marta Camps, segona a l&#8217;Oncocursa del Remei El diumenge 21 d\u2019octubre a l\u2019Esquirol es va disputar la Cabrar\u00e8s Marat\u00f3 de Muntanya by SPORT una prova que consta de dues curses: una mitja marat\u00f3 (21.300 metres de recorregut i 900 metres de desnivell [...]","og_url":"https:\/\/cetaradell.cat\/ce\/jordi-aguilera-tercer-a-la-marato-del-cabrares\/","og_site_name":"Centre Excursionista Taradell","article_publisher":"https:\/\/www.facebook.com\/CETaradell\/","article_published_time":"2018-10-23T23:49:59+00:00","article_modified_time":"2020-06-03T21:06:38+00:00","og_image":[{"width":753,"height":1004,"url":"https:\/\/cetaradell.cat\/ce\/wp-content\/uploads\/2018-10-21-CabreresMM-2.jpg","type":"image\/jpeg"}],"author":"CET","twitter_card":"summary_large_image","twitter_misc":{"Escrit per":"CET","Temps estimat de lectura":"1 minut"},"schema":{"@context":"https:\/\/schema.org","@graph":[{"@type":"Article","@id":"https:\/\/cetaradell.cat\/ce\/jordi-aguilera-tercer-a-la-marato-del-cabrares\/#article","isPartOf":{"@id":"https:\/\/cetaradell.cat\/ce\/jordi-aguilera-tercer-a-la-marato-del-cabrares\/"},"author":{"name":"CET","@id":"https:\/\/cetaradell.cat\/ce\/#\/schema\/person\/92a59f585073071c7be6649e84b22f78"},"headline":"Jordi Aguilera, tercer a la Marat\u00f3 del Cabrar\u00e8s","datePublished":"2018-10-23T23:49:59+00:00","dateModified":"2020-06-03T21:06:38+00:00","mainEntityOfPage":{"@id":"https:\/\/cetaradell.cat\/ce\/jordi-aguilera-tercer-a-la-marato-del-cabrares\/"},"wordCount":228,"image":{"@id":"https:\/\/cetaradell.cat\/ce\/jordi-aguilera-tercer-a-la-marato-del-cabrares\/#primaryimage"},"thumbnailUrl":"https:\/\/cetaradell.cat\/ce\/wp-content\/uploads\/2018-10-21-CabreresMM-2.jpg","articleSection":["Equip CET-L'Enclusa","Not\u00edcies"],"inLanguage":"ca"},{"@type":"WebPage","@id":"https:\/\/cetaradell.cat\/ce\/jordi-aguilera-tercer-a-la-marato-del-cabrares\/","url":"https:\/\/cetaradell.cat\/ce\/jordi-aguilera-tercer-a-la-marato-del-cabrares\/","name":"Jordi Aguilera, tercer a la Marat\u00f3 del Cabrar\u00e8s - Centre Excursionista Taradell","isPartOf":{"@id":"https:\/\/cetaradell.cat\/ce\/#website"},"primaryImageOfPage":{"@id":"https:\/\/cetaradell.cat\/ce\/jordi-aguilera-tercer-a-la-marato-del-cabrares\/#primaryimage"},"image":{"@id":"https:\/\/cetaradell.cat\/ce\/jordi-aguilera-tercer-a-la-marato-del-cabrares\/#primaryimage"},"thumbnailUrl":"https:\/\/cetaradell.cat\/ce\/wp-content\/uploads\/2018-10-21-CabreresMM-2.jpg","datePublished":"2018-10-23T23:49:59+00:00","dateModified":"2020-06-03T21:06:38+00:00","author":{"@id":"https:\/\/cetaradell.cat\/ce\/#\/schema\/person\/92a59f585073071c7be6649e84b22f78"},"breadcrumb":{"@id":"https:\/\/cetaradell.cat\/ce\/jordi-aguilera-tercer-a-la-marato-del-cabrares\/#breadcrumb"},"inLanguage":"ca","potentialAction":[{"@type":"ReadAction","target":["https:\/\/cetaradell.cat\/ce\/jordi-aguilera-tercer-a-la-marato-del-cabrares\/"]}]},{"@type":"ImageObject","inLanguage":"ca","@id":"https:\/\/cetaradell.cat\/ce\/jordi-aguilera-tercer-a-la-marato-del-cabrares\/#primaryimage","url":"https:\/\/cetaradell.cat\/ce\/wp-content\/uploads\/2018-10-21-CabreresMM-2.jpg","contentUrl":"https:\/\/cetaradell.cat\/ce\/wp-content\/uploads\/2018-10-21-CabreresMM-2.jpg","width":753,"height":1004},{"@type":"BreadcrumbList","@id":"https:\/\/cetaradell.cat\/ce\/jordi-aguilera-tercer-a-la-marato-del-cabrares\/#breadcrumb","itemListElement":[{"@type":"ListItem","position":1,"name":"Inici","item":"https:\/\/cetaradell.cat\/ce\/"},{"@type":"ListItem","position":2,"name":"Jordi Aguilera, tercer a la Marat\u00f3 del Cabrar\u00e8s"}]},{"@type":"WebSite","@id":"https:\/\/cetaradell.cat\/ce\/#website","url":"https:\/\/cetaradell.cat\/ce\/","name":"Centre Excursionista Taradell","description":"","potentialAction":[{"@type":"SearchAction","target":{"@type":"EntryPoint","urlTemplate":"https:\/\/cetaradell.cat\/ce\/?s={search_term_string}"},"query-input":{"@type":"PropertyValueSpecification","valueRequired":true,"valueName":"search_term_string"}}],"inLanguage":"ca"},{"@type":"Person","@id":"https:\/\/cetaradell.cat\/ce\/#\/schema\/person\/92a59f585073071c7be6649e84b22f78","name":"CET","image":{"@type":"ImageObject","inLanguage":"ca","@id":"https:\/\/secure.gravatar.com\/avatar\/d6fbe010d42056feccc0f613ed07277a5118442805079269f12dabdc42e1a727?s=96&d=mm&r=g","url":"https:\/\/secure.gravatar.com\/avatar\/d6fbe010d42056feccc0f613ed07277a5118442805079269f12dabdc42e1a727?s=96&d=mm&r=g","contentUrl":"https:\/\/secure.gravatar.com\/avatar\/d6fbe010d42056feccc0f613ed07277a5118442805079269f12dabdc42e1a727?s=96&d=mm&r=g","caption":"CET"},"url":"https:\/\/cetaradell.cat\/ce\/author\/root\/"}]}},"_links":{"self":[{"href":"https:\/\/cetaradell.cat\/ce\/wp-json\/wp\/v2\/posts\/6627","targetHints":{"allow":["GET"]}}],"collection":[{"href":"https:\/\/cetaradell.cat\/ce\/wp-json\/wp\/v2\/posts"}],"about":[{"href":"https:\/\/cetaradell.cat\/ce\/wp-json\/wp\/v2\/types\/post"}],"author":[{"embeddable":true,"href":"https:\/\/cetaradell.cat\/ce\/wp-json\/wp\/v2\/users\/1"}],"replies":[{"embeddable":true,"href":"https:\/\/cetaradell.cat\/ce\/wp-json\/wp\/v2\/comments?post=6627"}],"version-history":[{"count":0,"href":"https:\/\/cetaradell.cat\/ce\/wp-json\/wp\/v2\/posts\/6627\/revisions"}],"wp:featuredmedia":[{"embeddable":true,"href":"https:\/\/cetaradell.cat\/ce\/wp-json\/wp\/v2\/media\/6629"}],"wp:attachment":[{"href":"https:\/\/cetaradell.cat\/ce\/wp-json\/wp\/v2\/media?parent=6627"}],"wp:term":[{"taxonomy":"category","embeddable":true,"href":"https:\/\/cetaradell.cat\/ce\/wp-json\/wp\/v2\/categories?post=6627"},{"taxonomy":"post_tag","embeddable":true,"href":"https:\/\/cetaradell.cat\/ce\/wp-json\/wp\/v2\/tags?post=6627"}],"curies":[{"name":"wp","href":"https:\/\/api.w.org\/{rel}","templated":true}]}}