{"id":6660,"date":"2018-11-27T18:31:44","date_gmt":"2018-11-27T17:31:44","guid":{"rendered":"https:\/\/cetaradell.cat\/ce\/?p=6660"},"modified":"2020-06-03T22:01:13","modified_gmt":"2020-06-03T21:01:13","slug":"els-germans-freixas-campions-de-la-lliga-nord-o","status":"publish","type":"post","link":"https:\/\/cetaradell.cat\/ce\/els-germans-freixas-campions-de-la-lliga-nord-o\/","title":{"rendered":"Els germans Freixas, campions de la Lliga Nord-O"},"content":{"rendered":"<div id=\"attachment_6661\" style=\"width: 310px\" class=\"wp-caption alignleft\"><a href=\"https:\/\/cetaradell.cat\/ce\/wp-content\/uploads\/2018-11-17-Final_lliga_nord-O.jpeg\" target=\"_blank\" rel=\"attachment noopener wp-att-6661 noreferrer\"><img decoding=\"async\" aria-describedby=\"caption-attachment-6661\" class=\"wp-image-6661 size-medium\" src=\"https:\/\/cetaradell.cat\/ce\/wp-content\/uploads\/2018-11-17-Final_lliga_nord-O-300x225.jpeg\" alt=\"2018-11-17-Final_lliga_nord-O\" width=\"300\" height=\"225\" srcset=\"https:\/\/cetaradell.cat\/ce\/wp-content\/uploads\/2018-11-17-Final_lliga_nord-O-300x225.jpeg 300w, https:\/\/cetaradell.cat\/ce\/wp-content\/uploads\/2018-11-17-Final_lliga_nord-O-500x375.jpeg 500w, https:\/\/cetaradell.cat\/ce\/wp-content\/uploads\/2018-11-17-Final_lliga_nord-O.jpeg 581w\" sizes=\"(max-width: 300px) 100vw, 300px\" \/><\/a><p id=\"caption-attachment-6661\" class=\"wp-caption-text\">A la fotografia, del CET, a l&#8217;esquerra Marc Ballabriga (3r-C1 mascul\u00ed), al centre Mertixell Freixas (1a-C1 femen\u00ed), i a la dreta Josep Maria Freixas (1r-C1 mascul\u00ed).<\/p><\/div>\n<p>El dissabte 17 de novembre a Gurb es va tancar la quarta edici\u00f3 de la Lliga Nord-O de Curses d\u2019Orientaci\u00f3. Aquesta \u00a0lliga del 2018 va constar de 10 proves, que es van disputar per les comarques gironines, Osona i el Bergued\u00e0, organitzades pels clubs Aligots, UE Vic, Gastant Keks i Club Orientaci\u00f3 Bergued\u00e0. Per la classificaci\u00f3 puntuaven els 8 millors resultats.<\/p>\n<p>Enguany 476 corredors van participar en les quatre categories puntuables per a la lliga i m\u00e9s de 600 corredors van prendre part en les categories de promoci\u00f3 no puntuables.<\/p>\n<p>El campi\u00f3 en la categoria C1 masculina es va decidir en els darrers moments de la darrera cursa, amb el duel entre <strong>Josep Maria Freixas<\/strong> (CE Taradell) i Jordi Ordeig (UE Vic) que es va decidir a favor del taradellenc. Tot i que Freixas va ser tercer a Gurb, es va imposar a Ordeig per 5\u201948\u201d, sumant els punts necessaris per donar la volta a la classificaci\u00f3 que fins la darrera jornada havia encap\u00e7alat el corredor de l\u2019UE Vic. El tercer lloc tamb\u00e9 va tenir molta emoci\u00f3, i finalment tamb\u00e9 va ser per un corredor del CE Taradell, <strong>Marc Ballabriga<\/strong>, \u00a0tot i no puntuar a la darrera cursa al fer un error en tarja el quart no el va poder superar per nom\u00e9s 5 punts.<\/p>\n<p>En categoria C1 femenina el campionat ja estava decidit des de la cursa anterior a favor de <strong>Meritxell Freixas<\/strong>, de manera que el lideratge de la prova se\u2019l van emportar els germans Freixas del CE Taradell, que l\u2019any anterior havien participat en el circuit C2, per\u00f2 que al proclamar-se\u2019n campions enguany van pujar a la categoria C1 la qual tampoc se\u2019ls ha resistit.<\/p>\n<p>Per altra banda, a la categoria C2 masculina d\u2019aquesta lliga <strong>Llu\u00eds Saborit<\/strong>, del CE Taradell, va participar en vuit curses de les quals va puntuar en sis de manera que es va classificar en novena posici\u00f3.<\/p>\n","protected":false},"excerpt":{"rendered":"<p>El dissabte 17 de novembre a Gurb es va tancar la quarta edici\u00f3 de la Lliga Nord-O de Curses d\u2019Orientaci\u00f3. Aquesta \u00a0lliga del 2018 va constar de 10 proves, que es van disputar per les comarques gironines, Osona i el Bergued\u00e0, organitzades pels clubs Aligots, UE Vic, Gastant Keks i  [&#8230;]<\/p>\n","protected":false},"author":1,"featured_media":6661,"comment_status":"closed","ping_status":"closed","sticky":false,"template":"","format":"standard","meta":{"footnotes":""},"categories":[46,3],"tags":[],"class_list":["post-6660","post","type-post","status-publish","format-standard","has-post-thumbnail","hentry","category-equip-cet-lenclusa-o","category-noticies"],"yoast_head":"<!-- This site is optimized with the Yoast SEO plugin v27.4 - https:\/\/yoast.com\/product\/yoast-seo-wordpress\/ -->\n<title>Els germans Freixas, campions de la Lliga Nord-O - Centre Excursionista Taradell<\/title>\n<meta name=\"robots\" content=\"index, follow, max-snippet:-1, max-image-preview:large, max-video-preview:-1\" \/>\n<link rel=\"canonical\" href=\"https:\/\/cetaradell.cat\/ce\/els-germans-freixas-campions-de-la-lliga-nord-o\/\" \/>\n<meta property=\"og:locale\" content=\"ca_ES\" \/>\n<meta property=\"og:type\" content=\"article\" \/>\n<meta property=\"og:title\" content=\"Els germans Freixas, campions de la Lliga Nord-O - Centre Excursionista Taradell\" \/>\n<meta property=\"og:description\" content=\"El dissabte 17 de novembre a Gurb es va tancar la quarta edici\u00f3 de la Lliga Nord-O de Curses d\u2019Orientaci\u00f3. Aquesta \u00a0lliga del 2018 va constar de 10 proves, que es van disputar per les comarques gironines, Osona i el Bergued\u00e0, organitzades pels clubs Aligots, UE Vic, Gastant Keks i [...]\" \/>\n<meta property=\"og:url\" content=\"https:\/\/cetaradell.cat\/ce\/els-germans-freixas-campions-de-la-lliga-nord-o\/\" \/>\n<meta property=\"og:site_name\" content=\"Centre Excursionista Taradell\" \/>\n<meta property=\"article:publisher\" content=\"https:\/\/www.facebook.com\/CETaradell\/\" \/>\n<meta property=\"article:published_time\" content=\"2018-11-27T17:31:44+00:00\" \/>\n<meta property=\"article:modified_time\" content=\"2020-06-03T21:01:13+00:00\" \/>\n<meta property=\"og:image\" content=\"https:\/\/cetaradell.cat\/ce\/wp-content\/uploads\/2018-11-17-Final_lliga_nord-O.jpeg\" \/>\n\t<meta property=\"og:image:width\" content=\"581\" \/>\n\t<meta property=\"og:image:height\" content=\"436\" \/>\n\t<meta property=\"og:image:type\" content=\"image\/jpeg\" \/>\n<meta name=\"author\" content=\"CET\" \/>\n<meta name=\"twitter:card\" content=\"summary_large_image\" \/>\n<meta name=\"twitter:label1\" content=\"Escrit per\" \/>\n\t<meta name=\"twitter:data1\" content=\"CET\" \/>\n\t<meta name=\"twitter:label2\" content=\"Temps estimat de lectura\" \/>\n\t<meta name=\"twitter:data2\" content=\"2 minuts\" \/>\n<script type=\"application\/ld+json\" class=\"yoast-schema-graph\">{\"@context\":\"https:\\\/\\\/schema.org\",\"@graph\":[{\"@type\":\"Article\",\"@id\":\"https:\\\/\\\/cetaradell.cat\\\/ce\\\/els-germans-freixas-campions-de-la-lliga-nord-o\\\/#article\",\"isPartOf\":{\"@id\":\"https:\\\/\\\/cetaradell.cat\\\/ce\\\/els-germans-freixas-campions-de-la-lliga-nord-o\\\/\"},\"author\":{\"name\":\"CET\",\"@id\":\"https:\\\/\\\/cetaradell.cat\\\/ce\\\/#\\\/schema\\\/person\\\/92a59f585073071c7be6649e84b22f78\"},\"headline\":\"Els germans Freixas, campions de la Lliga Nord-O\",\"datePublished\":\"2018-11-27T17:31:44+00:00\",\"dateModified\":\"2020-06-03T21:01:13+00:00\",\"mainEntityOfPage\":{\"@id\":\"https:\\\/\\\/cetaradell.cat\\\/ce\\\/els-germans-freixas-campions-de-la-lliga-nord-o\\\/\"},\"wordCount\":359,\"image\":{\"@id\":\"https:\\\/\\\/cetaradell.cat\\\/ce\\\/els-germans-freixas-campions-de-la-lliga-nord-o\\\/#primaryimage\"},\"thumbnailUrl\":\"https:\\\/\\\/cetaradell.cat\\\/ce\\\/wp-content\\\/uploads\\\/2018-11-17-Final_lliga_nord-O.jpeg\",\"articleSection\":[\"Equip CET L'Enclusa-O\",\"Not\u00edcies\"],\"inLanguage\":\"ca\"},{\"@type\":\"WebPage\",\"@id\":\"https:\\\/\\\/cetaradell.cat\\\/ce\\\/els-germans-freixas-campions-de-la-lliga-nord-o\\\/\",\"url\":\"https:\\\/\\\/cetaradell.cat\\\/ce\\\/els-germans-freixas-campions-de-la-lliga-nord-o\\\/\",\"name\":\"Els germans Freixas, campions de la Lliga Nord-O - Centre Excursionista Taradell\",\"isPartOf\":{\"@id\":\"https:\\\/\\\/cetaradell.cat\\\/ce\\\/#website\"},\"primaryImageOfPage\":{\"@id\":\"https:\\\/\\\/cetaradell.cat\\\/ce\\\/els-germans-freixas-campions-de-la-lliga-nord-o\\\/#primaryimage\"},\"image\":{\"@id\":\"https:\\\/\\\/cetaradell.cat\\\/ce\\\/els-germans-freixas-campions-de-la-lliga-nord-o\\\/#primaryimage\"},\"thumbnailUrl\":\"https:\\\/\\\/cetaradell.cat\\\/ce\\\/wp-content\\\/uploads\\\/2018-11-17-Final_lliga_nord-O.jpeg\",\"datePublished\":\"2018-11-27T17:31:44+00:00\",\"dateModified\":\"2020-06-03T21:01:13+00:00\",\"author\":{\"@id\":\"https:\\\/\\\/cetaradell.cat\\\/ce\\\/#\\\/schema\\\/person\\\/92a59f585073071c7be6649e84b22f78\"},\"breadcrumb\":{\"@id\":\"https:\\\/\\\/cetaradell.cat\\\/ce\\\/els-germans-freixas-campions-de-la-lliga-nord-o\\\/#breadcrumb\"},\"inLanguage\":\"ca\",\"potentialAction\":[{\"@type\":\"ReadAction\",\"target\":[\"https:\\\/\\\/cetaradell.cat\\\/ce\\\/els-germans-freixas-campions-de-la-lliga-nord-o\\\/\"]}]},{\"@type\":\"ImageObject\",\"inLanguage\":\"ca\",\"@id\":\"https:\\\/\\\/cetaradell.cat\\\/ce\\\/els-germans-freixas-campions-de-la-lliga-nord-o\\\/#primaryimage\",\"url\":\"https:\\\/\\\/cetaradell.cat\\\/ce\\\/wp-content\\\/uploads\\\/2018-11-17-Final_lliga_nord-O.jpeg\",\"contentUrl\":\"https:\\\/\\\/cetaradell.cat\\\/ce\\\/wp-content\\\/uploads\\\/2018-11-17-Final_lliga_nord-O.jpeg\",\"width\":581,\"height\":436},{\"@type\":\"BreadcrumbList\",\"@id\":\"https:\\\/\\\/cetaradell.cat\\\/ce\\\/els-germans-freixas-campions-de-la-lliga-nord-o\\\/#breadcrumb\",\"itemListElement\":[{\"@type\":\"ListItem\",\"position\":1,\"name\":\"Inici\",\"item\":\"https:\\\/\\\/cetaradell.cat\\\/ce\\\/\"},{\"@type\":\"ListItem\",\"position\":2,\"name\":\"Els germans Freixas, campions de la Lliga Nord-O\"}]},{\"@type\":\"WebSite\",\"@id\":\"https:\\\/\\\/cetaradell.cat\\\/ce\\\/#website\",\"url\":\"https:\\\/\\\/cetaradell.cat\\\/ce\\\/\",\"name\":\"Centre Excursionista Taradell\",\"description\":\"\",\"potentialAction\":[{\"@type\":\"SearchAction\",\"target\":{\"@type\":\"EntryPoint\",\"urlTemplate\":\"https:\\\/\\\/cetaradell.cat\\\/ce\\\/?s={search_term_string}\"},\"query-input\":{\"@type\":\"PropertyValueSpecification\",\"valueRequired\":true,\"valueName\":\"search_term_string\"}}],\"inLanguage\":\"ca\"},{\"@type\":\"Person\",\"@id\":\"https:\\\/\\\/cetaradell.cat\\\/ce\\\/#\\\/schema\\\/person\\\/92a59f585073071c7be6649e84b22f78\",\"name\":\"CET\",\"image\":{\"@type\":\"ImageObject\",\"inLanguage\":\"ca\",\"@id\":\"https:\\\/\\\/secure.gravatar.com\\\/avatar\\\/d6fbe010d42056feccc0f613ed07277a5118442805079269f12dabdc42e1a727?s=96&d=mm&r=g\",\"url\":\"https:\\\/\\\/secure.gravatar.com\\\/avatar\\\/d6fbe010d42056feccc0f613ed07277a5118442805079269f12dabdc42e1a727?s=96&d=mm&r=g\",\"contentUrl\":\"https:\\\/\\\/secure.gravatar.com\\\/avatar\\\/d6fbe010d42056feccc0f613ed07277a5118442805079269f12dabdc42e1a727?s=96&d=mm&r=g\",\"caption\":\"CET\"},\"url\":\"https:\\\/\\\/cetaradell.cat\\\/ce\\\/author\\\/root\\\/\"}]}<\/script>\n<!-- \/ Yoast SEO plugin. -->","yoast_head_json":{"title":"Els germans Freixas, campions de la Lliga Nord-O - Centre Excursionista Taradell","robots":{"index":"index","follow":"follow","max-snippet":"max-snippet:-1","max-image-preview":"max-image-preview:large","max-video-preview":"max-video-preview:-1"},"canonical":"https:\/\/cetaradell.cat\/ce\/els-germans-freixas-campions-de-la-lliga-nord-o\/","og_locale":"ca_ES","og_type":"article","og_title":"Els germans Freixas, campions de la Lliga Nord-O - Centre Excursionista Taradell","og_description":"El dissabte 17 de novembre a Gurb es va tancar la quarta edici\u00f3 de la Lliga Nord-O de Curses d\u2019Orientaci\u00f3. Aquesta \u00a0lliga del 2018 va constar de 10 proves, que es van disputar per les comarques gironines, Osona i el Bergued\u00e0, organitzades pels clubs Aligots, UE Vic, Gastant Keks i [...]","og_url":"https:\/\/cetaradell.cat\/ce\/els-germans-freixas-campions-de-la-lliga-nord-o\/","og_site_name":"Centre Excursionista Taradell","article_publisher":"https:\/\/www.facebook.com\/CETaradell\/","article_published_time":"2018-11-27T17:31:44+00:00","article_modified_time":"2020-06-03T21:01:13+00:00","og_image":[{"width":581,"height":436,"url":"https:\/\/cetaradell.cat\/ce\/wp-content\/uploads\/2018-11-17-Final_lliga_nord-O.jpeg","type":"image\/jpeg"}],"author":"CET","twitter_card":"summary_large_image","twitter_misc":{"Escrit per":"CET","Temps estimat de lectura":"2 minuts"},"schema":{"@context":"https:\/\/schema.org","@graph":[{"@type":"Article","@id":"https:\/\/cetaradell.cat\/ce\/els-germans-freixas-campions-de-la-lliga-nord-o\/#article","isPartOf":{"@id":"https:\/\/cetaradell.cat\/ce\/els-germans-freixas-campions-de-la-lliga-nord-o\/"},"author":{"name":"CET","@id":"https:\/\/cetaradell.cat\/ce\/#\/schema\/person\/92a59f585073071c7be6649e84b22f78"},"headline":"Els germans Freixas, campions de la Lliga Nord-O","datePublished":"2018-11-27T17:31:44+00:00","dateModified":"2020-06-03T21:01:13+00:00","mainEntityOfPage":{"@id":"https:\/\/cetaradell.cat\/ce\/els-germans-freixas-campions-de-la-lliga-nord-o\/"},"wordCount":359,"image":{"@id":"https:\/\/cetaradell.cat\/ce\/els-germans-freixas-campions-de-la-lliga-nord-o\/#primaryimage"},"thumbnailUrl":"https:\/\/cetaradell.cat\/ce\/wp-content\/uploads\/2018-11-17-Final_lliga_nord-O.jpeg","articleSection":["Equip CET L'Enclusa-O","Not\u00edcies"],"inLanguage":"ca"},{"@type":"WebPage","@id":"https:\/\/cetaradell.cat\/ce\/els-germans-freixas-campions-de-la-lliga-nord-o\/","url":"https:\/\/cetaradell.cat\/ce\/els-germans-freixas-campions-de-la-lliga-nord-o\/","name":"Els germans Freixas, campions de la Lliga Nord-O - Centre Excursionista Taradell","isPartOf":{"@id":"https:\/\/cetaradell.cat\/ce\/#website"},"primaryImageOfPage":{"@id":"https:\/\/cetaradell.cat\/ce\/els-germans-freixas-campions-de-la-lliga-nord-o\/#primaryimage"},"image":{"@id":"https:\/\/cetaradell.cat\/ce\/els-germans-freixas-campions-de-la-lliga-nord-o\/#primaryimage"},"thumbnailUrl":"https:\/\/cetaradell.cat\/ce\/wp-content\/uploads\/2018-11-17-Final_lliga_nord-O.jpeg","datePublished":"2018-11-27T17:31:44+00:00","dateModified":"2020-06-03T21:01:13+00:00","author":{"@id":"https:\/\/cetaradell.cat\/ce\/#\/schema\/person\/92a59f585073071c7be6649e84b22f78"},"breadcrumb":{"@id":"https:\/\/cetaradell.cat\/ce\/els-germans-freixas-campions-de-la-lliga-nord-o\/#breadcrumb"},"inLanguage":"ca","potentialAction":[{"@type":"ReadAction","target":["https:\/\/cetaradell.cat\/ce\/els-germans-freixas-campions-de-la-lliga-nord-o\/"]}]},{"@type":"ImageObject","inLanguage":"ca","@id":"https:\/\/cetaradell.cat\/ce\/els-germans-freixas-campions-de-la-lliga-nord-o\/#primaryimage","url":"https:\/\/cetaradell.cat\/ce\/wp-content\/uploads\/2018-11-17-Final_lliga_nord-O.jpeg","contentUrl":"https:\/\/cetaradell.cat\/ce\/wp-content\/uploads\/2018-11-17-Final_lliga_nord-O.jpeg","width":581,"height":436},{"@type":"BreadcrumbList","@id":"https:\/\/cetaradell.cat\/ce\/els-germans-freixas-campions-de-la-lliga-nord-o\/#breadcrumb","itemListElement":[{"@type":"ListItem","position":1,"name":"Inici","item":"https:\/\/cetaradell.cat\/ce\/"},{"@type":"ListItem","position":2,"name":"Els germans Freixas, campions de la Lliga Nord-O"}]},{"@type":"WebSite","@id":"https:\/\/cetaradell.cat\/ce\/#website","url":"https:\/\/cetaradell.cat\/ce\/","name":"Centre Excursionista Taradell","description":"","potentialAction":[{"@type":"SearchAction","target":{"@type":"EntryPoint","urlTemplate":"https:\/\/cetaradell.cat\/ce\/?s={search_term_string}"},"query-input":{"@type":"PropertyValueSpecification","valueRequired":true,"valueName":"search_term_string"}}],"inLanguage":"ca"},{"@type":"Person","@id":"https:\/\/cetaradell.cat\/ce\/#\/schema\/person\/92a59f585073071c7be6649e84b22f78","name":"CET","image":{"@type":"ImageObject","inLanguage":"ca","@id":"https:\/\/secure.gravatar.com\/avatar\/d6fbe010d42056feccc0f613ed07277a5118442805079269f12dabdc42e1a727?s=96&d=mm&r=g","url":"https:\/\/secure.gravatar.com\/avatar\/d6fbe010d42056feccc0f613ed07277a5118442805079269f12dabdc42e1a727?s=96&d=mm&r=g","contentUrl":"https:\/\/secure.gravatar.com\/avatar\/d6fbe010d42056feccc0f613ed07277a5118442805079269f12dabdc42e1a727?s=96&d=mm&r=g","caption":"CET"},"url":"https:\/\/cetaradell.cat\/ce\/author\/root\/"}]}},"_links":{"self":[{"href":"https:\/\/cetaradell.cat\/ce\/wp-json\/wp\/v2\/posts\/6660","targetHints":{"allow":["GET"]}}],"collection":[{"href":"https:\/\/cetaradell.cat\/ce\/wp-json\/wp\/v2\/posts"}],"about":[{"href":"https:\/\/cetaradell.cat\/ce\/wp-json\/wp\/v2\/types\/post"}],"author":[{"embeddable":true,"href":"https:\/\/cetaradell.cat\/ce\/wp-json\/wp\/v2\/users\/1"}],"replies":[{"embeddable":true,"href":"https:\/\/cetaradell.cat\/ce\/wp-json\/wp\/v2\/comments?post=6660"}],"version-history":[{"count":0,"href":"https:\/\/cetaradell.cat\/ce\/wp-json\/wp\/v2\/posts\/6660\/revisions"}],"wp:featuredmedia":[{"embeddable":true,"href":"https:\/\/cetaradell.cat\/ce\/wp-json\/wp\/v2\/media\/6661"}],"wp:attachment":[{"href":"https:\/\/cetaradell.cat\/ce\/wp-json\/wp\/v2\/media?parent=6660"}],"wp:term":[{"taxonomy":"category","embeddable":true,"href":"https:\/\/cetaradell.cat\/ce\/wp-json\/wp\/v2\/categories?post=6660"},{"taxonomy":"post_tag","embeddable":true,"href":"https:\/\/cetaradell.cat\/ce\/wp-json\/wp\/v2\/tags?post=6660"}],"curies":[{"name":"wp","href":"https:\/\/api.w.org\/{rel}","templated":true}]}}