{"id":6665,"date":"2018-11-26T19:28:12","date_gmt":"2018-11-26T18:28:12","guid":{"rendered":"https:\/\/cetaradell.cat\/ce\/?p=6665"},"modified":"2023-04-12T21:33:58","modified_gmt":"2023-04-12T20:33:58","slug":"xxxix-caminada-rupit-taradell-18-11-2018","status":"publish","type":"post","link":"https:\/\/cetaradell.cat\/ce\/xxxix-caminada-rupit-taradell-18-11-2018\/","title":{"rendered":"XXXIX Caminada Rupit-Taradell (18-11-2018)"},"content":{"rendered":"<div id=\"attachment_6657\" style=\"width: 310px\" class=\"wp-caption alignleft\"><a href=\"https:\/\/cetaradell.cat\/ce\/wp-content\/uploads\/P1200256.jpg\" target=\"_blank\" rel=\"noopener noreferrer\"><img decoding=\"async\" aria-describedby=\"caption-attachment-6657\" class=\"wp-image-6657 size-medium\" src=\"https:\/\/cetaradell.cat\/ce\/wp-content\/uploads\/P1200256-300x225.jpg\" alt=\"\" width=\"300\" height=\"225\" srcset=\"https:\/\/cetaradell.cat\/ce\/wp-content\/uploads\/P1200256-300x225.jpg 300w, https:\/\/cetaradell.cat\/ce\/wp-content\/uploads\/P1200256-500x375.jpg 500w, https:\/\/cetaradell.cat\/ce\/wp-content\/uploads\/P1200256-700x525.jpg 700w, https:\/\/cetaradell.cat\/ce\/wp-content\/uploads\/P1200256-768x576.jpg 768w, https:\/\/cetaradell.cat\/ce\/wp-content\/uploads\/P1200256.jpg 1000w\" sizes=\"(max-width: 300px) 100vw, 300px\" \/><\/a><p id=\"caption-attachment-6657\" class=\"wp-caption-text\">39a Rupit Taradell (Foto: Ll. Saborit)<\/p><\/div>\n<p>El 18 de novembre de 2018 es va celebrar la 39a edici\u00f3 de la Rupit-Taradell, que si b\u00e9 l&#8217;any passat va fer un temps ideal per poder gaudir plenament del recorregut, enguany la pluja, el fred i el vent van acompanyar als participants\u00a0durant bona part del recorregut, sobre tot a partir de mig dia.<\/p>\n<p>Degut al mal temps dels 953 inscrits, 683 van sortir de Rupit i algun es van incorporar en altres punts del recorregut arribant a cronometrar-se 703 participants, dels quals 666 van arribar a Taradell.<\/p>\n<p>Com en les \u00faltimes edicions, en lliurar la targeta de control de pas, tamb\u00e9 es donava un got de pl\u00e0stic, que s\u2019havia de conservar al llarg de tota la travessa per beure en els diferents avituallaments del recorregut. D\u2019aquesta manera, es racionava l\u2019\u00fas de gots de pl\u00e0stic, que en passades edicions era d\u2019uns quants milers.<\/p>\n<p>Els participants que van arribar al Centre despr\u00e9s d\u2019haver completat els 43,5 quil\u00f2metres del recorregut van ser obsequiats amb una samarreta de m\u00e0niga llarga amb el perfil del recorregut serigrafiat a l\u2019esquena i el logotip de la caminada al davant.<\/p>\n<p>Malgrat ser una prova no competitiva, sempre es genera certa curiositat per saber qui va arribar primer. Enguany, els participant que la va fer amb menys temps van ser com en la passada \u00a0edici\u00f3 i pel mateix ordre, els taradellencs <strong>Lle\u00efr Pladevall,<\/strong> amb un temps de 4 hores i 50 segons; el segon va ser <strong>Jordi Aguilera<\/strong>, amb un temps de 4 hores 3 minuts i 56 segons; i el tercer va ser <strong>Bernat Mora<\/strong>, amb un temps de 4 hores 10 minuts i 56 segons.<\/p>\n<p>La primera dona va ser <strong>Elisabet Noguer<\/strong>, de Folgueroles, amb un temps de 5 hores 16 minuts i 29 segons; la segona va ser <strong>Elena S\u00e1nchez<\/strong>, de Torell\u00f3, amb un temps de 5 hores 17 minuts i 38 segons; i les terceres van ser les bessones d\u2019Hostalric<strong> Roser \u00a0i N\u00faria Castanyer<\/strong>, amb un temps de 5 hores 18 minuts i 11 segons. La seg\u00fcent dona va ser <strong>Marta Camps<\/strong>, que amb un temps de 5 hores, 32 minuts i 11 segons va ser la primera taradellenca. La seg\u00fcent de Taradell va ser <strong>Meritxell Freixas <\/strong>amb un temps de 6 hores 9 minuts i 17 segons i la tercera va ser <strong>Maria \u00c0ngels Redorta Font <\/strong>amb un temps de 6 hores 37 minuts i 40 segons.<\/p>\n<p><a href=\"https:\/\/cetaradell.cat\/ce\/wp-content\/uploads\/RUPIT-TARADELL-2018-cara.jpg\" target=\"_blank\" rel=\"attachment noopener wp-att-6669 noreferrer\"><img decoding=\"async\" class=\"alignleft wp-image-6669 size-medium\" src=\"https:\/\/cetaradell.cat\/ce\/wp-content\/uploads\/RUPIT-TARADELL-2018-cara-300x211.jpg\" alt=\"RUPIT-TARADELL 2018 cara\" width=\"300\" height=\"211\" srcset=\"https:\/\/cetaradell.cat\/ce\/wp-content\/uploads\/RUPIT-TARADELL-2018-cara-300x211.jpg 300w, https:\/\/cetaradell.cat\/ce\/wp-content\/uploads\/RUPIT-TARADELL-2018-cara-500x352.jpg 500w, https:\/\/cetaradell.cat\/ce\/wp-content\/uploads\/RUPIT-TARADELL-2018-cara-700x493.jpg 700w, https:\/\/cetaradell.cat\/ce\/wp-content\/uploads\/RUPIT-TARADELL-2018-cara-768x541.jpg 768w, https:\/\/cetaradell.cat\/ce\/wp-content\/uploads\/RUPIT-TARADELL-2018-cara-1024x722.jpg 1024w, https:\/\/cetaradell.cat\/ce\/wp-content\/uploads\/RUPIT-TARADELL-2018-cara.jpg 1784w\" sizes=\"(max-width: 300px) 100vw, 300px\" \/><\/a>I com \u00e9s merescut , sobretot aquest any que la climatologia va ser tan adversa, volem donar les gr\u00e0cies a tots els participants, a les m\u00e9s de 100 persones que van formar part dels avituallaments, a les cases comercials i a tots aquells que de manera desinteressada van col\u00b7laborat en aquesta travessa, perqu\u00e8 sense ells i el seu suport no seria possible la Rupit-Taradell.<\/p>\n<h3><strong><a href=\"https:\/\/cetaradell.cat\/ce\/wp-content\/uploads\/2018-RT_triptic.pdf\" target=\"_blank\" rel=\"noopener noreferrer\">Programa de la Caminada en pdf (\u2192)<\/a><\/strong><\/h3>\n<p>&nbsp;<\/p>\n<p>&nbsp;<\/p>\n<h2><strong>Control de la travessa:\u00a0 Temps\u00a0 &#8211; Diplomes<\/strong><\/h2>\n<p><a href=\"https:\/\/cetaradell.cat\/ce\/wp-content\/uploads\/smartchrono-logo.jpg\" target=\"_blank\" rel=\"noopener noreferrer\"><img decoding=\"async\" class=\"alignleft wp-image-899 size-full\" src=\"https:\/\/cetaradell.cat\/ce\/wp-content\/uploads\/smartchrono-logo.jpg\" alt=\"smartchrono-logo\" width=\"225\" height=\"225\" srcset=\"https:\/\/cetaradell.cat\/ce\/wp-content\/uploads\/smartchrono-logo-60x60.jpg 60w, https:\/\/cetaradell.cat\/ce\/wp-content\/uploads\/smartchrono-logo-100x100.jpg 100w, https:\/\/cetaradell.cat\/ce\/wp-content\/uploads\/smartchrono-logo-150x150.jpg 150w, https:\/\/cetaradell.cat\/ce\/wp-content\/uploads\/smartchrono-logo.jpg 225w\" sizes=\"(max-width: 225px) 100vw, 225px\" \/><\/a>Per dur a terme el control de la travessa es va utilitzar el mateix sistema que l\u2019any passat, la tecnologia Smartchrono de l\u2019empresa Novotiming, que permet cronometrar i controlar curses o caminades en temps real sense necessitat d\u2019equips electr\u00f2nics. Nom\u00e9s cal tenir tel\u00e8fons m\u00f2bils als quals pr\u00e8viament s\u2019hagi instal\u00b7lat una determinada aplicaci\u00f3 i, evidentment, s\u2019ha de tenir cobertura per transmetre dades.<br \/>\nAix\u00ed, a la sortida, als avituallaments de la Riba, Vilanova de Sau, Sant Juli\u00e0 de Vilatorta, la Collada i a l\u2019arribada, els col\u00b7laboradors s\u2019havien baixat l\u2019aplicaci\u00f3 que els permetia llegir els codi QR dels dorsals dels participants, i les dades eren enviades immediatament a la p\u00e0gina de control de la travessa, de manera que des del CET en tot moment es podia saber quants participants havien passat par cada punt de control.<\/p>\n<p>Els temps estan disponibles a la web de control de la travessa a la qual es pot accedir a trav\u00e9s d\u2019un enlla\u00e7 que hi ha a la web del CET, i aix\u00ed cada participant pot tornar a consultar el seu temps o imprimir-se un diploma de record. Els enlla\u00e7os s\u00f3n els seg\u00fcents:<\/p>\n<p style=\"padding-left: 90px;\"><em><strong>\u2192 Dades generals<\/strong><\/em><\/p>\n<p style=\"padding-left: 90px;\"><em><strong>\u2192 Imprimir diplomes<\/strong><\/em><\/p>\n<p style=\"padding-left: 90px;\"><em><strong>\u2192 Temps de pas per controls<\/strong><\/em><\/p>\n<p>&nbsp;<\/p>\n<h2><strong>Els avituallaments<\/strong><\/h2>\n<p>Al llarg del recorregut hi havia vuit punts d\u2019avituallament, a m\u00e9s del d\u2019arribada, repartits de la forma seg\u00fcent i on es donava:<\/p>\n<ol>\n<li>Tavertet (7 km): t\u00e9, aigua i galetes.<\/li>\n<li>La Riba (11 km): coca, xocolata, sucs, batuts de cacau i aigua.<\/li>\n<li>Vilanova de Sau (18 km): galetes, fruits secs, sucs de fruites i begudes (aigua i Coca-cola).<\/li>\n<li>Salt de la Minyona (21 km): fruita sencera, a trossos o pelada (taronges, pl\u00e0tans i pomes) i begudes (aigua i Coca-cola)<\/li>\n<li>La Mina (25 km): iogurts i aigua.<\/li>\n<li>Sant Juli\u00e0 de Vilatorta (31 km), punt per parar a dinar: caldo, entrepans de botifarra, pernil cuit o formatge, aigua, begudes (Coca-cola, llimonada) vi, caf\u00e8, tallat, caf\u00e8 amb gotes de conyac o an\u00eds, etc.<\/li>\n<li>La Trona (37 km), punt de suport on es donava aigua i xuxes per tal de fer m\u00e9s curt el tram fins a la Collada.<\/li>\n<li>La Collada (39 km): fruita sencera o a trossos (taronges, pl\u00e0tans i pomes), Coca-Cola i aigua.<\/li>\n<li>Local social del CET (43,5 km) on els participants es podien refer de l\u2019esfor\u00e7 amb entrepans, begudes, galetes, caf\u00e8, t\u00e9, aigua\u2026<\/li>\n<\/ol>\n<p>&nbsp;<\/p>\n<h2><strong>Els participants<\/strong><\/h2>\n<p>En aquesta edici\u00f3 els participants m\u00e9s petits van ser un i una nena de 14 anys i els m\u00e9s grans van ser dos homes de 75 anys. Hi van participar 9 menors. Respecte a la distribuci\u00f3 per franges d&#8217;edat es va mantenir molt semblant a les passades edicions, en les quals la franja de major participaci\u00f3 era la de 40-49 anys, tot i que va disminuir mentre totes les altres van augmentar, excepte la de menor possiblement degut al mal temps.<\/p>\n<p><a href=\"https:\/\/cetaradell.cat\/ce\/wp-content\/uploads\/2018_RT_grafic_Edats.png\" rel=\"attachment wp-att-6705\"><img decoding=\"async\" class=\"aligncenter wp-image-6705 size-full\" src=\"https:\/\/cetaradell.cat\/ce\/wp-content\/uploads\/2018_RT_grafic_Edats.png\" alt=\"2018_RT_grafic_Edats\" width=\"960\" height=\"720\" srcset=\"https:\/\/cetaradell.cat\/ce\/wp-content\/uploads\/2018_RT_grafic_Edats-300x225.png 300w, https:\/\/cetaradell.cat\/ce\/wp-content\/uploads\/2018_RT_grafic_Edats-500x375.png 500w, https:\/\/cetaradell.cat\/ce\/wp-content\/uploads\/2018_RT_grafic_Edats-700x525.png 700w, https:\/\/cetaradell.cat\/ce\/wp-content\/uploads\/2018_RT_grafic_Edats-768x576.png 768w, https:\/\/cetaradell.cat\/ce\/wp-content\/uploads\/2018_RT_grafic_Edats.png 960w\" sizes=\"(max-width: 960px) 100vw, 960px\" \/><\/a><\/p>\n<p>La mitjana d\u2019edat va augmentat lleugerament, va passar dels 42,3 anys de mitjana del 2017 als 43,. Les edats que van comptar amb m\u00e9s participants va ser les de 33 i 44 anys amb 33 inscrits cada una. L\u2019any passat havia sigut la de 40 anys amb 47 participants.<\/p>\n<p>Respecte a la proced\u00e8ncia dels participants per comarques, tamb\u00e9 es va mantenir la mateixa distribuci\u00f3 que les passades edicions;\u00a0 la meitat van ser d\u2019Osona, concretament 507 (53%), seguit dels del Barcelon\u00e8s (95 \u2013 10% ) i el Vall\u00e8s Occidental (128 \u2013 13%). Van venir participants de 30 comarques diferents.<\/p>\n<p><a href=\"https:\/\/cetaradell.cat\/ce\/wp-content\/uploads\/2018_RT_grafic_comarques.png\" rel=\"attachment wp-att-6704\"><img decoding=\"async\" class=\"alignleft size-full wp-image-6704\" src=\"https:\/\/cetaradell.cat\/ce\/wp-content\/uploads\/2018_RT_grafic_comarques.png\" alt=\"2018_RT_grafic_comarques\" width=\"960\" height=\"720\" srcset=\"https:\/\/cetaradell.cat\/ce\/wp-content\/uploads\/2018_RT_grafic_comarques-300x225.png 300w, https:\/\/cetaradell.cat\/ce\/wp-content\/uploads\/2018_RT_grafic_comarques-500x375.png 500w, https:\/\/cetaradell.cat\/ce\/wp-content\/uploads\/2018_RT_grafic_comarques-700x525.png 700w, https:\/\/cetaradell.cat\/ce\/wp-content\/uploads\/2018_RT_grafic_comarques-768x576.png 768w, https:\/\/cetaradell.cat\/ce\/wp-content\/uploads\/2018_RT_grafic_comarques.png 960w\" sizes=\"(max-width: 960px) 100vw, 960px\" \/><\/a><\/p>\n<p><span style=\"font-size: 10.0pt; font-family: 'Arial','sans-serif';\">En la distribuci\u00f3 de participants per poblacions, en aquesta edici\u00f3, la va encap\u00e7alar Taradell seguida de Vic, amb 127 i 94 inscrits respectivament, mentre que Barcelona que en moltes edicions havia estat la primera, es va situar en tercer lloc amb 82 participants. En total van venir participants de 142 poblacions diferents.<br \/>\n<\/span><\/p>\n<p>&nbsp;<\/p>\n<h2><strong>Fotografies i articles<\/strong><\/h2>\n<ul>\n<li style=\"list-style-type: none;\">\n<ul>\n<li>\u00c0lbum de fotografies de la 39a Caminada Rupit-Taradell: <a title=\"Acc\u00e9s a l'\u00e0lbum Picassa del CET\" href=\"https:\/\/photos.app.goo.gl\/jXk6sBKjccRYvgfw5\" target=\"_blank\" rel=\"noopener noreferrer\"><strong><em>\u2192 Acc\u00e9s a l\u2019\u00e0lbum<\/em><\/strong><\/a><\/li>\n<li>Tamb\u00e9 podeu trobar una cr\u00f2nica i m\u00e9s fotografies de la Rupit-Taradell a:\n<ul>\n<li>Web d\u2019informaci\u00f3 sobre Taradell www.taradell.com: <a href=\"https:\/\/www.taradell.com\/2018\/11\/19\/pluja-i-fred-endureixen-39a-caminada-rupit-taradell\/\" target=\"_blank\" rel=\"noopener noreferrer\"><em><strong>\u2192Veure Taradell punt com<\/strong><\/em><\/a><\/li>\n<li>Web de Nd &#8211; Naci\u00f3muntanya: <strong><em><a href=\"https:\/\/www.naciodigital.cat\/naciomuntanya\/galeria\/428\/caminada\/rupit\/-taradell\" target=\"_blank\" rel=\"noopener noreferrer\">\u2192 Veure galeria de fotografies de Naciomuntanya<\/a><\/em><\/strong><\/li>\n<\/ul>\n<\/li>\n<\/ul>\n<\/li>\n<\/ul>\n<p>&nbsp;<\/p>\n","protected":false},"excerpt":{"rendered":"<p>El 18 de novembre de 2018 es va celebrar la 39a edici\u00f3 de la Rupit-Taradell, que si b\u00e9 l&#8217;any passat va fer un temps ideal per poder gaudir plenament del recorregut, enguany la pluja, el fred i el vent van acompanyar als participants\u00a0durant bona part del recorregut, sobre tot a  [&#8230;]<\/p>\n","protected":false},"author":1,"featured_media":6657,"comment_status":"closed","ping_status":"closed","sticky":false,"template":"","format":"standard","meta":{"footnotes":""},"categories":[3,35],"tags":[],"class_list":["post-6665","post","type-post","status-publish","format-standard","has-post-thumbnail","hentry","category-noticies","category-rupit-taradell"],"yoast_head":"<!-- This site is optimized with the Yoast SEO plugin v27.4 - https:\/\/yoast.com\/product\/yoast-seo-wordpress\/ -->\n<title>XXXIX Caminada Rupit-Taradell (18-11-2018) - Centre Excursionista Taradell<\/title>\n<meta name=\"robots\" content=\"index, follow, max-snippet:-1, max-image-preview:large, max-video-preview:-1\" \/>\n<link rel=\"canonical\" href=\"https:\/\/cetaradell.cat\/ce\/xxxix-caminada-rupit-taradell-18-11-2018\/\" \/>\n<meta property=\"og:locale\" content=\"ca_ES\" \/>\n<meta property=\"og:type\" content=\"article\" \/>\n<meta property=\"og:title\" content=\"XXXIX Caminada Rupit-Taradell (18-11-2018) - Centre Excursionista Taradell\" \/>\n<meta property=\"og:description\" content=\"El 18 de novembre de 2018 es va celebrar la 39a edici\u00f3 de la Rupit-Taradell, que si b\u00e9 l&#8217;any passat va fer un temps ideal per poder gaudir plenament del recorregut, enguany la pluja, el fred i el vent van acompanyar als participants\u00a0durant bona part del recorregut, sobre tot a [...]\" \/>\n<meta property=\"og:url\" content=\"https:\/\/cetaradell.cat\/ce\/xxxix-caminada-rupit-taradell-18-11-2018\/\" \/>\n<meta property=\"og:site_name\" content=\"Centre Excursionista Taradell\" \/>\n<meta property=\"article:publisher\" content=\"https:\/\/www.facebook.com\/CETaradell\/\" \/>\n<meta property=\"article:published_time\" content=\"2018-11-26T18:28:12+00:00\" \/>\n<meta property=\"article:modified_time\" content=\"2023-04-12T20:33:58+00:00\" \/>\n<meta property=\"og:image\" content=\"https:\/\/cetaradell.cat\/ce\/wp-content\/uploads\/P1200256.jpg\" \/>\n\t<meta property=\"og:image:width\" content=\"1000\" \/>\n\t<meta property=\"og:image:height\" content=\"750\" \/>\n\t<meta property=\"og:image:type\" content=\"image\/jpeg\" \/>\n<meta name=\"author\" content=\"CET\" \/>\n<meta name=\"twitter:card\" content=\"summary_large_image\" \/>\n<meta name=\"twitter:label1\" content=\"Escrit per\" \/>\n\t<meta name=\"twitter:data1\" content=\"CET\" \/>\n\t<meta name=\"twitter:label2\" content=\"Temps estimat de lectura\" \/>\n\t<meta name=\"twitter:data2\" content=\"6 minuts\" \/>\n<script type=\"application\/ld+json\" class=\"yoast-schema-graph\">{\"@context\":\"https:\\\/\\\/schema.org\",\"@graph\":[{\"@type\":\"Article\",\"@id\":\"https:\\\/\\\/cetaradell.cat\\\/ce\\\/xxxix-caminada-rupit-taradell-18-11-2018\\\/#article\",\"isPartOf\":{\"@id\":\"https:\\\/\\\/cetaradell.cat\\\/ce\\\/xxxix-caminada-rupit-taradell-18-11-2018\\\/\"},\"author\":{\"name\":\"CET\",\"@id\":\"https:\\\/\\\/cetaradell.cat\\\/ce\\\/#\\\/schema\\\/person\\\/92a59f585073071c7be6649e84b22f78\"},\"headline\":\"XXXIX Caminada Rupit-Taradell (18-11-2018)\",\"datePublished\":\"2018-11-26T18:28:12+00:00\",\"dateModified\":\"2023-04-12T20:33:58+00:00\",\"mainEntityOfPage\":{\"@id\":\"https:\\\/\\\/cetaradell.cat\\\/ce\\\/xxxix-caminada-rupit-taradell-18-11-2018\\\/\"},\"wordCount\":1153,\"image\":{\"@id\":\"https:\\\/\\\/cetaradell.cat\\\/ce\\\/xxxix-caminada-rupit-taradell-18-11-2018\\\/#primaryimage\"},\"thumbnailUrl\":\"https:\\\/\\\/cetaradell.cat\\\/ce\\\/wp-content\\\/uploads\\\/P1200256.jpg\",\"articleSection\":[\"Not\u00edcies\",\"Rupit - Taradell\"],\"inLanguage\":\"ca\"},{\"@type\":\"WebPage\",\"@id\":\"https:\\\/\\\/cetaradell.cat\\\/ce\\\/xxxix-caminada-rupit-taradell-18-11-2018\\\/\",\"url\":\"https:\\\/\\\/cetaradell.cat\\\/ce\\\/xxxix-caminada-rupit-taradell-18-11-2018\\\/\",\"name\":\"XXXIX Caminada Rupit-Taradell (18-11-2018) - Centre Excursionista Taradell\",\"isPartOf\":{\"@id\":\"https:\\\/\\\/cetaradell.cat\\\/ce\\\/#website\"},\"primaryImageOfPage\":{\"@id\":\"https:\\\/\\\/cetaradell.cat\\\/ce\\\/xxxix-caminada-rupit-taradell-18-11-2018\\\/#primaryimage\"},\"image\":{\"@id\":\"https:\\\/\\\/cetaradell.cat\\\/ce\\\/xxxix-caminada-rupit-taradell-18-11-2018\\\/#primaryimage\"},\"thumbnailUrl\":\"https:\\\/\\\/cetaradell.cat\\\/ce\\\/wp-content\\\/uploads\\\/P1200256.jpg\",\"datePublished\":\"2018-11-26T18:28:12+00:00\",\"dateModified\":\"2023-04-12T20:33:58+00:00\",\"author\":{\"@id\":\"https:\\\/\\\/cetaradell.cat\\\/ce\\\/#\\\/schema\\\/person\\\/92a59f585073071c7be6649e84b22f78\"},\"breadcrumb\":{\"@id\":\"https:\\\/\\\/cetaradell.cat\\\/ce\\\/xxxix-caminada-rupit-taradell-18-11-2018\\\/#breadcrumb\"},\"inLanguage\":\"ca\",\"potentialAction\":[{\"@type\":\"ReadAction\",\"target\":[\"https:\\\/\\\/cetaradell.cat\\\/ce\\\/xxxix-caminada-rupit-taradell-18-11-2018\\\/\"]}]},{\"@type\":\"ImageObject\",\"inLanguage\":\"ca\",\"@id\":\"https:\\\/\\\/cetaradell.cat\\\/ce\\\/xxxix-caminada-rupit-taradell-18-11-2018\\\/#primaryimage\",\"url\":\"https:\\\/\\\/cetaradell.cat\\\/ce\\\/wp-content\\\/uploads\\\/P1200256.jpg\",\"contentUrl\":\"https:\\\/\\\/cetaradell.cat\\\/ce\\\/wp-content\\\/uploads\\\/P1200256.jpg\",\"width\":1000,\"height\":750},{\"@type\":\"BreadcrumbList\",\"@id\":\"https:\\\/\\\/cetaradell.cat\\\/ce\\\/xxxix-caminada-rupit-taradell-18-11-2018\\\/#breadcrumb\",\"itemListElement\":[{\"@type\":\"ListItem\",\"position\":1,\"name\":\"Inici\",\"item\":\"https:\\\/\\\/cetaradell.cat\\\/ce\\\/\"},{\"@type\":\"ListItem\",\"position\":2,\"name\":\"XXXIX Caminada Rupit-Taradell (18-11-2018)\"}]},{\"@type\":\"WebSite\",\"@id\":\"https:\\\/\\\/cetaradell.cat\\\/ce\\\/#website\",\"url\":\"https:\\\/\\\/cetaradell.cat\\\/ce\\\/\",\"name\":\"Centre Excursionista Taradell\",\"description\":\"\",\"potentialAction\":[{\"@type\":\"SearchAction\",\"target\":{\"@type\":\"EntryPoint\",\"urlTemplate\":\"https:\\\/\\\/cetaradell.cat\\\/ce\\\/?s={search_term_string}\"},\"query-input\":{\"@type\":\"PropertyValueSpecification\",\"valueRequired\":true,\"valueName\":\"search_term_string\"}}],\"inLanguage\":\"ca\"},{\"@type\":\"Person\",\"@id\":\"https:\\\/\\\/cetaradell.cat\\\/ce\\\/#\\\/schema\\\/person\\\/92a59f585073071c7be6649e84b22f78\",\"name\":\"CET\",\"image\":{\"@type\":\"ImageObject\",\"inLanguage\":\"ca\",\"@id\":\"https:\\\/\\\/secure.gravatar.com\\\/avatar\\\/d6fbe010d42056feccc0f613ed07277a5118442805079269f12dabdc42e1a727?s=96&d=mm&r=g\",\"url\":\"https:\\\/\\\/secure.gravatar.com\\\/avatar\\\/d6fbe010d42056feccc0f613ed07277a5118442805079269f12dabdc42e1a727?s=96&d=mm&r=g\",\"contentUrl\":\"https:\\\/\\\/secure.gravatar.com\\\/avatar\\\/d6fbe010d42056feccc0f613ed07277a5118442805079269f12dabdc42e1a727?s=96&d=mm&r=g\",\"caption\":\"CET\"},\"url\":\"https:\\\/\\\/cetaradell.cat\\\/ce\\\/author\\\/root\\\/\"}]}<\/script>\n<!-- \/ Yoast SEO plugin. -->","yoast_head_json":{"title":"XXXIX Caminada Rupit-Taradell (18-11-2018) - Centre Excursionista Taradell","robots":{"index":"index","follow":"follow","max-snippet":"max-snippet:-1","max-image-preview":"max-image-preview:large","max-video-preview":"max-video-preview:-1"},"canonical":"https:\/\/cetaradell.cat\/ce\/xxxix-caminada-rupit-taradell-18-11-2018\/","og_locale":"ca_ES","og_type":"article","og_title":"XXXIX Caminada Rupit-Taradell (18-11-2018) - Centre Excursionista Taradell","og_description":"El 18 de novembre de 2018 es va celebrar la 39a edici\u00f3 de la Rupit-Taradell, que si b\u00e9 l&#8217;any passat va fer un temps ideal per poder gaudir plenament del recorregut, enguany la pluja, el fred i el vent van acompanyar als participants\u00a0durant bona part del recorregut, sobre tot a [...]","og_url":"https:\/\/cetaradell.cat\/ce\/xxxix-caminada-rupit-taradell-18-11-2018\/","og_site_name":"Centre Excursionista Taradell","article_publisher":"https:\/\/www.facebook.com\/CETaradell\/","article_published_time":"2018-11-26T18:28:12+00:00","article_modified_time":"2023-04-12T20:33:58+00:00","og_image":[{"width":1000,"height":750,"url":"https:\/\/cetaradell.cat\/ce\/wp-content\/uploads\/P1200256.jpg","type":"image\/jpeg"}],"author":"CET","twitter_card":"summary_large_image","twitter_misc":{"Escrit per":"CET","Temps estimat de lectura":"6 minuts"},"schema":{"@context":"https:\/\/schema.org","@graph":[{"@type":"Article","@id":"https:\/\/cetaradell.cat\/ce\/xxxix-caminada-rupit-taradell-18-11-2018\/#article","isPartOf":{"@id":"https:\/\/cetaradell.cat\/ce\/xxxix-caminada-rupit-taradell-18-11-2018\/"},"author":{"name":"CET","@id":"https:\/\/cetaradell.cat\/ce\/#\/schema\/person\/92a59f585073071c7be6649e84b22f78"},"headline":"XXXIX Caminada Rupit-Taradell (18-11-2018)","datePublished":"2018-11-26T18:28:12+00:00","dateModified":"2023-04-12T20:33:58+00:00","mainEntityOfPage":{"@id":"https:\/\/cetaradell.cat\/ce\/xxxix-caminada-rupit-taradell-18-11-2018\/"},"wordCount":1153,"image":{"@id":"https:\/\/cetaradell.cat\/ce\/xxxix-caminada-rupit-taradell-18-11-2018\/#primaryimage"},"thumbnailUrl":"https:\/\/cetaradell.cat\/ce\/wp-content\/uploads\/P1200256.jpg","articleSection":["Not\u00edcies","Rupit - Taradell"],"inLanguage":"ca"},{"@type":"WebPage","@id":"https:\/\/cetaradell.cat\/ce\/xxxix-caminada-rupit-taradell-18-11-2018\/","url":"https:\/\/cetaradell.cat\/ce\/xxxix-caminada-rupit-taradell-18-11-2018\/","name":"XXXIX Caminada Rupit-Taradell (18-11-2018) - Centre Excursionista Taradell","isPartOf":{"@id":"https:\/\/cetaradell.cat\/ce\/#website"},"primaryImageOfPage":{"@id":"https:\/\/cetaradell.cat\/ce\/xxxix-caminada-rupit-taradell-18-11-2018\/#primaryimage"},"image":{"@id":"https:\/\/cetaradell.cat\/ce\/xxxix-caminada-rupit-taradell-18-11-2018\/#primaryimage"},"thumbnailUrl":"https:\/\/cetaradell.cat\/ce\/wp-content\/uploads\/P1200256.jpg","datePublished":"2018-11-26T18:28:12+00:00","dateModified":"2023-04-12T20:33:58+00:00","author":{"@id":"https:\/\/cetaradell.cat\/ce\/#\/schema\/person\/92a59f585073071c7be6649e84b22f78"},"breadcrumb":{"@id":"https:\/\/cetaradell.cat\/ce\/xxxix-caminada-rupit-taradell-18-11-2018\/#breadcrumb"},"inLanguage":"ca","potentialAction":[{"@type":"ReadAction","target":["https:\/\/cetaradell.cat\/ce\/xxxix-caminada-rupit-taradell-18-11-2018\/"]}]},{"@type":"ImageObject","inLanguage":"ca","@id":"https:\/\/cetaradell.cat\/ce\/xxxix-caminada-rupit-taradell-18-11-2018\/#primaryimage","url":"https:\/\/cetaradell.cat\/ce\/wp-content\/uploads\/P1200256.jpg","contentUrl":"https:\/\/cetaradell.cat\/ce\/wp-content\/uploads\/P1200256.jpg","width":1000,"height":750},{"@type":"BreadcrumbList","@id":"https:\/\/cetaradell.cat\/ce\/xxxix-caminada-rupit-taradell-18-11-2018\/#breadcrumb","itemListElement":[{"@type":"ListItem","position":1,"name":"Inici","item":"https:\/\/cetaradell.cat\/ce\/"},{"@type":"ListItem","position":2,"name":"XXXIX Caminada Rupit-Taradell (18-11-2018)"}]},{"@type":"WebSite","@id":"https:\/\/cetaradell.cat\/ce\/#website","url":"https:\/\/cetaradell.cat\/ce\/","name":"Centre Excursionista Taradell","description":"","potentialAction":[{"@type":"SearchAction","target":{"@type":"EntryPoint","urlTemplate":"https:\/\/cetaradell.cat\/ce\/?s={search_term_string}"},"query-input":{"@type":"PropertyValueSpecification","valueRequired":true,"valueName":"search_term_string"}}],"inLanguage":"ca"},{"@type":"Person","@id":"https:\/\/cetaradell.cat\/ce\/#\/schema\/person\/92a59f585073071c7be6649e84b22f78","name":"CET","image":{"@type":"ImageObject","inLanguage":"ca","@id":"https:\/\/secure.gravatar.com\/avatar\/d6fbe010d42056feccc0f613ed07277a5118442805079269f12dabdc42e1a727?s=96&d=mm&r=g","url":"https:\/\/secure.gravatar.com\/avatar\/d6fbe010d42056feccc0f613ed07277a5118442805079269f12dabdc42e1a727?s=96&d=mm&r=g","contentUrl":"https:\/\/secure.gravatar.com\/avatar\/d6fbe010d42056feccc0f613ed07277a5118442805079269f12dabdc42e1a727?s=96&d=mm&r=g","caption":"CET"},"url":"https:\/\/cetaradell.cat\/ce\/author\/root\/"}]}},"_links":{"self":[{"href":"https:\/\/cetaradell.cat\/ce\/wp-json\/wp\/v2\/posts\/6665","targetHints":{"allow":["GET"]}}],"collection":[{"href":"https:\/\/cetaradell.cat\/ce\/wp-json\/wp\/v2\/posts"}],"about":[{"href":"https:\/\/cetaradell.cat\/ce\/wp-json\/wp\/v2\/types\/post"}],"author":[{"embeddable":true,"href":"https:\/\/cetaradell.cat\/ce\/wp-json\/wp\/v2\/users\/1"}],"replies":[{"embeddable":true,"href":"https:\/\/cetaradell.cat\/ce\/wp-json\/wp\/v2\/comments?post=6665"}],"version-history":[{"count":0,"href":"https:\/\/cetaradell.cat\/ce\/wp-json\/wp\/v2\/posts\/6665\/revisions"}],"wp:featuredmedia":[{"embeddable":true,"href":"https:\/\/cetaradell.cat\/ce\/wp-json\/wp\/v2\/media\/6657"}],"wp:attachment":[{"href":"https:\/\/cetaradell.cat\/ce\/wp-json\/wp\/v2\/media?parent=6665"}],"wp:term":[{"taxonomy":"category","embeddable":true,"href":"https:\/\/cetaradell.cat\/ce\/wp-json\/wp\/v2\/categories?post=6665"},{"taxonomy":"post_tag","embeddable":true,"href":"https:\/\/cetaradell.cat\/ce\/wp-json\/wp\/v2\/tags?post=6665"}],"curies":[{"name":"wp","href":"https:\/\/api.w.org\/{rel}","templated":true}]}}