{"id":6680,"date":"2018-12-03T00:39:18","date_gmt":"2018-12-02T23:39:18","guid":{"rendered":"https:\/\/cetaradell.cat\/ce\/?p=6680"},"modified":"2020-06-03T22:00:40","modified_gmt":"2020-06-03T21:00:40","slug":"albert-presegue-3r-al-campionat-spartan-race-spain","status":"publish","type":"post","link":"https:\/\/cetaradell.cat\/ce\/albert-presegue-3r-al-campionat-spartan-race-spain\/","title":{"rendered":"Albert Presegu\u00e9, 3r al Campionat Spartan Race Spain"},"content":{"rendered":"<div id=\"attachment_6681\" style=\"width: 310px\" class=\"wp-caption alignleft\"><a href=\"https:\/\/cetaradell.cat\/ce\/wp-content\/uploads\/2018-12-01-SpartanRaceValenciaFoto_-SpartanRaceEurope.jpeg\" target=\"_blank\" rel=\"attachment noopener wp-att-6681 noreferrer\"><img decoding=\"async\" aria-describedby=\"caption-attachment-6681\" class=\"wp-image-6681 size-medium\" src=\"https:\/\/cetaradell.cat\/ce\/wp-content\/uploads\/2018-12-01-SpartanRaceValenciaFoto_-SpartanRaceEurope-300x300.jpeg\" alt=\"2018-12-01-SpartanRaceValencia(Foto_ SpartanRaceEurope)\" width=\"300\" height=\"300\" srcset=\"https:\/\/cetaradell.cat\/ce\/wp-content\/uploads\/2018-12-01-SpartanRaceValenciaFoto_-SpartanRaceEurope-60x60.jpeg 60w, https:\/\/cetaradell.cat\/ce\/wp-content\/uploads\/2018-12-01-SpartanRaceValenciaFoto_-SpartanRaceEurope-100x100.jpeg 100w, https:\/\/cetaradell.cat\/ce\/wp-content\/uploads\/2018-12-01-SpartanRaceValenciaFoto_-SpartanRaceEurope-150x150.jpeg 150w, https:\/\/cetaradell.cat\/ce\/wp-content\/uploads\/2018-12-01-SpartanRaceValenciaFoto_-SpartanRaceEurope-300x300.jpeg 300w, https:\/\/cetaradell.cat\/ce\/wp-content\/uploads\/2018-12-01-SpartanRaceValenciaFoto_-SpartanRaceEurope-500x500.jpeg 500w, https:\/\/cetaradell.cat\/ce\/wp-content\/uploads\/2018-12-01-SpartanRaceValenciaFoto_-SpartanRaceEurope-700x700.jpeg 700w, https:\/\/cetaradell.cat\/ce\/wp-content\/uploads\/2018-12-01-SpartanRaceValenciaFoto_-SpartanRaceEurope.jpeg 720w\" sizes=\"(max-width: 300px) 100vw, 300px\" \/><\/a><p id=\"caption-attachment-6681\" class=\"wp-caption-text\">Albert Presegu\u00e9, tercer classificat del Campionat Spartan Race Spain (Foto: Spartan Race Europe)<\/p><\/div>\n<p>El dissabte 1 de desembre a Xest (Val\u00e8ncia) es va celebrar l\u2019\u00faltima prova del Campionat d\u2019Espanya de les curses d\u2019obstacles Spartan Race en el qual va participar l\u2019atleta taradellenc i soci de CE Taradell, <strong>Albert Presegu\u00e9<\/strong>.<\/p>\n<p>Aquest campionat constava de 5 proves i la suma de les 4 millors determinava la classificaci\u00f3 final. Albert Presegu\u00e9 va participar a totes 5, per\u00f2 en la Spartan Race Mallorca Super no va puntuar perqu\u00e8 va c\u00f3rrer en una categoria diferent a l\u2019habitual. La puntuaci\u00f3 obtinguda en les altres quatre l\u2019ha situat en <strong>tercera posici\u00f3<\/strong> de la categoria masculina del grup d\u2019edat de 25 a 29 anys.<\/p>\n<p>Els bons resultats que va obtenir a la Spartan Race Mardid Sprint on es va classificar en 5\u00e8 lloc, a la Spartan Race Andorra Super\u00a0 on va aconseguir la medalla de bronze <em><strong><a href=\"https:\/\/cetaradell.cat\/ce\/albert-presegue-al-campionat-europeu-spartan-race\/\" target=\"_blank\" rel=\"noopener noreferrer\">(veure not\u00edcia \u2192)<\/a><\/strong><\/em> i a la Spartan Race Barcelona Beast on va quedar\u00a0 6\u00e8, li han perm\u00e8s pujar al podi del campionat juntament amb el primer classificat, el basc Jokin Alonso i el seu company d\u2019equip Nestor Terribas, segon classificat.<\/p>\n","protected":false},"excerpt":{"rendered":"<p>El dissabte 1 de desembre a Xest (Val\u00e8ncia) es va celebrar l\u2019\u00faltima prova del Campionat d\u2019Espanya de les curses d\u2019obstacles Spartan Race en el qual va participar l\u2019atleta taradellenc i soci de CE Taradell, Albert Presegu\u00e9. Aquest campionat constava de 5 proves i la suma de les 4 millors determinava  [&#8230;]<\/p>\n","protected":false},"author":1,"featured_media":6681,"comment_status":"closed","ping_status":"closed","sticky":false,"template":"","format":"standard","meta":{"footnotes":""},"categories":[32,3],"tags":[],"class_list":["post-6680","post","type-post","status-publish","format-standard","has-post-thumbnail","hentry","category-equip-cet-lenclusa","category-noticies"],"yoast_head":"<!-- This site is optimized with the Yoast SEO plugin v27.4 - https:\/\/yoast.com\/product\/yoast-seo-wordpress\/ -->\n<title>Albert Presegu\u00e9, 3r al Campionat Spartan Race Spain - Centre Excursionista Taradell<\/title>\n<meta name=\"robots\" content=\"index, follow, max-snippet:-1, max-image-preview:large, max-video-preview:-1\" \/>\n<link rel=\"canonical\" href=\"https:\/\/cetaradell.cat\/ce\/albert-presegue-3r-al-campionat-spartan-race-spain\/\" \/>\n<meta property=\"og:locale\" content=\"ca_ES\" \/>\n<meta property=\"og:type\" content=\"article\" \/>\n<meta property=\"og:title\" content=\"Albert Presegu\u00e9, 3r al Campionat Spartan Race Spain - Centre Excursionista Taradell\" \/>\n<meta property=\"og:description\" content=\"El dissabte 1 de desembre a Xest (Val\u00e8ncia) es va celebrar l\u2019\u00faltima prova del Campionat d\u2019Espanya de les curses d\u2019obstacles Spartan Race en el qual va participar l\u2019atleta taradellenc i soci de CE Taradell, Albert Presegu\u00e9. Aquest campionat constava de 5 proves i la suma de les 4 millors determinava [...]\" \/>\n<meta property=\"og:url\" content=\"https:\/\/cetaradell.cat\/ce\/albert-presegue-3r-al-campionat-spartan-race-spain\/\" \/>\n<meta property=\"og:site_name\" content=\"Centre Excursionista Taradell\" \/>\n<meta property=\"article:publisher\" content=\"https:\/\/www.facebook.com\/CETaradell\/\" \/>\n<meta property=\"article:published_time\" content=\"2018-12-02T23:39:18+00:00\" \/>\n<meta property=\"article:modified_time\" content=\"2020-06-03T21:00:40+00:00\" \/>\n<meta property=\"og:image\" content=\"https:\/\/cetaradell.cat\/ce\/wp-content\/uploads\/2018-12-01-SpartanRaceValenciaFoto_-SpartanRaceEurope.jpeg\" \/>\n\t<meta property=\"og:image:width\" content=\"720\" \/>\n\t<meta property=\"og:image:height\" content=\"720\" \/>\n\t<meta property=\"og:image:type\" content=\"image\/jpeg\" \/>\n<meta name=\"author\" content=\"CET\" \/>\n<meta name=\"twitter:card\" content=\"summary_large_image\" \/>\n<meta name=\"twitter:label1\" content=\"Escrit per\" \/>\n\t<meta name=\"twitter:data1\" content=\"CET\" \/>\n\t<meta name=\"twitter:label2\" content=\"Temps estimat de lectura\" \/>\n\t<meta name=\"twitter:data2\" content=\"1 minut\" \/>\n<script type=\"application\/ld+json\" class=\"yoast-schema-graph\">{\"@context\":\"https:\\\/\\\/schema.org\",\"@graph\":[{\"@type\":\"Article\",\"@id\":\"https:\\\/\\\/cetaradell.cat\\\/ce\\\/albert-presegue-3r-al-campionat-spartan-race-spain\\\/#article\",\"isPartOf\":{\"@id\":\"https:\\\/\\\/cetaradell.cat\\\/ce\\\/albert-presegue-3r-al-campionat-spartan-race-spain\\\/\"},\"author\":{\"name\":\"CET\",\"@id\":\"https:\\\/\\\/cetaradell.cat\\\/ce\\\/#\\\/schema\\\/person\\\/92a59f585073071c7be6649e84b22f78\"},\"headline\":\"Albert Presegu\u00e9, 3r al Campionat Spartan Race Spain\",\"datePublished\":\"2018-12-02T23:39:18+00:00\",\"dateModified\":\"2020-06-03T21:00:40+00:00\",\"mainEntityOfPage\":{\"@id\":\"https:\\\/\\\/cetaradell.cat\\\/ce\\\/albert-presegue-3r-al-campionat-spartan-race-spain\\\/\"},\"wordCount\":206,\"image\":{\"@id\":\"https:\\\/\\\/cetaradell.cat\\\/ce\\\/albert-presegue-3r-al-campionat-spartan-race-spain\\\/#primaryimage\"},\"thumbnailUrl\":\"https:\\\/\\\/cetaradell.cat\\\/ce\\\/wp-content\\\/uploads\\\/2018-12-01-SpartanRaceValenciaFoto_-SpartanRaceEurope.jpeg\",\"articleSection\":[\"Equip CET-L'Enclusa\",\"Not\u00edcies\"],\"inLanguage\":\"ca\"},{\"@type\":\"WebPage\",\"@id\":\"https:\\\/\\\/cetaradell.cat\\\/ce\\\/albert-presegue-3r-al-campionat-spartan-race-spain\\\/\",\"url\":\"https:\\\/\\\/cetaradell.cat\\\/ce\\\/albert-presegue-3r-al-campionat-spartan-race-spain\\\/\",\"name\":\"Albert Presegu\u00e9, 3r al Campionat Spartan Race Spain - Centre Excursionista Taradell\",\"isPartOf\":{\"@id\":\"https:\\\/\\\/cetaradell.cat\\\/ce\\\/#website\"},\"primaryImageOfPage\":{\"@id\":\"https:\\\/\\\/cetaradell.cat\\\/ce\\\/albert-presegue-3r-al-campionat-spartan-race-spain\\\/#primaryimage\"},\"image\":{\"@id\":\"https:\\\/\\\/cetaradell.cat\\\/ce\\\/albert-presegue-3r-al-campionat-spartan-race-spain\\\/#primaryimage\"},\"thumbnailUrl\":\"https:\\\/\\\/cetaradell.cat\\\/ce\\\/wp-content\\\/uploads\\\/2018-12-01-SpartanRaceValenciaFoto_-SpartanRaceEurope.jpeg\",\"datePublished\":\"2018-12-02T23:39:18+00:00\",\"dateModified\":\"2020-06-03T21:00:40+00:00\",\"author\":{\"@id\":\"https:\\\/\\\/cetaradell.cat\\\/ce\\\/#\\\/schema\\\/person\\\/92a59f585073071c7be6649e84b22f78\"},\"breadcrumb\":{\"@id\":\"https:\\\/\\\/cetaradell.cat\\\/ce\\\/albert-presegue-3r-al-campionat-spartan-race-spain\\\/#breadcrumb\"},\"inLanguage\":\"ca\",\"potentialAction\":[{\"@type\":\"ReadAction\",\"target\":[\"https:\\\/\\\/cetaradell.cat\\\/ce\\\/albert-presegue-3r-al-campionat-spartan-race-spain\\\/\"]}]},{\"@type\":\"ImageObject\",\"inLanguage\":\"ca\",\"@id\":\"https:\\\/\\\/cetaradell.cat\\\/ce\\\/albert-presegue-3r-al-campionat-spartan-race-spain\\\/#primaryimage\",\"url\":\"https:\\\/\\\/cetaradell.cat\\\/ce\\\/wp-content\\\/uploads\\\/2018-12-01-SpartanRaceValenciaFoto_-SpartanRaceEurope.jpeg\",\"contentUrl\":\"https:\\\/\\\/cetaradell.cat\\\/ce\\\/wp-content\\\/uploads\\\/2018-12-01-SpartanRaceValenciaFoto_-SpartanRaceEurope.jpeg\",\"width\":720,\"height\":720},{\"@type\":\"BreadcrumbList\",\"@id\":\"https:\\\/\\\/cetaradell.cat\\\/ce\\\/albert-presegue-3r-al-campionat-spartan-race-spain\\\/#breadcrumb\",\"itemListElement\":[{\"@type\":\"ListItem\",\"position\":1,\"name\":\"Inici\",\"item\":\"https:\\\/\\\/cetaradell.cat\\\/ce\\\/\"},{\"@type\":\"ListItem\",\"position\":2,\"name\":\"Albert Presegu\u00e9, 3r al Campionat Spartan Race Spain\"}]},{\"@type\":\"WebSite\",\"@id\":\"https:\\\/\\\/cetaradell.cat\\\/ce\\\/#website\",\"url\":\"https:\\\/\\\/cetaradell.cat\\\/ce\\\/\",\"name\":\"Centre Excursionista Taradell\",\"description\":\"\",\"potentialAction\":[{\"@type\":\"SearchAction\",\"target\":{\"@type\":\"EntryPoint\",\"urlTemplate\":\"https:\\\/\\\/cetaradell.cat\\\/ce\\\/?s={search_term_string}\"},\"query-input\":{\"@type\":\"PropertyValueSpecification\",\"valueRequired\":true,\"valueName\":\"search_term_string\"}}],\"inLanguage\":\"ca\"},{\"@type\":\"Person\",\"@id\":\"https:\\\/\\\/cetaradell.cat\\\/ce\\\/#\\\/schema\\\/person\\\/92a59f585073071c7be6649e84b22f78\",\"name\":\"CET\",\"image\":{\"@type\":\"ImageObject\",\"inLanguage\":\"ca\",\"@id\":\"https:\\\/\\\/secure.gravatar.com\\\/avatar\\\/d6fbe010d42056feccc0f613ed07277a5118442805079269f12dabdc42e1a727?s=96&d=mm&r=g\",\"url\":\"https:\\\/\\\/secure.gravatar.com\\\/avatar\\\/d6fbe010d42056feccc0f613ed07277a5118442805079269f12dabdc42e1a727?s=96&d=mm&r=g\",\"contentUrl\":\"https:\\\/\\\/secure.gravatar.com\\\/avatar\\\/d6fbe010d42056feccc0f613ed07277a5118442805079269f12dabdc42e1a727?s=96&d=mm&r=g\",\"caption\":\"CET\"},\"url\":\"https:\\\/\\\/cetaradell.cat\\\/ce\\\/author\\\/root\\\/\"}]}<\/script>\n<!-- \/ Yoast SEO plugin. -->","yoast_head_json":{"title":"Albert Presegu\u00e9, 3r al Campionat Spartan Race Spain - Centre Excursionista Taradell","robots":{"index":"index","follow":"follow","max-snippet":"max-snippet:-1","max-image-preview":"max-image-preview:large","max-video-preview":"max-video-preview:-1"},"canonical":"https:\/\/cetaradell.cat\/ce\/albert-presegue-3r-al-campionat-spartan-race-spain\/","og_locale":"ca_ES","og_type":"article","og_title":"Albert Presegu\u00e9, 3r al Campionat Spartan Race Spain - Centre Excursionista Taradell","og_description":"El dissabte 1 de desembre a Xest (Val\u00e8ncia) es va celebrar l\u2019\u00faltima prova del Campionat d\u2019Espanya de les curses d\u2019obstacles Spartan Race en el qual va participar l\u2019atleta taradellenc i soci de CE Taradell, Albert Presegu\u00e9. Aquest campionat constava de 5 proves i la suma de les 4 millors determinava [...]","og_url":"https:\/\/cetaradell.cat\/ce\/albert-presegue-3r-al-campionat-spartan-race-spain\/","og_site_name":"Centre Excursionista Taradell","article_publisher":"https:\/\/www.facebook.com\/CETaradell\/","article_published_time":"2018-12-02T23:39:18+00:00","article_modified_time":"2020-06-03T21:00:40+00:00","og_image":[{"width":720,"height":720,"url":"https:\/\/cetaradell.cat\/ce\/wp-content\/uploads\/2018-12-01-SpartanRaceValenciaFoto_-SpartanRaceEurope.jpeg","type":"image\/jpeg"}],"author":"CET","twitter_card":"summary_large_image","twitter_misc":{"Escrit per":"CET","Temps estimat de lectura":"1 minut"},"schema":{"@context":"https:\/\/schema.org","@graph":[{"@type":"Article","@id":"https:\/\/cetaradell.cat\/ce\/albert-presegue-3r-al-campionat-spartan-race-spain\/#article","isPartOf":{"@id":"https:\/\/cetaradell.cat\/ce\/albert-presegue-3r-al-campionat-spartan-race-spain\/"},"author":{"name":"CET","@id":"https:\/\/cetaradell.cat\/ce\/#\/schema\/person\/92a59f585073071c7be6649e84b22f78"},"headline":"Albert Presegu\u00e9, 3r al Campionat Spartan Race Spain","datePublished":"2018-12-02T23:39:18+00:00","dateModified":"2020-06-03T21:00:40+00:00","mainEntityOfPage":{"@id":"https:\/\/cetaradell.cat\/ce\/albert-presegue-3r-al-campionat-spartan-race-spain\/"},"wordCount":206,"image":{"@id":"https:\/\/cetaradell.cat\/ce\/albert-presegue-3r-al-campionat-spartan-race-spain\/#primaryimage"},"thumbnailUrl":"https:\/\/cetaradell.cat\/ce\/wp-content\/uploads\/2018-12-01-SpartanRaceValenciaFoto_-SpartanRaceEurope.jpeg","articleSection":["Equip CET-L'Enclusa","Not\u00edcies"],"inLanguage":"ca"},{"@type":"WebPage","@id":"https:\/\/cetaradell.cat\/ce\/albert-presegue-3r-al-campionat-spartan-race-spain\/","url":"https:\/\/cetaradell.cat\/ce\/albert-presegue-3r-al-campionat-spartan-race-spain\/","name":"Albert Presegu\u00e9, 3r al Campionat Spartan Race Spain - Centre Excursionista Taradell","isPartOf":{"@id":"https:\/\/cetaradell.cat\/ce\/#website"},"primaryImageOfPage":{"@id":"https:\/\/cetaradell.cat\/ce\/albert-presegue-3r-al-campionat-spartan-race-spain\/#primaryimage"},"image":{"@id":"https:\/\/cetaradell.cat\/ce\/albert-presegue-3r-al-campionat-spartan-race-spain\/#primaryimage"},"thumbnailUrl":"https:\/\/cetaradell.cat\/ce\/wp-content\/uploads\/2018-12-01-SpartanRaceValenciaFoto_-SpartanRaceEurope.jpeg","datePublished":"2018-12-02T23:39:18+00:00","dateModified":"2020-06-03T21:00:40+00:00","author":{"@id":"https:\/\/cetaradell.cat\/ce\/#\/schema\/person\/92a59f585073071c7be6649e84b22f78"},"breadcrumb":{"@id":"https:\/\/cetaradell.cat\/ce\/albert-presegue-3r-al-campionat-spartan-race-spain\/#breadcrumb"},"inLanguage":"ca","potentialAction":[{"@type":"ReadAction","target":["https:\/\/cetaradell.cat\/ce\/albert-presegue-3r-al-campionat-spartan-race-spain\/"]}]},{"@type":"ImageObject","inLanguage":"ca","@id":"https:\/\/cetaradell.cat\/ce\/albert-presegue-3r-al-campionat-spartan-race-spain\/#primaryimage","url":"https:\/\/cetaradell.cat\/ce\/wp-content\/uploads\/2018-12-01-SpartanRaceValenciaFoto_-SpartanRaceEurope.jpeg","contentUrl":"https:\/\/cetaradell.cat\/ce\/wp-content\/uploads\/2018-12-01-SpartanRaceValenciaFoto_-SpartanRaceEurope.jpeg","width":720,"height":720},{"@type":"BreadcrumbList","@id":"https:\/\/cetaradell.cat\/ce\/albert-presegue-3r-al-campionat-spartan-race-spain\/#breadcrumb","itemListElement":[{"@type":"ListItem","position":1,"name":"Inici","item":"https:\/\/cetaradell.cat\/ce\/"},{"@type":"ListItem","position":2,"name":"Albert Presegu\u00e9, 3r al Campionat Spartan Race Spain"}]},{"@type":"WebSite","@id":"https:\/\/cetaradell.cat\/ce\/#website","url":"https:\/\/cetaradell.cat\/ce\/","name":"Centre Excursionista Taradell","description":"","potentialAction":[{"@type":"SearchAction","target":{"@type":"EntryPoint","urlTemplate":"https:\/\/cetaradell.cat\/ce\/?s={search_term_string}"},"query-input":{"@type":"PropertyValueSpecification","valueRequired":true,"valueName":"search_term_string"}}],"inLanguage":"ca"},{"@type":"Person","@id":"https:\/\/cetaradell.cat\/ce\/#\/schema\/person\/92a59f585073071c7be6649e84b22f78","name":"CET","image":{"@type":"ImageObject","inLanguage":"ca","@id":"https:\/\/secure.gravatar.com\/avatar\/d6fbe010d42056feccc0f613ed07277a5118442805079269f12dabdc42e1a727?s=96&d=mm&r=g","url":"https:\/\/secure.gravatar.com\/avatar\/d6fbe010d42056feccc0f613ed07277a5118442805079269f12dabdc42e1a727?s=96&d=mm&r=g","contentUrl":"https:\/\/secure.gravatar.com\/avatar\/d6fbe010d42056feccc0f613ed07277a5118442805079269f12dabdc42e1a727?s=96&d=mm&r=g","caption":"CET"},"url":"https:\/\/cetaradell.cat\/ce\/author\/root\/"}]}},"_links":{"self":[{"href":"https:\/\/cetaradell.cat\/ce\/wp-json\/wp\/v2\/posts\/6680","targetHints":{"allow":["GET"]}}],"collection":[{"href":"https:\/\/cetaradell.cat\/ce\/wp-json\/wp\/v2\/posts"}],"about":[{"href":"https:\/\/cetaradell.cat\/ce\/wp-json\/wp\/v2\/types\/post"}],"author":[{"embeddable":true,"href":"https:\/\/cetaradell.cat\/ce\/wp-json\/wp\/v2\/users\/1"}],"replies":[{"embeddable":true,"href":"https:\/\/cetaradell.cat\/ce\/wp-json\/wp\/v2\/comments?post=6680"}],"version-history":[{"count":0,"href":"https:\/\/cetaradell.cat\/ce\/wp-json\/wp\/v2\/posts\/6680\/revisions"}],"wp:featuredmedia":[{"embeddable":true,"href":"https:\/\/cetaradell.cat\/ce\/wp-json\/wp\/v2\/media\/6681"}],"wp:attachment":[{"href":"https:\/\/cetaradell.cat\/ce\/wp-json\/wp\/v2\/media?parent=6680"}],"wp:term":[{"taxonomy":"category","embeddable":true,"href":"https:\/\/cetaradell.cat\/ce\/wp-json\/wp\/v2\/categories?post=6680"},{"taxonomy":"post_tag","embeddable":true,"href":"https:\/\/cetaradell.cat\/ce\/wp-json\/wp\/v2\/tags?post=6680"}],"curies":[{"name":"wp","href":"https:\/\/api.w.org\/{rel}","templated":true}]}}