{"id":6691,"date":"2018-12-15T00:17:00","date_gmt":"2018-12-14T23:17:00","guid":{"rendered":"https:\/\/cetaradell.cat\/ce\/?p=6691"},"modified":"2020-06-06T11:45:10","modified_gmt":"2020-06-06T10:45:10","slug":"cavada-a-matagalls-2018","status":"publish","type":"post","link":"https:\/\/cetaradell.cat\/ce\/cavada-a-matagalls-2018\/","title":{"rendered":"Cavada a Matagalls &#8211; 2018"},"content":{"rendered":"<div id=\"attachment_6692\" style=\"width: 310px\" class=\"wp-caption alignleft\"><a href=\"https:\/\/cetaradell.cat\/ce\/wp-content\/uploads\/P1130168-2.jpg\" target=\"_blank\" rel=\"attachment noopener wp-att-6692 noreferrer\"><img decoding=\"async\" aria-describedby=\"caption-attachment-6692\" class=\"wp-image-6692 size-medium\" src=\"https:\/\/cetaradell.cat\/ce\/wp-content\/uploads\/P1130168-2-300x225.jpg\" alt=\"P1130168 (2)\" width=\"300\" height=\"225\" srcset=\"https:\/\/cetaradell.cat\/ce\/wp-content\/uploads\/P1130168-2-300x225.jpg 300w, https:\/\/cetaradell.cat\/ce\/wp-content\/uploads\/P1130168-2-500x375.jpg 500w, https:\/\/cetaradell.cat\/ce\/wp-content\/uploads\/P1130168-2-700x525.jpg 700w, https:\/\/cetaradell.cat\/ce\/wp-content\/uploads\/P1130168-2-768x576.jpg 768w, https:\/\/cetaradell.cat\/ce\/wp-content\/uploads\/P1130168-2-1024x768.jpg 1024w\" sizes=\"(max-width: 300px) 100vw, 300px\" \/><\/a><p id=\"caption-attachment-6692\" class=\"wp-caption-text\">Cavada 2017<\/p><\/div>\n<p>&#8220;La <b>tradici\u00f3<\/b> \u00e9s el conjunt de coneixements, costums i creences que es transmeten de generaci\u00f3 en generaci\u00f3 per considerar-se d&#8217;alt valor per a la pr\u00f2pia cultura. En un sentit laxe, es pot considerar tradici\u00f3 qualsevol esdeveniment repetit al llarg del temps, com una festa o aspectes de protocol.&#8221;(1)<\/p>\n<p>Ha arribat el desembre que \u00e9s un mes de moltes tradicions i entre elles no pot faltar la tradicional <strong>cavada a Matagalls.<\/strong><\/p>\n<p>Us recordem que cal anar molt, molt i molt ben abrigats: \u00e9s hivern i \u00e9s de nit, les temperatures baixen i la lluna per plena que sigui no escalfa. Les normes s\u00f3n les mateixes de cada any i com sempre unes de les m\u00e9s importants s\u00f3n tenir seny, que el <strong>cava sigui cava<\/strong> i que la <strong>copa<\/strong> per veure&#8217;l sigui <strong>de vidre<\/strong>, com \u00e9s tradici\u00f3.<\/p>\n<p>&nbsp;<\/p>\n<h4><strong>Dades t\u00e8cniques de la cavada<br \/>\n<\/strong><\/h4>\n<p><strong>Dia:<\/strong> dimarts, 25 de desembre de 2018<br \/>\n<strong>Hora de sortida:<\/strong> a les 10 del vespre del local social del CET<br \/>\n<strong>Transport:<\/strong> cotxes particulars<\/p>\n<p><strong>Normes importants: <\/strong>s\u00f3n les mateixes de cada any, a m\u00e9s de les que s\u2019hi puguin afegir a \u00faltima hora. Aquestes normes s\u00f3n obligat\u00f2ries i els darrers anys podem dir que s\u2019han seguit correctament i esperem que aquest any no en sigui una excepci\u00f3. Us les recordem a continuaci\u00f3:<\/p>\n<p>&#8211; Cadasc\u00fa ha de portar el cava, fresc, que vulgui consumir i una mica m\u00e9s per convidar els altres en senyal d\u2019amistat. Per tant, si porteu un \u201cbenjam\u00ed\u201d, dient que la crisi us ha fet retallar despeses, no ens engalipareu, perqu\u00e8 hi ha caves bonets a preu de \u201cbenjam\u00ed\u201d.<\/p>\n<p>&#8211; El cava, com sempre, <strong>ha de ser cava<\/strong>.\u00a0 I, com cada any, us recordem que no es poden portar succedanis. No s\u2019accepta ni vi gasificat ni similars. Esperem que no es trenqui aquesta tradici\u00f3 que ha esdevingut una de les normes principals d\u2019aquesta activitat i per la qual tant hem hagut de lluitar, com ja \u00e9s tradici\u00f3 en el nostre pa\u00eds. Aconsellem que els productes siguin de la terra i, si \u00e9s possible, etiquetats en catal\u00e0. Si alg\u00fa porta xampany o cava d\u2019altres or\u00edgens no serem descortesos, si \u00e9s de molta qualitat, per\u00f2 no s\u2019ha de prendre com a exemple. Nom\u00e9s els conductors s\u00f3n les persones autoritzades, millor dit obligades, a prendre begudes sense alcohol.<\/p>\n<p>&#8211;\u00a0 Si la norma que el cava ha de ser cava \u00e9s primordial, aquesta altra norma \u00e9s la m\u00e9s important i sovint hi ha qui se la salta. El cava s\u2019ha de beure en <strong>copa de vidre<\/strong> o cristall. No s\u00f3n permeses les imitacions de pl\u00e0stic o d\u2019altres materials per molt nobles, reciclables o biodegradables que siguin.<\/p>\n<p>&#8211; Com que som <strong>gent de seny<\/strong>, es far\u00e0 un <strong>consum moderat de cava<\/strong> i perqu\u00e8, tot i que el consum sigui moderat, no hi hagi perill que ens pugi al cap i que perdem el nord, el sud, l\u2019est, l\u2019oest i els punts del carnet, l\u2019acompanyarem amb el que m\u00e9s ens agradi. Cal que cadasc\u00fa porti l\u2019acompanyament que cregui adequat en quantitat i en qualitat a la seva constituci\u00f3 f\u00edsica i ps\u00edquica, sense oblidar-se de les dates. Per tant, us aconsellem que porteu: assortiment de torrons, varietat de coques, galetes, bombons, neules,\u00a0 mantegades, llonganissa, fuet, xocolata, etc.<\/p>\n<p>&#8211; L\u2019organitzaci\u00f3 no es pot fer responsable dels excessos que puguin cometre els participants. Tothom ha de ser prou responsable d\u2019ell mateix. Els menors han d\u2019anar acompanyats de pares o familiars.<\/p>\n<p>&#8211; L\u2019organitzaci\u00f3 pot variar el programa quan i com ho cregui necessari, i pot resoldre qualsevol situaci\u00f3 de la manera que cregui oportuna.<\/p>\n<p>&#8211; La participaci\u00f3 en aquesta activitat d\u2019aventura suposa l\u2019acceptaci\u00f3 de totes les normes.<\/p>\n<p><strong>Consells importants<\/strong><\/p>\n<p>&#8211; Cal anar molt ben preparat per al fred i per a les adversitats climatol\u00f2giques que puguin atacar-nos.<\/p>\n<p>&#8211; \u00c9s imprescindible portar sistemes d\u2019il\u00b7luminaci\u00f3 port\u00e0tils, com ara llanternes de m\u00e0 o frontals, malgrat la bona lluna que els darrers anys ens ha acompanyat.<\/p>\n<p>&#8211; \u00c9s necessari recordar els \u00faltims acudits que h\u00e0giu sentit per tal de posar-los en com\u00fa\u00a0 durant la cavada per riure una mica.<\/p>\n<p>&#8211; Tampoc heu d\u2019oblidar-vos dels equipaments de navegaci\u00f3 que tingueu: br\u00faixoles, GPS, mapes, tel\u00e8fons m\u00f2bils (que nom\u00e9s utilitzareu per a emerg\u00e8ncies)&#8230;<\/p>\n<p>(1) Font: Viquip\u00e8dia en catal\u00e0<\/p>\n","protected":false},"excerpt":{"rendered":"<p>&#8220;La tradici\u00f3 \u00e9s el conjunt de coneixements, costums i creences que es transmeten de generaci\u00f3 en generaci\u00f3 per considerar-se d&#8217;alt valor per a la pr\u00f2pia cultura. En un sentit laxe, es pot considerar tradici\u00f3 qualsevol esdeveniment repetit al llarg del temps, com una festa o aspectes de protocol.&#8221;(1) Ha arribat  [&#8230;]<\/p>\n","protected":false},"author":1,"featured_media":6692,"comment_status":"closed","ping_status":"closed","sticky":false,"template":"","format":"standard","meta":{"footnotes":""},"categories":[4,7],"tags":[],"class_list":["post-6691","post","type-post","status-publish","format-standard","has-post-thumbnail","hentry","category-activitats","category-muntanya"],"yoast_head":"<!-- This site is optimized with the Yoast SEO plugin v27.5 - https:\/\/yoast.com\/product\/yoast-seo-wordpress\/ -->\n<title>Cavada a Matagalls - 2018 - Centre Excursionista Taradell<\/title>\n<meta name=\"robots\" content=\"index, follow, max-snippet:-1, max-image-preview:large, max-video-preview:-1\" \/>\n<link rel=\"canonical\" href=\"https:\/\/cetaradell.cat\/ce\/cavada-a-matagalls-2018\/\" \/>\n<meta property=\"og:locale\" content=\"ca_ES\" \/>\n<meta property=\"og:type\" content=\"article\" \/>\n<meta property=\"og:title\" content=\"Cavada a Matagalls - 2018 - Centre Excursionista Taradell\" \/>\n<meta property=\"og:description\" content=\"&#8220;La tradici\u00f3 \u00e9s el conjunt de coneixements, costums i creences que es transmeten de generaci\u00f3 en generaci\u00f3 per considerar-se d&#8217;alt valor per a la pr\u00f2pia cultura. En un sentit laxe, es pot considerar tradici\u00f3 qualsevol esdeveniment repetit al llarg del temps, com una festa o aspectes de protocol.&#8221;(1) Ha arribat [...]\" \/>\n<meta property=\"og:url\" content=\"https:\/\/cetaradell.cat\/ce\/cavada-a-matagalls-2018\/\" \/>\n<meta property=\"og:site_name\" content=\"Centre Excursionista Taradell\" \/>\n<meta property=\"article:publisher\" content=\"https:\/\/www.facebook.com\/CETaradell\/\" \/>\n<meta property=\"article:published_time\" content=\"2018-12-14T23:17:00+00:00\" \/>\n<meta property=\"article:modified_time\" content=\"2020-06-06T10:45:10+00:00\" \/>\n<meta property=\"og:image\" content=\"https:\/\/cetaradell.cat\/ce\/wp-content\/uploads\/P1130168-2.jpg\" \/>\n\t<meta property=\"og:image:width\" content=\"2304\" \/>\n\t<meta property=\"og:image:height\" content=\"1728\" \/>\n\t<meta property=\"og:image:type\" content=\"image\/jpeg\" \/>\n<meta name=\"author\" content=\"CET\" \/>\n<meta name=\"twitter:card\" content=\"summary_large_image\" \/>\n<meta name=\"twitter:label1\" content=\"Escrit per\" \/>\n\t<meta name=\"twitter:data1\" content=\"CET\" \/>\n\t<meta name=\"twitter:label2\" content=\"Temps estimat de lectura\" \/>\n\t<meta name=\"twitter:data2\" content=\"4 minuts\" \/>\n<script type=\"application\/ld+json\" class=\"yoast-schema-graph\">{\"@context\":\"https:\\\/\\\/schema.org\",\"@graph\":[{\"@type\":\"Article\",\"@id\":\"https:\\\/\\\/cetaradell.cat\\\/ce\\\/cavada-a-matagalls-2018\\\/#article\",\"isPartOf\":{\"@id\":\"https:\\\/\\\/cetaradell.cat\\\/ce\\\/cavada-a-matagalls-2018\\\/\"},\"author\":{\"name\":\"CET\",\"@id\":\"https:\\\/\\\/cetaradell.cat\\\/ce\\\/#\\\/schema\\\/person\\\/92a59f585073071c7be6649e84b22f78\"},\"headline\":\"Cavada a Matagalls &#8211; 2018\",\"datePublished\":\"2018-12-14T23:17:00+00:00\",\"dateModified\":\"2020-06-06T10:45:10+00:00\",\"mainEntityOfPage\":{\"@id\":\"https:\\\/\\\/cetaradell.cat\\\/ce\\\/cavada-a-matagalls-2018\\\/\"},\"wordCount\":754,\"image\":{\"@id\":\"https:\\\/\\\/cetaradell.cat\\\/ce\\\/cavada-a-matagalls-2018\\\/#primaryimage\"},\"thumbnailUrl\":\"https:\\\/\\\/cetaradell.cat\\\/ce\\\/wp-content\\\/uploads\\\/P1130168-2.jpg\",\"articleSection\":[\"Activitats\",\"Muntanya\"],\"inLanguage\":\"ca\"},{\"@type\":\"WebPage\",\"@id\":\"https:\\\/\\\/cetaradell.cat\\\/ce\\\/cavada-a-matagalls-2018\\\/\",\"url\":\"https:\\\/\\\/cetaradell.cat\\\/ce\\\/cavada-a-matagalls-2018\\\/\",\"name\":\"Cavada a Matagalls - 2018 - Centre Excursionista Taradell\",\"isPartOf\":{\"@id\":\"https:\\\/\\\/cetaradell.cat\\\/ce\\\/#website\"},\"primaryImageOfPage\":{\"@id\":\"https:\\\/\\\/cetaradell.cat\\\/ce\\\/cavada-a-matagalls-2018\\\/#primaryimage\"},\"image\":{\"@id\":\"https:\\\/\\\/cetaradell.cat\\\/ce\\\/cavada-a-matagalls-2018\\\/#primaryimage\"},\"thumbnailUrl\":\"https:\\\/\\\/cetaradell.cat\\\/ce\\\/wp-content\\\/uploads\\\/P1130168-2.jpg\",\"datePublished\":\"2018-12-14T23:17:00+00:00\",\"dateModified\":\"2020-06-06T10:45:10+00:00\",\"author\":{\"@id\":\"https:\\\/\\\/cetaradell.cat\\\/ce\\\/#\\\/schema\\\/person\\\/92a59f585073071c7be6649e84b22f78\"},\"breadcrumb\":{\"@id\":\"https:\\\/\\\/cetaradell.cat\\\/ce\\\/cavada-a-matagalls-2018\\\/#breadcrumb\"},\"inLanguage\":\"ca\",\"potentialAction\":[{\"@type\":\"ReadAction\",\"target\":[\"https:\\\/\\\/cetaradell.cat\\\/ce\\\/cavada-a-matagalls-2018\\\/\"]}]},{\"@type\":\"ImageObject\",\"inLanguage\":\"ca\",\"@id\":\"https:\\\/\\\/cetaradell.cat\\\/ce\\\/cavada-a-matagalls-2018\\\/#primaryimage\",\"url\":\"https:\\\/\\\/cetaradell.cat\\\/ce\\\/wp-content\\\/uploads\\\/P1130168-2.jpg\",\"contentUrl\":\"https:\\\/\\\/cetaradell.cat\\\/ce\\\/wp-content\\\/uploads\\\/P1130168-2.jpg\",\"width\":2304,\"height\":1728},{\"@type\":\"BreadcrumbList\",\"@id\":\"https:\\\/\\\/cetaradell.cat\\\/ce\\\/cavada-a-matagalls-2018\\\/#breadcrumb\",\"itemListElement\":[{\"@type\":\"ListItem\",\"position\":1,\"name\":\"Inici\",\"item\":\"https:\\\/\\\/cetaradell.cat\\\/ce\\\/\"},{\"@type\":\"ListItem\",\"position\":2,\"name\":\"Cavada a Matagalls &#8211; 2018\"}]},{\"@type\":\"WebSite\",\"@id\":\"https:\\\/\\\/cetaradell.cat\\\/ce\\\/#website\",\"url\":\"https:\\\/\\\/cetaradell.cat\\\/ce\\\/\",\"name\":\"Centre Excursionista Taradell\",\"description\":\"\",\"potentialAction\":[{\"@type\":\"SearchAction\",\"target\":{\"@type\":\"EntryPoint\",\"urlTemplate\":\"https:\\\/\\\/cetaradell.cat\\\/ce\\\/?s={search_term_string}\"},\"query-input\":{\"@type\":\"PropertyValueSpecification\",\"valueRequired\":true,\"valueName\":\"search_term_string\"}}],\"inLanguage\":\"ca\"},{\"@type\":\"Person\",\"@id\":\"https:\\\/\\\/cetaradell.cat\\\/ce\\\/#\\\/schema\\\/person\\\/92a59f585073071c7be6649e84b22f78\",\"name\":\"CET\",\"image\":{\"@type\":\"ImageObject\",\"inLanguage\":\"ca\",\"@id\":\"https:\\\/\\\/secure.gravatar.com\\\/avatar\\\/d6fbe010d42056feccc0f613ed07277a5118442805079269f12dabdc42e1a727?s=96&d=mm&r=g\",\"url\":\"https:\\\/\\\/secure.gravatar.com\\\/avatar\\\/d6fbe010d42056feccc0f613ed07277a5118442805079269f12dabdc42e1a727?s=96&d=mm&r=g\",\"contentUrl\":\"https:\\\/\\\/secure.gravatar.com\\\/avatar\\\/d6fbe010d42056feccc0f613ed07277a5118442805079269f12dabdc42e1a727?s=96&d=mm&r=g\",\"caption\":\"CET\"},\"url\":\"https:\\\/\\\/cetaradell.cat\\\/ce\\\/author\\\/root\\\/\"}]}<\/script>\n<!-- \/ Yoast SEO plugin. -->","yoast_head_json":{"title":"Cavada a Matagalls - 2018 - Centre Excursionista Taradell","robots":{"index":"index","follow":"follow","max-snippet":"max-snippet:-1","max-image-preview":"max-image-preview:large","max-video-preview":"max-video-preview:-1"},"canonical":"https:\/\/cetaradell.cat\/ce\/cavada-a-matagalls-2018\/","og_locale":"ca_ES","og_type":"article","og_title":"Cavada a Matagalls - 2018 - Centre Excursionista Taradell","og_description":"&#8220;La tradici\u00f3 \u00e9s el conjunt de coneixements, costums i creences que es transmeten de generaci\u00f3 en generaci\u00f3 per considerar-se d&#8217;alt valor per a la pr\u00f2pia cultura. En un sentit laxe, es pot considerar tradici\u00f3 qualsevol esdeveniment repetit al llarg del temps, com una festa o aspectes de protocol.&#8221;(1) Ha arribat [...]","og_url":"https:\/\/cetaradell.cat\/ce\/cavada-a-matagalls-2018\/","og_site_name":"Centre Excursionista Taradell","article_publisher":"https:\/\/www.facebook.com\/CETaradell\/","article_published_time":"2018-12-14T23:17:00+00:00","article_modified_time":"2020-06-06T10:45:10+00:00","og_image":[{"width":2304,"height":1728,"url":"https:\/\/cetaradell.cat\/ce\/wp-content\/uploads\/P1130168-2.jpg","type":"image\/jpeg"}],"author":"CET","twitter_card":"summary_large_image","twitter_misc":{"Escrit per":"CET","Temps estimat de lectura":"4 minuts"},"schema":{"@context":"https:\/\/schema.org","@graph":[{"@type":"Article","@id":"https:\/\/cetaradell.cat\/ce\/cavada-a-matagalls-2018\/#article","isPartOf":{"@id":"https:\/\/cetaradell.cat\/ce\/cavada-a-matagalls-2018\/"},"author":{"name":"CET","@id":"https:\/\/cetaradell.cat\/ce\/#\/schema\/person\/92a59f585073071c7be6649e84b22f78"},"headline":"Cavada a Matagalls &#8211; 2018","datePublished":"2018-12-14T23:17:00+00:00","dateModified":"2020-06-06T10:45:10+00:00","mainEntityOfPage":{"@id":"https:\/\/cetaradell.cat\/ce\/cavada-a-matagalls-2018\/"},"wordCount":754,"image":{"@id":"https:\/\/cetaradell.cat\/ce\/cavada-a-matagalls-2018\/#primaryimage"},"thumbnailUrl":"https:\/\/cetaradell.cat\/ce\/wp-content\/uploads\/P1130168-2.jpg","articleSection":["Activitats","Muntanya"],"inLanguage":"ca"},{"@type":"WebPage","@id":"https:\/\/cetaradell.cat\/ce\/cavada-a-matagalls-2018\/","url":"https:\/\/cetaradell.cat\/ce\/cavada-a-matagalls-2018\/","name":"Cavada a Matagalls - 2018 - Centre Excursionista Taradell","isPartOf":{"@id":"https:\/\/cetaradell.cat\/ce\/#website"},"primaryImageOfPage":{"@id":"https:\/\/cetaradell.cat\/ce\/cavada-a-matagalls-2018\/#primaryimage"},"image":{"@id":"https:\/\/cetaradell.cat\/ce\/cavada-a-matagalls-2018\/#primaryimage"},"thumbnailUrl":"https:\/\/cetaradell.cat\/ce\/wp-content\/uploads\/P1130168-2.jpg","datePublished":"2018-12-14T23:17:00+00:00","dateModified":"2020-06-06T10:45:10+00:00","author":{"@id":"https:\/\/cetaradell.cat\/ce\/#\/schema\/person\/92a59f585073071c7be6649e84b22f78"},"breadcrumb":{"@id":"https:\/\/cetaradell.cat\/ce\/cavada-a-matagalls-2018\/#breadcrumb"},"inLanguage":"ca","potentialAction":[{"@type":"ReadAction","target":["https:\/\/cetaradell.cat\/ce\/cavada-a-matagalls-2018\/"]}]},{"@type":"ImageObject","inLanguage":"ca","@id":"https:\/\/cetaradell.cat\/ce\/cavada-a-matagalls-2018\/#primaryimage","url":"https:\/\/cetaradell.cat\/ce\/wp-content\/uploads\/P1130168-2.jpg","contentUrl":"https:\/\/cetaradell.cat\/ce\/wp-content\/uploads\/P1130168-2.jpg","width":2304,"height":1728},{"@type":"BreadcrumbList","@id":"https:\/\/cetaradell.cat\/ce\/cavada-a-matagalls-2018\/#breadcrumb","itemListElement":[{"@type":"ListItem","position":1,"name":"Inici","item":"https:\/\/cetaradell.cat\/ce\/"},{"@type":"ListItem","position":2,"name":"Cavada a Matagalls &#8211; 2018"}]},{"@type":"WebSite","@id":"https:\/\/cetaradell.cat\/ce\/#website","url":"https:\/\/cetaradell.cat\/ce\/","name":"Centre Excursionista Taradell","description":"","potentialAction":[{"@type":"SearchAction","target":{"@type":"EntryPoint","urlTemplate":"https:\/\/cetaradell.cat\/ce\/?s={search_term_string}"},"query-input":{"@type":"PropertyValueSpecification","valueRequired":true,"valueName":"search_term_string"}}],"inLanguage":"ca"},{"@type":"Person","@id":"https:\/\/cetaradell.cat\/ce\/#\/schema\/person\/92a59f585073071c7be6649e84b22f78","name":"CET","image":{"@type":"ImageObject","inLanguage":"ca","@id":"https:\/\/secure.gravatar.com\/avatar\/d6fbe010d42056feccc0f613ed07277a5118442805079269f12dabdc42e1a727?s=96&d=mm&r=g","url":"https:\/\/secure.gravatar.com\/avatar\/d6fbe010d42056feccc0f613ed07277a5118442805079269f12dabdc42e1a727?s=96&d=mm&r=g","contentUrl":"https:\/\/secure.gravatar.com\/avatar\/d6fbe010d42056feccc0f613ed07277a5118442805079269f12dabdc42e1a727?s=96&d=mm&r=g","caption":"CET"},"url":"https:\/\/cetaradell.cat\/ce\/author\/root\/"}]}},"_links":{"self":[{"href":"https:\/\/cetaradell.cat\/ce\/wp-json\/wp\/v2\/posts\/6691","targetHints":{"allow":["GET"]}}],"collection":[{"href":"https:\/\/cetaradell.cat\/ce\/wp-json\/wp\/v2\/posts"}],"about":[{"href":"https:\/\/cetaradell.cat\/ce\/wp-json\/wp\/v2\/types\/post"}],"author":[{"embeddable":true,"href":"https:\/\/cetaradell.cat\/ce\/wp-json\/wp\/v2\/users\/1"}],"replies":[{"embeddable":true,"href":"https:\/\/cetaradell.cat\/ce\/wp-json\/wp\/v2\/comments?post=6691"}],"version-history":[{"count":0,"href":"https:\/\/cetaradell.cat\/ce\/wp-json\/wp\/v2\/posts\/6691\/revisions"}],"wp:featuredmedia":[{"embeddable":true,"href":"https:\/\/cetaradell.cat\/ce\/wp-json\/wp\/v2\/media\/6692"}],"wp:attachment":[{"href":"https:\/\/cetaradell.cat\/ce\/wp-json\/wp\/v2\/media?parent=6691"}],"wp:term":[{"taxonomy":"category","embeddable":true,"href":"https:\/\/cetaradell.cat\/ce\/wp-json\/wp\/v2\/categories?post=6691"},{"taxonomy":"post_tag","embeddable":true,"href":"https:\/\/cetaradell.cat\/ce\/wp-json\/wp\/v2\/tags?post=6691"}],"curies":[{"name":"wp","href":"https:\/\/api.w.org\/{rel}","templated":true}]}}