{"id":6699,"date":"2019-01-19T11:53:20","date_gmt":"2019-01-19T10:53:20","guid":{"rendered":"https:\/\/cetaradell.cat\/ce\/?p=6699"},"modified":"2023-04-12T21:29:31","modified_gmt":"2023-04-12T20:29:31","slug":"llicencies-federatives-feec-i-fcoc-2019","status":"publish","type":"post","link":"https:\/\/cetaradell.cat\/ce\/llicencies-federatives-feec-i-fcoc-2019\/","title":{"rendered":"Llic\u00e8ncies federatives FEEC i FCOC- 2019"},"content":{"rendered":"<table class=\" alignleft\">\n<tbody>\n<tr>\n<td><a href=\"https:\/\/cetaradell.cat\/ce\/wp-content\/uploads\/carnet2019.jpg\" target=\"_blank\" rel=\"noopener noreferrer\"><img decoding=\"async\" class=\"alignleft wp-image-6700\" src=\"https:\/\/cetaradell.cat\/ce\/wp-content\/uploads\/carnet2019.jpg\" alt=\"\" width=\"202\" height=\"130\" srcset=\"https:\/\/cetaradell.cat\/ce\/wp-content\/uploads\/carnet2019-300x193.jpg 300w, https:\/\/cetaradell.cat\/ce\/wp-content\/uploads\/carnet2019-500x322.jpg 500w, https:\/\/cetaradell.cat\/ce\/wp-content\/uploads\/carnet2019-700x451.jpg 700w, https:\/\/cetaradell.cat\/ce\/wp-content\/uploads\/carnet2019-768x495.jpg 768w, https:\/\/cetaradell.cat\/ce\/wp-content\/uploads\/carnet2019-940x600.jpg 940w, https:\/\/cetaradell.cat\/ce\/wp-content\/uploads\/carnet2019-1024x659.jpg 1024w, https:\/\/cetaradell.cat\/ce\/wp-content\/uploads\/carnet2019.jpg 1059w\" sizes=\"(max-width: 202px) 100vw, 202px\" \/><\/a><\/td>\n<td><img decoding=\"async\" class=\"aligncenter wp-image-4986\" src=\"https:\/\/cetaradell.cat\/ce\/wp-content\/uploads\/FCOC-carnet-1024x686.jpg\" alt=\"fcoc-carnet\" width=\"194\" height=\"130\" srcset=\"https:\/\/cetaradell.cat\/ce\/wp-content\/uploads\/FCOC-carnet-300x201.jpg 300w, https:\/\/cetaradell.cat\/ce\/wp-content\/uploads\/FCOC-carnet-500x335.jpg 500w, https:\/\/cetaradell.cat\/ce\/wp-content\/uploads\/FCOC-carnet-700x469.jpg 700w, https:\/\/cetaradell.cat\/ce\/wp-content\/uploads\/FCOC-carnet-768x514.jpg 768w, https:\/\/cetaradell.cat\/ce\/wp-content\/uploads\/FCOC-carnet-1024x686.jpg 1024w\" sizes=\"(max-width: 194px) 100vw, 194px\" \/><\/td>\n<\/tr>\n<\/tbody>\n<\/table>\n<p>El Centre Excursionista Taradell est\u00e0 adherit a la <strong><a href=\"https:\/\/www.feec.cat\/\" target=\"_blank\" rel=\"noopener noreferrer\">Federaci\u00f3 d&#8217;Entitats Excursionistes de Catalunya (FEEC\u2192)<\/a><\/strong> i a la <strong>Federaci\u00f3 de Curses d&#8217;Orientaci\u00f3 de Catalunya (FCOC\u2192<\/strong>) i podem tramitar les llic\u00e8ncies de les dues federacions.<\/p>\n<p>Us recordem que els carnets federatius del 2018 acaben el 31 de desembre de 2018.<\/p>\n<p>Per tant, els interessats en tramitar la llic\u00e8ncia federativa per al 2019 podeu passar per la secretaria del CET a tramitar-les i aix\u00ed poder-ne gaudir des del principi de l&#8217;any. Cal tenir en compte, per\u00f2, que els carnets federatius per al 2019 comen\u00e7aran a ser v\u00e0lids l\u20191 de gener, encara que s\u2019hagi expedit abans.<\/p>\n<p>Trobereu m\u00e9s informaci\u00f3 sobre els avantatges i cobertures de les llic\u00e8ncies esportives de muntany i curses d&#8217;orientaci\u00f3 a les web de les respectives federacions: <strong><a href=\"https:\/\/www.feec.cat\/\" target=\"_blank\" rel=\"noopener noreferrer\">Federaci\u00f3 d&#8217;Entitats Excursionistes de Catalunya (FEEC\u2192)<\/a><\/strong> i <strong>Federaci\u00f3 de Curses d&#8217;Orientaci\u00f3 de Catalunya (FCOC\u2192<\/strong>)<\/p>\n<p>&nbsp;<\/p>\n","protected":false},"excerpt":{"rendered":"<p>El Centre Excursionista Taradell est\u00e0 adherit a la Federaci\u00f3 d&#8217;Entitats Excursionistes de Catalunya (FEEC\u2192) i a la Federaci\u00f3 de Curses d&#8217;Orientaci\u00f3 de Catalunya (FCOC\u2192) i podem tramitar les llic\u00e8ncies de les dues federacions. Us recordem que els carnets federatius del 2018 acaben el 31 de desembre de 2018. Per tant,  [&#8230;]<\/p>\n","protected":false},"author":1,"featured_media":4986,"comment_status":"closed","ping_status":"closed","sticky":false,"template":"","format":"standard","meta":{"footnotes":""},"categories":[8,45,7,3],"tags":[],"class_list":["post-6699","post","type-post","status-publish","format-standard","has-post-thumbnail","hentry","category-curses","category-curses-dorientacio","category-muntanya","category-noticies"],"yoast_head":"<!-- This site is optimized with the Yoast SEO plugin v27.4 - https:\/\/yoast.com\/product\/yoast-seo-wordpress\/ -->\n<title>Llic\u00e8ncies federatives FEEC i FCOC- 2019 - Centre Excursionista Taradell<\/title>\n<meta name=\"robots\" content=\"index, follow, max-snippet:-1, max-image-preview:large, max-video-preview:-1\" \/>\n<link rel=\"canonical\" href=\"https:\/\/cetaradell.cat\/ce\/llicencies-federatives-feec-i-fcoc-2019\/\" \/>\n<meta property=\"og:locale\" content=\"ca_ES\" \/>\n<meta property=\"og:type\" content=\"article\" \/>\n<meta property=\"og:title\" content=\"Llic\u00e8ncies federatives FEEC i FCOC- 2019 - Centre Excursionista Taradell\" \/>\n<meta property=\"og:description\" content=\"El Centre Excursionista Taradell est\u00e0 adherit a la Federaci\u00f3 d&#8217;Entitats Excursionistes de Catalunya (FEEC\u2192) i a la Federaci\u00f3 de Curses d&#8217;Orientaci\u00f3 de Catalunya (FCOC\u2192) i podem tramitar les llic\u00e8ncies de les dues federacions. Us recordem que els carnets federatius del 2018 acaben el 31 de desembre de 2018. Per tant, [...]\" \/>\n<meta property=\"og:url\" content=\"https:\/\/cetaradell.cat\/ce\/llicencies-federatives-feec-i-fcoc-2019\/\" \/>\n<meta property=\"og:site_name\" content=\"Centre Excursionista Taradell\" \/>\n<meta property=\"article:publisher\" content=\"https:\/\/www.facebook.com\/CETaradell\/\" \/>\n<meta property=\"article:published_time\" content=\"2019-01-19T10:53:20+00:00\" \/>\n<meta property=\"article:modified_time\" content=\"2023-04-12T20:29:31+00:00\" \/>\n<meta property=\"og:image\" content=\"https:\/\/cetaradell.cat\/ce\/wp-content\/uploads\/FCOC-carnet-scaled.jpg\" \/>\n\t<meta property=\"og:image:width\" content=\"2560\" \/>\n\t<meta property=\"og:image:height\" content=\"1714\" \/>\n\t<meta property=\"og:image:type\" content=\"image\/jpeg\" \/>\n<meta name=\"author\" content=\"CET\" \/>\n<meta name=\"twitter:card\" content=\"summary_large_image\" \/>\n<meta name=\"twitter:label1\" content=\"Escrit per\" \/>\n\t<meta name=\"twitter:data1\" content=\"CET\" \/>\n\t<meta name=\"twitter:label2\" content=\"Temps estimat de lectura\" \/>\n\t<meta name=\"twitter:data2\" content=\"1 minut\" \/>\n<script type=\"application\/ld+json\" class=\"yoast-schema-graph\">{\"@context\":\"https:\\\/\\\/schema.org\",\"@graph\":[{\"@type\":\"Article\",\"@id\":\"https:\\\/\\\/cetaradell.cat\\\/ce\\\/llicencies-federatives-feec-i-fcoc-2019\\\/#article\",\"isPartOf\":{\"@id\":\"https:\\\/\\\/cetaradell.cat\\\/ce\\\/llicencies-federatives-feec-i-fcoc-2019\\\/\"},\"author\":{\"name\":\"CET\",\"@id\":\"https:\\\/\\\/cetaradell.cat\\\/ce\\\/#\\\/schema\\\/person\\\/92a59f585073071c7be6649e84b22f78\"},\"headline\":\"Llic\u00e8ncies federatives FEEC i FCOC- 2019\",\"datePublished\":\"2019-01-19T10:53:20+00:00\",\"dateModified\":\"2023-04-12T20:29:31+00:00\",\"mainEntityOfPage\":{\"@id\":\"https:\\\/\\\/cetaradell.cat\\\/ce\\\/llicencies-federatives-feec-i-fcoc-2019\\\/\"},\"wordCount\":155,\"image\":{\"@id\":\"https:\\\/\\\/cetaradell.cat\\\/ce\\\/llicencies-federatives-feec-i-fcoc-2019\\\/#primaryimage\"},\"thumbnailUrl\":\"https:\\\/\\\/cetaradell.cat\\\/ce\\\/wp-content\\\/uploads\\\/FCOC-carnet-scaled.jpg\",\"articleSection\":[\"Curses\",\"Curses d'Orientaci\u00f3\",\"Muntanya\",\"Not\u00edcies\"],\"inLanguage\":\"ca\"},{\"@type\":\"WebPage\",\"@id\":\"https:\\\/\\\/cetaradell.cat\\\/ce\\\/llicencies-federatives-feec-i-fcoc-2019\\\/\",\"url\":\"https:\\\/\\\/cetaradell.cat\\\/ce\\\/llicencies-federatives-feec-i-fcoc-2019\\\/\",\"name\":\"Llic\u00e8ncies federatives FEEC i FCOC- 2019 - Centre Excursionista Taradell\",\"isPartOf\":{\"@id\":\"https:\\\/\\\/cetaradell.cat\\\/ce\\\/#website\"},\"primaryImageOfPage\":{\"@id\":\"https:\\\/\\\/cetaradell.cat\\\/ce\\\/llicencies-federatives-feec-i-fcoc-2019\\\/#primaryimage\"},\"image\":{\"@id\":\"https:\\\/\\\/cetaradell.cat\\\/ce\\\/llicencies-federatives-feec-i-fcoc-2019\\\/#primaryimage\"},\"thumbnailUrl\":\"https:\\\/\\\/cetaradell.cat\\\/ce\\\/wp-content\\\/uploads\\\/FCOC-carnet-scaled.jpg\",\"datePublished\":\"2019-01-19T10:53:20+00:00\",\"dateModified\":\"2023-04-12T20:29:31+00:00\",\"author\":{\"@id\":\"https:\\\/\\\/cetaradell.cat\\\/ce\\\/#\\\/schema\\\/person\\\/92a59f585073071c7be6649e84b22f78\"},\"breadcrumb\":{\"@id\":\"https:\\\/\\\/cetaradell.cat\\\/ce\\\/llicencies-federatives-feec-i-fcoc-2019\\\/#breadcrumb\"},\"inLanguage\":\"ca\",\"potentialAction\":[{\"@type\":\"ReadAction\",\"target\":[\"https:\\\/\\\/cetaradell.cat\\\/ce\\\/llicencies-federatives-feec-i-fcoc-2019\\\/\"]}]},{\"@type\":\"ImageObject\",\"inLanguage\":\"ca\",\"@id\":\"https:\\\/\\\/cetaradell.cat\\\/ce\\\/llicencies-federatives-feec-i-fcoc-2019\\\/#primaryimage\",\"url\":\"https:\\\/\\\/cetaradell.cat\\\/ce\\\/wp-content\\\/uploads\\\/FCOC-carnet-scaled.jpg\",\"contentUrl\":\"https:\\\/\\\/cetaradell.cat\\\/ce\\\/wp-content\\\/uploads\\\/FCOC-carnet-scaled.jpg\",\"width\":2560,\"height\":1714},{\"@type\":\"BreadcrumbList\",\"@id\":\"https:\\\/\\\/cetaradell.cat\\\/ce\\\/llicencies-federatives-feec-i-fcoc-2019\\\/#breadcrumb\",\"itemListElement\":[{\"@type\":\"ListItem\",\"position\":1,\"name\":\"Inici\",\"item\":\"https:\\\/\\\/cetaradell.cat\\\/ce\\\/\"},{\"@type\":\"ListItem\",\"position\":2,\"name\":\"Llic\u00e8ncies federatives FEEC i FCOC- 2019\"}]},{\"@type\":\"WebSite\",\"@id\":\"https:\\\/\\\/cetaradell.cat\\\/ce\\\/#website\",\"url\":\"https:\\\/\\\/cetaradell.cat\\\/ce\\\/\",\"name\":\"Centre Excursionista Taradell\",\"description\":\"\",\"potentialAction\":[{\"@type\":\"SearchAction\",\"target\":{\"@type\":\"EntryPoint\",\"urlTemplate\":\"https:\\\/\\\/cetaradell.cat\\\/ce\\\/?s={search_term_string}\"},\"query-input\":{\"@type\":\"PropertyValueSpecification\",\"valueRequired\":true,\"valueName\":\"search_term_string\"}}],\"inLanguage\":\"ca\"},{\"@type\":\"Person\",\"@id\":\"https:\\\/\\\/cetaradell.cat\\\/ce\\\/#\\\/schema\\\/person\\\/92a59f585073071c7be6649e84b22f78\",\"name\":\"CET\",\"image\":{\"@type\":\"ImageObject\",\"inLanguage\":\"ca\",\"@id\":\"https:\\\/\\\/secure.gravatar.com\\\/avatar\\\/d6fbe010d42056feccc0f613ed07277a5118442805079269f12dabdc42e1a727?s=96&d=mm&r=g\",\"url\":\"https:\\\/\\\/secure.gravatar.com\\\/avatar\\\/d6fbe010d42056feccc0f613ed07277a5118442805079269f12dabdc42e1a727?s=96&d=mm&r=g\",\"contentUrl\":\"https:\\\/\\\/secure.gravatar.com\\\/avatar\\\/d6fbe010d42056feccc0f613ed07277a5118442805079269f12dabdc42e1a727?s=96&d=mm&r=g\",\"caption\":\"CET\"},\"url\":\"https:\\\/\\\/cetaradell.cat\\\/ce\\\/author\\\/root\\\/\"}]}<\/script>\n<!-- \/ Yoast SEO plugin. -->","yoast_head_json":{"title":"Llic\u00e8ncies federatives FEEC i FCOC- 2019 - Centre Excursionista Taradell","robots":{"index":"index","follow":"follow","max-snippet":"max-snippet:-1","max-image-preview":"max-image-preview:large","max-video-preview":"max-video-preview:-1"},"canonical":"https:\/\/cetaradell.cat\/ce\/llicencies-federatives-feec-i-fcoc-2019\/","og_locale":"ca_ES","og_type":"article","og_title":"Llic\u00e8ncies federatives FEEC i FCOC- 2019 - Centre Excursionista Taradell","og_description":"El Centre Excursionista Taradell est\u00e0 adherit a la Federaci\u00f3 d&#8217;Entitats Excursionistes de Catalunya (FEEC\u2192) i a la Federaci\u00f3 de Curses d&#8217;Orientaci\u00f3 de Catalunya (FCOC\u2192) i podem tramitar les llic\u00e8ncies de les dues federacions. Us recordem que els carnets federatius del 2018 acaben el 31 de desembre de 2018. Per tant, [...]","og_url":"https:\/\/cetaradell.cat\/ce\/llicencies-federatives-feec-i-fcoc-2019\/","og_site_name":"Centre Excursionista Taradell","article_publisher":"https:\/\/www.facebook.com\/CETaradell\/","article_published_time":"2019-01-19T10:53:20+00:00","article_modified_time":"2023-04-12T20:29:31+00:00","og_image":[{"width":2560,"height":1714,"url":"https:\/\/cetaradell.cat\/ce\/wp-content\/uploads\/FCOC-carnet-scaled.jpg","type":"image\/jpeg"}],"author":"CET","twitter_card":"summary_large_image","twitter_misc":{"Escrit per":"CET","Temps estimat de lectura":"1 minut"},"schema":{"@context":"https:\/\/schema.org","@graph":[{"@type":"Article","@id":"https:\/\/cetaradell.cat\/ce\/llicencies-federatives-feec-i-fcoc-2019\/#article","isPartOf":{"@id":"https:\/\/cetaradell.cat\/ce\/llicencies-federatives-feec-i-fcoc-2019\/"},"author":{"name":"CET","@id":"https:\/\/cetaradell.cat\/ce\/#\/schema\/person\/92a59f585073071c7be6649e84b22f78"},"headline":"Llic\u00e8ncies federatives FEEC i FCOC- 2019","datePublished":"2019-01-19T10:53:20+00:00","dateModified":"2023-04-12T20:29:31+00:00","mainEntityOfPage":{"@id":"https:\/\/cetaradell.cat\/ce\/llicencies-federatives-feec-i-fcoc-2019\/"},"wordCount":155,"image":{"@id":"https:\/\/cetaradell.cat\/ce\/llicencies-federatives-feec-i-fcoc-2019\/#primaryimage"},"thumbnailUrl":"https:\/\/cetaradell.cat\/ce\/wp-content\/uploads\/FCOC-carnet-scaled.jpg","articleSection":["Curses","Curses d'Orientaci\u00f3","Muntanya","Not\u00edcies"],"inLanguage":"ca"},{"@type":"WebPage","@id":"https:\/\/cetaradell.cat\/ce\/llicencies-federatives-feec-i-fcoc-2019\/","url":"https:\/\/cetaradell.cat\/ce\/llicencies-federatives-feec-i-fcoc-2019\/","name":"Llic\u00e8ncies federatives FEEC i FCOC- 2019 - Centre Excursionista Taradell","isPartOf":{"@id":"https:\/\/cetaradell.cat\/ce\/#website"},"primaryImageOfPage":{"@id":"https:\/\/cetaradell.cat\/ce\/llicencies-federatives-feec-i-fcoc-2019\/#primaryimage"},"image":{"@id":"https:\/\/cetaradell.cat\/ce\/llicencies-federatives-feec-i-fcoc-2019\/#primaryimage"},"thumbnailUrl":"https:\/\/cetaradell.cat\/ce\/wp-content\/uploads\/FCOC-carnet-scaled.jpg","datePublished":"2019-01-19T10:53:20+00:00","dateModified":"2023-04-12T20:29:31+00:00","author":{"@id":"https:\/\/cetaradell.cat\/ce\/#\/schema\/person\/92a59f585073071c7be6649e84b22f78"},"breadcrumb":{"@id":"https:\/\/cetaradell.cat\/ce\/llicencies-federatives-feec-i-fcoc-2019\/#breadcrumb"},"inLanguage":"ca","potentialAction":[{"@type":"ReadAction","target":["https:\/\/cetaradell.cat\/ce\/llicencies-federatives-feec-i-fcoc-2019\/"]}]},{"@type":"ImageObject","inLanguage":"ca","@id":"https:\/\/cetaradell.cat\/ce\/llicencies-federatives-feec-i-fcoc-2019\/#primaryimage","url":"https:\/\/cetaradell.cat\/ce\/wp-content\/uploads\/FCOC-carnet-scaled.jpg","contentUrl":"https:\/\/cetaradell.cat\/ce\/wp-content\/uploads\/FCOC-carnet-scaled.jpg","width":2560,"height":1714},{"@type":"BreadcrumbList","@id":"https:\/\/cetaradell.cat\/ce\/llicencies-federatives-feec-i-fcoc-2019\/#breadcrumb","itemListElement":[{"@type":"ListItem","position":1,"name":"Inici","item":"https:\/\/cetaradell.cat\/ce\/"},{"@type":"ListItem","position":2,"name":"Llic\u00e8ncies federatives FEEC i FCOC- 2019"}]},{"@type":"WebSite","@id":"https:\/\/cetaradell.cat\/ce\/#website","url":"https:\/\/cetaradell.cat\/ce\/","name":"Centre Excursionista Taradell","description":"","potentialAction":[{"@type":"SearchAction","target":{"@type":"EntryPoint","urlTemplate":"https:\/\/cetaradell.cat\/ce\/?s={search_term_string}"},"query-input":{"@type":"PropertyValueSpecification","valueRequired":true,"valueName":"search_term_string"}}],"inLanguage":"ca"},{"@type":"Person","@id":"https:\/\/cetaradell.cat\/ce\/#\/schema\/person\/92a59f585073071c7be6649e84b22f78","name":"CET","image":{"@type":"ImageObject","inLanguage":"ca","@id":"https:\/\/secure.gravatar.com\/avatar\/d6fbe010d42056feccc0f613ed07277a5118442805079269f12dabdc42e1a727?s=96&d=mm&r=g","url":"https:\/\/secure.gravatar.com\/avatar\/d6fbe010d42056feccc0f613ed07277a5118442805079269f12dabdc42e1a727?s=96&d=mm&r=g","contentUrl":"https:\/\/secure.gravatar.com\/avatar\/d6fbe010d42056feccc0f613ed07277a5118442805079269f12dabdc42e1a727?s=96&d=mm&r=g","caption":"CET"},"url":"https:\/\/cetaradell.cat\/ce\/author\/root\/"}]}},"_links":{"self":[{"href":"https:\/\/cetaradell.cat\/ce\/wp-json\/wp\/v2\/posts\/6699","targetHints":{"allow":["GET"]}}],"collection":[{"href":"https:\/\/cetaradell.cat\/ce\/wp-json\/wp\/v2\/posts"}],"about":[{"href":"https:\/\/cetaradell.cat\/ce\/wp-json\/wp\/v2\/types\/post"}],"author":[{"embeddable":true,"href":"https:\/\/cetaradell.cat\/ce\/wp-json\/wp\/v2\/users\/1"}],"replies":[{"embeddable":true,"href":"https:\/\/cetaradell.cat\/ce\/wp-json\/wp\/v2\/comments?post=6699"}],"version-history":[{"count":0,"href":"https:\/\/cetaradell.cat\/ce\/wp-json\/wp\/v2\/posts\/6699\/revisions"}],"wp:featuredmedia":[{"embeddable":true,"href":"https:\/\/cetaradell.cat\/ce\/wp-json\/wp\/v2\/media\/4986"}],"wp:attachment":[{"href":"https:\/\/cetaradell.cat\/ce\/wp-json\/wp\/v2\/media?parent=6699"}],"wp:term":[{"taxonomy":"category","embeddable":true,"href":"https:\/\/cetaradell.cat\/ce\/wp-json\/wp\/v2\/categories?post=6699"},{"taxonomy":"post_tag","embeddable":true,"href":"https:\/\/cetaradell.cat\/ce\/wp-json\/wp\/v2\/tags?post=6699"}],"curies":[{"name":"wp","href":"https:\/\/api.w.org\/{rel}","templated":true}]}}