{"id":6713,"date":"2018-11-15T18:42:02","date_gmt":"2018-11-15T17:42:02","guid":{"rendered":"https:\/\/cetaradell.cat\/ce\/?p=6713"},"modified":"2020-06-03T22:04:20","modified_gmt":"2020-06-03T21:04:20","slug":"albert-pujol-guanya-la-marato-del-montseny","status":"publish","type":"post","link":"https:\/\/cetaradell.cat\/ce\/albert-pujol-guanya-la-marato-del-montseny\/","title":{"rendered":"Albert Pujol, guanya la Marat\u00f3 del Montseny"},"content":{"rendered":"<div id=\"attachment_6714\" style=\"width: 310px\" class=\"wp-caption alignleft\"><a href=\"https:\/\/cetaradell.cat\/ce\/wp-content\/uploads\/2018-11-11_Marato_Montsenyfoto_MaratoMontseny-Natusia-2.jpg\" target=\"_blank\" rel=\"attachment noopener wp-att-6714 noreferrer\"><img decoding=\"async\" aria-describedby=\"caption-attachment-6714\" class=\"wp-image-6714 size-medium\" src=\"https:\/\/cetaradell.cat\/ce\/wp-content\/uploads\/2018-11-11_Marato_Montsenyfoto_MaratoMontseny-Natusia-2-300x200.jpg\" alt=\"2018-11-11_Marato_Montseny(foto_MaratoMontseny-Natusia) (2)\" width=\"300\" height=\"200\" srcset=\"https:\/\/cetaradell.cat\/ce\/wp-content\/uploads\/2018-11-11_Marato_Montsenyfoto_MaratoMontseny-Natusia-2-300x200.jpg 300w, https:\/\/cetaradell.cat\/ce\/wp-content\/uploads\/2018-11-11_Marato_Montsenyfoto_MaratoMontseny-Natusia-2-500x333.jpg 500w, https:\/\/cetaradell.cat\/ce\/wp-content\/uploads\/2018-11-11_Marato_Montsenyfoto_MaratoMontseny-Natusia-2-700x467.jpg 700w, https:\/\/cetaradell.cat\/ce\/wp-content\/uploads\/2018-11-11_Marato_Montsenyfoto_MaratoMontseny-Natusia-2-768x512.jpg 768w, https:\/\/cetaradell.cat\/ce\/wp-content\/uploads\/2018-11-11_Marato_Montsenyfoto_MaratoMontseny-Natusia-2-1024x683.jpg 1024w\" sizes=\"(max-width: 300px) 100vw, 300px\" \/><\/a><p id=\"caption-attachment-6714\" class=\"wp-caption-text\">Albert Pujol a la 8a Marat\u00f3 del Montseny (Foto: Marat\u00f3 del Montseny &#8211; Natusia)<\/p><\/div>\n<p>El diumenge 11 de novembre es va disputar la 8\u00aa edici\u00f3 de la <strong>Marat\u00f3 del Montseny<\/strong> de 45,5 quil\u00f2metres de recorregut i amb 2.752 metres de desnivell positiu. \u00a0La sortida i arribada de la cursa va ser a la Santa Esteve de Palautordera i els corredors van passar pels cims de Matagalls, Les Agudes i el Tur\u00f3 de l\u2019Home.<\/p>\n<p>El soci del CE Taradell <strong>Albert Pujol<\/strong>, amb un temps de 4 hores 21 minuts i 51 segons es va proclamar guanyador de la marat\u00f3 que va comptar amb 461 classificats d&#8217;entre els prop de 600 corredors que van prendre la sortida.<\/p>\n<p>Cal destacar que tamb\u00e9 hi van participar els socis de la nostra entitat <strong>Eduard Aguilera<\/strong>, <strong>Miquel Codony<\/strong> i <strong>Joan Llopart<\/strong>, els quals es van classificar tots tres.<\/p>\n","protected":false},"excerpt":{"rendered":"<p>El diumenge 11 de novembre es va disputar la 8\u00aa edici\u00f3 de la Marat\u00f3 del Montseny de 45,5 quil\u00f2metres de recorregut i amb 2.752 metres de desnivell positiu. \u00a0La sortida i arribada de la cursa va ser a la Santa Esteve de Palautordera i els corredors van passar pels cims  [&#8230;]<\/p>\n","protected":false},"author":1,"featured_media":6714,"comment_status":"closed","ping_status":"closed","sticky":false,"template":"","format":"standard","meta":{"footnotes":""},"categories":[32,3],"tags":[],"class_list":["post-6713","post","type-post","status-publish","format-standard","has-post-thumbnail","hentry","category-equip-cet-lenclusa","category-noticies"],"yoast_head":"<!-- This site is optimized with the Yoast SEO plugin v27.4 - https:\/\/yoast.com\/product\/yoast-seo-wordpress\/ -->\n<title>Albert Pujol, guanya la Marat\u00f3 del Montseny - Centre Excursionista Taradell<\/title>\n<meta name=\"robots\" content=\"index, follow, max-snippet:-1, max-image-preview:large, max-video-preview:-1\" \/>\n<link rel=\"canonical\" href=\"https:\/\/cetaradell.cat\/ce\/albert-pujol-guanya-la-marato-del-montseny\/\" \/>\n<meta property=\"og:locale\" content=\"ca_ES\" \/>\n<meta property=\"og:type\" content=\"article\" \/>\n<meta property=\"og:title\" content=\"Albert Pujol, guanya la Marat\u00f3 del Montseny - Centre Excursionista Taradell\" \/>\n<meta property=\"og:description\" content=\"El diumenge 11 de novembre es va disputar la 8\u00aa edici\u00f3 de la Marat\u00f3 del Montseny de 45,5 quil\u00f2metres de recorregut i amb 2.752 metres de desnivell positiu. \u00a0La sortida i arribada de la cursa va ser a la Santa Esteve de Palautordera i els corredors van passar pels cims [...]\" \/>\n<meta property=\"og:url\" content=\"https:\/\/cetaradell.cat\/ce\/albert-pujol-guanya-la-marato-del-montseny\/\" \/>\n<meta property=\"og:site_name\" content=\"Centre Excursionista Taradell\" \/>\n<meta property=\"article:publisher\" content=\"https:\/\/www.facebook.com\/CETaradell\/\" \/>\n<meta property=\"article:published_time\" content=\"2018-11-15T17:42:02+00:00\" \/>\n<meta property=\"article:modified_time\" content=\"2020-06-03T21:04:20+00:00\" \/>\n<meta property=\"og:image\" content=\"https:\/\/cetaradell.cat\/ce\/wp-content\/uploads\/2018-11-11_Marato_Montsenyfoto_MaratoMontseny-Natusia-2.jpg\" \/>\n\t<meta property=\"og:image:width\" content=\"1944\" \/>\n\t<meta property=\"og:image:height\" content=\"1296\" \/>\n\t<meta property=\"og:image:type\" content=\"image\/jpeg\" \/>\n<meta name=\"author\" content=\"CET\" \/>\n<meta name=\"twitter:card\" content=\"summary_large_image\" \/>\n<meta name=\"twitter:label1\" content=\"Escrit per\" \/>\n\t<meta name=\"twitter:data1\" content=\"CET\" \/>\n\t<meta name=\"twitter:label2\" content=\"Temps estimat de lectura\" \/>\n\t<meta name=\"twitter:data2\" content=\"1 minut\" \/>\n<script type=\"application\/ld+json\" class=\"yoast-schema-graph\">{\"@context\":\"https:\\\/\\\/schema.org\",\"@graph\":[{\"@type\":\"Article\",\"@id\":\"https:\\\/\\\/cetaradell.cat\\\/ce\\\/albert-pujol-guanya-la-marato-del-montseny\\\/#article\",\"isPartOf\":{\"@id\":\"https:\\\/\\\/cetaradell.cat\\\/ce\\\/albert-pujol-guanya-la-marato-del-montseny\\\/\"},\"author\":{\"name\":\"CET\",\"@id\":\"https:\\\/\\\/cetaradell.cat\\\/ce\\\/#\\\/schema\\\/person\\\/92a59f585073071c7be6649e84b22f78\"},\"headline\":\"Albert Pujol, guanya la Marat\u00f3 del Montseny\",\"datePublished\":\"2018-11-15T17:42:02+00:00\",\"dateModified\":\"2020-06-03T21:04:20+00:00\",\"mainEntityOfPage\":{\"@id\":\"https:\\\/\\\/cetaradell.cat\\\/ce\\\/albert-pujol-guanya-la-marato-del-montseny\\\/\"},\"wordCount\":150,\"image\":{\"@id\":\"https:\\\/\\\/cetaradell.cat\\\/ce\\\/albert-pujol-guanya-la-marato-del-montseny\\\/#primaryimage\"},\"thumbnailUrl\":\"https:\\\/\\\/cetaradell.cat\\\/ce\\\/wp-content\\\/uploads\\\/2018-11-11_Marato_Montsenyfoto_MaratoMontseny-Natusia-2.jpg\",\"articleSection\":[\"Equip CET-L'Enclusa\",\"Not\u00edcies\"],\"inLanguage\":\"ca\"},{\"@type\":\"WebPage\",\"@id\":\"https:\\\/\\\/cetaradell.cat\\\/ce\\\/albert-pujol-guanya-la-marato-del-montseny\\\/\",\"url\":\"https:\\\/\\\/cetaradell.cat\\\/ce\\\/albert-pujol-guanya-la-marato-del-montseny\\\/\",\"name\":\"Albert Pujol, guanya la Marat\u00f3 del Montseny - Centre Excursionista Taradell\",\"isPartOf\":{\"@id\":\"https:\\\/\\\/cetaradell.cat\\\/ce\\\/#website\"},\"primaryImageOfPage\":{\"@id\":\"https:\\\/\\\/cetaradell.cat\\\/ce\\\/albert-pujol-guanya-la-marato-del-montseny\\\/#primaryimage\"},\"image\":{\"@id\":\"https:\\\/\\\/cetaradell.cat\\\/ce\\\/albert-pujol-guanya-la-marato-del-montseny\\\/#primaryimage\"},\"thumbnailUrl\":\"https:\\\/\\\/cetaradell.cat\\\/ce\\\/wp-content\\\/uploads\\\/2018-11-11_Marato_Montsenyfoto_MaratoMontseny-Natusia-2.jpg\",\"datePublished\":\"2018-11-15T17:42:02+00:00\",\"dateModified\":\"2020-06-03T21:04:20+00:00\",\"author\":{\"@id\":\"https:\\\/\\\/cetaradell.cat\\\/ce\\\/#\\\/schema\\\/person\\\/92a59f585073071c7be6649e84b22f78\"},\"breadcrumb\":{\"@id\":\"https:\\\/\\\/cetaradell.cat\\\/ce\\\/albert-pujol-guanya-la-marato-del-montseny\\\/#breadcrumb\"},\"inLanguage\":\"ca\",\"potentialAction\":[{\"@type\":\"ReadAction\",\"target\":[\"https:\\\/\\\/cetaradell.cat\\\/ce\\\/albert-pujol-guanya-la-marato-del-montseny\\\/\"]}]},{\"@type\":\"ImageObject\",\"inLanguage\":\"ca\",\"@id\":\"https:\\\/\\\/cetaradell.cat\\\/ce\\\/albert-pujol-guanya-la-marato-del-montseny\\\/#primaryimage\",\"url\":\"https:\\\/\\\/cetaradell.cat\\\/ce\\\/wp-content\\\/uploads\\\/2018-11-11_Marato_Montsenyfoto_MaratoMontseny-Natusia-2.jpg\",\"contentUrl\":\"https:\\\/\\\/cetaradell.cat\\\/ce\\\/wp-content\\\/uploads\\\/2018-11-11_Marato_Montsenyfoto_MaratoMontseny-Natusia-2.jpg\",\"width\":1944,\"height\":1296},{\"@type\":\"BreadcrumbList\",\"@id\":\"https:\\\/\\\/cetaradell.cat\\\/ce\\\/albert-pujol-guanya-la-marato-del-montseny\\\/#breadcrumb\",\"itemListElement\":[{\"@type\":\"ListItem\",\"position\":1,\"name\":\"Inici\",\"item\":\"https:\\\/\\\/cetaradell.cat\\\/ce\\\/\"},{\"@type\":\"ListItem\",\"position\":2,\"name\":\"Albert Pujol, guanya la Marat\u00f3 del Montseny\"}]},{\"@type\":\"WebSite\",\"@id\":\"https:\\\/\\\/cetaradell.cat\\\/ce\\\/#website\",\"url\":\"https:\\\/\\\/cetaradell.cat\\\/ce\\\/\",\"name\":\"Centre Excursionista Taradell\",\"description\":\"\",\"potentialAction\":[{\"@type\":\"SearchAction\",\"target\":{\"@type\":\"EntryPoint\",\"urlTemplate\":\"https:\\\/\\\/cetaradell.cat\\\/ce\\\/?s={search_term_string}\"},\"query-input\":{\"@type\":\"PropertyValueSpecification\",\"valueRequired\":true,\"valueName\":\"search_term_string\"}}],\"inLanguage\":\"ca\"},{\"@type\":\"Person\",\"@id\":\"https:\\\/\\\/cetaradell.cat\\\/ce\\\/#\\\/schema\\\/person\\\/92a59f585073071c7be6649e84b22f78\",\"name\":\"CET\",\"image\":{\"@type\":\"ImageObject\",\"inLanguage\":\"ca\",\"@id\":\"https:\\\/\\\/secure.gravatar.com\\\/avatar\\\/d6fbe010d42056feccc0f613ed07277a5118442805079269f12dabdc42e1a727?s=96&d=mm&r=g\",\"url\":\"https:\\\/\\\/secure.gravatar.com\\\/avatar\\\/d6fbe010d42056feccc0f613ed07277a5118442805079269f12dabdc42e1a727?s=96&d=mm&r=g\",\"contentUrl\":\"https:\\\/\\\/secure.gravatar.com\\\/avatar\\\/d6fbe010d42056feccc0f613ed07277a5118442805079269f12dabdc42e1a727?s=96&d=mm&r=g\",\"caption\":\"CET\"},\"url\":\"https:\\\/\\\/cetaradell.cat\\\/ce\\\/author\\\/root\\\/\"}]}<\/script>\n<!-- \/ Yoast SEO plugin. -->","yoast_head_json":{"title":"Albert Pujol, guanya la Marat\u00f3 del Montseny - Centre Excursionista Taradell","robots":{"index":"index","follow":"follow","max-snippet":"max-snippet:-1","max-image-preview":"max-image-preview:large","max-video-preview":"max-video-preview:-1"},"canonical":"https:\/\/cetaradell.cat\/ce\/albert-pujol-guanya-la-marato-del-montseny\/","og_locale":"ca_ES","og_type":"article","og_title":"Albert Pujol, guanya la Marat\u00f3 del Montseny - Centre Excursionista Taradell","og_description":"El diumenge 11 de novembre es va disputar la 8\u00aa edici\u00f3 de la Marat\u00f3 del Montseny de 45,5 quil\u00f2metres de recorregut i amb 2.752 metres de desnivell positiu. \u00a0La sortida i arribada de la cursa va ser a la Santa Esteve de Palautordera i els corredors van passar pels cims [...]","og_url":"https:\/\/cetaradell.cat\/ce\/albert-pujol-guanya-la-marato-del-montseny\/","og_site_name":"Centre Excursionista Taradell","article_publisher":"https:\/\/www.facebook.com\/CETaradell\/","article_published_time":"2018-11-15T17:42:02+00:00","article_modified_time":"2020-06-03T21:04:20+00:00","og_image":[{"width":1944,"height":1296,"url":"https:\/\/cetaradell.cat\/ce\/wp-content\/uploads\/2018-11-11_Marato_Montsenyfoto_MaratoMontseny-Natusia-2.jpg","type":"image\/jpeg"}],"author":"CET","twitter_card":"summary_large_image","twitter_misc":{"Escrit per":"CET","Temps estimat de lectura":"1 minut"},"schema":{"@context":"https:\/\/schema.org","@graph":[{"@type":"Article","@id":"https:\/\/cetaradell.cat\/ce\/albert-pujol-guanya-la-marato-del-montseny\/#article","isPartOf":{"@id":"https:\/\/cetaradell.cat\/ce\/albert-pujol-guanya-la-marato-del-montseny\/"},"author":{"name":"CET","@id":"https:\/\/cetaradell.cat\/ce\/#\/schema\/person\/92a59f585073071c7be6649e84b22f78"},"headline":"Albert Pujol, guanya la Marat\u00f3 del Montseny","datePublished":"2018-11-15T17:42:02+00:00","dateModified":"2020-06-03T21:04:20+00:00","mainEntityOfPage":{"@id":"https:\/\/cetaradell.cat\/ce\/albert-pujol-guanya-la-marato-del-montseny\/"},"wordCount":150,"image":{"@id":"https:\/\/cetaradell.cat\/ce\/albert-pujol-guanya-la-marato-del-montseny\/#primaryimage"},"thumbnailUrl":"https:\/\/cetaradell.cat\/ce\/wp-content\/uploads\/2018-11-11_Marato_Montsenyfoto_MaratoMontseny-Natusia-2.jpg","articleSection":["Equip CET-L'Enclusa","Not\u00edcies"],"inLanguage":"ca"},{"@type":"WebPage","@id":"https:\/\/cetaradell.cat\/ce\/albert-pujol-guanya-la-marato-del-montseny\/","url":"https:\/\/cetaradell.cat\/ce\/albert-pujol-guanya-la-marato-del-montseny\/","name":"Albert Pujol, guanya la Marat\u00f3 del Montseny - Centre Excursionista Taradell","isPartOf":{"@id":"https:\/\/cetaradell.cat\/ce\/#website"},"primaryImageOfPage":{"@id":"https:\/\/cetaradell.cat\/ce\/albert-pujol-guanya-la-marato-del-montseny\/#primaryimage"},"image":{"@id":"https:\/\/cetaradell.cat\/ce\/albert-pujol-guanya-la-marato-del-montseny\/#primaryimage"},"thumbnailUrl":"https:\/\/cetaradell.cat\/ce\/wp-content\/uploads\/2018-11-11_Marato_Montsenyfoto_MaratoMontseny-Natusia-2.jpg","datePublished":"2018-11-15T17:42:02+00:00","dateModified":"2020-06-03T21:04:20+00:00","author":{"@id":"https:\/\/cetaradell.cat\/ce\/#\/schema\/person\/92a59f585073071c7be6649e84b22f78"},"breadcrumb":{"@id":"https:\/\/cetaradell.cat\/ce\/albert-pujol-guanya-la-marato-del-montseny\/#breadcrumb"},"inLanguage":"ca","potentialAction":[{"@type":"ReadAction","target":["https:\/\/cetaradell.cat\/ce\/albert-pujol-guanya-la-marato-del-montseny\/"]}]},{"@type":"ImageObject","inLanguage":"ca","@id":"https:\/\/cetaradell.cat\/ce\/albert-pujol-guanya-la-marato-del-montseny\/#primaryimage","url":"https:\/\/cetaradell.cat\/ce\/wp-content\/uploads\/2018-11-11_Marato_Montsenyfoto_MaratoMontseny-Natusia-2.jpg","contentUrl":"https:\/\/cetaradell.cat\/ce\/wp-content\/uploads\/2018-11-11_Marato_Montsenyfoto_MaratoMontseny-Natusia-2.jpg","width":1944,"height":1296},{"@type":"BreadcrumbList","@id":"https:\/\/cetaradell.cat\/ce\/albert-pujol-guanya-la-marato-del-montseny\/#breadcrumb","itemListElement":[{"@type":"ListItem","position":1,"name":"Inici","item":"https:\/\/cetaradell.cat\/ce\/"},{"@type":"ListItem","position":2,"name":"Albert Pujol, guanya la Marat\u00f3 del Montseny"}]},{"@type":"WebSite","@id":"https:\/\/cetaradell.cat\/ce\/#website","url":"https:\/\/cetaradell.cat\/ce\/","name":"Centre Excursionista Taradell","description":"","potentialAction":[{"@type":"SearchAction","target":{"@type":"EntryPoint","urlTemplate":"https:\/\/cetaradell.cat\/ce\/?s={search_term_string}"},"query-input":{"@type":"PropertyValueSpecification","valueRequired":true,"valueName":"search_term_string"}}],"inLanguage":"ca"},{"@type":"Person","@id":"https:\/\/cetaradell.cat\/ce\/#\/schema\/person\/92a59f585073071c7be6649e84b22f78","name":"CET","image":{"@type":"ImageObject","inLanguage":"ca","@id":"https:\/\/secure.gravatar.com\/avatar\/d6fbe010d42056feccc0f613ed07277a5118442805079269f12dabdc42e1a727?s=96&d=mm&r=g","url":"https:\/\/secure.gravatar.com\/avatar\/d6fbe010d42056feccc0f613ed07277a5118442805079269f12dabdc42e1a727?s=96&d=mm&r=g","contentUrl":"https:\/\/secure.gravatar.com\/avatar\/d6fbe010d42056feccc0f613ed07277a5118442805079269f12dabdc42e1a727?s=96&d=mm&r=g","caption":"CET"},"url":"https:\/\/cetaradell.cat\/ce\/author\/root\/"}]}},"_links":{"self":[{"href":"https:\/\/cetaradell.cat\/ce\/wp-json\/wp\/v2\/posts\/6713","targetHints":{"allow":["GET"]}}],"collection":[{"href":"https:\/\/cetaradell.cat\/ce\/wp-json\/wp\/v2\/posts"}],"about":[{"href":"https:\/\/cetaradell.cat\/ce\/wp-json\/wp\/v2\/types\/post"}],"author":[{"embeddable":true,"href":"https:\/\/cetaradell.cat\/ce\/wp-json\/wp\/v2\/users\/1"}],"replies":[{"embeddable":true,"href":"https:\/\/cetaradell.cat\/ce\/wp-json\/wp\/v2\/comments?post=6713"}],"version-history":[{"count":0,"href":"https:\/\/cetaradell.cat\/ce\/wp-json\/wp\/v2\/posts\/6713\/revisions"}],"wp:featuredmedia":[{"embeddable":true,"href":"https:\/\/cetaradell.cat\/ce\/wp-json\/wp\/v2\/media\/6714"}],"wp:attachment":[{"href":"https:\/\/cetaradell.cat\/ce\/wp-json\/wp\/v2\/media?parent=6713"}],"wp:term":[{"taxonomy":"category","embeddable":true,"href":"https:\/\/cetaradell.cat\/ce\/wp-json\/wp\/v2\/categories?post=6713"},{"taxonomy":"post_tag","embeddable":true,"href":"https:\/\/cetaradell.cat\/ce\/wp-json\/wp\/v2\/tags?post=6713"}],"curies":[{"name":"wp","href":"https:\/\/api.w.org\/{rel}","templated":true}]}}