{"id":6719,"date":"2018-12-09T22:48:42","date_gmt":"2018-12-09T21:48:42","guid":{"rendered":"https:\/\/cetaradell.cat\/ce\/?p=6719"},"modified":"2020-06-03T21:58:36","modified_gmt":"2020-06-03T20:58:36","slug":"meritxell-i-josep-maria-freixas-campions-de-la-copa-catalana","status":"publish","type":"post","link":"https:\/\/cetaradell.cat\/ce\/meritxell-i-josep-maria-freixas-campions-de-la-copa-catalana\/","title":{"rendered":"Meritxell i Josep Maria Freixas, campions de la Copa Catalana"},"content":{"rendered":"<div id=\"attachment_6721\" style=\"width: 310px\" class=\"wp-caption alignleft\"><a href=\"https:\/\/cetaradell.cat\/ce\/wp-content\/uploads\/2018-12-02-Esprint-Tossa_de_Marfoto_Farra-O-2.jpg\" target=\"_blank\" rel=\"attachment noopener wp-att-6721 noreferrer\"><img decoding=\"async\" aria-describedby=\"caption-attachment-6721\" class=\"wp-image-6721 size-medium\" src=\"https:\/\/cetaradell.cat\/ce\/wp-content\/uploads\/2018-12-02-Esprint-Tossa_de_Marfoto_Farra-O-2-300x200.jpg\" alt=\"2018-12-02-Esprint-Tossa_de_Mar(foto_Farra-O) (2)\" width=\"300\" height=\"200\" srcset=\"https:\/\/cetaradell.cat\/ce\/wp-content\/uploads\/2018-12-02-Esprint-Tossa_de_Marfoto_Farra-O-2-300x200.jpg 300w, https:\/\/cetaradell.cat\/ce\/wp-content\/uploads\/2018-12-02-Esprint-Tossa_de_Marfoto_Farra-O-2-500x333.jpg 500w, https:\/\/cetaradell.cat\/ce\/wp-content\/uploads\/2018-12-02-Esprint-Tossa_de_Marfoto_Farra-O-2-700x467.jpg 700w, https:\/\/cetaradell.cat\/ce\/wp-content\/uploads\/2018-12-02-Esprint-Tossa_de_Marfoto_Farra-O-2-768x512.jpg 768w, https:\/\/cetaradell.cat\/ce\/wp-content\/uploads\/2018-12-02-Esprint-Tossa_de_Marfoto_Farra-O-2-1024x683.jpg 1024w\" sizes=\"(max-width: 300px) 100vw, 300px\" \/><\/a><p id=\"caption-attachment-6721\" class=\"wp-caption-text\">Campionat de Catalunya d\u2019Esprint, podi 21A mascul\u00ed (Foto: Farra-O)<\/p><\/div>\n<p>El diumenge dia 2 de desembre a Tossa de Mar es va celebrar el <strong>Campionat\u00a0 de Catalunya d\u2019Esprint<\/strong> que tamb\u00e9 era l\u2019\u00faltima cursa de la temporada que puntuava per la <strong>Copa Catalana a Peu<\/strong> de curses d\u2019orientaci\u00f3. En aquesta cita no hi van faltar els orientadors del Centre Excursionista Taradell (CET), <strong>Meritxell Freixas<\/strong>, <strong>Marc Ballabriga<\/strong> i <strong>Josep Maria Freixas<\/strong>.<\/p>\n<p>La Copa Catalana a Peu, enguany, va constar de 15 proves i per a la classificaci\u00f3 es tenien en compte els 9 millors resultats. Aix\u00ed, un cop acabada aquesta prova de Tossa de Mar es va fer el recompte de punts i Meritxell Freixas i Josep Maria Freixas es van proclamar campions de la categoria 21A, femenina i masculina respectivament. Per altra banda, Marc Ballabriga \u00a0es va classificar en una destacada sisena posici\u00f3. A m\u00e9s a m\u00e9s, en aquesta prova Esprint, Josep Maria Freixas es va proclamar campi\u00f3 de Catalunya d\u2019Esprint de la categoria Homes 21A.<\/p>\n<div id=\"attachment_6720\" style=\"width: 316px\" class=\"wp-caption alignleft\"><a href=\"https:\/\/cetaradell.cat\/ce\/wp-content\/uploads\/2018-12-01-rogaine_Pals-Regur.jpg\" target=\"_blank\" rel=\"attachment noopener wp-att-6720 noreferrer\"><img decoding=\"async\" aria-describedby=\"caption-attachment-6720\" class=\"wp-image-6720 size-full\" src=\"https:\/\/cetaradell.cat\/ce\/wp-content\/uploads\/2018-12-01-rogaine_Pals-Regur.jpg\" alt=\"2018-12-01-rogaine_Pals-Regur\" width=\"306\" height=\"307\" srcset=\"https:\/\/cetaradell.cat\/ce\/wp-content\/uploads\/2018-12-01-rogaine_Pals-Regur-60x60.jpg 60w, https:\/\/cetaradell.cat\/ce\/wp-content\/uploads\/2018-12-01-rogaine_Pals-Regur-100x100.jpg 100w, https:\/\/cetaradell.cat\/ce\/wp-content\/uploads\/2018-12-01-rogaine_Pals-Regur-150x150.jpg 150w, https:\/\/cetaradell.cat\/ce\/wp-content\/uploads\/2018-12-01-rogaine_Pals-Regur-300x300.jpg 300w, https:\/\/cetaradell.cat\/ce\/wp-content\/uploads\/2018-12-01-rogaine_Pals-Regur.jpg 306w\" sizes=\"(max-width: 306px) 100vw, 306px\" \/><\/a><p id=\"caption-attachment-6720\" class=\"wp-caption-text\">Rogaine Pals-Begur, podi 21A mascul\u00ed (Foto: Grions Orientaci\u00f3)<\/p><\/div>\n<p>La jornada va comen\u00e7ar pel mat\u00ed amb una cursa classificat\u00f2ria que van superar tots tres. A la tarda \u00e9s va c\u00f3rrer la final en la qual Josep Maria Freixas va ser el guanyador de la categoria H21A i Marc Ballabriga sis\u00e8 en la mateixa categoria, mentre que Meritxell Freixas va ser desclassificada al fer error en targeta.<\/p>\n<p>Tamb\u00e9 cal destacar que el dia abans, dissabte 1 de desembre s\u2019havia disputat la <strong>Rogaine Pals-Begur<\/strong>, on la prova de 3 hores puntuava pel Circuit Catal\u00e0 de Rogaines. En aquesta prova tamb\u00e9 hi va participar un equip del CET format per <strong>Marc Ballabriga<\/strong> i <strong>Josep Maria Freixas<\/strong> el qual es va classificar en <strong>segona posici\u00f3<\/strong> de la categoria d\u2019equips masculins.<\/p>\n","protected":false},"excerpt":{"rendered":"<p>El diumenge dia 2 de desembre a Tossa de Mar es va celebrar el Campionat\u00a0 de Catalunya d\u2019Esprint que tamb\u00e9 era l\u2019\u00faltima cursa de la temporada que puntuava per la Copa Catalana a Peu de curses d\u2019orientaci\u00f3. En aquesta cita no hi van faltar els orientadors del Centre Excursionista Taradell  [&#8230;]<\/p>\n","protected":false},"author":1,"featured_media":6721,"comment_status":"closed","ping_status":"closed","sticky":false,"template":"","format":"standard","meta":{"footnotes":""},"categories":[46,3],"tags":[],"class_list":["post-6719","post","type-post","status-publish","format-standard","has-post-thumbnail","hentry","category-equip-cet-lenclusa-o","category-noticies"],"yoast_head":"<!-- This site is optimized with the Yoast SEO plugin v27.5 - https:\/\/yoast.com\/product\/yoast-seo-wordpress\/ -->\n<title>Meritxell i Josep Maria Freixas, campions de la Copa Catalana - Centre Excursionista Taradell<\/title>\n<meta name=\"robots\" content=\"index, follow, max-snippet:-1, max-image-preview:large, max-video-preview:-1\" \/>\n<link rel=\"canonical\" href=\"https:\/\/cetaradell.cat\/ce\/meritxell-i-josep-maria-freixas-campions-de-la-copa-catalana\/\" \/>\n<meta property=\"og:locale\" content=\"ca_ES\" \/>\n<meta property=\"og:type\" content=\"article\" \/>\n<meta property=\"og:title\" content=\"Meritxell i Josep Maria Freixas, campions de la Copa Catalana - Centre Excursionista Taradell\" \/>\n<meta property=\"og:description\" content=\"El diumenge dia 2 de desembre a Tossa de Mar es va celebrar el Campionat\u00a0 de Catalunya d\u2019Esprint que tamb\u00e9 era l\u2019\u00faltima cursa de la temporada que puntuava per la Copa Catalana a Peu de curses d\u2019orientaci\u00f3. En aquesta cita no hi van faltar els orientadors del Centre Excursionista Taradell [...]\" \/>\n<meta property=\"og:url\" content=\"https:\/\/cetaradell.cat\/ce\/meritxell-i-josep-maria-freixas-campions-de-la-copa-catalana\/\" \/>\n<meta property=\"og:site_name\" content=\"Centre Excursionista Taradell\" \/>\n<meta property=\"article:publisher\" content=\"https:\/\/www.facebook.com\/CETaradell\/\" \/>\n<meta property=\"article:published_time\" content=\"2018-12-09T21:48:42+00:00\" \/>\n<meta property=\"article:modified_time\" content=\"2020-06-03T20:58:36+00:00\" \/>\n<meta property=\"og:image\" content=\"https:\/\/cetaradell.cat\/ce\/wp-content\/uploads\/2018-12-02-Esprint-Tossa_de_Marfoto_Farra-O-2-scaled.jpg\" \/>\n\t<meta property=\"og:image:width\" content=\"2560\" \/>\n\t<meta property=\"og:image:height\" content=\"1707\" \/>\n\t<meta property=\"og:image:type\" content=\"image\/jpeg\" \/>\n<meta name=\"author\" content=\"CET\" \/>\n<meta name=\"twitter:card\" content=\"summary_large_image\" \/>\n<meta name=\"twitter:label1\" content=\"Escrit per\" \/>\n\t<meta name=\"twitter:data1\" content=\"CET\" \/>\n\t<meta name=\"twitter:label2\" content=\"Temps estimat de lectura\" \/>\n\t<meta name=\"twitter:data2\" content=\"2 minuts\" \/>\n<script type=\"application\/ld+json\" class=\"yoast-schema-graph\">{\"@context\":\"https:\\\/\\\/schema.org\",\"@graph\":[{\"@type\":\"Article\",\"@id\":\"https:\\\/\\\/cetaradell.cat\\\/ce\\\/meritxell-i-josep-maria-freixas-campions-de-la-copa-catalana\\\/#article\",\"isPartOf\":{\"@id\":\"https:\\\/\\\/cetaradell.cat\\\/ce\\\/meritxell-i-josep-maria-freixas-campions-de-la-copa-catalana\\\/\"},\"author\":{\"name\":\"CET\",\"@id\":\"https:\\\/\\\/cetaradell.cat\\\/ce\\\/#\\\/schema\\\/person\\\/92a59f585073071c7be6649e84b22f78\"},\"headline\":\"Meritxell i Josep Maria Freixas, campions de la Copa Catalana\",\"datePublished\":\"2018-12-09T21:48:42+00:00\",\"dateModified\":\"2020-06-03T20:58:36+00:00\",\"mainEntityOfPage\":{\"@id\":\"https:\\\/\\\/cetaradell.cat\\\/ce\\\/meritxell-i-josep-maria-freixas-campions-de-la-copa-catalana\\\/\"},\"wordCount\":321,\"image\":{\"@id\":\"https:\\\/\\\/cetaradell.cat\\\/ce\\\/meritxell-i-josep-maria-freixas-campions-de-la-copa-catalana\\\/#primaryimage\"},\"thumbnailUrl\":\"https:\\\/\\\/cetaradell.cat\\\/ce\\\/wp-content\\\/uploads\\\/2018-12-02-Esprint-Tossa_de_Marfoto_Farra-O-2-scaled.jpg\",\"articleSection\":[\"Equip CET L'Enclusa-O\",\"Not\u00edcies\"],\"inLanguage\":\"ca\"},{\"@type\":\"WebPage\",\"@id\":\"https:\\\/\\\/cetaradell.cat\\\/ce\\\/meritxell-i-josep-maria-freixas-campions-de-la-copa-catalana\\\/\",\"url\":\"https:\\\/\\\/cetaradell.cat\\\/ce\\\/meritxell-i-josep-maria-freixas-campions-de-la-copa-catalana\\\/\",\"name\":\"Meritxell i Josep Maria Freixas, campions de la Copa Catalana - Centre Excursionista Taradell\",\"isPartOf\":{\"@id\":\"https:\\\/\\\/cetaradell.cat\\\/ce\\\/#website\"},\"primaryImageOfPage\":{\"@id\":\"https:\\\/\\\/cetaradell.cat\\\/ce\\\/meritxell-i-josep-maria-freixas-campions-de-la-copa-catalana\\\/#primaryimage\"},\"image\":{\"@id\":\"https:\\\/\\\/cetaradell.cat\\\/ce\\\/meritxell-i-josep-maria-freixas-campions-de-la-copa-catalana\\\/#primaryimage\"},\"thumbnailUrl\":\"https:\\\/\\\/cetaradell.cat\\\/ce\\\/wp-content\\\/uploads\\\/2018-12-02-Esprint-Tossa_de_Marfoto_Farra-O-2-scaled.jpg\",\"datePublished\":\"2018-12-09T21:48:42+00:00\",\"dateModified\":\"2020-06-03T20:58:36+00:00\",\"author\":{\"@id\":\"https:\\\/\\\/cetaradell.cat\\\/ce\\\/#\\\/schema\\\/person\\\/92a59f585073071c7be6649e84b22f78\"},\"breadcrumb\":{\"@id\":\"https:\\\/\\\/cetaradell.cat\\\/ce\\\/meritxell-i-josep-maria-freixas-campions-de-la-copa-catalana\\\/#breadcrumb\"},\"inLanguage\":\"ca\",\"potentialAction\":[{\"@type\":\"ReadAction\",\"target\":[\"https:\\\/\\\/cetaradell.cat\\\/ce\\\/meritxell-i-josep-maria-freixas-campions-de-la-copa-catalana\\\/\"]}]},{\"@type\":\"ImageObject\",\"inLanguage\":\"ca\",\"@id\":\"https:\\\/\\\/cetaradell.cat\\\/ce\\\/meritxell-i-josep-maria-freixas-campions-de-la-copa-catalana\\\/#primaryimage\",\"url\":\"https:\\\/\\\/cetaradell.cat\\\/ce\\\/wp-content\\\/uploads\\\/2018-12-02-Esprint-Tossa_de_Marfoto_Farra-O-2-scaled.jpg\",\"contentUrl\":\"https:\\\/\\\/cetaradell.cat\\\/ce\\\/wp-content\\\/uploads\\\/2018-12-02-Esprint-Tossa_de_Marfoto_Farra-O-2-scaled.jpg\",\"width\":2560,\"height\":1707},{\"@type\":\"BreadcrumbList\",\"@id\":\"https:\\\/\\\/cetaradell.cat\\\/ce\\\/meritxell-i-josep-maria-freixas-campions-de-la-copa-catalana\\\/#breadcrumb\",\"itemListElement\":[{\"@type\":\"ListItem\",\"position\":1,\"name\":\"Inici\",\"item\":\"https:\\\/\\\/cetaradell.cat\\\/ce\\\/\"},{\"@type\":\"ListItem\",\"position\":2,\"name\":\"Meritxell i Josep Maria Freixas, campions de la Copa Catalana\"}]},{\"@type\":\"WebSite\",\"@id\":\"https:\\\/\\\/cetaradell.cat\\\/ce\\\/#website\",\"url\":\"https:\\\/\\\/cetaradell.cat\\\/ce\\\/\",\"name\":\"Centre Excursionista Taradell\",\"description\":\"\",\"potentialAction\":[{\"@type\":\"SearchAction\",\"target\":{\"@type\":\"EntryPoint\",\"urlTemplate\":\"https:\\\/\\\/cetaradell.cat\\\/ce\\\/?s={search_term_string}\"},\"query-input\":{\"@type\":\"PropertyValueSpecification\",\"valueRequired\":true,\"valueName\":\"search_term_string\"}}],\"inLanguage\":\"ca\"},{\"@type\":\"Person\",\"@id\":\"https:\\\/\\\/cetaradell.cat\\\/ce\\\/#\\\/schema\\\/person\\\/92a59f585073071c7be6649e84b22f78\",\"name\":\"CET\",\"image\":{\"@type\":\"ImageObject\",\"inLanguage\":\"ca\",\"@id\":\"https:\\\/\\\/secure.gravatar.com\\\/avatar\\\/d6fbe010d42056feccc0f613ed07277a5118442805079269f12dabdc42e1a727?s=96&d=mm&r=g\",\"url\":\"https:\\\/\\\/secure.gravatar.com\\\/avatar\\\/d6fbe010d42056feccc0f613ed07277a5118442805079269f12dabdc42e1a727?s=96&d=mm&r=g\",\"contentUrl\":\"https:\\\/\\\/secure.gravatar.com\\\/avatar\\\/d6fbe010d42056feccc0f613ed07277a5118442805079269f12dabdc42e1a727?s=96&d=mm&r=g\",\"caption\":\"CET\"},\"url\":\"https:\\\/\\\/cetaradell.cat\\\/ce\\\/author\\\/root\\\/\"}]}<\/script>\n<!-- \/ Yoast SEO plugin. -->","yoast_head_json":{"title":"Meritxell i Josep Maria Freixas, campions de la Copa Catalana - Centre Excursionista Taradell","robots":{"index":"index","follow":"follow","max-snippet":"max-snippet:-1","max-image-preview":"max-image-preview:large","max-video-preview":"max-video-preview:-1"},"canonical":"https:\/\/cetaradell.cat\/ce\/meritxell-i-josep-maria-freixas-campions-de-la-copa-catalana\/","og_locale":"ca_ES","og_type":"article","og_title":"Meritxell i Josep Maria Freixas, campions de la Copa Catalana - Centre Excursionista Taradell","og_description":"El diumenge dia 2 de desembre a Tossa de Mar es va celebrar el Campionat\u00a0 de Catalunya d\u2019Esprint que tamb\u00e9 era l\u2019\u00faltima cursa de la temporada que puntuava per la Copa Catalana a Peu de curses d\u2019orientaci\u00f3. En aquesta cita no hi van faltar els orientadors del Centre Excursionista Taradell [...]","og_url":"https:\/\/cetaradell.cat\/ce\/meritxell-i-josep-maria-freixas-campions-de-la-copa-catalana\/","og_site_name":"Centre Excursionista Taradell","article_publisher":"https:\/\/www.facebook.com\/CETaradell\/","article_published_time":"2018-12-09T21:48:42+00:00","article_modified_time":"2020-06-03T20:58:36+00:00","og_image":[{"width":2560,"height":1707,"url":"https:\/\/cetaradell.cat\/ce\/wp-content\/uploads\/2018-12-02-Esprint-Tossa_de_Marfoto_Farra-O-2-scaled.jpg","type":"image\/jpeg"}],"author":"CET","twitter_card":"summary_large_image","twitter_misc":{"Escrit per":"CET","Temps estimat de lectura":"2 minuts"},"schema":{"@context":"https:\/\/schema.org","@graph":[{"@type":"Article","@id":"https:\/\/cetaradell.cat\/ce\/meritxell-i-josep-maria-freixas-campions-de-la-copa-catalana\/#article","isPartOf":{"@id":"https:\/\/cetaradell.cat\/ce\/meritxell-i-josep-maria-freixas-campions-de-la-copa-catalana\/"},"author":{"name":"CET","@id":"https:\/\/cetaradell.cat\/ce\/#\/schema\/person\/92a59f585073071c7be6649e84b22f78"},"headline":"Meritxell i Josep Maria Freixas, campions de la Copa Catalana","datePublished":"2018-12-09T21:48:42+00:00","dateModified":"2020-06-03T20:58:36+00:00","mainEntityOfPage":{"@id":"https:\/\/cetaradell.cat\/ce\/meritxell-i-josep-maria-freixas-campions-de-la-copa-catalana\/"},"wordCount":321,"image":{"@id":"https:\/\/cetaradell.cat\/ce\/meritxell-i-josep-maria-freixas-campions-de-la-copa-catalana\/#primaryimage"},"thumbnailUrl":"https:\/\/cetaradell.cat\/ce\/wp-content\/uploads\/2018-12-02-Esprint-Tossa_de_Marfoto_Farra-O-2-scaled.jpg","articleSection":["Equip CET L'Enclusa-O","Not\u00edcies"],"inLanguage":"ca"},{"@type":"WebPage","@id":"https:\/\/cetaradell.cat\/ce\/meritxell-i-josep-maria-freixas-campions-de-la-copa-catalana\/","url":"https:\/\/cetaradell.cat\/ce\/meritxell-i-josep-maria-freixas-campions-de-la-copa-catalana\/","name":"Meritxell i Josep Maria Freixas, campions de la Copa Catalana - Centre Excursionista Taradell","isPartOf":{"@id":"https:\/\/cetaradell.cat\/ce\/#website"},"primaryImageOfPage":{"@id":"https:\/\/cetaradell.cat\/ce\/meritxell-i-josep-maria-freixas-campions-de-la-copa-catalana\/#primaryimage"},"image":{"@id":"https:\/\/cetaradell.cat\/ce\/meritxell-i-josep-maria-freixas-campions-de-la-copa-catalana\/#primaryimage"},"thumbnailUrl":"https:\/\/cetaradell.cat\/ce\/wp-content\/uploads\/2018-12-02-Esprint-Tossa_de_Marfoto_Farra-O-2-scaled.jpg","datePublished":"2018-12-09T21:48:42+00:00","dateModified":"2020-06-03T20:58:36+00:00","author":{"@id":"https:\/\/cetaradell.cat\/ce\/#\/schema\/person\/92a59f585073071c7be6649e84b22f78"},"breadcrumb":{"@id":"https:\/\/cetaradell.cat\/ce\/meritxell-i-josep-maria-freixas-campions-de-la-copa-catalana\/#breadcrumb"},"inLanguage":"ca","potentialAction":[{"@type":"ReadAction","target":["https:\/\/cetaradell.cat\/ce\/meritxell-i-josep-maria-freixas-campions-de-la-copa-catalana\/"]}]},{"@type":"ImageObject","inLanguage":"ca","@id":"https:\/\/cetaradell.cat\/ce\/meritxell-i-josep-maria-freixas-campions-de-la-copa-catalana\/#primaryimage","url":"https:\/\/cetaradell.cat\/ce\/wp-content\/uploads\/2018-12-02-Esprint-Tossa_de_Marfoto_Farra-O-2-scaled.jpg","contentUrl":"https:\/\/cetaradell.cat\/ce\/wp-content\/uploads\/2018-12-02-Esprint-Tossa_de_Marfoto_Farra-O-2-scaled.jpg","width":2560,"height":1707},{"@type":"BreadcrumbList","@id":"https:\/\/cetaradell.cat\/ce\/meritxell-i-josep-maria-freixas-campions-de-la-copa-catalana\/#breadcrumb","itemListElement":[{"@type":"ListItem","position":1,"name":"Inici","item":"https:\/\/cetaradell.cat\/ce\/"},{"@type":"ListItem","position":2,"name":"Meritxell i Josep Maria Freixas, campions de la Copa Catalana"}]},{"@type":"WebSite","@id":"https:\/\/cetaradell.cat\/ce\/#website","url":"https:\/\/cetaradell.cat\/ce\/","name":"Centre Excursionista Taradell","description":"","potentialAction":[{"@type":"SearchAction","target":{"@type":"EntryPoint","urlTemplate":"https:\/\/cetaradell.cat\/ce\/?s={search_term_string}"},"query-input":{"@type":"PropertyValueSpecification","valueRequired":true,"valueName":"search_term_string"}}],"inLanguage":"ca"},{"@type":"Person","@id":"https:\/\/cetaradell.cat\/ce\/#\/schema\/person\/92a59f585073071c7be6649e84b22f78","name":"CET","image":{"@type":"ImageObject","inLanguage":"ca","@id":"https:\/\/secure.gravatar.com\/avatar\/d6fbe010d42056feccc0f613ed07277a5118442805079269f12dabdc42e1a727?s=96&d=mm&r=g","url":"https:\/\/secure.gravatar.com\/avatar\/d6fbe010d42056feccc0f613ed07277a5118442805079269f12dabdc42e1a727?s=96&d=mm&r=g","contentUrl":"https:\/\/secure.gravatar.com\/avatar\/d6fbe010d42056feccc0f613ed07277a5118442805079269f12dabdc42e1a727?s=96&d=mm&r=g","caption":"CET"},"url":"https:\/\/cetaradell.cat\/ce\/author\/root\/"}]}},"_links":{"self":[{"href":"https:\/\/cetaradell.cat\/ce\/wp-json\/wp\/v2\/posts\/6719","targetHints":{"allow":["GET"]}}],"collection":[{"href":"https:\/\/cetaradell.cat\/ce\/wp-json\/wp\/v2\/posts"}],"about":[{"href":"https:\/\/cetaradell.cat\/ce\/wp-json\/wp\/v2\/types\/post"}],"author":[{"embeddable":true,"href":"https:\/\/cetaradell.cat\/ce\/wp-json\/wp\/v2\/users\/1"}],"replies":[{"embeddable":true,"href":"https:\/\/cetaradell.cat\/ce\/wp-json\/wp\/v2\/comments?post=6719"}],"version-history":[{"count":0,"href":"https:\/\/cetaradell.cat\/ce\/wp-json\/wp\/v2\/posts\/6719\/revisions"}],"wp:featuredmedia":[{"embeddable":true,"href":"https:\/\/cetaradell.cat\/ce\/wp-json\/wp\/v2\/media\/6721"}],"wp:attachment":[{"href":"https:\/\/cetaradell.cat\/ce\/wp-json\/wp\/v2\/media?parent=6719"}],"wp:term":[{"taxonomy":"category","embeddable":true,"href":"https:\/\/cetaradell.cat\/ce\/wp-json\/wp\/v2\/categories?post=6719"},{"taxonomy":"post_tag","embeddable":true,"href":"https:\/\/cetaradell.cat\/ce\/wp-json\/wp\/v2\/tags?post=6719"}],"curies":[{"name":"wp","href":"https:\/\/api.w.org\/{rel}","templated":true}]}}