{"id":6725,"date":"2018-12-13T08:00:43","date_gmt":"2018-12-13T07:00:43","guid":{"rendered":"https:\/\/cetaradell.cat\/ce\/?p=6725"},"modified":"2020-06-03T21:57:43","modified_gmt":"2020-06-03T20:57:43","slug":"albert-pujol-campio-despanya-de-trail-runnig-2019","status":"publish","type":"post","link":"https:\/\/cetaradell.cat\/ce\/albert-pujol-campio-despanya-de-trail-runnig-2019\/","title":{"rendered":"Albert Pujol, campi\u00f3 d\u2019Espanya de Trail Runnig 2019"},"content":{"rendered":"<div id=\"attachment_6727\" style=\"width: 310px\" class=\"wp-caption alignleft\"><a href=\"https:\/\/cetaradell.cat\/ce\/wp-content\/uploads\/2018-12-08-FalcoTrailfoto_AntonioDePaco-3.jpg\" target=\"_blank\" rel=\"attachment noopener wp-att-6727 noreferrer\"><img decoding=\"async\" aria-describedby=\"caption-attachment-6727\" class=\"wp-image-6727 size-medium\" src=\"https:\/\/cetaradell.cat\/ce\/wp-content\/uploads\/2018-12-08-FalcoTrailfoto_AntonioDePaco-3-300x201.jpg\" alt=\"2018-12-08-FalcoTrail(foto_AntonioDePaco) (3)\" width=\"300\" height=\"201\" srcset=\"https:\/\/cetaradell.cat\/ce\/wp-content\/uploads\/2018-12-08-FalcoTrailfoto_AntonioDePaco-3-300x201.jpg 300w, https:\/\/cetaradell.cat\/ce\/wp-content\/uploads\/2018-12-08-FalcoTrailfoto_AntonioDePaco-3-500x335.jpg 500w, https:\/\/cetaradell.cat\/ce\/wp-content\/uploads\/2018-12-08-FalcoTrailfoto_AntonioDePaco-3-700x469.jpg 700w, https:\/\/cetaradell.cat\/ce\/wp-content\/uploads\/2018-12-08-FalcoTrailfoto_AntonioDePaco-3-768x514.jpg 768w, https:\/\/cetaradell.cat\/ce\/wp-content\/uploads\/2018-12-08-FalcoTrailfoto_AntonioDePaco-3-1024x685.jpg 1024w\" sizes=\"(max-width: 300px) 100vw, 300px\" \/><\/a><p id=\"caption-attachment-6727\" class=\"wp-caption-text\">Albert Pujol, campi\u00f3 d\u2019Espanya de Trail Running 2018 (Foto: Antonio De Paco)<\/p><\/div>\n<p>El soci del CET <strong>Albert Pujol<\/strong>, formant part de l\u2019equip HGAML Team, es va proclamar <strong>campi\u00f3 d\u2019Espanya de Trail Running<\/strong>, despr\u00e9s de guanyar la marat\u00f3 de la Falco Trail que es va disputar el dissabte dia 8 de desembre a la ciutat murciana de Ceheg\u00edn. Aquest triomf ha donat a <strong>Albert Pujol<\/strong> \u00a0una pla\u00e7a per participar al Mundial de Trail-Running IAAF, amb la Federaci\u00f3 Espanyola d\u2019Atletisme (RFEA), que es disputar\u00e0 el 8 de juny de 2019 a Portugal. Aquest t\u00edtol ser\u00e0 vigent fins al 2020 que es celebrar\u00e0 el seg\u00fcent campionat d&#8217;Espanya de Trail Running, perqu\u00e8 aquesta cursa disputada a finals del 2018 ha servit com a campionat del 2019.<\/p>\n<p><strong>Albert Pujol <\/strong>va necessitar 4 hores i 35 minuts, dos minuts menys que el segon classificat, per completar els 48,9 quil\u00f2metres del recorregut, el qual tenia un desnivell acumulat positiu de 3.100 metres.<\/p>\n<div id=\"attachment_6728\" style=\"width: 310px\" class=\"wp-caption alignleft\"><a href=\"https:\/\/cetaradell.cat\/ce\/wp-content\/uploads\/2018-12-08-Marato_Ardenyafoto_IsabelPuig-2.jpg\" target=\"_blank\" rel=\"attachment noopener wp-att-6728 noreferrer\"><img decoding=\"async\" aria-describedby=\"caption-attachment-6728\" class=\"wp-image-6728 size-medium\" src=\"https:\/\/cetaradell.cat\/ce\/wp-content\/uploads\/2018-12-08-Marato_Ardenyafoto_IsabelPuig-2-300x225.jpg\" alt=\"2018-12-08-Marato_Ardenya(foto_IsabelPuig) (2)\" width=\"300\" height=\"225\" srcset=\"https:\/\/cetaradell.cat\/ce\/wp-content\/uploads\/2018-12-08-Marato_Ardenyafoto_IsabelPuig-2-300x225.jpg 300w, https:\/\/cetaradell.cat\/ce\/wp-content\/uploads\/2018-12-08-Marato_Ardenyafoto_IsabelPuig-2-500x375.jpg 500w, https:\/\/cetaradell.cat\/ce\/wp-content\/uploads\/2018-12-08-Marato_Ardenyafoto_IsabelPuig-2-700x525.jpg 700w, https:\/\/cetaradell.cat\/ce\/wp-content\/uploads\/2018-12-08-Marato_Ardenyafoto_IsabelPuig-2.jpg 725w\" sizes=\"(max-width: 300px) 100vw, 300px\" \/><\/a><p id=\"caption-attachment-6728\" class=\"wp-caption-text\">Eduard Aguilera, Joan Llopart i Jordi Aguilera a la Marat\u00f3 de Muntanya l\u2019Ardenya (Foto: Isabel Puig)<\/p><\/div>\n<p>El mateix dissabte dia 8, a Sant Cristina d\u2019Aro, es va disputar la <strong>Marat\u00f3 de Muntanya l\u2019Ardenya<\/strong>, de 47 quil\u00f2metres\u00a0 de recorregut i amb un desnivell positiu acumulat de 2.261 metres. En aquesta cursa hi vam participar tres corredors del CET L\u2019Enclusa; <strong>Jordi Aguilera<\/strong>, que es va aconseguir un lloc destacat, en classificar-se en 6\u00e8 lloc de la general i 2n de la categoria s\u00e8nior masculina; <strong>Eduard Aguilera<\/strong>, que va ser 10\u00e8 dels s\u00e8niors masculins; i <strong>Joan Llopart<\/strong>, que corria la seva 194a marat\u00f3, va ser 23\u00e8 dels s\u00e8niors masculins.<\/p>\n","protected":false},"excerpt":{"rendered":"<p>El soci del CET Albert Pujol, formant part de l\u2019equip HGAML Team, es va proclamar campi\u00f3 d\u2019Espanya de Trail Running, despr\u00e9s de guanyar la marat\u00f3 de la Falco Trail que es va disputar el dissabte dia 8 de desembre a la ciutat murciana de Ceheg\u00edn. Aquest triomf ha donat a  [&#8230;]<\/p>\n","protected":false},"author":1,"featured_media":6727,"comment_status":"closed","ping_status":"closed","sticky":false,"template":"","format":"standard","meta":{"footnotes":""},"categories":[32,3],"tags":[],"class_list":["post-6725","post","type-post","status-publish","format-standard","has-post-thumbnail","hentry","category-equip-cet-lenclusa","category-noticies"],"yoast_head":"<!-- This site is optimized with the Yoast SEO plugin v27.4 - https:\/\/yoast.com\/product\/yoast-seo-wordpress\/ -->\n<title>Albert Pujol, campi\u00f3 d\u2019Espanya de Trail Runnig 2019 - Centre Excursionista Taradell<\/title>\n<meta name=\"robots\" content=\"index, follow, max-snippet:-1, max-image-preview:large, max-video-preview:-1\" \/>\n<link rel=\"canonical\" href=\"https:\/\/cetaradell.cat\/ce\/albert-pujol-campio-despanya-de-trail-runnig-2019\/\" \/>\n<meta property=\"og:locale\" content=\"ca_ES\" \/>\n<meta property=\"og:type\" content=\"article\" \/>\n<meta property=\"og:title\" content=\"Albert Pujol, campi\u00f3 d\u2019Espanya de Trail Runnig 2019 - Centre Excursionista Taradell\" \/>\n<meta property=\"og:description\" content=\"El soci del CET Albert Pujol, formant part de l\u2019equip HGAML Team, es va proclamar campi\u00f3 d\u2019Espanya de Trail Running, despr\u00e9s de guanyar la marat\u00f3 de la Falco Trail que es va disputar el dissabte dia 8 de desembre a la ciutat murciana de Ceheg\u00edn. Aquest triomf ha donat a [...]\" \/>\n<meta property=\"og:url\" content=\"https:\/\/cetaradell.cat\/ce\/albert-pujol-campio-despanya-de-trail-runnig-2019\/\" \/>\n<meta property=\"og:site_name\" content=\"Centre Excursionista Taradell\" \/>\n<meta property=\"article:publisher\" content=\"https:\/\/www.facebook.com\/CETaradell\/\" \/>\n<meta property=\"article:published_time\" content=\"2018-12-13T07:00:43+00:00\" \/>\n<meta property=\"article:modified_time\" content=\"2020-06-03T20:57:43+00:00\" \/>\n<meta property=\"og:image\" content=\"https:\/\/cetaradell.cat\/ce\/wp-content\/uploads\/2018-12-08-FalcoTrailfoto_AntonioDePaco-3.jpg\" \/>\n\t<meta property=\"og:image:width\" content=\"1936\" \/>\n\t<meta property=\"og:image:height\" content=\"1296\" \/>\n\t<meta property=\"og:image:type\" content=\"image\/jpeg\" \/>\n<meta name=\"author\" content=\"CET\" \/>\n<meta name=\"twitter:card\" content=\"summary_large_image\" \/>\n<meta name=\"twitter:label1\" content=\"Escrit per\" \/>\n\t<meta name=\"twitter:data1\" content=\"CET\" \/>\n\t<meta name=\"twitter:label2\" content=\"Temps estimat de lectura\" \/>\n\t<meta name=\"twitter:data2\" content=\"1 minut\" \/>\n<script type=\"application\/ld+json\" class=\"yoast-schema-graph\">{\"@context\":\"https:\\\/\\\/schema.org\",\"@graph\":[{\"@type\":\"Article\",\"@id\":\"https:\\\/\\\/cetaradell.cat\\\/ce\\\/albert-pujol-campio-despanya-de-trail-runnig-2019\\\/#article\",\"isPartOf\":{\"@id\":\"https:\\\/\\\/cetaradell.cat\\\/ce\\\/albert-pujol-campio-despanya-de-trail-runnig-2019\\\/\"},\"author\":{\"name\":\"CET\",\"@id\":\"https:\\\/\\\/cetaradell.cat\\\/ce\\\/#\\\/schema\\\/person\\\/92a59f585073071c7be6649e84b22f78\"},\"headline\":\"Albert Pujol, campi\u00f3 d\u2019Espanya de Trail Runnig 2019\",\"datePublished\":\"2018-12-13T07:00:43+00:00\",\"dateModified\":\"2020-06-03T20:57:43+00:00\",\"mainEntityOfPage\":{\"@id\":\"https:\\\/\\\/cetaradell.cat\\\/ce\\\/albert-pujol-campio-despanya-de-trail-runnig-2019\\\/\"},\"wordCount\":285,\"image\":{\"@id\":\"https:\\\/\\\/cetaradell.cat\\\/ce\\\/albert-pujol-campio-despanya-de-trail-runnig-2019\\\/#primaryimage\"},\"thumbnailUrl\":\"https:\\\/\\\/cetaradell.cat\\\/ce\\\/wp-content\\\/uploads\\\/2018-12-08-FalcoTrailfoto_AntonioDePaco-3.jpg\",\"articleSection\":[\"Equip CET-L'Enclusa\",\"Not\u00edcies\"],\"inLanguage\":\"ca\"},{\"@type\":\"WebPage\",\"@id\":\"https:\\\/\\\/cetaradell.cat\\\/ce\\\/albert-pujol-campio-despanya-de-trail-runnig-2019\\\/\",\"url\":\"https:\\\/\\\/cetaradell.cat\\\/ce\\\/albert-pujol-campio-despanya-de-trail-runnig-2019\\\/\",\"name\":\"Albert Pujol, campi\u00f3 d\u2019Espanya de Trail Runnig 2019 - Centre Excursionista Taradell\",\"isPartOf\":{\"@id\":\"https:\\\/\\\/cetaradell.cat\\\/ce\\\/#website\"},\"primaryImageOfPage\":{\"@id\":\"https:\\\/\\\/cetaradell.cat\\\/ce\\\/albert-pujol-campio-despanya-de-trail-runnig-2019\\\/#primaryimage\"},\"image\":{\"@id\":\"https:\\\/\\\/cetaradell.cat\\\/ce\\\/albert-pujol-campio-despanya-de-trail-runnig-2019\\\/#primaryimage\"},\"thumbnailUrl\":\"https:\\\/\\\/cetaradell.cat\\\/ce\\\/wp-content\\\/uploads\\\/2018-12-08-FalcoTrailfoto_AntonioDePaco-3.jpg\",\"datePublished\":\"2018-12-13T07:00:43+00:00\",\"dateModified\":\"2020-06-03T20:57:43+00:00\",\"author\":{\"@id\":\"https:\\\/\\\/cetaradell.cat\\\/ce\\\/#\\\/schema\\\/person\\\/92a59f585073071c7be6649e84b22f78\"},\"breadcrumb\":{\"@id\":\"https:\\\/\\\/cetaradell.cat\\\/ce\\\/albert-pujol-campio-despanya-de-trail-runnig-2019\\\/#breadcrumb\"},\"inLanguage\":\"ca\",\"potentialAction\":[{\"@type\":\"ReadAction\",\"target\":[\"https:\\\/\\\/cetaradell.cat\\\/ce\\\/albert-pujol-campio-despanya-de-trail-runnig-2019\\\/\"]}]},{\"@type\":\"ImageObject\",\"inLanguage\":\"ca\",\"@id\":\"https:\\\/\\\/cetaradell.cat\\\/ce\\\/albert-pujol-campio-despanya-de-trail-runnig-2019\\\/#primaryimage\",\"url\":\"https:\\\/\\\/cetaradell.cat\\\/ce\\\/wp-content\\\/uploads\\\/2018-12-08-FalcoTrailfoto_AntonioDePaco-3.jpg\",\"contentUrl\":\"https:\\\/\\\/cetaradell.cat\\\/ce\\\/wp-content\\\/uploads\\\/2018-12-08-FalcoTrailfoto_AntonioDePaco-3.jpg\",\"width\":1936,\"height\":1296},{\"@type\":\"BreadcrumbList\",\"@id\":\"https:\\\/\\\/cetaradell.cat\\\/ce\\\/albert-pujol-campio-despanya-de-trail-runnig-2019\\\/#breadcrumb\",\"itemListElement\":[{\"@type\":\"ListItem\",\"position\":1,\"name\":\"Inici\",\"item\":\"https:\\\/\\\/cetaradell.cat\\\/ce\\\/\"},{\"@type\":\"ListItem\",\"position\":2,\"name\":\"Albert Pujol, campi\u00f3 d\u2019Espanya de Trail Runnig 2019\"}]},{\"@type\":\"WebSite\",\"@id\":\"https:\\\/\\\/cetaradell.cat\\\/ce\\\/#website\",\"url\":\"https:\\\/\\\/cetaradell.cat\\\/ce\\\/\",\"name\":\"Centre Excursionista Taradell\",\"description\":\"\",\"potentialAction\":[{\"@type\":\"SearchAction\",\"target\":{\"@type\":\"EntryPoint\",\"urlTemplate\":\"https:\\\/\\\/cetaradell.cat\\\/ce\\\/?s={search_term_string}\"},\"query-input\":{\"@type\":\"PropertyValueSpecification\",\"valueRequired\":true,\"valueName\":\"search_term_string\"}}],\"inLanguage\":\"ca\"},{\"@type\":\"Person\",\"@id\":\"https:\\\/\\\/cetaradell.cat\\\/ce\\\/#\\\/schema\\\/person\\\/92a59f585073071c7be6649e84b22f78\",\"name\":\"CET\",\"image\":{\"@type\":\"ImageObject\",\"inLanguage\":\"ca\",\"@id\":\"https:\\\/\\\/secure.gravatar.com\\\/avatar\\\/d6fbe010d42056feccc0f613ed07277a5118442805079269f12dabdc42e1a727?s=96&d=mm&r=g\",\"url\":\"https:\\\/\\\/secure.gravatar.com\\\/avatar\\\/d6fbe010d42056feccc0f613ed07277a5118442805079269f12dabdc42e1a727?s=96&d=mm&r=g\",\"contentUrl\":\"https:\\\/\\\/secure.gravatar.com\\\/avatar\\\/d6fbe010d42056feccc0f613ed07277a5118442805079269f12dabdc42e1a727?s=96&d=mm&r=g\",\"caption\":\"CET\"},\"url\":\"https:\\\/\\\/cetaradell.cat\\\/ce\\\/author\\\/root\\\/\"}]}<\/script>\n<!-- \/ Yoast SEO plugin. -->","yoast_head_json":{"title":"Albert Pujol, campi\u00f3 d\u2019Espanya de Trail Runnig 2019 - Centre Excursionista Taradell","robots":{"index":"index","follow":"follow","max-snippet":"max-snippet:-1","max-image-preview":"max-image-preview:large","max-video-preview":"max-video-preview:-1"},"canonical":"https:\/\/cetaradell.cat\/ce\/albert-pujol-campio-despanya-de-trail-runnig-2019\/","og_locale":"ca_ES","og_type":"article","og_title":"Albert Pujol, campi\u00f3 d\u2019Espanya de Trail Runnig 2019 - Centre Excursionista Taradell","og_description":"El soci del CET Albert Pujol, formant part de l\u2019equip HGAML Team, es va proclamar campi\u00f3 d\u2019Espanya de Trail Running, despr\u00e9s de guanyar la marat\u00f3 de la Falco Trail que es va disputar el dissabte dia 8 de desembre a la ciutat murciana de Ceheg\u00edn. Aquest triomf ha donat a [...]","og_url":"https:\/\/cetaradell.cat\/ce\/albert-pujol-campio-despanya-de-trail-runnig-2019\/","og_site_name":"Centre Excursionista Taradell","article_publisher":"https:\/\/www.facebook.com\/CETaradell\/","article_published_time":"2018-12-13T07:00:43+00:00","article_modified_time":"2020-06-03T20:57:43+00:00","og_image":[{"width":1936,"height":1296,"url":"https:\/\/cetaradell.cat\/ce\/wp-content\/uploads\/2018-12-08-FalcoTrailfoto_AntonioDePaco-3.jpg","type":"image\/jpeg"}],"author":"CET","twitter_card":"summary_large_image","twitter_misc":{"Escrit per":"CET","Temps estimat de lectura":"1 minut"},"schema":{"@context":"https:\/\/schema.org","@graph":[{"@type":"Article","@id":"https:\/\/cetaradell.cat\/ce\/albert-pujol-campio-despanya-de-trail-runnig-2019\/#article","isPartOf":{"@id":"https:\/\/cetaradell.cat\/ce\/albert-pujol-campio-despanya-de-trail-runnig-2019\/"},"author":{"name":"CET","@id":"https:\/\/cetaradell.cat\/ce\/#\/schema\/person\/92a59f585073071c7be6649e84b22f78"},"headline":"Albert Pujol, campi\u00f3 d\u2019Espanya de Trail Runnig 2019","datePublished":"2018-12-13T07:00:43+00:00","dateModified":"2020-06-03T20:57:43+00:00","mainEntityOfPage":{"@id":"https:\/\/cetaradell.cat\/ce\/albert-pujol-campio-despanya-de-trail-runnig-2019\/"},"wordCount":285,"image":{"@id":"https:\/\/cetaradell.cat\/ce\/albert-pujol-campio-despanya-de-trail-runnig-2019\/#primaryimage"},"thumbnailUrl":"https:\/\/cetaradell.cat\/ce\/wp-content\/uploads\/2018-12-08-FalcoTrailfoto_AntonioDePaco-3.jpg","articleSection":["Equip CET-L'Enclusa","Not\u00edcies"],"inLanguage":"ca"},{"@type":"WebPage","@id":"https:\/\/cetaradell.cat\/ce\/albert-pujol-campio-despanya-de-trail-runnig-2019\/","url":"https:\/\/cetaradell.cat\/ce\/albert-pujol-campio-despanya-de-trail-runnig-2019\/","name":"Albert Pujol, campi\u00f3 d\u2019Espanya de Trail Runnig 2019 - Centre Excursionista Taradell","isPartOf":{"@id":"https:\/\/cetaradell.cat\/ce\/#website"},"primaryImageOfPage":{"@id":"https:\/\/cetaradell.cat\/ce\/albert-pujol-campio-despanya-de-trail-runnig-2019\/#primaryimage"},"image":{"@id":"https:\/\/cetaradell.cat\/ce\/albert-pujol-campio-despanya-de-trail-runnig-2019\/#primaryimage"},"thumbnailUrl":"https:\/\/cetaradell.cat\/ce\/wp-content\/uploads\/2018-12-08-FalcoTrailfoto_AntonioDePaco-3.jpg","datePublished":"2018-12-13T07:00:43+00:00","dateModified":"2020-06-03T20:57:43+00:00","author":{"@id":"https:\/\/cetaradell.cat\/ce\/#\/schema\/person\/92a59f585073071c7be6649e84b22f78"},"breadcrumb":{"@id":"https:\/\/cetaradell.cat\/ce\/albert-pujol-campio-despanya-de-trail-runnig-2019\/#breadcrumb"},"inLanguage":"ca","potentialAction":[{"@type":"ReadAction","target":["https:\/\/cetaradell.cat\/ce\/albert-pujol-campio-despanya-de-trail-runnig-2019\/"]}]},{"@type":"ImageObject","inLanguage":"ca","@id":"https:\/\/cetaradell.cat\/ce\/albert-pujol-campio-despanya-de-trail-runnig-2019\/#primaryimage","url":"https:\/\/cetaradell.cat\/ce\/wp-content\/uploads\/2018-12-08-FalcoTrailfoto_AntonioDePaco-3.jpg","contentUrl":"https:\/\/cetaradell.cat\/ce\/wp-content\/uploads\/2018-12-08-FalcoTrailfoto_AntonioDePaco-3.jpg","width":1936,"height":1296},{"@type":"BreadcrumbList","@id":"https:\/\/cetaradell.cat\/ce\/albert-pujol-campio-despanya-de-trail-runnig-2019\/#breadcrumb","itemListElement":[{"@type":"ListItem","position":1,"name":"Inici","item":"https:\/\/cetaradell.cat\/ce\/"},{"@type":"ListItem","position":2,"name":"Albert Pujol, campi\u00f3 d\u2019Espanya de Trail Runnig 2019"}]},{"@type":"WebSite","@id":"https:\/\/cetaradell.cat\/ce\/#website","url":"https:\/\/cetaradell.cat\/ce\/","name":"Centre Excursionista Taradell","description":"","potentialAction":[{"@type":"SearchAction","target":{"@type":"EntryPoint","urlTemplate":"https:\/\/cetaradell.cat\/ce\/?s={search_term_string}"},"query-input":{"@type":"PropertyValueSpecification","valueRequired":true,"valueName":"search_term_string"}}],"inLanguage":"ca"},{"@type":"Person","@id":"https:\/\/cetaradell.cat\/ce\/#\/schema\/person\/92a59f585073071c7be6649e84b22f78","name":"CET","image":{"@type":"ImageObject","inLanguage":"ca","@id":"https:\/\/secure.gravatar.com\/avatar\/d6fbe010d42056feccc0f613ed07277a5118442805079269f12dabdc42e1a727?s=96&d=mm&r=g","url":"https:\/\/secure.gravatar.com\/avatar\/d6fbe010d42056feccc0f613ed07277a5118442805079269f12dabdc42e1a727?s=96&d=mm&r=g","contentUrl":"https:\/\/secure.gravatar.com\/avatar\/d6fbe010d42056feccc0f613ed07277a5118442805079269f12dabdc42e1a727?s=96&d=mm&r=g","caption":"CET"},"url":"https:\/\/cetaradell.cat\/ce\/author\/root\/"}]}},"_links":{"self":[{"href":"https:\/\/cetaradell.cat\/ce\/wp-json\/wp\/v2\/posts\/6725","targetHints":{"allow":["GET"]}}],"collection":[{"href":"https:\/\/cetaradell.cat\/ce\/wp-json\/wp\/v2\/posts"}],"about":[{"href":"https:\/\/cetaradell.cat\/ce\/wp-json\/wp\/v2\/types\/post"}],"author":[{"embeddable":true,"href":"https:\/\/cetaradell.cat\/ce\/wp-json\/wp\/v2\/users\/1"}],"replies":[{"embeddable":true,"href":"https:\/\/cetaradell.cat\/ce\/wp-json\/wp\/v2\/comments?post=6725"}],"version-history":[{"count":0,"href":"https:\/\/cetaradell.cat\/ce\/wp-json\/wp\/v2\/posts\/6725\/revisions"}],"wp:featuredmedia":[{"embeddable":true,"href":"https:\/\/cetaradell.cat\/ce\/wp-json\/wp\/v2\/media\/6727"}],"wp:attachment":[{"href":"https:\/\/cetaradell.cat\/ce\/wp-json\/wp\/v2\/media?parent=6725"}],"wp:term":[{"taxonomy":"category","embeddable":true,"href":"https:\/\/cetaradell.cat\/ce\/wp-json\/wp\/v2\/categories?post=6725"},{"taxonomy":"post_tag","embeddable":true,"href":"https:\/\/cetaradell.cat\/ce\/wp-json\/wp\/v2\/tags?post=6725"}],"curies":[{"name":"wp","href":"https:\/\/api.w.org\/{rel}","templated":true}]}}