{"id":6777,"date":"2019-02-02T23:12:13","date_gmt":"2019-02-02T22:12:13","guid":{"rendered":"https:\/\/cetaradell.cat\/ce\/?p=6777"},"modified":"2020-06-03T21:52:37","modified_gmt":"2020-06-03T20:52:37","slug":"activitats-previstes-pel-2019","status":"publish","type":"post","link":"https:\/\/cetaradell.cat\/ce\/activitats-previstes-pel-2019\/","title":{"rendered":"Activitats previstes pel 2019 (Actualitzat)"},"content":{"rendered":"<p><a href=\"https:\/\/cetaradell.cat\/ce\/wp-content\/uploads\/2018-12-02-Pessebre_Roca_Colom.jpg\" rel=\"attachment wp-att-6709\"><img decoding=\"async\" class=\"alignleft size-medium wp-image-6709\" src=\"https:\/\/cetaradell.cat\/ce\/wp-content\/uploads\/2018-12-02-Pessebre_Roca_Colom-300x225.jpg\" alt=\"2018-12-02-Pessebre_Roca_Colom\" width=\"300\" height=\"225\" srcset=\"https:\/\/cetaradell.cat\/ce\/wp-content\/uploads\/2018-12-02-Pessebre_Roca_Colom-300x225.jpg 300w, https:\/\/cetaradell.cat\/ce\/wp-content\/uploads\/2018-12-02-Pessebre_Roca_Colom-500x375.jpg 500w, https:\/\/cetaradell.cat\/ce\/wp-content\/uploads\/2018-12-02-Pessebre_Roca_Colom-700x525.jpg 700w, https:\/\/cetaradell.cat\/ce\/wp-content\/uploads\/2018-12-02-Pessebre_Roca_Colom-768x576.jpg 768w, https:\/\/cetaradell.cat\/ce\/wp-content\/uploads\/2018-12-02-Pessebre_Roca_Colom-1024x768.jpg 1024w, https:\/\/cetaradell.cat\/ce\/wp-content\/uploads\/2018-12-02-Pessebre_Roca_Colom.jpg 1198w\" sizes=\"(max-width: 300px) 100vw, 300px\" \/><\/a>A continuaci\u00f3 trobareu una llista de les activitats previstes pel 2019.<\/p>\n<p>A mesura que s&#8217;acostin les dates de cada activitat publicarem m\u00e9s informaci\u00f3.<\/p>\n<p>Cal recordar que aquestes s\u00f3n algunes de les activitat previstes i per tant pot canviar la data o l&#8217;activitat.<\/p>\n<p>&nbsp;<\/p>\n<p>&nbsp;<\/p>\n<h3>RELACI\u00d3 D&#8217;ACTIVITATS PREVISTES<\/h3>\n<p>16 Febrer \u00a0\u00a0\u00a0\u00a0\u00a0\u00a0\u00a0\u00a0 \u00a0 \u00a0\u00a0\u00a0\u00a0 Assemblea General Ordin\u00e0ria de Socis<\/p>\n<p>17 Febrer\u00a0 \u00a0\u00a0\u00a0\u00a0\u00a0\u00a0\u00a0\u00a0\u00a0\u00a0 \u00a0 \u00a0 Botifarrada del CET<\/p>\n<p class=\"first-child\">27 Abril\u00a0\u00a0\u00a0\u00a0\u00a0\u00a0\u00a0\u00a0\u00a0\u00a0\u00a0\u00a0\u00a0\u00a0\u00a0\u00a0\u00a0\u00a0\u00a0 Campionat Escolar Comarcal d&#8217;Osona de Curses d&#8217;Orientaci\u00f3<\/p>\n<p>10,17,24,31 Maig \u00a0\u00a0 Cicle de Projeccions d&#8217;Excursionisme<\/p>\n<p>12 Maig\u00a0\u00a0\u00a0 \u00a0\u00a0\u00a0\u00a0\u00a0\u00a0\u00a0\u00a0\u00a0 \u00a0\u00a0\u00a0\u00a0\u00a0 IX Cursa de Muntanya de Taradell<\/p>\n<p>18 Maig\u00a0\u00a0\u00a0\u00a0\u00a0\u00a0\u00a0\u00a0\u00a0\u00a0\u00a0\u00a0\u00a0\u00a0\u00a0\u00a0 \u00a0\u00a0 Bateig i Sortida de Marxa N\u00f2rdica<\/p>\n<p>26 Maig\u00a0\u00a0\u00a0\u00a0\u00a0\u00a0\u00a0\u00a0\u00a0\u00a0\u00a0\u00a0\u00a0\u00a0\u00a0\u00a0\u00a0\u00a0\u00a0 Marxa N\u00f2rdica pel GR2 i PR-C 42 (10 km &#8211; Calendari 2019 de Marxa N\u00f2rdica de la FEEC)<\/p>\n<p>9 Juny\u00a0\u00a0\u00a0\u00a0\u00a0\u00a0\u00a0\u00a0\u00a0\u00a0\u00a0\u00a0\u00a0\u00a0\u00a0\u00a0\u00a0\u00a0\u00a0\u00a0\u00a0\u00a0 Roda Camins<\/p>\n<p>19 Juliol\u00a0\u00a0\u00a0\u00a0\u00a0\u00a0\u00a0\u00a0\u00a0\u00a0\u00a0\u00a0\u00a0\u00a0\u00a0\u00a0\u00a0\u00a0\u00a0 Festa del Soci<\/p>\n<p>21 Juliol\u00a0\u00a0\u00a0\u00a0\u00a0\u00a0\u00a0\u00a0\u00a0\u00a0\u00a0\u00a0\u00a0\u00a0\u00a0\u00a0\u00a0\u00a0\u00a0 Sortida al Pirineu<\/p>\n<p>18 Agost\u00a0\u00a0\u00a0\u00a0\u00a0\u00a0\u00a0\u00a0\u00a0\u00a0\u00a0\u00a0\u00a0\u00a0\u00a0\u00a0\u00a0\u00a0 Caminada de Festa Major<\/p>\n<p>17 Novembre\u00a0\u00a0\u00a0\u00a0\u00a0\u00a0\u00a0\u00a0\u00a0 XL Caminada Rupit Taradell<\/p>\n<p>25 Desembre\u00a0\u00a0\u00a0\u00a0\u00a0\u00a0\u00a0\u00a0\u00a0 Cavada a Matagalls<\/p>\n<p>31 Desembre\u00a0\u00a0\u00a0\u00a0\u00a0\u00a0\u00a0\u00a0\u00a0 Cursa de Sant Silvestre<\/p>\n","protected":false},"excerpt":{"rendered":"<p>A continuaci\u00f3 trobareu una llista de les activitats previstes pel 2019. A mesura que s&#8217;acostin les dates de cada activitat publicarem m\u00e9s informaci\u00f3. Cal recordar que aquestes s\u00f3n algunes de les activitat previstes i per tant pot canviar la data o l&#8217;activitat. &nbsp; &nbsp; RELACI\u00d3 D&#8217;ACTIVITATS PREVISTES 16 Febrer \u00a0\u00a0\u00a0\u00a0\u00a0\u00a0\u00a0\u00a0  [&#8230;]<\/p>\n","protected":false},"author":1,"featured_media":6709,"comment_status":"closed","ping_status":"closed","sticky":false,"template":"","format":"standard","meta":{"footnotes":""},"categories":[4,3],"tags":[],"class_list":["post-6777","post","type-post","status-publish","format-standard","has-post-thumbnail","hentry","category-activitats","category-noticies"],"yoast_head":"<!-- This site is optimized with the Yoast SEO plugin v27.4 - https:\/\/yoast.com\/product\/yoast-seo-wordpress\/ -->\n<title>Activitats previstes pel 2019 (Actualitzat) - Centre Excursionista Taradell<\/title>\n<meta name=\"robots\" content=\"index, follow, max-snippet:-1, max-image-preview:large, max-video-preview:-1\" \/>\n<link rel=\"canonical\" href=\"https:\/\/cetaradell.cat\/ce\/activitats-previstes-pel-2019\/\" \/>\n<meta property=\"og:locale\" content=\"ca_ES\" \/>\n<meta property=\"og:type\" content=\"article\" \/>\n<meta property=\"og:title\" content=\"Activitats previstes pel 2019 (Actualitzat) - Centre Excursionista Taradell\" \/>\n<meta property=\"og:description\" content=\"A continuaci\u00f3 trobareu una llista de les activitats previstes pel 2019. A mesura que s&#8217;acostin les dates de cada activitat publicarem m\u00e9s informaci\u00f3. Cal recordar que aquestes s\u00f3n algunes de les activitat previstes i per tant pot canviar la data o l&#8217;activitat. &nbsp; &nbsp; RELACI\u00d3 D&#8217;ACTIVITATS PREVISTES 16 Febrer \u00a0\u00a0\u00a0\u00a0\u00a0\u00a0\u00a0\u00a0 [...]\" \/>\n<meta property=\"og:url\" content=\"https:\/\/cetaradell.cat\/ce\/activitats-previstes-pel-2019\/\" \/>\n<meta property=\"og:site_name\" content=\"Centre Excursionista Taradell\" \/>\n<meta property=\"article:publisher\" content=\"https:\/\/www.facebook.com\/CETaradell\/\" \/>\n<meta property=\"article:published_time\" content=\"2019-02-02T22:12:13+00:00\" \/>\n<meta property=\"article:modified_time\" content=\"2020-06-03T20:52:37+00:00\" \/>\n<meta property=\"og:image\" content=\"https:\/\/cetaradell.cat\/ce\/wp-content\/uploads\/2018-12-02-Pessebre_Roca_Colom.jpg\" \/>\n\t<meta property=\"og:image:width\" content=\"1198\" \/>\n\t<meta property=\"og:image:height\" content=\"898\" \/>\n\t<meta property=\"og:image:type\" content=\"image\/jpeg\" \/>\n<meta name=\"author\" content=\"CET\" \/>\n<meta name=\"twitter:card\" content=\"summary_large_image\" \/>\n<meta name=\"twitter:label1\" content=\"Escrit per\" \/>\n\t<meta name=\"twitter:data1\" content=\"CET\" \/>\n\t<meta name=\"twitter:label2\" content=\"Temps estimat de lectura\" \/>\n\t<meta name=\"twitter:data2\" content=\"1 minut\" \/>\n<script type=\"application\/ld+json\" class=\"yoast-schema-graph\">{\"@context\":\"https:\\\/\\\/schema.org\",\"@graph\":[{\"@type\":\"Article\",\"@id\":\"https:\\\/\\\/cetaradell.cat\\\/ce\\\/activitats-previstes-pel-2019\\\/#article\",\"isPartOf\":{\"@id\":\"https:\\\/\\\/cetaradell.cat\\\/ce\\\/activitats-previstes-pel-2019\\\/\"},\"author\":{\"name\":\"CET\",\"@id\":\"https:\\\/\\\/cetaradell.cat\\\/ce\\\/#\\\/schema\\\/person\\\/92a59f585073071c7be6649e84b22f78\"},\"headline\":\"Activitats previstes pel 2019 (Actualitzat)\",\"datePublished\":\"2019-02-02T22:12:13+00:00\",\"dateModified\":\"2020-06-03T20:52:37+00:00\",\"mainEntityOfPage\":{\"@id\":\"https:\\\/\\\/cetaradell.cat\\\/ce\\\/activitats-previstes-pel-2019\\\/\"},\"wordCount\":145,\"image\":{\"@id\":\"https:\\\/\\\/cetaradell.cat\\\/ce\\\/activitats-previstes-pel-2019\\\/#primaryimage\"},\"thumbnailUrl\":\"https:\\\/\\\/cetaradell.cat\\\/ce\\\/wp-content\\\/uploads\\\/2018-12-02-Pessebre_Roca_Colom.jpg\",\"articleSection\":[\"Activitats\",\"Not\u00edcies\"],\"inLanguage\":\"ca\"},{\"@type\":\"WebPage\",\"@id\":\"https:\\\/\\\/cetaradell.cat\\\/ce\\\/activitats-previstes-pel-2019\\\/\",\"url\":\"https:\\\/\\\/cetaradell.cat\\\/ce\\\/activitats-previstes-pel-2019\\\/\",\"name\":\"Activitats previstes pel 2019 (Actualitzat) - Centre Excursionista Taradell\",\"isPartOf\":{\"@id\":\"https:\\\/\\\/cetaradell.cat\\\/ce\\\/#website\"},\"primaryImageOfPage\":{\"@id\":\"https:\\\/\\\/cetaradell.cat\\\/ce\\\/activitats-previstes-pel-2019\\\/#primaryimage\"},\"image\":{\"@id\":\"https:\\\/\\\/cetaradell.cat\\\/ce\\\/activitats-previstes-pel-2019\\\/#primaryimage\"},\"thumbnailUrl\":\"https:\\\/\\\/cetaradell.cat\\\/ce\\\/wp-content\\\/uploads\\\/2018-12-02-Pessebre_Roca_Colom.jpg\",\"datePublished\":\"2019-02-02T22:12:13+00:00\",\"dateModified\":\"2020-06-03T20:52:37+00:00\",\"author\":{\"@id\":\"https:\\\/\\\/cetaradell.cat\\\/ce\\\/#\\\/schema\\\/person\\\/92a59f585073071c7be6649e84b22f78\"},\"breadcrumb\":{\"@id\":\"https:\\\/\\\/cetaradell.cat\\\/ce\\\/activitats-previstes-pel-2019\\\/#breadcrumb\"},\"inLanguage\":\"ca\",\"potentialAction\":[{\"@type\":\"ReadAction\",\"target\":[\"https:\\\/\\\/cetaradell.cat\\\/ce\\\/activitats-previstes-pel-2019\\\/\"]}]},{\"@type\":\"ImageObject\",\"inLanguage\":\"ca\",\"@id\":\"https:\\\/\\\/cetaradell.cat\\\/ce\\\/activitats-previstes-pel-2019\\\/#primaryimage\",\"url\":\"https:\\\/\\\/cetaradell.cat\\\/ce\\\/wp-content\\\/uploads\\\/2018-12-02-Pessebre_Roca_Colom.jpg\",\"contentUrl\":\"https:\\\/\\\/cetaradell.cat\\\/ce\\\/wp-content\\\/uploads\\\/2018-12-02-Pessebre_Roca_Colom.jpg\",\"width\":1198,\"height\":898},{\"@type\":\"BreadcrumbList\",\"@id\":\"https:\\\/\\\/cetaradell.cat\\\/ce\\\/activitats-previstes-pel-2019\\\/#breadcrumb\",\"itemListElement\":[{\"@type\":\"ListItem\",\"position\":1,\"name\":\"Inici\",\"item\":\"https:\\\/\\\/cetaradell.cat\\\/ce\\\/\"},{\"@type\":\"ListItem\",\"position\":2,\"name\":\"Activitats previstes pel 2019 (Actualitzat)\"}]},{\"@type\":\"WebSite\",\"@id\":\"https:\\\/\\\/cetaradell.cat\\\/ce\\\/#website\",\"url\":\"https:\\\/\\\/cetaradell.cat\\\/ce\\\/\",\"name\":\"Centre Excursionista Taradell\",\"description\":\"\",\"potentialAction\":[{\"@type\":\"SearchAction\",\"target\":{\"@type\":\"EntryPoint\",\"urlTemplate\":\"https:\\\/\\\/cetaradell.cat\\\/ce\\\/?s={search_term_string}\"},\"query-input\":{\"@type\":\"PropertyValueSpecification\",\"valueRequired\":true,\"valueName\":\"search_term_string\"}}],\"inLanguage\":\"ca\"},{\"@type\":\"Person\",\"@id\":\"https:\\\/\\\/cetaradell.cat\\\/ce\\\/#\\\/schema\\\/person\\\/92a59f585073071c7be6649e84b22f78\",\"name\":\"CET\",\"image\":{\"@type\":\"ImageObject\",\"inLanguage\":\"ca\",\"@id\":\"https:\\\/\\\/secure.gravatar.com\\\/avatar\\\/d6fbe010d42056feccc0f613ed07277a5118442805079269f12dabdc42e1a727?s=96&d=mm&r=g\",\"url\":\"https:\\\/\\\/secure.gravatar.com\\\/avatar\\\/d6fbe010d42056feccc0f613ed07277a5118442805079269f12dabdc42e1a727?s=96&d=mm&r=g\",\"contentUrl\":\"https:\\\/\\\/secure.gravatar.com\\\/avatar\\\/d6fbe010d42056feccc0f613ed07277a5118442805079269f12dabdc42e1a727?s=96&d=mm&r=g\",\"caption\":\"CET\"},\"url\":\"https:\\\/\\\/cetaradell.cat\\\/ce\\\/author\\\/root\\\/\"}]}<\/script>\n<!-- \/ Yoast SEO plugin. -->","yoast_head_json":{"title":"Activitats previstes pel 2019 (Actualitzat) - Centre Excursionista Taradell","robots":{"index":"index","follow":"follow","max-snippet":"max-snippet:-1","max-image-preview":"max-image-preview:large","max-video-preview":"max-video-preview:-1"},"canonical":"https:\/\/cetaradell.cat\/ce\/activitats-previstes-pel-2019\/","og_locale":"ca_ES","og_type":"article","og_title":"Activitats previstes pel 2019 (Actualitzat) - Centre Excursionista Taradell","og_description":"A continuaci\u00f3 trobareu una llista de les activitats previstes pel 2019. A mesura que s&#8217;acostin les dates de cada activitat publicarem m\u00e9s informaci\u00f3. Cal recordar que aquestes s\u00f3n algunes de les activitat previstes i per tant pot canviar la data o l&#8217;activitat. &nbsp; &nbsp; RELACI\u00d3 D&#8217;ACTIVITATS PREVISTES 16 Febrer \u00a0\u00a0\u00a0\u00a0\u00a0\u00a0\u00a0\u00a0 [...]","og_url":"https:\/\/cetaradell.cat\/ce\/activitats-previstes-pel-2019\/","og_site_name":"Centre Excursionista Taradell","article_publisher":"https:\/\/www.facebook.com\/CETaradell\/","article_published_time":"2019-02-02T22:12:13+00:00","article_modified_time":"2020-06-03T20:52:37+00:00","og_image":[{"width":1198,"height":898,"url":"https:\/\/cetaradell.cat\/ce\/wp-content\/uploads\/2018-12-02-Pessebre_Roca_Colom.jpg","type":"image\/jpeg"}],"author":"CET","twitter_card":"summary_large_image","twitter_misc":{"Escrit per":"CET","Temps estimat de lectura":"1 minut"},"schema":{"@context":"https:\/\/schema.org","@graph":[{"@type":"Article","@id":"https:\/\/cetaradell.cat\/ce\/activitats-previstes-pel-2019\/#article","isPartOf":{"@id":"https:\/\/cetaradell.cat\/ce\/activitats-previstes-pel-2019\/"},"author":{"name":"CET","@id":"https:\/\/cetaradell.cat\/ce\/#\/schema\/person\/92a59f585073071c7be6649e84b22f78"},"headline":"Activitats previstes pel 2019 (Actualitzat)","datePublished":"2019-02-02T22:12:13+00:00","dateModified":"2020-06-03T20:52:37+00:00","mainEntityOfPage":{"@id":"https:\/\/cetaradell.cat\/ce\/activitats-previstes-pel-2019\/"},"wordCount":145,"image":{"@id":"https:\/\/cetaradell.cat\/ce\/activitats-previstes-pel-2019\/#primaryimage"},"thumbnailUrl":"https:\/\/cetaradell.cat\/ce\/wp-content\/uploads\/2018-12-02-Pessebre_Roca_Colom.jpg","articleSection":["Activitats","Not\u00edcies"],"inLanguage":"ca"},{"@type":"WebPage","@id":"https:\/\/cetaradell.cat\/ce\/activitats-previstes-pel-2019\/","url":"https:\/\/cetaradell.cat\/ce\/activitats-previstes-pel-2019\/","name":"Activitats previstes pel 2019 (Actualitzat) - Centre Excursionista Taradell","isPartOf":{"@id":"https:\/\/cetaradell.cat\/ce\/#website"},"primaryImageOfPage":{"@id":"https:\/\/cetaradell.cat\/ce\/activitats-previstes-pel-2019\/#primaryimage"},"image":{"@id":"https:\/\/cetaradell.cat\/ce\/activitats-previstes-pel-2019\/#primaryimage"},"thumbnailUrl":"https:\/\/cetaradell.cat\/ce\/wp-content\/uploads\/2018-12-02-Pessebre_Roca_Colom.jpg","datePublished":"2019-02-02T22:12:13+00:00","dateModified":"2020-06-03T20:52:37+00:00","author":{"@id":"https:\/\/cetaradell.cat\/ce\/#\/schema\/person\/92a59f585073071c7be6649e84b22f78"},"breadcrumb":{"@id":"https:\/\/cetaradell.cat\/ce\/activitats-previstes-pel-2019\/#breadcrumb"},"inLanguage":"ca","potentialAction":[{"@type":"ReadAction","target":["https:\/\/cetaradell.cat\/ce\/activitats-previstes-pel-2019\/"]}]},{"@type":"ImageObject","inLanguage":"ca","@id":"https:\/\/cetaradell.cat\/ce\/activitats-previstes-pel-2019\/#primaryimage","url":"https:\/\/cetaradell.cat\/ce\/wp-content\/uploads\/2018-12-02-Pessebre_Roca_Colom.jpg","contentUrl":"https:\/\/cetaradell.cat\/ce\/wp-content\/uploads\/2018-12-02-Pessebre_Roca_Colom.jpg","width":1198,"height":898},{"@type":"BreadcrumbList","@id":"https:\/\/cetaradell.cat\/ce\/activitats-previstes-pel-2019\/#breadcrumb","itemListElement":[{"@type":"ListItem","position":1,"name":"Inici","item":"https:\/\/cetaradell.cat\/ce\/"},{"@type":"ListItem","position":2,"name":"Activitats previstes pel 2019 (Actualitzat)"}]},{"@type":"WebSite","@id":"https:\/\/cetaradell.cat\/ce\/#website","url":"https:\/\/cetaradell.cat\/ce\/","name":"Centre Excursionista Taradell","description":"","potentialAction":[{"@type":"SearchAction","target":{"@type":"EntryPoint","urlTemplate":"https:\/\/cetaradell.cat\/ce\/?s={search_term_string}"},"query-input":{"@type":"PropertyValueSpecification","valueRequired":true,"valueName":"search_term_string"}}],"inLanguage":"ca"},{"@type":"Person","@id":"https:\/\/cetaradell.cat\/ce\/#\/schema\/person\/92a59f585073071c7be6649e84b22f78","name":"CET","image":{"@type":"ImageObject","inLanguage":"ca","@id":"https:\/\/secure.gravatar.com\/avatar\/d6fbe010d42056feccc0f613ed07277a5118442805079269f12dabdc42e1a727?s=96&d=mm&r=g","url":"https:\/\/secure.gravatar.com\/avatar\/d6fbe010d42056feccc0f613ed07277a5118442805079269f12dabdc42e1a727?s=96&d=mm&r=g","contentUrl":"https:\/\/secure.gravatar.com\/avatar\/d6fbe010d42056feccc0f613ed07277a5118442805079269f12dabdc42e1a727?s=96&d=mm&r=g","caption":"CET"},"url":"https:\/\/cetaradell.cat\/ce\/author\/root\/"}]}},"_links":{"self":[{"href":"https:\/\/cetaradell.cat\/ce\/wp-json\/wp\/v2\/posts\/6777","targetHints":{"allow":["GET"]}}],"collection":[{"href":"https:\/\/cetaradell.cat\/ce\/wp-json\/wp\/v2\/posts"}],"about":[{"href":"https:\/\/cetaradell.cat\/ce\/wp-json\/wp\/v2\/types\/post"}],"author":[{"embeddable":true,"href":"https:\/\/cetaradell.cat\/ce\/wp-json\/wp\/v2\/users\/1"}],"replies":[{"embeddable":true,"href":"https:\/\/cetaradell.cat\/ce\/wp-json\/wp\/v2\/comments?post=6777"}],"version-history":[{"count":0,"href":"https:\/\/cetaradell.cat\/ce\/wp-json\/wp\/v2\/posts\/6777\/revisions"}],"wp:featuredmedia":[{"embeddable":true,"href":"https:\/\/cetaradell.cat\/ce\/wp-json\/wp\/v2\/media\/6709"}],"wp:attachment":[{"href":"https:\/\/cetaradell.cat\/ce\/wp-json\/wp\/v2\/media?parent=6777"}],"wp:term":[{"taxonomy":"category","embeddable":true,"href":"https:\/\/cetaradell.cat\/ce\/wp-json\/wp\/v2\/categories?post=6777"},{"taxonomy":"post_tag","embeddable":true,"href":"https:\/\/cetaradell.cat\/ce\/wp-json\/wp\/v2\/tags?post=6777"}],"curies":[{"name":"wp","href":"https:\/\/api.w.org\/{rel}","templated":true}]}}