{"id":6787,"date":"2018-12-31T20:04:59","date_gmt":"2018-12-31T19:04:59","guid":{"rendered":"https:\/\/cetaradell.cat\/ce\/?p=6787"},"modified":"2020-06-03T21:54:41","modified_gmt":"2020-06-03T20:54:41","slug":"149-corredors-acomiaden-lany-a-la-sant-silvestre","status":"publish","type":"post","link":"https:\/\/cetaradell.cat\/ce\/149-corredors-acomiaden-lany-a-la-sant-silvestre\/","title":{"rendered":"149 Corredors acomiaden l\u2019any a la Sant Silvestre"},"content":{"rendered":"<div id=\"attachment_6788\" style=\"width: 310px\" class=\"wp-caption alignleft\"><a href=\"https:\/\/cetaradell.cat\/ce\/wp-content\/uploads\/P1200292.jpg\" target=\"_blank\" rel=\"attachment noopener wp-att-6788 noreferrer\"><img decoding=\"async\" aria-describedby=\"caption-attachment-6788\" class=\"wp-image-6788 size-medium\" src=\"https:\/\/cetaradell.cat\/ce\/wp-content\/uploads\/P1200292-300x225.jpg\" alt=\"P1200292\" width=\"300\" height=\"225\" srcset=\"https:\/\/cetaradell.cat\/ce\/wp-content\/uploads\/P1200292-300x225.jpg 300w, https:\/\/cetaradell.cat\/ce\/wp-content\/uploads\/P1200292-500x375.jpg 500w, https:\/\/cetaradell.cat\/ce\/wp-content\/uploads\/P1200292-700x525.jpg 700w, https:\/\/cetaradell.cat\/ce\/wp-content\/uploads\/P1200292-768x576.jpg 768w, https:\/\/cetaradell.cat\/ce\/wp-content\/uploads\/P1200292.jpg 1000w\" sizes=\"(max-width: 300px) 100vw, 300px\" \/><\/a><p id=\"caption-attachment-6788\" class=\"wp-caption-text\">9a Sant Silvestre &#8211; 2018<\/p><\/div>\n<p>Aquest 2018 un nombre m\u00e9s gran d\u2019atletes, fins un total de 149, es van sumar a la iniciativa d\u2019acomiadar l\u2019any participant a la cursa de Sant Silvestre de Taradell la qual porta als participants fins al punt m\u00e9s alt del terme. Cal destacar que enguany ha augmentat considerablement la participaci\u00f3 infantil.<\/p>\n<p>La dist\u00e0ncia total de la cursa va ser d\u2019uns 8 quil\u00f2metres, i com cada any la sortida i l\u2019arribada va ser a la pla\u00e7a de les Eres. El recorregut va portar els participants fins a l\u2019Enclusa passant per; la pla\u00e7a de les Eres, carrer de Vic, carrer d\u2019en Rocaguinarda, la travessa de les Sitges, la Codina, la Rompuda, el Bou, i pel serrat de Ramones fins a l\u2019Enclusa, el punt m\u00e9s alt del terme de Taradell. Des de l\u2019Enclusa, el circuit feia baixar els corredors fins a la collada de Mansa, seguia pel solell de les Moles fins a la masia de Mansa, continuava cap al pant\u00e0 de Taradell, Masgrau, can Mascarell, i entrava al poble pel carrer de Sant Sebasti\u00e0 fins a la pla\u00e7a de les Eres on hi havia l\u2019arribada, i els participants eren convidats a coca, cava i refrescos.<\/p>\n<div id=\"attachment_6789\" style=\"width: 310px\" class=\"wp-caption alignleft\"><a href=\"https:\/\/cetaradell.cat\/ce\/wp-content\/uploads\/P1200283.jpg\" target=\"_blank\" rel=\"attachment noopener wp-att-6789 noreferrer\"><img decoding=\"async\" aria-describedby=\"caption-attachment-6789\" class=\"wp-image-6789 size-medium\" src=\"https:\/\/cetaradell.cat\/ce\/wp-content\/uploads\/P1200283-300x225.jpg\" alt=\"P1200283\" width=\"300\" height=\"225\" srcset=\"https:\/\/cetaradell.cat\/ce\/wp-content\/uploads\/P1200283-300x225.jpg 300w, https:\/\/cetaradell.cat\/ce\/wp-content\/uploads\/P1200283-500x375.jpg 500w, https:\/\/cetaradell.cat\/ce\/wp-content\/uploads\/P1200283-700x525.jpg 700w, https:\/\/cetaradell.cat\/ce\/wp-content\/uploads\/P1200283-768x576.jpg 768w, https:\/\/cetaradell.cat\/ce\/wp-content\/uploads\/P1200283.jpg 1000w\" sizes=\"(max-width: 300px) 100vw, 300px\" \/><\/a><p id=\"caption-attachment-6789\" class=\"wp-caption-text\">Disfressa guanyadora<\/p><\/div>\n<p>En aquesta cursa no es premia el m\u00e9s r\u00e0pid si no que es premia la millor disfressa masculina i femenina, per aix\u00f2 es va demanar a tots els participants que anessin disfressats o portessin algun guarniment en alguna part visible del cos. Un cop finalitzada la cursa es va procedir a lliurar els premis a les millors disfresses que en aquesta ocasi\u00f3 va recaure sobre un grup vingut de Manlleu que representaven uns trineus tibats per uns rens. Per tant els premis van anar repartits entre <strong>H\u00e8ctor Quintana<\/strong>, <strong>Marc Riera<\/strong>, <strong>Juli Nardi<\/strong>, <strong>G\u00e8sica Tauste<\/strong> i <strong>Noelia S\u00e1nchez.<\/strong><\/p>\n<p>Tot i que no es premia als participants m\u00e9s r\u00e0pids cal dir que el primer en arribar va ser <strong>Jordi Delgado <\/strong>(Viladrau) amb un temps de poc m\u00e9s de 38 minuts, seguit de <strong>Marc Gr\u00e0cia <\/strong>(Vic) i <strong>Miquel Collell <\/strong>(Taradell). Les primeres dones en arribar van ser <strong>S\u00edlvia Roca <\/strong>(Santa Eug\u00e8nica de Berga), <strong>Encarna N\u00fanez <\/strong>(Calldetenes) i en tercer lloc van travessar l\u2019arc juntes <strong>Isabel Castany <\/strong>i <strong>Irina Pujol, <\/strong>de Roda de Ter.<\/p>\n<h3><a href=\"https:\/\/photos.app.goo.gl\/x2anbC4RtE8QkLt88\" target=\"_blank\" rel=\"noopener noreferrer\"><strong>\u2192Veure album de fotos<\/strong><\/a><\/h3>\n","protected":false},"excerpt":{"rendered":"<p>Aquest 2018 un nombre m\u00e9s gran d\u2019atletes, fins un total de 149, es van sumar a la iniciativa d\u2019acomiadar l\u2019any participant a la cursa de Sant Silvestre de Taradell la qual porta als participants fins al punt m\u00e9s alt del terme. Cal destacar que enguany ha augmentat considerablement la participaci\u00f3  [&#8230;]<\/p>\n","protected":false},"author":1,"featured_media":6788,"comment_status":"closed","ping_status":"closed","sticky":false,"template":"","format":"standard","meta":{"footnotes":""},"categories":[8,3,33],"tags":[],"class_list":["post-6787","post","type-post","status-publish","format-standard","has-post-thumbnail","hentry","category-curses","category-noticies","category-sant-silvestre"],"yoast_head":"<!-- This site is optimized with the Yoast SEO plugin v27.5 - https:\/\/yoast.com\/product\/yoast-seo-wordpress\/ -->\n<title>149 Corredors acomiaden l\u2019any a la Sant Silvestre - Centre Excursionista Taradell<\/title>\n<meta name=\"robots\" content=\"index, follow, max-snippet:-1, max-image-preview:large, max-video-preview:-1\" \/>\n<link rel=\"canonical\" href=\"https:\/\/cetaradell.cat\/ce\/149-corredors-acomiaden-lany-a-la-sant-silvestre\/\" \/>\n<meta property=\"og:locale\" content=\"ca_ES\" \/>\n<meta property=\"og:type\" content=\"article\" \/>\n<meta property=\"og:title\" content=\"149 Corredors acomiaden l\u2019any a la Sant Silvestre - Centre Excursionista Taradell\" \/>\n<meta property=\"og:description\" content=\"Aquest 2018 un nombre m\u00e9s gran d\u2019atletes, fins un total de 149, es van sumar a la iniciativa d\u2019acomiadar l\u2019any participant a la cursa de Sant Silvestre de Taradell la qual porta als participants fins al punt m\u00e9s alt del terme. Cal destacar que enguany ha augmentat considerablement la participaci\u00f3 [...]\" \/>\n<meta property=\"og:url\" content=\"https:\/\/cetaradell.cat\/ce\/149-corredors-acomiaden-lany-a-la-sant-silvestre\/\" \/>\n<meta property=\"og:site_name\" content=\"Centre Excursionista Taradell\" \/>\n<meta property=\"article:publisher\" content=\"https:\/\/www.facebook.com\/CETaradell\/\" \/>\n<meta property=\"article:published_time\" content=\"2018-12-31T19:04:59+00:00\" \/>\n<meta property=\"article:modified_time\" content=\"2020-06-03T20:54:41+00:00\" \/>\n<meta property=\"og:image\" content=\"https:\/\/cetaradell.cat\/ce\/wp-content\/uploads\/P1200292.jpg\" \/>\n\t<meta property=\"og:image:width\" content=\"1000\" \/>\n\t<meta property=\"og:image:height\" content=\"750\" \/>\n\t<meta property=\"og:image:type\" content=\"image\/jpeg\" \/>\n<meta name=\"author\" content=\"CET\" \/>\n<meta name=\"twitter:card\" content=\"summary_large_image\" \/>\n<meta name=\"twitter:label1\" content=\"Escrit per\" \/>\n\t<meta name=\"twitter:data1\" content=\"CET\" \/>\n\t<meta name=\"twitter:label2\" content=\"Temps estimat de lectura\" \/>\n\t<meta name=\"twitter:data2\" content=\"2 minuts\" \/>\n<script type=\"application\/ld+json\" class=\"yoast-schema-graph\">{\"@context\":\"https:\\\/\\\/schema.org\",\"@graph\":[{\"@type\":\"Article\",\"@id\":\"https:\\\/\\\/cetaradell.cat\\\/ce\\\/149-corredors-acomiaden-lany-a-la-sant-silvestre\\\/#article\",\"isPartOf\":{\"@id\":\"https:\\\/\\\/cetaradell.cat\\\/ce\\\/149-corredors-acomiaden-lany-a-la-sant-silvestre\\\/\"},\"author\":{\"name\":\"CET\",\"@id\":\"https:\\\/\\\/cetaradell.cat\\\/ce\\\/#\\\/schema\\\/person\\\/92a59f585073071c7be6649e84b22f78\"},\"headline\":\"149 Corredors acomiaden l\u2019any a la Sant Silvestre\",\"datePublished\":\"2018-12-31T19:04:59+00:00\",\"dateModified\":\"2020-06-03T20:54:41+00:00\",\"mainEntityOfPage\":{\"@id\":\"https:\\\/\\\/cetaradell.cat\\\/ce\\\/149-corredors-acomiaden-lany-a-la-sant-silvestre\\\/\"},\"wordCount\":422,\"image\":{\"@id\":\"https:\\\/\\\/cetaradell.cat\\\/ce\\\/149-corredors-acomiaden-lany-a-la-sant-silvestre\\\/#primaryimage\"},\"thumbnailUrl\":\"https:\\\/\\\/cetaradell.cat\\\/ce\\\/wp-content\\\/uploads\\\/P1200292.jpg\",\"articleSection\":[\"Curses\",\"Not\u00edcies\",\"Sant Silvestre\"],\"inLanguage\":\"ca\"},{\"@type\":\"WebPage\",\"@id\":\"https:\\\/\\\/cetaradell.cat\\\/ce\\\/149-corredors-acomiaden-lany-a-la-sant-silvestre\\\/\",\"url\":\"https:\\\/\\\/cetaradell.cat\\\/ce\\\/149-corredors-acomiaden-lany-a-la-sant-silvestre\\\/\",\"name\":\"149 Corredors acomiaden l\u2019any a la Sant Silvestre - Centre Excursionista Taradell\",\"isPartOf\":{\"@id\":\"https:\\\/\\\/cetaradell.cat\\\/ce\\\/#website\"},\"primaryImageOfPage\":{\"@id\":\"https:\\\/\\\/cetaradell.cat\\\/ce\\\/149-corredors-acomiaden-lany-a-la-sant-silvestre\\\/#primaryimage\"},\"image\":{\"@id\":\"https:\\\/\\\/cetaradell.cat\\\/ce\\\/149-corredors-acomiaden-lany-a-la-sant-silvestre\\\/#primaryimage\"},\"thumbnailUrl\":\"https:\\\/\\\/cetaradell.cat\\\/ce\\\/wp-content\\\/uploads\\\/P1200292.jpg\",\"datePublished\":\"2018-12-31T19:04:59+00:00\",\"dateModified\":\"2020-06-03T20:54:41+00:00\",\"author\":{\"@id\":\"https:\\\/\\\/cetaradell.cat\\\/ce\\\/#\\\/schema\\\/person\\\/92a59f585073071c7be6649e84b22f78\"},\"breadcrumb\":{\"@id\":\"https:\\\/\\\/cetaradell.cat\\\/ce\\\/149-corredors-acomiaden-lany-a-la-sant-silvestre\\\/#breadcrumb\"},\"inLanguage\":\"ca\",\"potentialAction\":[{\"@type\":\"ReadAction\",\"target\":[\"https:\\\/\\\/cetaradell.cat\\\/ce\\\/149-corredors-acomiaden-lany-a-la-sant-silvestre\\\/\"]}]},{\"@type\":\"ImageObject\",\"inLanguage\":\"ca\",\"@id\":\"https:\\\/\\\/cetaradell.cat\\\/ce\\\/149-corredors-acomiaden-lany-a-la-sant-silvestre\\\/#primaryimage\",\"url\":\"https:\\\/\\\/cetaradell.cat\\\/ce\\\/wp-content\\\/uploads\\\/P1200292.jpg\",\"contentUrl\":\"https:\\\/\\\/cetaradell.cat\\\/ce\\\/wp-content\\\/uploads\\\/P1200292.jpg\",\"width\":1000,\"height\":750},{\"@type\":\"BreadcrumbList\",\"@id\":\"https:\\\/\\\/cetaradell.cat\\\/ce\\\/149-corredors-acomiaden-lany-a-la-sant-silvestre\\\/#breadcrumb\",\"itemListElement\":[{\"@type\":\"ListItem\",\"position\":1,\"name\":\"Inici\",\"item\":\"https:\\\/\\\/cetaradell.cat\\\/ce\\\/\"},{\"@type\":\"ListItem\",\"position\":2,\"name\":\"149 Corredors acomiaden l\u2019any a la Sant Silvestre\"}]},{\"@type\":\"WebSite\",\"@id\":\"https:\\\/\\\/cetaradell.cat\\\/ce\\\/#website\",\"url\":\"https:\\\/\\\/cetaradell.cat\\\/ce\\\/\",\"name\":\"Centre Excursionista Taradell\",\"description\":\"\",\"potentialAction\":[{\"@type\":\"SearchAction\",\"target\":{\"@type\":\"EntryPoint\",\"urlTemplate\":\"https:\\\/\\\/cetaradell.cat\\\/ce\\\/?s={search_term_string}\"},\"query-input\":{\"@type\":\"PropertyValueSpecification\",\"valueRequired\":true,\"valueName\":\"search_term_string\"}}],\"inLanguage\":\"ca\"},{\"@type\":\"Person\",\"@id\":\"https:\\\/\\\/cetaradell.cat\\\/ce\\\/#\\\/schema\\\/person\\\/92a59f585073071c7be6649e84b22f78\",\"name\":\"CET\",\"image\":{\"@type\":\"ImageObject\",\"inLanguage\":\"ca\",\"@id\":\"https:\\\/\\\/secure.gravatar.com\\\/avatar\\\/d6fbe010d42056feccc0f613ed07277a5118442805079269f12dabdc42e1a727?s=96&d=mm&r=g\",\"url\":\"https:\\\/\\\/secure.gravatar.com\\\/avatar\\\/d6fbe010d42056feccc0f613ed07277a5118442805079269f12dabdc42e1a727?s=96&d=mm&r=g\",\"contentUrl\":\"https:\\\/\\\/secure.gravatar.com\\\/avatar\\\/d6fbe010d42056feccc0f613ed07277a5118442805079269f12dabdc42e1a727?s=96&d=mm&r=g\",\"caption\":\"CET\"},\"url\":\"https:\\\/\\\/cetaradell.cat\\\/ce\\\/author\\\/root\\\/\"}]}<\/script>\n<!-- \/ Yoast SEO plugin. -->","yoast_head_json":{"title":"149 Corredors acomiaden l\u2019any a la Sant Silvestre - Centre Excursionista Taradell","robots":{"index":"index","follow":"follow","max-snippet":"max-snippet:-1","max-image-preview":"max-image-preview:large","max-video-preview":"max-video-preview:-1"},"canonical":"https:\/\/cetaradell.cat\/ce\/149-corredors-acomiaden-lany-a-la-sant-silvestre\/","og_locale":"ca_ES","og_type":"article","og_title":"149 Corredors acomiaden l\u2019any a la Sant Silvestre - Centre Excursionista Taradell","og_description":"Aquest 2018 un nombre m\u00e9s gran d\u2019atletes, fins un total de 149, es van sumar a la iniciativa d\u2019acomiadar l\u2019any participant a la cursa de Sant Silvestre de Taradell la qual porta als participants fins al punt m\u00e9s alt del terme. Cal destacar que enguany ha augmentat considerablement la participaci\u00f3 [...]","og_url":"https:\/\/cetaradell.cat\/ce\/149-corredors-acomiaden-lany-a-la-sant-silvestre\/","og_site_name":"Centre Excursionista Taradell","article_publisher":"https:\/\/www.facebook.com\/CETaradell\/","article_published_time":"2018-12-31T19:04:59+00:00","article_modified_time":"2020-06-03T20:54:41+00:00","og_image":[{"width":1000,"height":750,"url":"https:\/\/cetaradell.cat\/ce\/wp-content\/uploads\/P1200292.jpg","type":"image\/jpeg"}],"author":"CET","twitter_card":"summary_large_image","twitter_misc":{"Escrit per":"CET","Temps estimat de lectura":"2 minuts"},"schema":{"@context":"https:\/\/schema.org","@graph":[{"@type":"Article","@id":"https:\/\/cetaradell.cat\/ce\/149-corredors-acomiaden-lany-a-la-sant-silvestre\/#article","isPartOf":{"@id":"https:\/\/cetaradell.cat\/ce\/149-corredors-acomiaden-lany-a-la-sant-silvestre\/"},"author":{"name":"CET","@id":"https:\/\/cetaradell.cat\/ce\/#\/schema\/person\/92a59f585073071c7be6649e84b22f78"},"headline":"149 Corredors acomiaden l\u2019any a la Sant Silvestre","datePublished":"2018-12-31T19:04:59+00:00","dateModified":"2020-06-03T20:54:41+00:00","mainEntityOfPage":{"@id":"https:\/\/cetaradell.cat\/ce\/149-corredors-acomiaden-lany-a-la-sant-silvestre\/"},"wordCount":422,"image":{"@id":"https:\/\/cetaradell.cat\/ce\/149-corredors-acomiaden-lany-a-la-sant-silvestre\/#primaryimage"},"thumbnailUrl":"https:\/\/cetaradell.cat\/ce\/wp-content\/uploads\/P1200292.jpg","articleSection":["Curses","Not\u00edcies","Sant Silvestre"],"inLanguage":"ca"},{"@type":"WebPage","@id":"https:\/\/cetaradell.cat\/ce\/149-corredors-acomiaden-lany-a-la-sant-silvestre\/","url":"https:\/\/cetaradell.cat\/ce\/149-corredors-acomiaden-lany-a-la-sant-silvestre\/","name":"149 Corredors acomiaden l\u2019any a la Sant Silvestre - Centre Excursionista Taradell","isPartOf":{"@id":"https:\/\/cetaradell.cat\/ce\/#website"},"primaryImageOfPage":{"@id":"https:\/\/cetaradell.cat\/ce\/149-corredors-acomiaden-lany-a-la-sant-silvestre\/#primaryimage"},"image":{"@id":"https:\/\/cetaradell.cat\/ce\/149-corredors-acomiaden-lany-a-la-sant-silvestre\/#primaryimage"},"thumbnailUrl":"https:\/\/cetaradell.cat\/ce\/wp-content\/uploads\/P1200292.jpg","datePublished":"2018-12-31T19:04:59+00:00","dateModified":"2020-06-03T20:54:41+00:00","author":{"@id":"https:\/\/cetaradell.cat\/ce\/#\/schema\/person\/92a59f585073071c7be6649e84b22f78"},"breadcrumb":{"@id":"https:\/\/cetaradell.cat\/ce\/149-corredors-acomiaden-lany-a-la-sant-silvestre\/#breadcrumb"},"inLanguage":"ca","potentialAction":[{"@type":"ReadAction","target":["https:\/\/cetaradell.cat\/ce\/149-corredors-acomiaden-lany-a-la-sant-silvestre\/"]}]},{"@type":"ImageObject","inLanguage":"ca","@id":"https:\/\/cetaradell.cat\/ce\/149-corredors-acomiaden-lany-a-la-sant-silvestre\/#primaryimage","url":"https:\/\/cetaradell.cat\/ce\/wp-content\/uploads\/P1200292.jpg","contentUrl":"https:\/\/cetaradell.cat\/ce\/wp-content\/uploads\/P1200292.jpg","width":1000,"height":750},{"@type":"BreadcrumbList","@id":"https:\/\/cetaradell.cat\/ce\/149-corredors-acomiaden-lany-a-la-sant-silvestre\/#breadcrumb","itemListElement":[{"@type":"ListItem","position":1,"name":"Inici","item":"https:\/\/cetaradell.cat\/ce\/"},{"@type":"ListItem","position":2,"name":"149 Corredors acomiaden l\u2019any a la Sant Silvestre"}]},{"@type":"WebSite","@id":"https:\/\/cetaradell.cat\/ce\/#website","url":"https:\/\/cetaradell.cat\/ce\/","name":"Centre Excursionista Taradell","description":"","potentialAction":[{"@type":"SearchAction","target":{"@type":"EntryPoint","urlTemplate":"https:\/\/cetaradell.cat\/ce\/?s={search_term_string}"},"query-input":{"@type":"PropertyValueSpecification","valueRequired":true,"valueName":"search_term_string"}}],"inLanguage":"ca"},{"@type":"Person","@id":"https:\/\/cetaradell.cat\/ce\/#\/schema\/person\/92a59f585073071c7be6649e84b22f78","name":"CET","image":{"@type":"ImageObject","inLanguage":"ca","@id":"https:\/\/secure.gravatar.com\/avatar\/d6fbe010d42056feccc0f613ed07277a5118442805079269f12dabdc42e1a727?s=96&d=mm&r=g","url":"https:\/\/secure.gravatar.com\/avatar\/d6fbe010d42056feccc0f613ed07277a5118442805079269f12dabdc42e1a727?s=96&d=mm&r=g","contentUrl":"https:\/\/secure.gravatar.com\/avatar\/d6fbe010d42056feccc0f613ed07277a5118442805079269f12dabdc42e1a727?s=96&d=mm&r=g","caption":"CET"},"url":"https:\/\/cetaradell.cat\/ce\/author\/root\/"}]}},"_links":{"self":[{"href":"https:\/\/cetaradell.cat\/ce\/wp-json\/wp\/v2\/posts\/6787","targetHints":{"allow":["GET"]}}],"collection":[{"href":"https:\/\/cetaradell.cat\/ce\/wp-json\/wp\/v2\/posts"}],"about":[{"href":"https:\/\/cetaradell.cat\/ce\/wp-json\/wp\/v2\/types\/post"}],"author":[{"embeddable":true,"href":"https:\/\/cetaradell.cat\/ce\/wp-json\/wp\/v2\/users\/1"}],"replies":[{"embeddable":true,"href":"https:\/\/cetaradell.cat\/ce\/wp-json\/wp\/v2\/comments?post=6787"}],"version-history":[{"count":0,"href":"https:\/\/cetaradell.cat\/ce\/wp-json\/wp\/v2\/posts\/6787\/revisions"}],"wp:featuredmedia":[{"embeddable":true,"href":"https:\/\/cetaradell.cat\/ce\/wp-json\/wp\/v2\/media\/6788"}],"wp:attachment":[{"href":"https:\/\/cetaradell.cat\/ce\/wp-json\/wp\/v2\/media?parent=6787"}],"wp:term":[{"taxonomy":"category","embeddable":true,"href":"https:\/\/cetaradell.cat\/ce\/wp-json\/wp\/v2\/categories?post=6787"},{"taxonomy":"post_tag","embeddable":true,"href":"https:\/\/cetaradell.cat\/ce\/wp-json\/wp\/v2\/tags?post=6787"}],"curies":[{"name":"wp","href":"https:\/\/api.w.org\/{rel}","templated":true}]}}