{"id":6827,"date":"2018-10-14T23:26:42","date_gmt":"2018-10-14T22:26:42","guid":{"rendered":"https:\/\/cetaradell.cat\/ce\/?p=6827"},"modified":"2020-06-03T22:15:30","modified_gmt":"2020-06-03T21:15:30","slug":"cims-per-la-llibertat-13-10-2018","status":"publish","type":"post","link":"https:\/\/cetaradell.cat\/ce\/cims-per-la-llibertat-13-10-2018\/","title":{"rendered":"Cims per la Llibertat   13 -10-2018"},"content":{"rendered":"<p><a href=\"https:\/\/cetaradell.cat\/ce\/wp-content\/uploads\/2018-10-13-Cimsxlallibertatfoto_RCurtichs-1.jpg\" rel=\"attachment wp-att-6829\"><img decoding=\"async\" class=\"alignleft size-medium wp-image-6829\" src=\"https:\/\/cetaradell.cat\/ce\/wp-content\/uploads\/2018-10-13-Cimsxlallibertatfoto_RCurtichs-1-300x199.jpg\" alt=\"2018-10-13-Cimsxlallibertat(foto_RCurtichs) (1)\" width=\"300\" height=\"199\" srcset=\"https:\/\/cetaradell.cat\/ce\/wp-content\/uploads\/2018-10-13-Cimsxlallibertatfoto_RCurtichs-1-300x199.jpg 300w, https:\/\/cetaradell.cat\/ce\/wp-content\/uploads\/2018-10-13-Cimsxlallibertatfoto_RCurtichs-1-500x332.jpg 500w, https:\/\/cetaradell.cat\/ce\/wp-content\/uploads\/2018-10-13-Cimsxlallibertatfoto_RCurtichs-1-700x465.jpg 700w, https:\/\/cetaradell.cat\/ce\/wp-content\/uploads\/2018-10-13-Cimsxlallibertatfoto_RCurtichs-1-768x510.jpg 768w, https:\/\/cetaradell.cat\/ce\/wp-content\/uploads\/2018-10-13-Cimsxlallibertatfoto_RCurtichs-1.jpg 1000w\" sizes=\"(max-width: 300px) 100vw, 300px\" \/><\/a>El passat dia 13\u00a0 d\u2019octubre\u00a0 2018 el CET va organitzar la pujada al cim del Matagalls, responen a la iniciativa d\u2019una colla del Centre Excursionista de Gironella que tot celebrant\u00a0 la revetlla de Sant Joan van tenir la brillant idea de la seg\u00fcent proposta.<\/p>\n<p>La proposta era que cada pres\/sa exiliat\/da, tri\u00e9s un cim de Catalunya segons les seves prefer\u00e8ncies i que el cim escollit fos apadrinat per una entitat excursionista i es fes una pujada simult\u00e0nia a tots els cims el mateix dia i hora.<\/p>\n<p>Proposta a l\u2019aire.<\/p>\n<p>Per poder portar a terme dita activitat demana la col\u00b7laboraci\u00f3 a la FEEC, que no dubta en adherir-se a la iniciativa.<\/p>\n<p>La FEEC\u00a0 va fer la proposta a les entitats i va demanar la col\u00b7laboraci\u00f3.<\/p>\n<p>Es va fer un llistat amb els cims escollits pels presos\/as, exiliats \/des.<\/p>\n<p>El CET escull el cim del Matagalls a petici\u00f3 de Marta Rovira exiliada a Su\u00efssa.<\/p>\n<p>Aqu\u00ed comen\u00e7a la feina.<\/p>\n<p>Es fa una primera reuni\u00f3 a Gironella\u00a0 amb totes les entitats col\u00b7laboradores, organitzadors, FEEC i responsables de seguretat.<\/p>\n<p>Per part del CET hi assisteix\u00a0 Josep Codina i Carme Delgado.<\/p>\n<p>Sortim de la reuni\u00f3 amb un munt de projectes\u00a0 i idees, algunes viables i altres no tant, a veure qui ho pot fer millor dins les seves possibilitats.<\/p>\n<p>Una pujada al Matagalls, pim-pam, per\u00f2 no\u00a0 va ser aix\u00ed la cosa.<\/p>\n<p><a href=\"https:\/\/cetaradell.cat\/ce\/wp-content\/uploads\/2018-10-13-Cimsxlallibertatfoto_RCurtichs-3.jpg\" rel=\"attachment wp-att-6831\"><img decoding=\"async\" class=\"size-medium wp-image-6831 alignright\" src=\"https:\/\/cetaradell.cat\/ce\/wp-content\/uploads\/2018-10-13-Cimsxlallibertatfoto_RCurtichs-3-300x199.jpg\" alt=\"2018-10-13-Cimsxlallibertat(foto_RCurtichs) (3)\" width=\"300\" height=\"199\" srcset=\"https:\/\/cetaradell.cat\/ce\/wp-content\/uploads\/2018-10-13-Cimsxlallibertatfoto_RCurtichs-3-300x199.jpg 300w, https:\/\/cetaradell.cat\/ce\/wp-content\/uploads\/2018-10-13-Cimsxlallibertatfoto_RCurtichs-3-500x332.jpg 500w, https:\/\/cetaradell.cat\/ce\/wp-content\/uploads\/2018-10-13-Cimsxlallibertatfoto_RCurtichs-3-700x465.jpg 700w, https:\/\/cetaradell.cat\/ce\/wp-content\/uploads\/2018-10-13-Cimsxlallibertatfoto_RCurtichs-3-768x510.jpg 768w, https:\/\/cetaradell.cat\/ce\/wp-content\/uploads\/2018-10-13-Cimsxlallibertatfoto_RCurtichs-3.jpg 1000w\" sizes=\"(max-width: 300px) 100vw, 300px\" \/><\/a>Despr\u00e8s de valorar els actes que es podrien dur a terme, posem fil a l\u2019agulla i comencem a buscar contactes: grallers, castellers, com ho farem per tenir megafonia? Tot un seguit de coses i projectes que quan m\u00e9s hi penses m\u00e9s s\u2019embolica. L\u2019altre tema \u00e9s la burocr\u00e0cia; perm\u00eds del Parc, Mossos, forestals i Ajuntaments, i com sempre aix\u00f2 no \u00e9s f\u00e0cil.<\/p>\n<p>Les inscripcions van a c\u00e0rrec del gestor d\u2019inscripcions de la FEEC; una feina menys. El Parc Natural del Montseny nom\u00e9s ens dona 450 places, xifra superada de llarg.<\/p>\n<p>Des de la FEEC se\u2019ns donen\u00a0 les pautes a seguir\u00a0 pel que fa a seguretat; cal agrair la seva feina .<\/p>\n<p><a href=\"https:\/\/cetaradell.cat\/ce\/wp-content\/uploads\/2018-10-13-Cimsxlallibertatfoto_RCurtichs-2.jpg\" rel=\"attachment wp-att-6830\"><img decoding=\"async\" class=\"size-medium wp-image-6830 alignleft\" src=\"https:\/\/cetaradell.cat\/ce\/wp-content\/uploads\/2018-10-13-Cimsxlallibertatfoto_RCurtichs-2-199x300.jpg\" alt=\"2018-10-13-Cimsxlallibertat(foto_RCurtichs) (2)\" width=\"199\" height=\"300\" srcset=\"https:\/\/cetaradell.cat\/ce\/wp-content\/uploads\/2018-10-13-Cimsxlallibertatfoto_RCurtichs-2-199x300.jpg 199w, https:\/\/cetaradell.cat\/ce\/wp-content\/uploads\/2018-10-13-Cimsxlallibertatfoto_RCurtichs-2-500x753.jpg 500w, https:\/\/cetaradell.cat\/ce\/wp-content\/uploads\/2018-10-13-Cimsxlallibertatfoto_RCurtichs-2.jpg 664w\" sizes=\"(max-width: 199px) 100vw, 199px\" \/><\/a>Contacten amb nosaltres els Castellers de Matar\u00f3, \u201dEls Maduixots\u201d que s\u2019ofereixen a pujar al cim i fer castells, el mateix amb els grallers de Vic.<\/p>\n<p>Es contacta amb el \u00a0Sergi Tordera i el seu equip per poder tenir megafonia al dalt del cim. Tot \u00e9s material pesat i es q\u00fcestiona de pujar o no. La tossuderia d\u2019alguna persona\u00a0 va fer possible que dues \u201cmules\u201d de Premi\u00e0 de Mar carreguessin l\u2019equip de so.<\/p>\n<p>El pas m\u00e9s important va ser trobar els nombrosos voluntaris, ordenar autobusos, acompanyament de la pujada i baixada del cim, voluntaris sanitaris i el trasllat de tota la log\u00edstica. Gr\u00e0cies a tots ells.<\/p>\n<p>Tot a punt, s\u2019acosta el dia.<\/p>\n<p>La previsi\u00f3 de participants \u00e9s important , des de l\u2019organitzaci\u00f3\u00a0 de Cims x la Llibertat se\u2019ns informa que podria venir alguna persona del Govern, per\u00f2 que fins l\u2019\u00faltim moment no ho sabr\u00edem. Dos dies abans ens comuniquen que pujar\u00e0 a Matagalls el President del Parlament el Sr. Roger Torrent i la seva fam\u00edlia.<\/p>\n<p>M\u00e9s nervis encara.<\/p>\n<p>Tot a punt a l\u2019aparcament del Brull, voluntaris, participants, forestals, mossos&#8230; Tot a punt per fer una gesta per demanar la llibertat.<\/p>\n<p>Tot est\u00e0 previst, per\u00f2 el temps no es pot preveure, i la boira i el plugim ens \u00a0volen deslluir la festa.<\/p>\n<p>Tot apunt a Collformic.<\/p>\n<p><a href=\"https:\/\/cetaradell.cat\/ce\/wp-content\/uploads\/2018-10-13-Cimsxlallibertatfoto_RCurtichs-6.jpg\" rel=\"attachment wp-att-6832\"><img decoding=\"async\" class=\"size-medium wp-image-6832 alignright\" src=\"https:\/\/cetaradell.cat\/ce\/wp-content\/uploads\/2018-10-13-Cimsxlallibertatfoto_RCurtichs-6-300x199.jpg\" alt=\"2018-10-13-Cimsxlallibertat(foto_RCurtichs) (6)\" width=\"300\" height=\"199\" srcset=\"https:\/\/cetaradell.cat\/ce\/wp-content\/uploads\/2018-10-13-Cimsxlallibertatfoto_RCurtichs-6-300x199.jpg 300w, https:\/\/cetaradell.cat\/ce\/wp-content\/uploads\/2018-10-13-Cimsxlallibertatfoto_RCurtichs-6-500x332.jpg 500w, https:\/\/cetaradell.cat\/ce\/wp-content\/uploads\/2018-10-13-Cimsxlallibertatfoto_RCurtichs-6-700x465.jpg 700w, https:\/\/cetaradell.cat\/ce\/wp-content\/uploads\/2018-10-13-Cimsxlallibertatfoto_RCurtichs-6-768x510.jpg 768w, https:\/\/cetaradell.cat\/ce\/wp-content\/uploads\/2018-10-13-Cimsxlallibertatfoto_RCurtichs-6.jpg 1000w\" sizes=\"(max-width: 300px) 100vw, 300px\" \/><\/a>Despr\u00e9s \u00a0de rebre al President del Parlament el Sr. Roger Torrent i la seva fam\u00edlia i de deixar que \u00a0els participants f\u00e9ssim les fotografies de rigor, es comen\u00e7a a pujar.<\/p>\n<p>Pujada tranquil\u00b7la, ordenada, tot explicant hist\u00f2ries i fent doc\u00e8ncia en algun moment i com no, una mica de complexa de pastors conduint el ramant en mig la boira, \u00a0controlant que tots fem un \u00fanic cam\u00ed, ja que la boira en algun moment es bastant espessa.<\/p>\n<p>Un cop a dalt el fred, boira i plugim, ens va obligar a que s\u2019avancessin els actes i parlaments.<\/p>\n<p>Parlaments a c\u00e0rrec del pare de Marta Rovira i\u00a0 de la Sra. Natalia en representaci\u00f3 de Cims x la Llibertat.<\/p>\n<p>Actuaci\u00f3 castellera, grallers i molt\u00edssimes fotos al \u201cfotocool\u201d.<\/p>\n<p>Es va aconseguir fer un minut de reflexi\u00f3, sent solidaris amb els presos, ja que ells en tenen molts de moments per reflexionar.<\/p>\n<p>Pell de gallina i no pel fred.<\/p>\n<p>S\u2019escolta el silenci que nom\u00e9s es trenca quan el vent fa volar les tantes estelades i senyeres que tenyien la muntanya de colors.<\/p>\n<p>La mala passada del mal temps va fer que els \u00faltims en arribar no poguessin escoltar els parlaments i, del moment final cal dir que en l\u2019\u00faltim grup hi pujaven tres persones invidents, amb el seus corresponents guies\u00a0 i voluntaris moltes felicitats pel seu coratge .<\/p>\n<p>Un cop acabats els actes i donada la previsi\u00f3 d\u2019empitjorament del temps; tots a vall, tamb\u00e9 de manera tranquil\u00b7la i ordenada.<\/p>\n<p>A Collformic ens esperava l\u2019autob\u00fas que ens portaria de tornada al\u00a0 Brull.<\/p>\n<p>Aqu\u00ed s\u2019acaba una hist\u00f2ria amb el desig que la pr\u00f2xima vegada que a la colla de Gironella se\u2019ls acudeixi una nova proposta sigui per celebrar que tots els presos\/as i exiliats\/des ja s\u00f3n a casa.<\/p>\n<p>&nbsp;<\/p>\n<p>Carme Delgado<\/p>\n<p>Presidenta del CET<\/p>\n","protected":false},"excerpt":{"rendered":"<p>El passat dia 13\u00a0 d\u2019octubre\u00a0 2018 el CET va organitzar la pujada al cim del Matagalls, responen a la iniciativa d\u2019una colla del Centre Excursionista de Gironella que tot celebrant\u00a0 la revetlla de Sant Joan van tenir la brillant idea de la seg\u00fcent proposta. La proposta era que cada pres\/sa  [&#8230;]<\/p>\n","protected":false},"author":1,"featured_media":6829,"comment_status":"closed","ping_status":"closed","sticky":false,"template":"","format":"standard","meta":{"footnotes":""},"categories":[21,3],"tags":[],"class_list":["post-6827","post","type-post","status-publish","format-standard","has-post-thumbnail","hentry","category-collaboracio-amb-entitats","category-noticies"],"yoast_head":"<!-- This site is optimized with the Yoast SEO plugin v27.5 - https:\/\/yoast.com\/product\/yoast-seo-wordpress\/ -->\n<title>Cims per la Llibertat  13 -10-2018 - Centre Excursionista Taradell<\/title>\n<meta name=\"robots\" content=\"index, follow, max-snippet:-1, max-image-preview:large, max-video-preview:-1\" \/>\n<link rel=\"canonical\" href=\"https:\/\/cetaradell.cat\/ce\/cims-per-la-llibertat-13-10-2018\/\" \/>\n<meta property=\"og:locale\" content=\"ca_ES\" \/>\n<meta property=\"og:type\" content=\"article\" \/>\n<meta property=\"og:title\" content=\"Cims per la Llibertat  13 -10-2018 - Centre Excursionista Taradell\" \/>\n<meta property=\"og:description\" content=\"El passat dia 13\u00a0 d\u2019octubre\u00a0 2018 el CET va organitzar la pujada al cim del Matagalls, responen a la iniciativa d\u2019una colla del Centre Excursionista de Gironella que tot celebrant\u00a0 la revetlla de Sant Joan van tenir la brillant idea de la seg\u00fcent proposta. La proposta era que cada pres\/sa [...]\" \/>\n<meta property=\"og:url\" content=\"https:\/\/cetaradell.cat\/ce\/cims-per-la-llibertat-13-10-2018\/\" \/>\n<meta property=\"og:site_name\" content=\"Centre Excursionista Taradell\" \/>\n<meta property=\"article:publisher\" content=\"https:\/\/www.facebook.com\/CETaradell\/\" \/>\n<meta property=\"article:published_time\" content=\"2018-10-14T22:26:42+00:00\" \/>\n<meta property=\"article:modified_time\" content=\"2020-06-03T21:15:30+00:00\" \/>\n<meta property=\"og:image\" content=\"https:\/\/cetaradell.cat\/ce\/wp-content\/uploads\/2018-10-13-Cimsxlallibertatfoto_RCurtichs-1.jpg\" \/>\n\t<meta property=\"og:image:width\" content=\"1000\" \/>\n\t<meta property=\"og:image:height\" content=\"664\" \/>\n\t<meta property=\"og:image:type\" content=\"image\/jpeg\" \/>\n<meta name=\"author\" content=\"CET\" \/>\n<meta name=\"twitter:card\" content=\"summary_large_image\" \/>\n<meta name=\"twitter:label1\" content=\"Escrit per\" \/>\n\t<meta name=\"twitter:data1\" content=\"CET\" \/>\n\t<meta name=\"twitter:label2\" content=\"Temps estimat de lectura\" \/>\n\t<meta name=\"twitter:data2\" content=\"5 minuts\" \/>\n<script type=\"application\/ld+json\" class=\"yoast-schema-graph\">{\"@context\":\"https:\\\/\\\/schema.org\",\"@graph\":[{\"@type\":\"Article\",\"@id\":\"https:\\\/\\\/cetaradell.cat\\\/ce\\\/cims-per-la-llibertat-13-10-2018\\\/#article\",\"isPartOf\":{\"@id\":\"https:\\\/\\\/cetaradell.cat\\\/ce\\\/cims-per-la-llibertat-13-10-2018\\\/\"},\"author\":{\"name\":\"CET\",\"@id\":\"https:\\\/\\\/cetaradell.cat\\\/ce\\\/#\\\/schema\\\/person\\\/92a59f585073071c7be6649e84b22f78\"},\"headline\":\"Cims per la Llibertat 13 -10-2018\",\"datePublished\":\"2018-10-14T22:26:42+00:00\",\"dateModified\":\"2020-06-03T21:15:30+00:00\",\"mainEntityOfPage\":{\"@id\":\"https:\\\/\\\/cetaradell.cat\\\/ce\\\/cims-per-la-llibertat-13-10-2018\\\/\"},\"wordCount\":911,\"image\":{\"@id\":\"https:\\\/\\\/cetaradell.cat\\\/ce\\\/cims-per-la-llibertat-13-10-2018\\\/#primaryimage\"},\"thumbnailUrl\":\"https:\\\/\\\/cetaradell.cat\\\/ce\\\/wp-content\\\/uploads\\\/2018-10-13-Cimsxlallibertatfoto_RCurtichs-1.jpg\",\"articleSection\":[\"Col\u00b7laboraci\u00f3 amb entitats\",\"Not\u00edcies\"],\"inLanguage\":\"ca\"},{\"@type\":\"WebPage\",\"@id\":\"https:\\\/\\\/cetaradell.cat\\\/ce\\\/cims-per-la-llibertat-13-10-2018\\\/\",\"url\":\"https:\\\/\\\/cetaradell.cat\\\/ce\\\/cims-per-la-llibertat-13-10-2018\\\/\",\"name\":\"Cims per la Llibertat 13 -10-2018 - Centre Excursionista Taradell\",\"isPartOf\":{\"@id\":\"https:\\\/\\\/cetaradell.cat\\\/ce\\\/#website\"},\"primaryImageOfPage\":{\"@id\":\"https:\\\/\\\/cetaradell.cat\\\/ce\\\/cims-per-la-llibertat-13-10-2018\\\/#primaryimage\"},\"image\":{\"@id\":\"https:\\\/\\\/cetaradell.cat\\\/ce\\\/cims-per-la-llibertat-13-10-2018\\\/#primaryimage\"},\"thumbnailUrl\":\"https:\\\/\\\/cetaradell.cat\\\/ce\\\/wp-content\\\/uploads\\\/2018-10-13-Cimsxlallibertatfoto_RCurtichs-1.jpg\",\"datePublished\":\"2018-10-14T22:26:42+00:00\",\"dateModified\":\"2020-06-03T21:15:30+00:00\",\"author\":{\"@id\":\"https:\\\/\\\/cetaradell.cat\\\/ce\\\/#\\\/schema\\\/person\\\/92a59f585073071c7be6649e84b22f78\"},\"breadcrumb\":{\"@id\":\"https:\\\/\\\/cetaradell.cat\\\/ce\\\/cims-per-la-llibertat-13-10-2018\\\/#breadcrumb\"},\"inLanguage\":\"ca\",\"potentialAction\":[{\"@type\":\"ReadAction\",\"target\":[\"https:\\\/\\\/cetaradell.cat\\\/ce\\\/cims-per-la-llibertat-13-10-2018\\\/\"]}]},{\"@type\":\"ImageObject\",\"inLanguage\":\"ca\",\"@id\":\"https:\\\/\\\/cetaradell.cat\\\/ce\\\/cims-per-la-llibertat-13-10-2018\\\/#primaryimage\",\"url\":\"https:\\\/\\\/cetaradell.cat\\\/ce\\\/wp-content\\\/uploads\\\/2018-10-13-Cimsxlallibertatfoto_RCurtichs-1.jpg\",\"contentUrl\":\"https:\\\/\\\/cetaradell.cat\\\/ce\\\/wp-content\\\/uploads\\\/2018-10-13-Cimsxlallibertatfoto_RCurtichs-1.jpg\",\"width\":1000,\"height\":664},{\"@type\":\"BreadcrumbList\",\"@id\":\"https:\\\/\\\/cetaradell.cat\\\/ce\\\/cims-per-la-llibertat-13-10-2018\\\/#breadcrumb\",\"itemListElement\":[{\"@type\":\"ListItem\",\"position\":1,\"name\":\"Inici\",\"item\":\"https:\\\/\\\/cetaradell.cat\\\/ce\\\/\"},{\"@type\":\"ListItem\",\"position\":2,\"name\":\"Cims per la Llibertat 13 -10-2018\"}]},{\"@type\":\"WebSite\",\"@id\":\"https:\\\/\\\/cetaradell.cat\\\/ce\\\/#website\",\"url\":\"https:\\\/\\\/cetaradell.cat\\\/ce\\\/\",\"name\":\"Centre Excursionista Taradell\",\"description\":\"\",\"potentialAction\":[{\"@type\":\"SearchAction\",\"target\":{\"@type\":\"EntryPoint\",\"urlTemplate\":\"https:\\\/\\\/cetaradell.cat\\\/ce\\\/?s={search_term_string}\"},\"query-input\":{\"@type\":\"PropertyValueSpecification\",\"valueRequired\":true,\"valueName\":\"search_term_string\"}}],\"inLanguage\":\"ca\"},{\"@type\":\"Person\",\"@id\":\"https:\\\/\\\/cetaradell.cat\\\/ce\\\/#\\\/schema\\\/person\\\/92a59f585073071c7be6649e84b22f78\",\"name\":\"CET\",\"image\":{\"@type\":\"ImageObject\",\"inLanguage\":\"ca\",\"@id\":\"https:\\\/\\\/secure.gravatar.com\\\/avatar\\\/d6fbe010d42056feccc0f613ed07277a5118442805079269f12dabdc42e1a727?s=96&d=mm&r=g\",\"url\":\"https:\\\/\\\/secure.gravatar.com\\\/avatar\\\/d6fbe010d42056feccc0f613ed07277a5118442805079269f12dabdc42e1a727?s=96&d=mm&r=g\",\"contentUrl\":\"https:\\\/\\\/secure.gravatar.com\\\/avatar\\\/d6fbe010d42056feccc0f613ed07277a5118442805079269f12dabdc42e1a727?s=96&d=mm&r=g\",\"caption\":\"CET\"},\"url\":\"https:\\\/\\\/cetaradell.cat\\\/ce\\\/author\\\/root\\\/\"}]}<\/script>\n<!-- \/ Yoast SEO plugin. -->","yoast_head_json":{"title":"Cims per la Llibertat  13 -10-2018 - Centre Excursionista Taradell","robots":{"index":"index","follow":"follow","max-snippet":"max-snippet:-1","max-image-preview":"max-image-preview:large","max-video-preview":"max-video-preview:-1"},"canonical":"https:\/\/cetaradell.cat\/ce\/cims-per-la-llibertat-13-10-2018\/","og_locale":"ca_ES","og_type":"article","og_title":"Cims per la Llibertat  13 -10-2018 - Centre Excursionista Taradell","og_description":"El passat dia 13\u00a0 d\u2019octubre\u00a0 2018 el CET va organitzar la pujada al cim del Matagalls, responen a la iniciativa d\u2019una colla del Centre Excursionista de Gironella que tot celebrant\u00a0 la revetlla de Sant Joan van tenir la brillant idea de la seg\u00fcent proposta. La proposta era que cada pres\/sa [...]","og_url":"https:\/\/cetaradell.cat\/ce\/cims-per-la-llibertat-13-10-2018\/","og_site_name":"Centre Excursionista Taradell","article_publisher":"https:\/\/www.facebook.com\/CETaradell\/","article_published_time":"2018-10-14T22:26:42+00:00","article_modified_time":"2020-06-03T21:15:30+00:00","og_image":[{"width":1000,"height":664,"url":"https:\/\/cetaradell.cat\/ce\/wp-content\/uploads\/2018-10-13-Cimsxlallibertatfoto_RCurtichs-1.jpg","type":"image\/jpeg"}],"author":"CET","twitter_card":"summary_large_image","twitter_misc":{"Escrit per":"CET","Temps estimat de lectura":"5 minuts"},"schema":{"@context":"https:\/\/schema.org","@graph":[{"@type":"Article","@id":"https:\/\/cetaradell.cat\/ce\/cims-per-la-llibertat-13-10-2018\/#article","isPartOf":{"@id":"https:\/\/cetaradell.cat\/ce\/cims-per-la-llibertat-13-10-2018\/"},"author":{"name":"CET","@id":"https:\/\/cetaradell.cat\/ce\/#\/schema\/person\/92a59f585073071c7be6649e84b22f78"},"headline":"Cims per la Llibertat 13 -10-2018","datePublished":"2018-10-14T22:26:42+00:00","dateModified":"2020-06-03T21:15:30+00:00","mainEntityOfPage":{"@id":"https:\/\/cetaradell.cat\/ce\/cims-per-la-llibertat-13-10-2018\/"},"wordCount":911,"image":{"@id":"https:\/\/cetaradell.cat\/ce\/cims-per-la-llibertat-13-10-2018\/#primaryimage"},"thumbnailUrl":"https:\/\/cetaradell.cat\/ce\/wp-content\/uploads\/2018-10-13-Cimsxlallibertatfoto_RCurtichs-1.jpg","articleSection":["Col\u00b7laboraci\u00f3 amb entitats","Not\u00edcies"],"inLanguage":"ca"},{"@type":"WebPage","@id":"https:\/\/cetaradell.cat\/ce\/cims-per-la-llibertat-13-10-2018\/","url":"https:\/\/cetaradell.cat\/ce\/cims-per-la-llibertat-13-10-2018\/","name":"Cims per la Llibertat 13 -10-2018 - Centre Excursionista Taradell","isPartOf":{"@id":"https:\/\/cetaradell.cat\/ce\/#website"},"primaryImageOfPage":{"@id":"https:\/\/cetaradell.cat\/ce\/cims-per-la-llibertat-13-10-2018\/#primaryimage"},"image":{"@id":"https:\/\/cetaradell.cat\/ce\/cims-per-la-llibertat-13-10-2018\/#primaryimage"},"thumbnailUrl":"https:\/\/cetaradell.cat\/ce\/wp-content\/uploads\/2018-10-13-Cimsxlallibertatfoto_RCurtichs-1.jpg","datePublished":"2018-10-14T22:26:42+00:00","dateModified":"2020-06-03T21:15:30+00:00","author":{"@id":"https:\/\/cetaradell.cat\/ce\/#\/schema\/person\/92a59f585073071c7be6649e84b22f78"},"breadcrumb":{"@id":"https:\/\/cetaradell.cat\/ce\/cims-per-la-llibertat-13-10-2018\/#breadcrumb"},"inLanguage":"ca","potentialAction":[{"@type":"ReadAction","target":["https:\/\/cetaradell.cat\/ce\/cims-per-la-llibertat-13-10-2018\/"]}]},{"@type":"ImageObject","inLanguage":"ca","@id":"https:\/\/cetaradell.cat\/ce\/cims-per-la-llibertat-13-10-2018\/#primaryimage","url":"https:\/\/cetaradell.cat\/ce\/wp-content\/uploads\/2018-10-13-Cimsxlallibertatfoto_RCurtichs-1.jpg","contentUrl":"https:\/\/cetaradell.cat\/ce\/wp-content\/uploads\/2018-10-13-Cimsxlallibertatfoto_RCurtichs-1.jpg","width":1000,"height":664},{"@type":"BreadcrumbList","@id":"https:\/\/cetaradell.cat\/ce\/cims-per-la-llibertat-13-10-2018\/#breadcrumb","itemListElement":[{"@type":"ListItem","position":1,"name":"Inici","item":"https:\/\/cetaradell.cat\/ce\/"},{"@type":"ListItem","position":2,"name":"Cims per la Llibertat 13 -10-2018"}]},{"@type":"WebSite","@id":"https:\/\/cetaradell.cat\/ce\/#website","url":"https:\/\/cetaradell.cat\/ce\/","name":"Centre Excursionista Taradell","description":"","potentialAction":[{"@type":"SearchAction","target":{"@type":"EntryPoint","urlTemplate":"https:\/\/cetaradell.cat\/ce\/?s={search_term_string}"},"query-input":{"@type":"PropertyValueSpecification","valueRequired":true,"valueName":"search_term_string"}}],"inLanguage":"ca"},{"@type":"Person","@id":"https:\/\/cetaradell.cat\/ce\/#\/schema\/person\/92a59f585073071c7be6649e84b22f78","name":"CET","image":{"@type":"ImageObject","inLanguage":"ca","@id":"https:\/\/secure.gravatar.com\/avatar\/d6fbe010d42056feccc0f613ed07277a5118442805079269f12dabdc42e1a727?s=96&d=mm&r=g","url":"https:\/\/secure.gravatar.com\/avatar\/d6fbe010d42056feccc0f613ed07277a5118442805079269f12dabdc42e1a727?s=96&d=mm&r=g","contentUrl":"https:\/\/secure.gravatar.com\/avatar\/d6fbe010d42056feccc0f613ed07277a5118442805079269f12dabdc42e1a727?s=96&d=mm&r=g","caption":"CET"},"url":"https:\/\/cetaradell.cat\/ce\/author\/root\/"}]}},"_links":{"self":[{"href":"https:\/\/cetaradell.cat\/ce\/wp-json\/wp\/v2\/posts\/6827","targetHints":{"allow":["GET"]}}],"collection":[{"href":"https:\/\/cetaradell.cat\/ce\/wp-json\/wp\/v2\/posts"}],"about":[{"href":"https:\/\/cetaradell.cat\/ce\/wp-json\/wp\/v2\/types\/post"}],"author":[{"embeddable":true,"href":"https:\/\/cetaradell.cat\/ce\/wp-json\/wp\/v2\/users\/1"}],"replies":[{"embeddable":true,"href":"https:\/\/cetaradell.cat\/ce\/wp-json\/wp\/v2\/comments?post=6827"}],"version-history":[{"count":0,"href":"https:\/\/cetaradell.cat\/ce\/wp-json\/wp\/v2\/posts\/6827\/revisions"}],"wp:featuredmedia":[{"embeddable":true,"href":"https:\/\/cetaradell.cat\/ce\/wp-json\/wp\/v2\/media\/6829"}],"wp:attachment":[{"href":"https:\/\/cetaradell.cat\/ce\/wp-json\/wp\/v2\/media?parent=6827"}],"wp:term":[{"taxonomy":"category","embeddable":true,"href":"https:\/\/cetaradell.cat\/ce\/wp-json\/wp\/v2\/categories?post=6827"},{"taxonomy":"post_tag","embeddable":true,"href":"https:\/\/cetaradell.cat\/ce\/wp-json\/wp\/v2\/tags?post=6827"}],"curies":[{"name":"wp","href":"https:\/\/api.w.org\/{rel}","templated":true}]}}