{"id":6837,"date":"2019-02-18T00:00:18","date_gmt":"2019-02-17T23:00:18","guid":{"rendered":"https:\/\/cetaradell.cat\/ce\/?p=6837"},"modified":"2020-07-29T22:36:40","modified_gmt":"2020-07-29T21:36:40","slug":"convocatoria-deleccions-de-la-junta-del-cet","status":"publish","type":"post","link":"https:\/\/cetaradell.cat\/ce\/convocatoria-deleccions-de-la-junta-del-cet\/","title":{"rendered":"Convocat\u00f2ria d&#8217;eleccions de la Junta del CET"},"content":{"rendered":"<p><a href=\"https:\/\/cetaradell.cat\/ce\/wp-content\/uploads\/escut_cet_0.jpg\" rel=\"attachment wp-att-44\"><img decoding=\"async\" class=\"wp-image-8047 size-medium alignleft\" src=\"https:\/\/cetaradell.cat\/ce\/wp-content\/uploads\/escut_cet_0-200x300.jpg\" alt=\"\" width=\"200\" height=\"300\" srcset=\"https:\/\/cetaradell.cat\/ce\/wp-content\/uploads\/escut_cet_0-200x300.jpg 200w, https:\/\/cetaradell.cat\/ce\/wp-content\/uploads\/escut_cet_0-400x600.jpg 400w, https:\/\/cetaradell.cat\/ce\/wp-content\/uploads\/escut_cet_0.jpg 473w\" sizes=\"(max-width: 200px) 100vw, 200px\" \/><\/a><\/p>\n<p><strong>CONVOCAT\u00d2RIA D\u2019ELECCIONS DE JUNTA DIRECTIVA<\/strong><\/p>\n<p>La Junta Directiva del CENTRE EXCURSIONESTA DE TARADELL, en reuni\u00f3 celebrada el dia 16 de febrer d\u2019enguany ha pres l\u2019acord de celebrar eleccions per a la constituci\u00f3 d\u2019una nova Junta Directiva. D\u2019acord amb el procediment electoral que es preveu en els articles dels Estatuts del Club, aquesta Junta Directiva decideix fer p\u00fablic el seg\u00fcent:<\/p>\n<p>&nbsp;<\/p>\n<p style=\"text-align: center;\"><strong>ANUNCI D\u2019ELECCIONS DE JUNTA DIRECTIVA<\/strong><\/p>\n<p><strong><u>La designaci\u00f3 de Junta Electoral \u00e9s far\u00e0 el 18 de febrer de 2019<\/u><\/strong>.<\/p>\n<p>Cens electoral: Estar\u00e0 a disposici\u00f3 dels Socis a les oficines del Club fins al dia 21 de febrer del present per, si cal, poder-hi fer les esmenes oportunes<\/p>\n<p><strong><u>Presentaci\u00f3 de candidatures: Es podr\u00e0 fer fins al 23 de febrer de 2019,<\/u><\/strong> al local social del CET<\/p>\n<p>Les candidatures han d\u2019incloure el nom i dni dels socis candidats, encap\u00e7alades pel nom del candidat a President. Cada candidatura ha d\u2019estar formada per un nombre de membres no inferior a tres. Les condicions per ser candidat i elector: Ser soci del Club CET, i major d\u2019edat.<\/p>\n<p><strong><u>Proclamaci\u00f3 de candidatures: El dia 25 de febrer de 2019<\/u><\/strong> es far\u00e0 p\u00fablica al tauler d\u2019anuncis del Club la proclamaci\u00f3 de les candidatures.<\/p>\n<p><strong><u>Les eleccions es celebraran<\/u><\/strong>:<\/p>\n<p style=\"text-align: center;\"><strong><u>Dia: 18 de mar\u00e7 de 2019<\/u><\/strong><\/p>\n<p style=\"text-align: center;\"><strong><u>Lloc: Local Social del Club.<\/u><\/strong><\/p>\n<p style=\"text-align: center;\"><strong><u>Horari: de les 19:00 fins a les 21:00 del vespre<\/u><\/strong><\/p>\n<p>Acreditaci\u00f3 dels electors: Document Nacional d\u2019Identitat, Carnet de conduir o Passaport<\/p>\n<p>Forma de convocat\u00f2ria: Anunci al tauler del Club, difusi\u00f3 a trav\u00e9s de la p\u00e0gina web i email enviat als socis .<\/p>\n<p>Els ho comunico als efectes pertinents:<\/p>\n<p>&nbsp;<\/p>\n<p>La Junta Directiva<\/p>\n","protected":false},"excerpt":{"rendered":"<p>CONVOCAT\u00d2RIA D\u2019ELECCIONS DE JUNTA DIRECTIVA La Junta Directiva del CENTRE EXCURSIONESTA DE TARADELL, en reuni\u00f3 celebrada el dia 16 de febrer d\u2019enguany ha pres l\u2019acord de celebrar eleccions per a la constituci\u00f3 d\u2019una nova Junta Directiva. D\u2019acord amb el procediment electoral que es preveu en els articles dels Estatuts del  [&#8230;]<\/p>\n","protected":false},"author":1,"featured_media":8047,"comment_status":"closed","ping_status":"closed","sticky":false,"template":"","format":"standard","meta":{"footnotes":""},"categories":[20,3],"tags":[],"class_list":["post-6837","post","type-post","status-publish","format-standard","has-post-thumbnail","hentry","category-activitats-social","category-noticies"],"yoast_head":"<!-- This site is optimized with the Yoast SEO plugin v27.5 - https:\/\/yoast.com\/product\/yoast-seo-wordpress\/ -->\n<title>Convocat\u00f2ria d&#039;eleccions de la Junta del CET - Centre Excursionista Taradell<\/title>\n<meta name=\"robots\" content=\"index, follow, max-snippet:-1, max-image-preview:large, max-video-preview:-1\" \/>\n<link rel=\"canonical\" href=\"https:\/\/cetaradell.cat\/ce\/convocatoria-deleccions-de-la-junta-del-cet\/\" \/>\n<meta property=\"og:locale\" content=\"ca_ES\" \/>\n<meta property=\"og:type\" content=\"article\" \/>\n<meta property=\"og:title\" content=\"Convocat\u00f2ria d&#039;eleccions de la Junta del CET - Centre Excursionista Taradell\" \/>\n<meta property=\"og:description\" content=\"CONVOCAT\u00d2RIA D\u2019ELECCIONS DE JUNTA DIRECTIVA La Junta Directiva del CENTRE EXCURSIONESTA DE TARADELL, en reuni\u00f3 celebrada el dia 16 de febrer d\u2019enguany ha pres l\u2019acord de celebrar eleccions per a la constituci\u00f3 d\u2019una nova Junta Directiva. D\u2019acord amb el procediment electoral que es preveu en els articles dels Estatuts del [...]\" \/>\n<meta property=\"og:url\" content=\"https:\/\/cetaradell.cat\/ce\/convocatoria-deleccions-de-la-junta-del-cet\/\" \/>\n<meta property=\"og:site_name\" content=\"Centre Excursionista Taradell\" \/>\n<meta property=\"article:publisher\" content=\"https:\/\/www.facebook.com\/CETaradell\/\" \/>\n<meta property=\"article:published_time\" content=\"2019-02-17T23:00:18+00:00\" \/>\n<meta property=\"article:modified_time\" content=\"2020-07-29T21:36:40+00:00\" \/>\n<meta property=\"og:image\" content=\"https:\/\/cetaradell.cat\/ce\/wp-content\/uploads\/escut_cet_0.jpg\" \/>\n\t<meta property=\"og:image:width\" content=\"473\" \/>\n\t<meta property=\"og:image:height\" content=\"709\" \/>\n\t<meta property=\"og:image:type\" content=\"image\/jpeg\" \/>\n<meta name=\"author\" content=\"CET\" \/>\n<meta name=\"twitter:card\" content=\"summary_large_image\" \/>\n<meta name=\"twitter:label1\" content=\"Escrit per\" \/>\n\t<meta name=\"twitter:data1\" content=\"CET\" \/>\n\t<meta name=\"twitter:label2\" content=\"Temps estimat de lectura\" \/>\n\t<meta name=\"twitter:data2\" content=\"1 minut\" \/>\n<script type=\"application\/ld+json\" class=\"yoast-schema-graph\">{\"@context\":\"https:\\\/\\\/schema.org\",\"@graph\":[{\"@type\":\"Article\",\"@id\":\"https:\\\/\\\/cetaradell.cat\\\/ce\\\/convocatoria-deleccions-de-la-junta-del-cet\\\/#article\",\"isPartOf\":{\"@id\":\"https:\\\/\\\/cetaradell.cat\\\/ce\\\/convocatoria-deleccions-de-la-junta-del-cet\\\/\"},\"author\":{\"name\":\"CET\",\"@id\":\"https:\\\/\\\/cetaradell.cat\\\/ce\\\/#\\\/schema\\\/person\\\/92a59f585073071c7be6649e84b22f78\"},\"headline\":\"Convocat\u00f2ria d&#8217;eleccions de la Junta del CET\",\"datePublished\":\"2019-02-17T23:00:18+00:00\",\"dateModified\":\"2020-07-29T21:36:40+00:00\",\"mainEntityOfPage\":{\"@id\":\"https:\\\/\\\/cetaradell.cat\\\/ce\\\/convocatoria-deleccions-de-la-junta-del-cet\\\/\"},\"wordCount\":276,\"image\":{\"@id\":\"https:\\\/\\\/cetaradell.cat\\\/ce\\\/convocatoria-deleccions-de-la-junta-del-cet\\\/#primaryimage\"},\"thumbnailUrl\":\"https:\\\/\\\/cetaradell.cat\\\/ce\\\/wp-content\\\/uploads\\\/escut_cet_0.jpg\",\"articleSection\":[\"Activitats socials\",\"Not\u00edcies\"],\"inLanguage\":\"ca\"},{\"@type\":\"WebPage\",\"@id\":\"https:\\\/\\\/cetaradell.cat\\\/ce\\\/convocatoria-deleccions-de-la-junta-del-cet\\\/\",\"url\":\"https:\\\/\\\/cetaradell.cat\\\/ce\\\/convocatoria-deleccions-de-la-junta-del-cet\\\/\",\"name\":\"Convocat\u00f2ria d'eleccions de la Junta del CET - Centre Excursionista Taradell\",\"isPartOf\":{\"@id\":\"https:\\\/\\\/cetaradell.cat\\\/ce\\\/#website\"},\"primaryImageOfPage\":{\"@id\":\"https:\\\/\\\/cetaradell.cat\\\/ce\\\/convocatoria-deleccions-de-la-junta-del-cet\\\/#primaryimage\"},\"image\":{\"@id\":\"https:\\\/\\\/cetaradell.cat\\\/ce\\\/convocatoria-deleccions-de-la-junta-del-cet\\\/#primaryimage\"},\"thumbnailUrl\":\"https:\\\/\\\/cetaradell.cat\\\/ce\\\/wp-content\\\/uploads\\\/escut_cet_0.jpg\",\"datePublished\":\"2019-02-17T23:00:18+00:00\",\"dateModified\":\"2020-07-29T21:36:40+00:00\",\"author\":{\"@id\":\"https:\\\/\\\/cetaradell.cat\\\/ce\\\/#\\\/schema\\\/person\\\/92a59f585073071c7be6649e84b22f78\"},\"breadcrumb\":{\"@id\":\"https:\\\/\\\/cetaradell.cat\\\/ce\\\/convocatoria-deleccions-de-la-junta-del-cet\\\/#breadcrumb\"},\"inLanguage\":\"ca\",\"potentialAction\":[{\"@type\":\"ReadAction\",\"target\":[\"https:\\\/\\\/cetaradell.cat\\\/ce\\\/convocatoria-deleccions-de-la-junta-del-cet\\\/\"]}]},{\"@type\":\"ImageObject\",\"inLanguage\":\"ca\",\"@id\":\"https:\\\/\\\/cetaradell.cat\\\/ce\\\/convocatoria-deleccions-de-la-junta-del-cet\\\/#primaryimage\",\"url\":\"https:\\\/\\\/cetaradell.cat\\\/ce\\\/wp-content\\\/uploads\\\/escut_cet_0.jpg\",\"contentUrl\":\"https:\\\/\\\/cetaradell.cat\\\/ce\\\/wp-content\\\/uploads\\\/escut_cet_0.jpg\",\"width\":473,\"height\":709,\"caption\":\"escut\"},{\"@type\":\"BreadcrumbList\",\"@id\":\"https:\\\/\\\/cetaradell.cat\\\/ce\\\/convocatoria-deleccions-de-la-junta-del-cet\\\/#breadcrumb\",\"itemListElement\":[{\"@type\":\"ListItem\",\"position\":1,\"name\":\"Inici\",\"item\":\"https:\\\/\\\/cetaradell.cat\\\/ce\\\/\"},{\"@type\":\"ListItem\",\"position\":2,\"name\":\"Convocat\u00f2ria d&#8217;eleccions de la Junta del CET\"}]},{\"@type\":\"WebSite\",\"@id\":\"https:\\\/\\\/cetaradell.cat\\\/ce\\\/#website\",\"url\":\"https:\\\/\\\/cetaradell.cat\\\/ce\\\/\",\"name\":\"Centre Excursionista Taradell\",\"description\":\"\",\"potentialAction\":[{\"@type\":\"SearchAction\",\"target\":{\"@type\":\"EntryPoint\",\"urlTemplate\":\"https:\\\/\\\/cetaradell.cat\\\/ce\\\/?s={search_term_string}\"},\"query-input\":{\"@type\":\"PropertyValueSpecification\",\"valueRequired\":true,\"valueName\":\"search_term_string\"}}],\"inLanguage\":\"ca\"},{\"@type\":\"Person\",\"@id\":\"https:\\\/\\\/cetaradell.cat\\\/ce\\\/#\\\/schema\\\/person\\\/92a59f585073071c7be6649e84b22f78\",\"name\":\"CET\",\"image\":{\"@type\":\"ImageObject\",\"inLanguage\":\"ca\",\"@id\":\"https:\\\/\\\/secure.gravatar.com\\\/avatar\\\/d6fbe010d42056feccc0f613ed07277a5118442805079269f12dabdc42e1a727?s=96&d=mm&r=g\",\"url\":\"https:\\\/\\\/secure.gravatar.com\\\/avatar\\\/d6fbe010d42056feccc0f613ed07277a5118442805079269f12dabdc42e1a727?s=96&d=mm&r=g\",\"contentUrl\":\"https:\\\/\\\/secure.gravatar.com\\\/avatar\\\/d6fbe010d42056feccc0f613ed07277a5118442805079269f12dabdc42e1a727?s=96&d=mm&r=g\",\"caption\":\"CET\"},\"url\":\"https:\\\/\\\/cetaradell.cat\\\/ce\\\/author\\\/root\\\/\"}]}<\/script>\n<!-- \/ Yoast SEO plugin. -->","yoast_head_json":{"title":"Convocat\u00f2ria d'eleccions de la Junta del CET - Centre Excursionista Taradell","robots":{"index":"index","follow":"follow","max-snippet":"max-snippet:-1","max-image-preview":"max-image-preview:large","max-video-preview":"max-video-preview:-1"},"canonical":"https:\/\/cetaradell.cat\/ce\/convocatoria-deleccions-de-la-junta-del-cet\/","og_locale":"ca_ES","og_type":"article","og_title":"Convocat\u00f2ria d'eleccions de la Junta del CET - Centre Excursionista Taradell","og_description":"CONVOCAT\u00d2RIA D\u2019ELECCIONS DE JUNTA DIRECTIVA La Junta Directiva del CENTRE EXCURSIONESTA DE TARADELL, en reuni\u00f3 celebrada el dia 16 de febrer d\u2019enguany ha pres l\u2019acord de celebrar eleccions per a la constituci\u00f3 d\u2019una nova Junta Directiva. D\u2019acord amb el procediment electoral que es preveu en els articles dels Estatuts del [...]","og_url":"https:\/\/cetaradell.cat\/ce\/convocatoria-deleccions-de-la-junta-del-cet\/","og_site_name":"Centre Excursionista Taradell","article_publisher":"https:\/\/www.facebook.com\/CETaradell\/","article_published_time":"2019-02-17T23:00:18+00:00","article_modified_time":"2020-07-29T21:36:40+00:00","og_image":[{"width":473,"height":709,"url":"https:\/\/cetaradell.cat\/ce\/wp-content\/uploads\/escut_cet_0.jpg","type":"image\/jpeg"}],"author":"CET","twitter_card":"summary_large_image","twitter_misc":{"Escrit per":"CET","Temps estimat de lectura":"1 minut"},"schema":{"@context":"https:\/\/schema.org","@graph":[{"@type":"Article","@id":"https:\/\/cetaradell.cat\/ce\/convocatoria-deleccions-de-la-junta-del-cet\/#article","isPartOf":{"@id":"https:\/\/cetaradell.cat\/ce\/convocatoria-deleccions-de-la-junta-del-cet\/"},"author":{"name":"CET","@id":"https:\/\/cetaradell.cat\/ce\/#\/schema\/person\/92a59f585073071c7be6649e84b22f78"},"headline":"Convocat\u00f2ria d&#8217;eleccions de la Junta del CET","datePublished":"2019-02-17T23:00:18+00:00","dateModified":"2020-07-29T21:36:40+00:00","mainEntityOfPage":{"@id":"https:\/\/cetaradell.cat\/ce\/convocatoria-deleccions-de-la-junta-del-cet\/"},"wordCount":276,"image":{"@id":"https:\/\/cetaradell.cat\/ce\/convocatoria-deleccions-de-la-junta-del-cet\/#primaryimage"},"thumbnailUrl":"https:\/\/cetaradell.cat\/ce\/wp-content\/uploads\/escut_cet_0.jpg","articleSection":["Activitats socials","Not\u00edcies"],"inLanguage":"ca"},{"@type":"WebPage","@id":"https:\/\/cetaradell.cat\/ce\/convocatoria-deleccions-de-la-junta-del-cet\/","url":"https:\/\/cetaradell.cat\/ce\/convocatoria-deleccions-de-la-junta-del-cet\/","name":"Convocat\u00f2ria d'eleccions de la Junta del CET - Centre Excursionista Taradell","isPartOf":{"@id":"https:\/\/cetaradell.cat\/ce\/#website"},"primaryImageOfPage":{"@id":"https:\/\/cetaradell.cat\/ce\/convocatoria-deleccions-de-la-junta-del-cet\/#primaryimage"},"image":{"@id":"https:\/\/cetaradell.cat\/ce\/convocatoria-deleccions-de-la-junta-del-cet\/#primaryimage"},"thumbnailUrl":"https:\/\/cetaradell.cat\/ce\/wp-content\/uploads\/escut_cet_0.jpg","datePublished":"2019-02-17T23:00:18+00:00","dateModified":"2020-07-29T21:36:40+00:00","author":{"@id":"https:\/\/cetaradell.cat\/ce\/#\/schema\/person\/92a59f585073071c7be6649e84b22f78"},"breadcrumb":{"@id":"https:\/\/cetaradell.cat\/ce\/convocatoria-deleccions-de-la-junta-del-cet\/#breadcrumb"},"inLanguage":"ca","potentialAction":[{"@type":"ReadAction","target":["https:\/\/cetaradell.cat\/ce\/convocatoria-deleccions-de-la-junta-del-cet\/"]}]},{"@type":"ImageObject","inLanguage":"ca","@id":"https:\/\/cetaradell.cat\/ce\/convocatoria-deleccions-de-la-junta-del-cet\/#primaryimage","url":"https:\/\/cetaradell.cat\/ce\/wp-content\/uploads\/escut_cet_0.jpg","contentUrl":"https:\/\/cetaradell.cat\/ce\/wp-content\/uploads\/escut_cet_0.jpg","width":473,"height":709,"caption":"escut"},{"@type":"BreadcrumbList","@id":"https:\/\/cetaradell.cat\/ce\/convocatoria-deleccions-de-la-junta-del-cet\/#breadcrumb","itemListElement":[{"@type":"ListItem","position":1,"name":"Inici","item":"https:\/\/cetaradell.cat\/ce\/"},{"@type":"ListItem","position":2,"name":"Convocat\u00f2ria d&#8217;eleccions de la Junta del CET"}]},{"@type":"WebSite","@id":"https:\/\/cetaradell.cat\/ce\/#website","url":"https:\/\/cetaradell.cat\/ce\/","name":"Centre Excursionista Taradell","description":"","potentialAction":[{"@type":"SearchAction","target":{"@type":"EntryPoint","urlTemplate":"https:\/\/cetaradell.cat\/ce\/?s={search_term_string}"},"query-input":{"@type":"PropertyValueSpecification","valueRequired":true,"valueName":"search_term_string"}}],"inLanguage":"ca"},{"@type":"Person","@id":"https:\/\/cetaradell.cat\/ce\/#\/schema\/person\/92a59f585073071c7be6649e84b22f78","name":"CET","image":{"@type":"ImageObject","inLanguage":"ca","@id":"https:\/\/secure.gravatar.com\/avatar\/d6fbe010d42056feccc0f613ed07277a5118442805079269f12dabdc42e1a727?s=96&d=mm&r=g","url":"https:\/\/secure.gravatar.com\/avatar\/d6fbe010d42056feccc0f613ed07277a5118442805079269f12dabdc42e1a727?s=96&d=mm&r=g","contentUrl":"https:\/\/secure.gravatar.com\/avatar\/d6fbe010d42056feccc0f613ed07277a5118442805079269f12dabdc42e1a727?s=96&d=mm&r=g","caption":"CET"},"url":"https:\/\/cetaradell.cat\/ce\/author\/root\/"}]}},"_links":{"self":[{"href":"https:\/\/cetaradell.cat\/ce\/wp-json\/wp\/v2\/posts\/6837","targetHints":{"allow":["GET"]}}],"collection":[{"href":"https:\/\/cetaradell.cat\/ce\/wp-json\/wp\/v2\/posts"}],"about":[{"href":"https:\/\/cetaradell.cat\/ce\/wp-json\/wp\/v2\/types\/post"}],"author":[{"embeddable":true,"href":"https:\/\/cetaradell.cat\/ce\/wp-json\/wp\/v2\/users\/1"}],"replies":[{"embeddable":true,"href":"https:\/\/cetaradell.cat\/ce\/wp-json\/wp\/v2\/comments?post=6837"}],"version-history":[{"count":0,"href":"https:\/\/cetaradell.cat\/ce\/wp-json\/wp\/v2\/posts\/6837\/revisions"}],"wp:featuredmedia":[{"embeddable":true,"href":"https:\/\/cetaradell.cat\/ce\/wp-json\/wp\/v2\/media\/8047"}],"wp:attachment":[{"href":"https:\/\/cetaradell.cat\/ce\/wp-json\/wp\/v2\/media?parent=6837"}],"wp:term":[{"taxonomy":"category","embeddable":true,"href":"https:\/\/cetaradell.cat\/ce\/wp-json\/wp\/v2\/categories?post=6837"},{"taxonomy":"post_tag","embeddable":true,"href":"https:\/\/cetaradell.cat\/ce\/wp-json\/wp\/v2\/tags?post=6837"}],"curies":[{"name":"wp","href":"https:\/\/api.w.org\/{rel}","templated":true}]}}