{"id":6882,"date":"2019-03-22T23:09:52","date_gmt":"2019-03-22T22:09:52","guid":{"rendered":"https:\/\/cetaradell.cat\/ce\/?p=6882"},"modified":"2020-06-07T20:47:01","modified_gmt":"2020-06-07T19:47:01","slug":"9a-cursa-per-muntanya-taradell-recorreguts","status":"publish","type":"post","link":"https:\/\/cetaradell.cat\/ce\/9a-cursa-per-muntanya-taradell-recorreguts\/","title":{"rendered":"9a Cursa per muntanya Taradell &#8211; Recorreguts"},"content":{"rendered":"<p>En aquesta 9\u00aa edici\u00f3 de la Cursa per muntanya de Taradell hem preparat 2 recorreguts un de 22 Km i un de 11 Km.<\/p>\n<p><strong>Descripci\u00f3 recorregut 11 km (clica per ampliar)<\/strong><\/p>\n<p><a href=\"https:\/\/cetaradell.cat\/ce\/wp-content\/uploads\/2019-03-10_cursa11km.jpg\" target=\"_blank\" rel=\"attachment noopener wp-att-6891 noreferrer\"><img decoding=\"async\" class=\"alignleft wp-image-6891 size-medium\" src=\"https:\/\/cetaradell.cat\/ce\/wp-content\/uploads\/2019-03-10_cursa11km-300x225.jpg\" alt=\"2019-03-10_cursa11km\" width=\"300\" height=\"225\" srcset=\"https:\/\/cetaradell.cat\/ce\/wp-content\/uploads\/2019-03-10_cursa11km-300x225.jpg 300w, https:\/\/cetaradell.cat\/ce\/wp-content\/uploads\/2019-03-10_cursa11km-500x375.jpg 500w, https:\/\/cetaradell.cat\/ce\/wp-content\/uploads\/2019-03-10_cursa11km-700x525.jpg 700w, https:\/\/cetaradell.cat\/ce\/wp-content\/uploads\/2019-03-10_cursa11km-768x576.jpg 768w, https:\/\/cetaradell.cat\/ce\/wp-content\/uploads\/2019-03-10_cursa11km.jpg 1008w\" sizes=\"(max-width: 300px) 100vw, 300px\" \/><\/a>En el de 11 Km s\u2019ha mantingut l\u2019ess\u00e8ncia del recorregut de les 2 darreres edicions, per\u00f2 degut a l\u2019obertura de pistes forestals, s\u2019han agafat variants de corriols per tal de fer una cursa de muntanya m\u00e9s divertida i a la vegada m\u00e9s t\u00e8cnica. Dels 11,3 kil\u00f2metres, un 4% s\u00f3n per asfalt, un 26% per pista i el 70% s\u00f3n corriols; el desnivell acumulat positiu \u00e9s de 470 m, augmentant una mica el desnivell respecte a les 2 darreres edicions.<\/p>\n<p>El recorregut comen\u00e7ar\u00e0 al local del Centre Excursionista de Taradell, i passarem per punts com ara : el Castell de Taradell, Puig Grif\u00f3, Creu de Pedra, Can Moreu, el bosc del Mas\u00f3, Goitallops i de nou cap al local del CET.<\/p>\n<p>El recorregut constar\u00e0 de 2 avituallaments m\u00e9s el de l\u2019arribada.<\/p>\n<p><a href=\"https:\/\/cetaradell.cat\/ce\/wp-content\/uploads\/2019-03-10_cursa11km_1.jpg\" target=\"_blank\" rel=\"attachment noopener wp-att-6892 noreferrer\"><img decoding=\"async\" class=\"alignright wp-image-6892 size-medium\" src=\"https:\/\/cetaradell.cat\/ce\/wp-content\/uploads\/2019-03-10_cursa11km_1-300x225.jpg\" alt=\"2019-03-10_cursa11km_1\" width=\"300\" height=\"225\" srcset=\"https:\/\/cetaradell.cat\/ce\/wp-content\/uploads\/2019-03-10_cursa11km_1-300x225.jpg 300w, https:\/\/cetaradell.cat\/ce\/wp-content\/uploads\/2019-03-10_cursa11km_1-500x375.jpg 500w, https:\/\/cetaradell.cat\/ce\/wp-content\/uploads\/2019-03-10_cursa11km_1-700x525.jpg 700w, https:\/\/cetaradell.cat\/ce\/wp-content\/uploads\/2019-03-10_cursa11km_1-768x576.jpg 768w, https:\/\/cetaradell.cat\/ce\/wp-content\/uploads\/2019-03-10_cursa11km_1.jpg 1008w\" sizes=\"(max-width: 300px) 100vw, 300px\" \/><\/a>Durant la cursa hi trobareu persones de seguretat repartides al llarg del recorregut per tal controlar el transit de bicicletes, motos&#8230; a la vegada que per informar i vetllar per la seguretat de tots els participants. Tamb\u00e9 hi haur\u00e0 2 controls de dorsals situats en els punts clau, per tal de garantir que tothom faci el recorregut sencer.<\/p>\n<p>Tot i ser la cursa \u201cpetita\u201d \u00e9s una prova que t\u00e9 de tot, pujades for\u00e7a dures, trams plans per poder anar r\u00e0pid o b\u00e9 recuperar, baixades on la t\u00e8cnica pot marcar difer\u00e8ncies&#8230; Amb tota seguretat que deixar\u00e0 satisfetes a les persones experimentades, i de ben segur a les persones que s\u2019inicien en el m\u00f3n de les curses de muntanya.<\/p>\n<p style=\"padding-left: 30px;\">\u2022 Recorregut de la cursa de 11 km (cliqueu sobre les imatges per engrandir-les)<\/p>\n<p style=\"padding-left: 30px;\">\u2022 <a href=\"https:\/\/ca.wikiloc.com\/rutes-cursa-de-muntanya\/cursa-per-muntanya-taradell-2019-11km-34258086\" target=\"_blank\" rel=\"noopener noreferrer\">Consultar el track (\u2192)<\/a><\/p>\n<h1 style=\"text-align: center;\"><a href=\"https:\/\/cetaradell.cat\/ce\/wp-content\/uploads\/2019-11km_recorregut.jpg\" target=\"_blank\" rel=\"attachment noopener wp-att-6868 noreferrer\"><img decoding=\"async\" class=\"aligncenter wp-image-6868\" src=\"https:\/\/cetaradell.cat\/ce\/wp-content\/uploads\/2019-11km_recorregut.jpg\" alt=\"2019-11km_recorregut\" width=\"600\" height=\"401\" srcset=\"https:\/\/cetaradell.cat\/ce\/wp-content\/uploads\/2019-11km_recorregut-300x201.jpg 300w, https:\/\/cetaradell.cat\/ce\/wp-content\/uploads\/2019-11km_recorregut-500x334.jpg 500w, https:\/\/cetaradell.cat\/ce\/wp-content\/uploads\/2019-11km_recorregut-700x468.jpg 700w, https:\/\/cetaradell.cat\/ce\/wp-content\/uploads\/2019-11km_recorregut.jpg 740w\" sizes=\"(max-width: 600px) 100vw, 600px\" \/><\/a><\/h1>\n<p style=\"padding-left: 30px;\">\u2022 Perfil de la cursa de 10 km<\/p>\n<h1 style=\"text-align: center;\"><a href=\"https:\/\/cetaradell.cat\/ce\/wp-content\/uploads\/2019-11km_recorregut_2.jpg\" target=\"_blank\" rel=\"attachment noopener wp-att-6869 noreferrer\"><img decoding=\"async\" class=\"aligncenter wp-image-6869 size-full\" src=\"https:\/\/cetaradell.cat\/ce\/wp-content\/uploads\/2019-11km_recorregut_2.jpg\" alt=\"2019-11km_recorregut_2\" width=\"444\" height=\"123\" srcset=\"https:\/\/cetaradell.cat\/ce\/wp-content\/uploads\/2019-11km_recorregut_2-300x83.jpg 300w, https:\/\/cetaradell.cat\/ce\/wp-content\/uploads\/2019-11km_recorregut_2.jpg 444w\" sizes=\"(max-width: 444px) 100vw, 444px\" \/><\/a><\/h1>\n<p><strong>Descripci\u00f3 recorregut 22 km (clica per ampliar)<br \/>\n<\/strong><\/p>\n<p>En el de 22 Km s\u2019ha mantingut l\u2019ess\u00e8ncia del recorregut de les 2 darreres edicions, per\u00f2 degut a l\u2019obertura de pistes forestals, s\u2019han agafat variants de corriols per tal de fer una cursa de muntanya m\u00e9s divertida i a la vegada m\u00e9s t\u00e8cnica. Dels 22,4 kil\u00f2metres, un 3% s\u00f3n per asfalt, un 17% per pista i el 80% s\u00f3n corriols; el desnivell acumulat positiu \u00e9s de 950 m, augmentant una mica el desnivell respecte a les 2 darreres edicions.<\/p>\n<p>El recorregut comen\u00e7ar\u00e0 al local del Centre Excursionista de Taradell, i passarem per punts com ara: el Castell de Taradell, Puig Grif\u00f3, travessarem la carretera pel Coll de Mansa, L\u2019Enclusa, La Trona, La Creu de Puiglagulla, urbanitzaci\u00f3 de la Guineu, la casa de Sallent, El Vilar, la Fosa d\u2019en Tocasons, Can Moreu, el bosc del Mas\u00f3, Goitallops i de nou cap al local del CET.<\/p>\n<p>El recorregut constar\u00e0 de 4 avituallaments m\u00e9s el de l\u2019arribada. La dist\u00e0ncia m\u00e9s gran entre avituallaments estar\u00e0 entre el 2n i el 3r on hi ha una separaci\u00f3 de 5 km.<\/p>\n<p>Durant la cursa hi trobareu persones de seguretat repartides al llarg del recorregut per tal controlar el tr\u00e0nsit de bicis, motos&#8230; a la vegada que per informar i vetllar per la seguretat de tots els participants. Tamb\u00e9 hi haur\u00e0 5 controls de dorsals situats en els punts clau, per tal de garantir que tothom faci el recorregut sencer.<\/p>\n<p>S\u2019ha preparat un recorregut exigent, divertit i paisatg\u00edsticament agradable, pensat \u00fanicament per passar-ho b\u00e9 i per la majoria descobrir corriols a les portes de les Guilleries on provablement no s\u2019hi havia transitat mai.<\/p>\n<p style=\"padding-left: 30px;\"><strong>\u00a0<\/strong><\/p>\n<p style=\"padding-left: 30px;\">\u2022Recorregut de la cursa de 22 km (cliqueu sobre les imatges per engrandir-les)<\/p>\n<p style=\"padding-left: 30px;\">\u2022 <a href=\"https:\/\/ca.wikiloc.com\/rutes-cursa-de-muntanya\/cursa-per-muntanya-taradell-2019-33963425\" target=\"_blank\" rel=\"noopener noreferrer\">Consultar el track (\u2192)<\/a><\/p>\n<h1 style=\"text-align: center;\"><a href=\"https:\/\/cetaradell.cat\/ce\/wp-content\/uploads\/2019-22km_recorregut_1.jpg\" target=\"_blank\" rel=\"attachment noopener wp-att-6851 noreferrer\"><img decoding=\"async\" class=\"aligncenter wp-image-6851\" src=\"https:\/\/cetaradell.cat\/ce\/wp-content\/uploads\/2019-22km_recorregut_1.jpg\" alt=\"2019-22km_recorregut_1\" width=\"600\" height=\"400\" srcset=\"https:\/\/cetaradell.cat\/ce\/wp-content\/uploads\/2019-22km_recorregut_1-300x200.jpg 300w, https:\/\/cetaradell.cat\/ce\/wp-content\/uploads\/2019-22km_recorregut_1-500x333.jpg 500w, https:\/\/cetaradell.cat\/ce\/wp-content\/uploads\/2019-22km_recorregut_1-700x466.jpg 700w, https:\/\/cetaradell.cat\/ce\/wp-content\/uploads\/2019-22km_recorregut_1-768x511.jpg 768w, https:\/\/cetaradell.cat\/ce\/wp-content\/uploads\/2019-22km_recorregut_1.jpg 925w\" sizes=\"(max-width: 600px) 100vw, 600px\" \/><\/a><\/h1>\n<p style=\"padding-left: 30px;\">\u2022Perfil de la cursa de 22 km<\/p>\n<p style=\"text-align: left;\"><a href=\"https:\/\/cetaradell.cat\/ce\/wp-content\/uploads\/2019-22km_recorregut_2.jpg\" target=\"_blank\" rel=\"attachment noopener wp-att-6853 noreferrer\"><img decoding=\"async\" class=\"aligncenter wp-image-6853 size-full\" src=\"https:\/\/cetaradell.cat\/ce\/wp-content\/uploads\/2019-22km_recorregut_2.jpg\" alt=\"2019-22km_recorregut_2\" width=\"451\" height=\"110\" srcset=\"https:\/\/cetaradell.cat\/ce\/wp-content\/uploads\/2019-22km_recorregut_2-300x73.jpg 300w, https:\/\/cetaradell.cat\/ce\/wp-content\/uploads\/2019-22km_recorregut_2.jpg 451w\" sizes=\"(max-width: 451px) 100vw, 451px\" \/><\/a><\/p>\n","protected":false},"excerpt":{"rendered":"<p>En aquesta 9\u00aa edici\u00f3 de la Cursa per muntanya de Taradell hem preparat 2 recorreguts un de 22 Km i un de 11 Km. Descripci\u00f3 recorregut 11 km (clica per ampliar) En el de 11 Km s\u2019ha mantingut l\u2019ess\u00e8ncia del recorregut de les 2 darreres edicions, per\u00f2 degut a l\u2019obertura  [&#8230;]<\/p>\n","protected":false},"author":1,"featured_media":6892,"comment_status":"closed","ping_status":"closed","sticky":false,"template":"","format":"standard","meta":{"footnotes":""},"categories":[4,25,8],"tags":[],"class_list":["post-6882","post","type-post","status-publish","format-standard","has-post-thumbnail","hentry","category-activitats","category-cursa-de-taradell","category-curses"],"yoast_head":"<!-- This site is optimized with the Yoast SEO plugin v27.5 - https:\/\/yoast.com\/product\/yoast-seo-wordpress\/ -->\n<title>9a Cursa per muntanya Taradell - Recorreguts - Centre Excursionista Taradell<\/title>\n<meta name=\"robots\" content=\"index, follow, max-snippet:-1, max-image-preview:large, max-video-preview:-1\" \/>\n<link rel=\"canonical\" href=\"https:\/\/cetaradell.cat\/ce\/9a-cursa-per-muntanya-taradell-recorreguts\/\" \/>\n<meta property=\"og:locale\" content=\"ca_ES\" \/>\n<meta property=\"og:type\" content=\"article\" \/>\n<meta property=\"og:title\" content=\"9a Cursa per muntanya Taradell - Recorreguts - Centre Excursionista Taradell\" \/>\n<meta property=\"og:description\" content=\"En aquesta 9\u00aa edici\u00f3 de la Cursa per muntanya de Taradell hem preparat 2 recorreguts un de 22 Km i un de 11 Km. Descripci\u00f3 recorregut 11 km (clica per ampliar) En el de 11 Km s\u2019ha mantingut l\u2019ess\u00e8ncia del recorregut de les 2 darreres edicions, per\u00f2 degut a l\u2019obertura [...]\" \/>\n<meta property=\"og:url\" content=\"https:\/\/cetaradell.cat\/ce\/9a-cursa-per-muntanya-taradell-recorreguts\/\" \/>\n<meta property=\"og:site_name\" content=\"Centre Excursionista Taradell\" \/>\n<meta property=\"article:publisher\" content=\"https:\/\/www.facebook.com\/CETaradell\/\" \/>\n<meta property=\"article:published_time\" content=\"2019-03-22T22:09:52+00:00\" \/>\n<meta property=\"article:modified_time\" content=\"2020-06-07T19:47:01+00:00\" \/>\n<meta property=\"og:image\" content=\"https:\/\/cetaradell.cat\/ce\/wp-content\/uploads\/2019-03-10_cursa11km_1.jpg\" \/>\n\t<meta property=\"og:image:width\" content=\"1008\" \/>\n\t<meta property=\"og:image:height\" content=\"756\" \/>\n\t<meta property=\"og:image:type\" content=\"image\/jpeg\" \/>\n<meta name=\"author\" content=\"CET\" \/>\n<meta name=\"twitter:card\" content=\"summary_large_image\" \/>\n<meta name=\"twitter:label1\" content=\"Escrit per\" \/>\n\t<meta name=\"twitter:data1\" content=\"CET\" \/>\n\t<meta name=\"twitter:label2\" content=\"Temps estimat de lectura\" \/>\n\t<meta name=\"twitter:data2\" content=\"3 minuts\" \/>\n<script type=\"application\/ld+json\" class=\"yoast-schema-graph\">{\"@context\":\"https:\\\/\\\/schema.org\",\"@graph\":[{\"@type\":\"Article\",\"@id\":\"https:\\\/\\\/cetaradell.cat\\\/ce\\\/9a-cursa-per-muntanya-taradell-recorreguts\\\/#article\",\"isPartOf\":{\"@id\":\"https:\\\/\\\/cetaradell.cat\\\/ce\\\/9a-cursa-per-muntanya-taradell-recorreguts\\\/\"},\"author\":{\"name\":\"CET\",\"@id\":\"https:\\\/\\\/cetaradell.cat\\\/ce\\\/#\\\/schema\\\/person\\\/92a59f585073071c7be6649e84b22f78\"},\"headline\":\"9a Cursa per muntanya Taradell &#8211; Recorreguts\",\"datePublished\":\"2019-03-22T22:09:52+00:00\",\"dateModified\":\"2020-06-07T19:47:01+00:00\",\"mainEntityOfPage\":{\"@id\":\"https:\\\/\\\/cetaradell.cat\\\/ce\\\/9a-cursa-per-muntanya-taradell-recorreguts\\\/\"},\"wordCount\":614,\"image\":{\"@id\":\"https:\\\/\\\/cetaradell.cat\\\/ce\\\/9a-cursa-per-muntanya-taradell-recorreguts\\\/#primaryimage\"},\"thumbnailUrl\":\"https:\\\/\\\/cetaradell.cat\\\/ce\\\/wp-content\\\/uploads\\\/2019-03-10_cursa11km_1.jpg\",\"articleSection\":[\"Activitats\",\"Cursa per Muntanya de Taradell\",\"Curses\"],\"inLanguage\":\"ca\"},{\"@type\":\"WebPage\",\"@id\":\"https:\\\/\\\/cetaradell.cat\\\/ce\\\/9a-cursa-per-muntanya-taradell-recorreguts\\\/\",\"url\":\"https:\\\/\\\/cetaradell.cat\\\/ce\\\/9a-cursa-per-muntanya-taradell-recorreguts\\\/\",\"name\":\"9a Cursa per muntanya Taradell - Recorreguts - Centre Excursionista Taradell\",\"isPartOf\":{\"@id\":\"https:\\\/\\\/cetaradell.cat\\\/ce\\\/#website\"},\"primaryImageOfPage\":{\"@id\":\"https:\\\/\\\/cetaradell.cat\\\/ce\\\/9a-cursa-per-muntanya-taradell-recorreguts\\\/#primaryimage\"},\"image\":{\"@id\":\"https:\\\/\\\/cetaradell.cat\\\/ce\\\/9a-cursa-per-muntanya-taradell-recorreguts\\\/#primaryimage\"},\"thumbnailUrl\":\"https:\\\/\\\/cetaradell.cat\\\/ce\\\/wp-content\\\/uploads\\\/2019-03-10_cursa11km_1.jpg\",\"datePublished\":\"2019-03-22T22:09:52+00:00\",\"dateModified\":\"2020-06-07T19:47:01+00:00\",\"author\":{\"@id\":\"https:\\\/\\\/cetaradell.cat\\\/ce\\\/#\\\/schema\\\/person\\\/92a59f585073071c7be6649e84b22f78\"},\"breadcrumb\":{\"@id\":\"https:\\\/\\\/cetaradell.cat\\\/ce\\\/9a-cursa-per-muntanya-taradell-recorreguts\\\/#breadcrumb\"},\"inLanguage\":\"ca\",\"potentialAction\":[{\"@type\":\"ReadAction\",\"target\":[\"https:\\\/\\\/cetaradell.cat\\\/ce\\\/9a-cursa-per-muntanya-taradell-recorreguts\\\/\"]}]},{\"@type\":\"ImageObject\",\"inLanguage\":\"ca\",\"@id\":\"https:\\\/\\\/cetaradell.cat\\\/ce\\\/9a-cursa-per-muntanya-taradell-recorreguts\\\/#primaryimage\",\"url\":\"https:\\\/\\\/cetaradell.cat\\\/ce\\\/wp-content\\\/uploads\\\/2019-03-10_cursa11km_1.jpg\",\"contentUrl\":\"https:\\\/\\\/cetaradell.cat\\\/ce\\\/wp-content\\\/uploads\\\/2019-03-10_cursa11km_1.jpg\",\"width\":1008,\"height\":756},{\"@type\":\"BreadcrumbList\",\"@id\":\"https:\\\/\\\/cetaradell.cat\\\/ce\\\/9a-cursa-per-muntanya-taradell-recorreguts\\\/#breadcrumb\",\"itemListElement\":[{\"@type\":\"ListItem\",\"position\":1,\"name\":\"Inici\",\"item\":\"https:\\\/\\\/cetaradell.cat\\\/ce\\\/\"},{\"@type\":\"ListItem\",\"position\":2,\"name\":\"9a Cursa per muntanya Taradell &#8211; Recorreguts\"}]},{\"@type\":\"WebSite\",\"@id\":\"https:\\\/\\\/cetaradell.cat\\\/ce\\\/#website\",\"url\":\"https:\\\/\\\/cetaradell.cat\\\/ce\\\/\",\"name\":\"Centre Excursionista Taradell\",\"description\":\"\",\"potentialAction\":[{\"@type\":\"SearchAction\",\"target\":{\"@type\":\"EntryPoint\",\"urlTemplate\":\"https:\\\/\\\/cetaradell.cat\\\/ce\\\/?s={search_term_string}\"},\"query-input\":{\"@type\":\"PropertyValueSpecification\",\"valueRequired\":true,\"valueName\":\"search_term_string\"}}],\"inLanguage\":\"ca\"},{\"@type\":\"Person\",\"@id\":\"https:\\\/\\\/cetaradell.cat\\\/ce\\\/#\\\/schema\\\/person\\\/92a59f585073071c7be6649e84b22f78\",\"name\":\"CET\",\"image\":{\"@type\":\"ImageObject\",\"inLanguage\":\"ca\",\"@id\":\"https:\\\/\\\/secure.gravatar.com\\\/avatar\\\/d6fbe010d42056feccc0f613ed07277a5118442805079269f12dabdc42e1a727?s=96&d=mm&r=g\",\"url\":\"https:\\\/\\\/secure.gravatar.com\\\/avatar\\\/d6fbe010d42056feccc0f613ed07277a5118442805079269f12dabdc42e1a727?s=96&d=mm&r=g\",\"contentUrl\":\"https:\\\/\\\/secure.gravatar.com\\\/avatar\\\/d6fbe010d42056feccc0f613ed07277a5118442805079269f12dabdc42e1a727?s=96&d=mm&r=g\",\"caption\":\"CET\"},\"url\":\"https:\\\/\\\/cetaradell.cat\\\/ce\\\/author\\\/root\\\/\"}]}<\/script>\n<!-- \/ Yoast SEO plugin. -->","yoast_head_json":{"title":"9a Cursa per muntanya Taradell - Recorreguts - Centre Excursionista Taradell","robots":{"index":"index","follow":"follow","max-snippet":"max-snippet:-1","max-image-preview":"max-image-preview:large","max-video-preview":"max-video-preview:-1"},"canonical":"https:\/\/cetaradell.cat\/ce\/9a-cursa-per-muntanya-taradell-recorreguts\/","og_locale":"ca_ES","og_type":"article","og_title":"9a Cursa per muntanya Taradell - Recorreguts - Centre Excursionista Taradell","og_description":"En aquesta 9\u00aa edici\u00f3 de la Cursa per muntanya de Taradell hem preparat 2 recorreguts un de 22 Km i un de 11 Km. Descripci\u00f3 recorregut 11 km (clica per ampliar) En el de 11 Km s\u2019ha mantingut l\u2019ess\u00e8ncia del recorregut de les 2 darreres edicions, per\u00f2 degut a l\u2019obertura [...]","og_url":"https:\/\/cetaradell.cat\/ce\/9a-cursa-per-muntanya-taradell-recorreguts\/","og_site_name":"Centre Excursionista Taradell","article_publisher":"https:\/\/www.facebook.com\/CETaradell\/","article_published_time":"2019-03-22T22:09:52+00:00","article_modified_time":"2020-06-07T19:47:01+00:00","og_image":[{"width":1008,"height":756,"url":"https:\/\/cetaradell.cat\/ce\/wp-content\/uploads\/2019-03-10_cursa11km_1.jpg","type":"image\/jpeg"}],"author":"CET","twitter_card":"summary_large_image","twitter_misc":{"Escrit per":"CET","Temps estimat de lectura":"3 minuts"},"schema":{"@context":"https:\/\/schema.org","@graph":[{"@type":"Article","@id":"https:\/\/cetaradell.cat\/ce\/9a-cursa-per-muntanya-taradell-recorreguts\/#article","isPartOf":{"@id":"https:\/\/cetaradell.cat\/ce\/9a-cursa-per-muntanya-taradell-recorreguts\/"},"author":{"name":"CET","@id":"https:\/\/cetaradell.cat\/ce\/#\/schema\/person\/92a59f585073071c7be6649e84b22f78"},"headline":"9a Cursa per muntanya Taradell &#8211; Recorreguts","datePublished":"2019-03-22T22:09:52+00:00","dateModified":"2020-06-07T19:47:01+00:00","mainEntityOfPage":{"@id":"https:\/\/cetaradell.cat\/ce\/9a-cursa-per-muntanya-taradell-recorreguts\/"},"wordCount":614,"image":{"@id":"https:\/\/cetaradell.cat\/ce\/9a-cursa-per-muntanya-taradell-recorreguts\/#primaryimage"},"thumbnailUrl":"https:\/\/cetaradell.cat\/ce\/wp-content\/uploads\/2019-03-10_cursa11km_1.jpg","articleSection":["Activitats","Cursa per Muntanya de Taradell","Curses"],"inLanguage":"ca"},{"@type":"WebPage","@id":"https:\/\/cetaradell.cat\/ce\/9a-cursa-per-muntanya-taradell-recorreguts\/","url":"https:\/\/cetaradell.cat\/ce\/9a-cursa-per-muntanya-taradell-recorreguts\/","name":"9a Cursa per muntanya Taradell - Recorreguts - Centre Excursionista Taradell","isPartOf":{"@id":"https:\/\/cetaradell.cat\/ce\/#website"},"primaryImageOfPage":{"@id":"https:\/\/cetaradell.cat\/ce\/9a-cursa-per-muntanya-taradell-recorreguts\/#primaryimage"},"image":{"@id":"https:\/\/cetaradell.cat\/ce\/9a-cursa-per-muntanya-taradell-recorreguts\/#primaryimage"},"thumbnailUrl":"https:\/\/cetaradell.cat\/ce\/wp-content\/uploads\/2019-03-10_cursa11km_1.jpg","datePublished":"2019-03-22T22:09:52+00:00","dateModified":"2020-06-07T19:47:01+00:00","author":{"@id":"https:\/\/cetaradell.cat\/ce\/#\/schema\/person\/92a59f585073071c7be6649e84b22f78"},"breadcrumb":{"@id":"https:\/\/cetaradell.cat\/ce\/9a-cursa-per-muntanya-taradell-recorreguts\/#breadcrumb"},"inLanguage":"ca","potentialAction":[{"@type":"ReadAction","target":["https:\/\/cetaradell.cat\/ce\/9a-cursa-per-muntanya-taradell-recorreguts\/"]}]},{"@type":"ImageObject","inLanguage":"ca","@id":"https:\/\/cetaradell.cat\/ce\/9a-cursa-per-muntanya-taradell-recorreguts\/#primaryimage","url":"https:\/\/cetaradell.cat\/ce\/wp-content\/uploads\/2019-03-10_cursa11km_1.jpg","contentUrl":"https:\/\/cetaradell.cat\/ce\/wp-content\/uploads\/2019-03-10_cursa11km_1.jpg","width":1008,"height":756},{"@type":"BreadcrumbList","@id":"https:\/\/cetaradell.cat\/ce\/9a-cursa-per-muntanya-taradell-recorreguts\/#breadcrumb","itemListElement":[{"@type":"ListItem","position":1,"name":"Inici","item":"https:\/\/cetaradell.cat\/ce\/"},{"@type":"ListItem","position":2,"name":"9a Cursa per muntanya Taradell &#8211; Recorreguts"}]},{"@type":"WebSite","@id":"https:\/\/cetaradell.cat\/ce\/#website","url":"https:\/\/cetaradell.cat\/ce\/","name":"Centre Excursionista Taradell","description":"","potentialAction":[{"@type":"SearchAction","target":{"@type":"EntryPoint","urlTemplate":"https:\/\/cetaradell.cat\/ce\/?s={search_term_string}"},"query-input":{"@type":"PropertyValueSpecification","valueRequired":true,"valueName":"search_term_string"}}],"inLanguage":"ca"},{"@type":"Person","@id":"https:\/\/cetaradell.cat\/ce\/#\/schema\/person\/92a59f585073071c7be6649e84b22f78","name":"CET","image":{"@type":"ImageObject","inLanguage":"ca","@id":"https:\/\/secure.gravatar.com\/avatar\/d6fbe010d42056feccc0f613ed07277a5118442805079269f12dabdc42e1a727?s=96&d=mm&r=g","url":"https:\/\/secure.gravatar.com\/avatar\/d6fbe010d42056feccc0f613ed07277a5118442805079269f12dabdc42e1a727?s=96&d=mm&r=g","contentUrl":"https:\/\/secure.gravatar.com\/avatar\/d6fbe010d42056feccc0f613ed07277a5118442805079269f12dabdc42e1a727?s=96&d=mm&r=g","caption":"CET"},"url":"https:\/\/cetaradell.cat\/ce\/author\/root\/"}]}},"_links":{"self":[{"href":"https:\/\/cetaradell.cat\/ce\/wp-json\/wp\/v2\/posts\/6882","targetHints":{"allow":["GET"]}}],"collection":[{"href":"https:\/\/cetaradell.cat\/ce\/wp-json\/wp\/v2\/posts"}],"about":[{"href":"https:\/\/cetaradell.cat\/ce\/wp-json\/wp\/v2\/types\/post"}],"author":[{"embeddable":true,"href":"https:\/\/cetaradell.cat\/ce\/wp-json\/wp\/v2\/users\/1"}],"replies":[{"embeddable":true,"href":"https:\/\/cetaradell.cat\/ce\/wp-json\/wp\/v2\/comments?post=6882"}],"version-history":[{"count":0,"href":"https:\/\/cetaradell.cat\/ce\/wp-json\/wp\/v2\/posts\/6882\/revisions"}],"wp:featuredmedia":[{"embeddable":true,"href":"https:\/\/cetaradell.cat\/ce\/wp-json\/wp\/v2\/media\/6892"}],"wp:attachment":[{"href":"https:\/\/cetaradell.cat\/ce\/wp-json\/wp\/v2\/media?parent=6882"}],"wp:term":[{"taxonomy":"category","embeddable":true,"href":"https:\/\/cetaradell.cat\/ce\/wp-json\/wp\/v2\/categories?post=6882"},{"taxonomy":"post_tag","embeddable":true,"href":"https:\/\/cetaradell.cat\/ce\/wp-json\/wp\/v2\/tags?post=6882"}],"curies":[{"name":"wp","href":"https:\/\/api.w.org\/{rel}","templated":true}]}}