{"id":6929,"date":"2019-03-30T22:24:15","date_gmt":"2019-03-30T21:24:15","guid":{"rendered":"https:\/\/cetaradell.cat\/ce\/?p=6929"},"modified":"2020-06-02T22:03:57","modified_gmt":"2020-06-02T21:03:57","slug":"oriol-pujol-a-la-catalonia-kids-cup","status":"publish","type":"post","link":"https:\/\/cetaradell.cat\/ce\/oriol-pujol-a-la-catalonia-kids-cup\/","title":{"rendered":"Oriol Pujol a la Catalonia Kids Cup de curses de muntanya"},"content":{"rendered":"<div id=\"attachment_6930\" style=\"width: 310px\" class=\"wp-caption alignleft\"><a href=\"https:\/\/cetaradell.cat\/ce\/wp-content\/uploads\/2019-02-23-Plarticfoto_APujol-1.jpeg\" target=\"_blank\" rel=\"attachment noopener wp-att-6930 noreferrer\"><img decoding=\"async\" aria-describedby=\"caption-attachment-6930\" class=\"wp-image-6930 size-medium\" src=\"https:\/\/cetaradell.cat\/ce\/wp-content\/uploads\/2019-02-23-Plarticfoto_APujol-1-300x225.jpeg\" alt=\"2019-02-23-Plartic(foto_APujol) (1)\" width=\"300\" height=\"225\" srcset=\"https:\/\/cetaradell.cat\/ce\/wp-content\/uploads\/2019-02-23-Plarticfoto_APujol-1-300x225.jpeg 300w, https:\/\/cetaradell.cat\/ce\/wp-content\/uploads\/2019-02-23-Plarticfoto_APujol-1-500x375.jpeg 500w, https:\/\/cetaradell.cat\/ce\/wp-content\/uploads\/2019-02-23-Plarticfoto_APujol-1-700x525.jpeg 700w, https:\/\/cetaradell.cat\/ce\/wp-content\/uploads\/2019-02-23-Plarticfoto_APujol-1-768x576.jpeg 768w, https:\/\/cetaradell.cat\/ce\/wp-content\/uploads\/2019-02-23-Plarticfoto_APujol-1-1024x768.jpeg 1024w, https:\/\/cetaradell.cat\/ce\/wp-content\/uploads\/2019-02-23-Plarticfoto_APujol-1.jpeg 1277w\" sizes=\"(max-width: 300px) 100vw, 300px\" \/><\/a><p id=\"caption-attachment-6930\" class=\"wp-caption-text\">Oriol Pujol, 3r a la Polartic (Foto: A. Pujol)<\/p><\/div>\n<p>El jove soci del CET, Oriol Pujol, de 8 anys, aquest primer trimestre d\u2019any a participat a les dues curses que s\u2019han celebrat de la <strong>Catalonia Kids Cup 2019<\/strong> classificant-se, a les dues curses, en tercer lloc de la categoria prebenjamins. La <strong>Catalonia Kids Cup<\/strong> \u00e9s un circuit de les millors curses de muntanya infantils per a nens d\u2019entre 8 i 16 anys.<\/p>\n<p>El dia 23 de febrer va participar a la <strong>Polartic Snowrunning<\/strong> celebrada a la Vall de N\u00faria. Una cursa de 2 quil\u00f2metres molt especial perqu\u00e8 es corra sobre neu, i el 9 de mar\u00e7 va participar a la Cursa infantil de muntanya <strong>Caminet dels Ibers<\/strong> celebrada a Font de Can Planes de la Roca del Vall\u00e8s.<\/p>\n<p>&nbsp;<\/p>\n<div id=\"attachment_6931\" style=\"width: 310px\" class=\"wp-caption aligncenter\"><a href=\"https:\/\/cetaradell.cat\/ce\/wp-content\/uploads\/2019-03-09-caminet_ibersfoto_APujol-1b.jpeg\" target=\"_blank\" rel=\"attachment noopener wp-att-6931 noreferrer\"><img decoding=\"async\" aria-describedby=\"caption-attachment-6931\" class=\"wp-image-6931 size-medium\" src=\"https:\/\/cetaradell.cat\/ce\/wp-content\/uploads\/2019-03-09-caminet_ibersfoto_APujol-1b-300x225.jpeg\" alt=\"2019-03-09-caminet_ibers(foto_APujol) (1)b\" width=\"300\" height=\"225\" srcset=\"https:\/\/cetaradell.cat\/ce\/wp-content\/uploads\/2019-03-09-caminet_ibersfoto_APujol-1b-300x225.jpeg 300w, https:\/\/cetaradell.cat\/ce\/wp-content\/uploads\/2019-03-09-caminet_ibersfoto_APujol-1b-500x375.jpeg 500w, https:\/\/cetaradell.cat\/ce\/wp-content\/uploads\/2019-03-09-caminet_ibersfoto_APujol-1b-700x525.jpeg 700w, https:\/\/cetaradell.cat\/ce\/wp-content\/uploads\/2019-03-09-caminet_ibersfoto_APujol-1b-768x576.jpeg 768w, https:\/\/cetaradell.cat\/ce\/wp-content\/uploads\/2019-03-09-caminet_ibersfoto_APujol-1b-1024x768.jpeg 1024w, https:\/\/cetaradell.cat\/ce\/wp-content\/uploads\/2019-03-09-caminet_ibersfoto_APujol-1b.jpeg 1428w\" sizes=\"(max-width: 300px) 100vw, 300px\" \/><\/a><p id=\"caption-attachment-6931\" class=\"wp-caption-text\">Oriol Pujol, 3a a la Caminet dels Ibers (Foto: A. Pujol)<\/p><\/div>\n","protected":false},"excerpt":{"rendered":"<p>El jove soci del CET, Oriol Pujol, de 8 anys, aquest primer trimestre d\u2019any a participat a les dues curses que s\u2019han celebrat de la Catalonia Kids Cup 2019 classificant-se, a les dues curses, en tercer lloc de la categoria prebenjamins. La Catalonia Kids Cup \u00e9s un circuit de les  [&#8230;]<\/p>\n","protected":false},"author":1,"featured_media":6930,"comment_status":"closed","ping_status":"closed","sticky":false,"template":"","format":"standard","meta":{"footnotes":""},"categories":[8,3],"tags":[],"class_list":["post-6929","post","type-post","status-publish","format-standard","has-post-thumbnail","hentry","category-curses","category-noticies"],"yoast_head":"<!-- This site is optimized with the Yoast SEO plugin v27.4 - https:\/\/yoast.com\/product\/yoast-seo-wordpress\/ -->\n<title>Oriol Pujol a la Catalonia Kids Cup de curses de muntanya - Centre Excursionista Taradell<\/title>\n<meta name=\"robots\" content=\"index, follow, max-snippet:-1, max-image-preview:large, max-video-preview:-1\" \/>\n<link rel=\"canonical\" href=\"https:\/\/cetaradell.cat\/ce\/oriol-pujol-a-la-catalonia-kids-cup\/\" \/>\n<meta property=\"og:locale\" content=\"ca_ES\" \/>\n<meta property=\"og:type\" content=\"article\" \/>\n<meta property=\"og:title\" content=\"Oriol Pujol a la Catalonia Kids Cup de curses de muntanya - Centre Excursionista Taradell\" \/>\n<meta property=\"og:description\" content=\"El jove soci del CET, Oriol Pujol, de 8 anys, aquest primer trimestre d\u2019any a participat a les dues curses que s\u2019han celebrat de la Catalonia Kids Cup 2019 classificant-se, a les dues curses, en tercer lloc de la categoria prebenjamins. La Catalonia Kids Cup \u00e9s un circuit de les [...]\" \/>\n<meta property=\"og:url\" content=\"https:\/\/cetaradell.cat\/ce\/oriol-pujol-a-la-catalonia-kids-cup\/\" \/>\n<meta property=\"og:site_name\" content=\"Centre Excursionista Taradell\" \/>\n<meta property=\"article:publisher\" content=\"https:\/\/www.facebook.com\/CETaradell\/\" \/>\n<meta property=\"article:published_time\" content=\"2019-03-30T21:24:15+00:00\" \/>\n<meta property=\"article:modified_time\" content=\"2020-06-02T21:03:57+00:00\" \/>\n<meta property=\"og:image\" content=\"https:\/\/cetaradell.cat\/ce\/wp-content\/uploads\/2019-02-23-Plarticfoto_APujol-1.jpeg\" \/>\n\t<meta property=\"og:image:width\" content=\"1277\" \/>\n\t<meta property=\"og:image:height\" content=\"958\" \/>\n\t<meta property=\"og:image:type\" content=\"image\/jpeg\" \/>\n<meta name=\"author\" content=\"CET\" \/>\n<meta name=\"twitter:card\" content=\"summary_large_image\" \/>\n<meta name=\"twitter:label1\" content=\"Escrit per\" \/>\n\t<meta name=\"twitter:data1\" content=\"CET\" \/>\n\t<meta name=\"twitter:label2\" content=\"Temps estimat de lectura\" \/>\n\t<meta name=\"twitter:data2\" content=\"1 minut\" \/>\n<script type=\"application\/ld+json\" class=\"yoast-schema-graph\">{\"@context\":\"https:\\\/\\\/schema.org\",\"@graph\":[{\"@type\":\"Article\",\"@id\":\"https:\\\/\\\/cetaradell.cat\\\/ce\\\/oriol-pujol-a-la-catalonia-kids-cup\\\/#article\",\"isPartOf\":{\"@id\":\"https:\\\/\\\/cetaradell.cat\\\/ce\\\/oriol-pujol-a-la-catalonia-kids-cup\\\/\"},\"author\":{\"name\":\"CET\",\"@id\":\"https:\\\/\\\/cetaradell.cat\\\/ce\\\/#\\\/schema\\\/person\\\/92a59f585073071c7be6649e84b22f78\"},\"headline\":\"Oriol Pujol a la Catalonia Kids Cup de curses de muntanya\",\"datePublished\":\"2019-03-30T21:24:15+00:00\",\"dateModified\":\"2020-06-02T21:03:57+00:00\",\"mainEntityOfPage\":{\"@id\":\"https:\\\/\\\/cetaradell.cat\\\/ce\\\/oriol-pujol-a-la-catalonia-kids-cup\\\/\"},\"wordCount\":164,\"image\":{\"@id\":\"https:\\\/\\\/cetaradell.cat\\\/ce\\\/oriol-pujol-a-la-catalonia-kids-cup\\\/#primaryimage\"},\"thumbnailUrl\":\"https:\\\/\\\/cetaradell.cat\\\/ce\\\/wp-content\\\/uploads\\\/2019-02-23-Plarticfoto_APujol-1.jpeg\",\"articleSection\":[\"Curses\",\"Not\u00edcies\"],\"inLanguage\":\"ca\"},{\"@type\":\"WebPage\",\"@id\":\"https:\\\/\\\/cetaradell.cat\\\/ce\\\/oriol-pujol-a-la-catalonia-kids-cup\\\/\",\"url\":\"https:\\\/\\\/cetaradell.cat\\\/ce\\\/oriol-pujol-a-la-catalonia-kids-cup\\\/\",\"name\":\"Oriol Pujol a la Catalonia Kids Cup de curses de muntanya - Centre Excursionista Taradell\",\"isPartOf\":{\"@id\":\"https:\\\/\\\/cetaradell.cat\\\/ce\\\/#website\"},\"primaryImageOfPage\":{\"@id\":\"https:\\\/\\\/cetaradell.cat\\\/ce\\\/oriol-pujol-a-la-catalonia-kids-cup\\\/#primaryimage\"},\"image\":{\"@id\":\"https:\\\/\\\/cetaradell.cat\\\/ce\\\/oriol-pujol-a-la-catalonia-kids-cup\\\/#primaryimage\"},\"thumbnailUrl\":\"https:\\\/\\\/cetaradell.cat\\\/ce\\\/wp-content\\\/uploads\\\/2019-02-23-Plarticfoto_APujol-1.jpeg\",\"datePublished\":\"2019-03-30T21:24:15+00:00\",\"dateModified\":\"2020-06-02T21:03:57+00:00\",\"author\":{\"@id\":\"https:\\\/\\\/cetaradell.cat\\\/ce\\\/#\\\/schema\\\/person\\\/92a59f585073071c7be6649e84b22f78\"},\"breadcrumb\":{\"@id\":\"https:\\\/\\\/cetaradell.cat\\\/ce\\\/oriol-pujol-a-la-catalonia-kids-cup\\\/#breadcrumb\"},\"inLanguage\":\"ca\",\"potentialAction\":[{\"@type\":\"ReadAction\",\"target\":[\"https:\\\/\\\/cetaradell.cat\\\/ce\\\/oriol-pujol-a-la-catalonia-kids-cup\\\/\"]}]},{\"@type\":\"ImageObject\",\"inLanguage\":\"ca\",\"@id\":\"https:\\\/\\\/cetaradell.cat\\\/ce\\\/oriol-pujol-a-la-catalonia-kids-cup\\\/#primaryimage\",\"url\":\"https:\\\/\\\/cetaradell.cat\\\/ce\\\/wp-content\\\/uploads\\\/2019-02-23-Plarticfoto_APujol-1.jpeg\",\"contentUrl\":\"https:\\\/\\\/cetaradell.cat\\\/ce\\\/wp-content\\\/uploads\\\/2019-02-23-Plarticfoto_APujol-1.jpeg\",\"width\":1277,\"height\":958},{\"@type\":\"BreadcrumbList\",\"@id\":\"https:\\\/\\\/cetaradell.cat\\\/ce\\\/oriol-pujol-a-la-catalonia-kids-cup\\\/#breadcrumb\",\"itemListElement\":[{\"@type\":\"ListItem\",\"position\":1,\"name\":\"Inici\",\"item\":\"https:\\\/\\\/cetaradell.cat\\\/ce\\\/\"},{\"@type\":\"ListItem\",\"position\":2,\"name\":\"Oriol Pujol a la Catalonia Kids Cup de curses de muntanya\"}]},{\"@type\":\"WebSite\",\"@id\":\"https:\\\/\\\/cetaradell.cat\\\/ce\\\/#website\",\"url\":\"https:\\\/\\\/cetaradell.cat\\\/ce\\\/\",\"name\":\"Centre Excursionista Taradell\",\"description\":\"\",\"potentialAction\":[{\"@type\":\"SearchAction\",\"target\":{\"@type\":\"EntryPoint\",\"urlTemplate\":\"https:\\\/\\\/cetaradell.cat\\\/ce\\\/?s={search_term_string}\"},\"query-input\":{\"@type\":\"PropertyValueSpecification\",\"valueRequired\":true,\"valueName\":\"search_term_string\"}}],\"inLanguage\":\"ca\"},{\"@type\":\"Person\",\"@id\":\"https:\\\/\\\/cetaradell.cat\\\/ce\\\/#\\\/schema\\\/person\\\/92a59f585073071c7be6649e84b22f78\",\"name\":\"CET\",\"image\":{\"@type\":\"ImageObject\",\"inLanguage\":\"ca\",\"@id\":\"https:\\\/\\\/secure.gravatar.com\\\/avatar\\\/d6fbe010d42056feccc0f613ed07277a5118442805079269f12dabdc42e1a727?s=96&d=mm&r=g\",\"url\":\"https:\\\/\\\/secure.gravatar.com\\\/avatar\\\/d6fbe010d42056feccc0f613ed07277a5118442805079269f12dabdc42e1a727?s=96&d=mm&r=g\",\"contentUrl\":\"https:\\\/\\\/secure.gravatar.com\\\/avatar\\\/d6fbe010d42056feccc0f613ed07277a5118442805079269f12dabdc42e1a727?s=96&d=mm&r=g\",\"caption\":\"CET\"},\"url\":\"https:\\\/\\\/cetaradell.cat\\\/ce\\\/author\\\/root\\\/\"}]}<\/script>\n<!-- \/ Yoast SEO plugin. -->","yoast_head_json":{"title":"Oriol Pujol a la Catalonia Kids Cup de curses de muntanya - Centre Excursionista Taradell","robots":{"index":"index","follow":"follow","max-snippet":"max-snippet:-1","max-image-preview":"max-image-preview:large","max-video-preview":"max-video-preview:-1"},"canonical":"https:\/\/cetaradell.cat\/ce\/oriol-pujol-a-la-catalonia-kids-cup\/","og_locale":"ca_ES","og_type":"article","og_title":"Oriol Pujol a la Catalonia Kids Cup de curses de muntanya - Centre Excursionista Taradell","og_description":"El jove soci del CET, Oriol Pujol, de 8 anys, aquest primer trimestre d\u2019any a participat a les dues curses que s\u2019han celebrat de la Catalonia Kids Cup 2019 classificant-se, a les dues curses, en tercer lloc de la categoria prebenjamins. La Catalonia Kids Cup \u00e9s un circuit de les [...]","og_url":"https:\/\/cetaradell.cat\/ce\/oriol-pujol-a-la-catalonia-kids-cup\/","og_site_name":"Centre Excursionista Taradell","article_publisher":"https:\/\/www.facebook.com\/CETaradell\/","article_published_time":"2019-03-30T21:24:15+00:00","article_modified_time":"2020-06-02T21:03:57+00:00","og_image":[{"width":1277,"height":958,"url":"https:\/\/cetaradell.cat\/ce\/wp-content\/uploads\/2019-02-23-Plarticfoto_APujol-1.jpeg","type":"image\/jpeg"}],"author":"CET","twitter_card":"summary_large_image","twitter_misc":{"Escrit per":"CET","Temps estimat de lectura":"1 minut"},"schema":{"@context":"https:\/\/schema.org","@graph":[{"@type":"Article","@id":"https:\/\/cetaradell.cat\/ce\/oriol-pujol-a-la-catalonia-kids-cup\/#article","isPartOf":{"@id":"https:\/\/cetaradell.cat\/ce\/oriol-pujol-a-la-catalonia-kids-cup\/"},"author":{"name":"CET","@id":"https:\/\/cetaradell.cat\/ce\/#\/schema\/person\/92a59f585073071c7be6649e84b22f78"},"headline":"Oriol Pujol a la Catalonia Kids Cup de curses de muntanya","datePublished":"2019-03-30T21:24:15+00:00","dateModified":"2020-06-02T21:03:57+00:00","mainEntityOfPage":{"@id":"https:\/\/cetaradell.cat\/ce\/oriol-pujol-a-la-catalonia-kids-cup\/"},"wordCount":164,"image":{"@id":"https:\/\/cetaradell.cat\/ce\/oriol-pujol-a-la-catalonia-kids-cup\/#primaryimage"},"thumbnailUrl":"https:\/\/cetaradell.cat\/ce\/wp-content\/uploads\/2019-02-23-Plarticfoto_APujol-1.jpeg","articleSection":["Curses","Not\u00edcies"],"inLanguage":"ca"},{"@type":"WebPage","@id":"https:\/\/cetaradell.cat\/ce\/oriol-pujol-a-la-catalonia-kids-cup\/","url":"https:\/\/cetaradell.cat\/ce\/oriol-pujol-a-la-catalonia-kids-cup\/","name":"Oriol Pujol a la Catalonia Kids Cup de curses de muntanya - Centre Excursionista Taradell","isPartOf":{"@id":"https:\/\/cetaradell.cat\/ce\/#website"},"primaryImageOfPage":{"@id":"https:\/\/cetaradell.cat\/ce\/oriol-pujol-a-la-catalonia-kids-cup\/#primaryimage"},"image":{"@id":"https:\/\/cetaradell.cat\/ce\/oriol-pujol-a-la-catalonia-kids-cup\/#primaryimage"},"thumbnailUrl":"https:\/\/cetaradell.cat\/ce\/wp-content\/uploads\/2019-02-23-Plarticfoto_APujol-1.jpeg","datePublished":"2019-03-30T21:24:15+00:00","dateModified":"2020-06-02T21:03:57+00:00","author":{"@id":"https:\/\/cetaradell.cat\/ce\/#\/schema\/person\/92a59f585073071c7be6649e84b22f78"},"breadcrumb":{"@id":"https:\/\/cetaradell.cat\/ce\/oriol-pujol-a-la-catalonia-kids-cup\/#breadcrumb"},"inLanguage":"ca","potentialAction":[{"@type":"ReadAction","target":["https:\/\/cetaradell.cat\/ce\/oriol-pujol-a-la-catalonia-kids-cup\/"]}]},{"@type":"ImageObject","inLanguage":"ca","@id":"https:\/\/cetaradell.cat\/ce\/oriol-pujol-a-la-catalonia-kids-cup\/#primaryimage","url":"https:\/\/cetaradell.cat\/ce\/wp-content\/uploads\/2019-02-23-Plarticfoto_APujol-1.jpeg","contentUrl":"https:\/\/cetaradell.cat\/ce\/wp-content\/uploads\/2019-02-23-Plarticfoto_APujol-1.jpeg","width":1277,"height":958},{"@type":"BreadcrumbList","@id":"https:\/\/cetaradell.cat\/ce\/oriol-pujol-a-la-catalonia-kids-cup\/#breadcrumb","itemListElement":[{"@type":"ListItem","position":1,"name":"Inici","item":"https:\/\/cetaradell.cat\/ce\/"},{"@type":"ListItem","position":2,"name":"Oriol Pujol a la Catalonia Kids Cup de curses de muntanya"}]},{"@type":"WebSite","@id":"https:\/\/cetaradell.cat\/ce\/#website","url":"https:\/\/cetaradell.cat\/ce\/","name":"Centre Excursionista Taradell","description":"","potentialAction":[{"@type":"SearchAction","target":{"@type":"EntryPoint","urlTemplate":"https:\/\/cetaradell.cat\/ce\/?s={search_term_string}"},"query-input":{"@type":"PropertyValueSpecification","valueRequired":true,"valueName":"search_term_string"}}],"inLanguage":"ca"},{"@type":"Person","@id":"https:\/\/cetaradell.cat\/ce\/#\/schema\/person\/92a59f585073071c7be6649e84b22f78","name":"CET","image":{"@type":"ImageObject","inLanguage":"ca","@id":"https:\/\/secure.gravatar.com\/avatar\/d6fbe010d42056feccc0f613ed07277a5118442805079269f12dabdc42e1a727?s=96&d=mm&r=g","url":"https:\/\/secure.gravatar.com\/avatar\/d6fbe010d42056feccc0f613ed07277a5118442805079269f12dabdc42e1a727?s=96&d=mm&r=g","contentUrl":"https:\/\/secure.gravatar.com\/avatar\/d6fbe010d42056feccc0f613ed07277a5118442805079269f12dabdc42e1a727?s=96&d=mm&r=g","caption":"CET"},"url":"https:\/\/cetaradell.cat\/ce\/author\/root\/"}]}},"_links":{"self":[{"href":"https:\/\/cetaradell.cat\/ce\/wp-json\/wp\/v2\/posts\/6929","targetHints":{"allow":["GET"]}}],"collection":[{"href":"https:\/\/cetaradell.cat\/ce\/wp-json\/wp\/v2\/posts"}],"about":[{"href":"https:\/\/cetaradell.cat\/ce\/wp-json\/wp\/v2\/types\/post"}],"author":[{"embeddable":true,"href":"https:\/\/cetaradell.cat\/ce\/wp-json\/wp\/v2\/users\/1"}],"replies":[{"embeddable":true,"href":"https:\/\/cetaradell.cat\/ce\/wp-json\/wp\/v2\/comments?post=6929"}],"version-history":[{"count":0,"href":"https:\/\/cetaradell.cat\/ce\/wp-json\/wp\/v2\/posts\/6929\/revisions"}],"wp:featuredmedia":[{"embeddable":true,"href":"https:\/\/cetaradell.cat\/ce\/wp-json\/wp\/v2\/media\/6930"}],"wp:attachment":[{"href":"https:\/\/cetaradell.cat\/ce\/wp-json\/wp\/v2\/media?parent=6929"}],"wp:term":[{"taxonomy":"category","embeddable":true,"href":"https:\/\/cetaradell.cat\/ce\/wp-json\/wp\/v2\/categories?post=6929"},{"taxonomy":"post_tag","embeddable":true,"href":"https:\/\/cetaradell.cat\/ce\/wp-json\/wp\/v2\/tags?post=6929"}],"curies":[{"name":"wp","href":"https:\/\/api.w.org\/{rel}","templated":true}]}}