{"id":6938,"date":"2019-05-10T23:12:10","date_gmt":"2019-05-10T22:12:10","guid":{"rendered":"https:\/\/cetaradell.cat\/ce\/?p=6938"},"modified":"2020-06-06T11:43:57","modified_gmt":"2020-06-06T10:43:57","slug":"xxxv-cicle-de-projeccions-del-cet-2019","status":"publish","type":"post","link":"https:\/\/cetaradell.cat\/ce\/xxxv-cicle-de-projeccions-del-cet-2019\/","title":{"rendered":"XXXV Cicle de Projeccions del CET &#8211; 2019"},"content":{"rendered":"<p><a href=\"https:\/\/cetaradell.cat\/ce\/wp-content\/uploads\/2019-05-CET.jpg\" target=\"_blank\" rel=\"attachment noopener wp-att-6977 noreferrer\"><img decoding=\"async\" class=\"alignleft wp-image-6977 size-medium\" src=\"https:\/\/cetaradell.cat\/ce\/wp-content\/uploads\/2019-05-CET-212x300.jpg\" alt=\"2019 05 CET\" width=\"212\" height=\"300\" srcset=\"https:\/\/cetaradell.cat\/ce\/wp-content\/uploads\/2019-05-CET-212x300.jpg 212w, https:\/\/cetaradell.cat\/ce\/wp-content\/uploads\/2019-05-CET-500x707.jpg 500w, https:\/\/cetaradell.cat\/ce\/wp-content\/uploads\/2019-05-CET-700x990.jpg 700w, https:\/\/cetaradell.cat\/ce\/wp-content\/uploads\/2019-05-CET-724x1024.jpg 724w, https:\/\/cetaradell.cat\/ce\/wp-content\/uploads\/2019-05-CET-768x1086.jpg 768w, https:\/\/cetaradell.cat\/ce\/wp-content\/uploads\/2019-05-CET.jpg 1600w\" sizes=\"(max-width: 212px) 100vw, 212px\" \/><\/a>La 35a edici\u00f3 del <strong>Cicle de Projeccions<\/strong> del Centre Excursionista Taradell constar\u00e0 de quatre\u00a0sessions que es faran els divendres dia 10, 17, 24 i 31 de maig\u00a0a la Biblioteca Antoni Pladevall i Font de Taradell, a 2\/4 de 10 del vespre.<\/p>\n<p>Entre les projeccions que es podran veure hi ha <strong><em>Alta ruta de los perdidos <\/em><\/strong>i<strong><em> Isl\u00e0ndia: viatge al centre de la terra\u00a0 <\/em><\/strong>de Toni Ortiz; <strong><em>La conquesta dels 14\/8.000. Tancant el cercle<\/em><\/strong> de Ferran la Torre; <strong><em>L&#8217;escalada lliure<\/em><\/strong> i <strong><em>Mass\u00eds<\/em><em> dels \u00c9crins<\/em><\/strong> amb M\u00aa Rosa Aregall\u00a0 i Josep M\u00aa Parareda; i \u00a0<strong><em>Hist\u00f2ria d&#8217;una Amistat. Del Vinhamala al Pedraforca<\/em><\/strong> amb Miquel P\u00e9rez Mas i\u00a0<strong><em>El somni de Wudang <\/em><\/strong>amb Marta Heredia i Josep Antoni Vallbona.<\/p>\n<p>&nbsp;<\/p>\n<p>&nbsp;<\/p>\n<p>&nbsp;<\/p>\n<p><!--more--><\/p>\n<h2><strong>Programa<\/strong><\/h2>\n<ul>\n<li>Divendres, 10 de maig 2019<\/li>\n<\/ul>\n<p>A c\u00e0rrec de Toni Ortiz<\/p>\n<p><strong>ALTA RUTA DE LOS PERDIDOS<\/strong><\/p>\n<p>Alta Ruta de <em>Los Perdidos<\/em> al Pirineu Central \u00e9s una de les propostes m\u00e9s boniques per una travessa circular d&#8217;una setmana que transcorre a trav\u00e9s de refugis molt emblem\u00e0tics i valls incre\u00efbles, portada a terme per quatre amics de la UEC de la Vall del Tenes.<\/p>\n<p><strong>VIATGE AL CENTRE DE LA TERRA<\/strong><\/p>\n<p>Excursions amb esqu\u00eds a Isl\u00e0ndia fetes durant el mes de mar\u00e7 de 2017 on ascendim, entre altres, al Snaefellsnes, el volc\u00e0 per on s\u2019inicia el cam\u00ed cap al centre de la Terra del llibre de Jules Verne.<\/p>\n<p>&nbsp;<\/p>\n<ul>\n<li>Divendres, 17 de maig 2019<\/li>\n<\/ul>\n<p><strong>LA CONQUESTA DELS 14. TANCANT EL CERCLE<\/strong><\/p>\n<p>A c\u00e0rrec de Ferran la Torre<\/p>\n<p>Ferran Latorre va conquerir el seu primer vuit mil, Annapurna, el 1999. Durant un rodatge amb el programa de TVE \u201cAl Filo de lo imposible\u201d\u00a0 amb l\u2019ascensi\u00f3 \u00a0a l\u2019Everest, el passat \u00a027 de maig, va concloure el seu projecte d\u2019escalar els 14 cims de m\u00e9s de 8000 metres, esdevenint \u00a0aix\u00ed el primer catal\u00e0 en aconseguir-ho. Durant aquest audiovisual, Ferran Latorre repassa els moments claus de tota una vida; des que de petit va escalar el seu primer 3000, la Punta Alta, fins a la consecuci\u00f3 dels catorze vuit mils, passant per les ascensions als Alps, a Groenl\u00e0ndia i a l\u2019Ant\u00e0rtida. Una hist\u00f2ria que tanca un cercle vital.<\/p>\n<p>&nbsp;<\/p>\n<ul>\n<li>Divendres 24 de maig 2019<\/li>\n<\/ul>\n<p>A c\u00e0rrec de M\u00aa Rosa Aregall\u00a0 i Josep M\u00aa Parareda<\/p>\n<p><strong>L\u2019ESCALADA LLIURE<\/strong><\/p>\n<p>Hist\u00f2ria de l\u2019escalada a Catalunya, la seva evoluci\u00f3, i el canvi de mentalitat que va representar, on cada nou itinerari representava un nou repte.<\/p>\n<p><strong>MASS\u00cdS DELS \u00c9CRINS<\/strong><\/p>\n<p>Una nova via oberta a la cara sud de la Barra dels \u00c9crins. Trenta anys m\u00e9s tard hi tornem per ascendir a aquets mass\u00eds per la seva via normal.<\/p>\n<p>&nbsp;<\/p>\n<ul>\n<li>Divendres 3 1de maig 2019 (2 Projeccions)<\/li>\n<\/ul>\n<p>1\u00aa projecci\u00f3\u00a0 a c\u00e0rrec de Miquel P\u00e9rez Mas<\/p>\n<p><strong>HIST\u00d2RIA D&#8217;UNA AMISTAT. \u00a0DEL VINHAMALA AL PEDRAFORCA<\/strong><\/p>\n<p>Hist\u00f2ria d&#8217;una Amistat, \u00e9s un documental que presenta la relaci\u00f3 entre els escaladors navarresos Ignacio i Gregorio \u00c1riz i els escaladors vigatans Manel Alcubierre i Ramon Riera.<\/p>\n<p>Aquests darrers varen patir un tr\u00e0gic accident a la cara nord del Pedraforca, l&#8217;hivern de 1971.<\/p>\n<p>&nbsp;<\/p>\n<p>2\u00aa Projecci\u00f3 a c\u00e0rrec de Marta Heredia i Josep Antoni Vallbona<\/p>\n<p><strong>EL SOMNI DE WUDANG<\/strong><\/p>\n<p>Viatges a la Xina i Nepal amb fotografies\u00a0 que van servir per confeccionar el llibre solidari\u00a0 \u201c El somni de Wudang\u201d.<\/p>\n<p>&nbsp;<\/p>\n","protected":false},"excerpt":{"rendered":"<p>La 35a edici\u00f3 del Cicle de Projeccions del Centre Excursionista Taradell constar\u00e0 de quatre\u00a0sessions que es faran els divendres dia 10, 17, 24 i 31 de maig\u00a0a la Biblioteca Antoni Pladevall i Font de Taradell, a 2\/4 de 10 del vespre. Entre les projeccions que es podran veure hi ha  [&#8230;]<\/p>\n","protected":false},"author":1,"featured_media":7406,"comment_status":"closed","ping_status":"closed","sticky":false,"template":"","format":"standard","meta":{"footnotes":""},"categories":[4,7],"tags":[],"class_list":["post-6938","post","type-post","status-publish","format-standard","has-post-thumbnail","hentry","category-activitats","category-muntanya"],"yoast_head":"<!-- This site is optimized with the Yoast SEO plugin v27.4 - https:\/\/yoast.com\/product\/yoast-seo-wordpress\/ -->\n<title>XXXV Cicle de Projeccions del CET - 2019 - Centre Excursionista Taradell<\/title>\n<meta name=\"robots\" content=\"index, follow, max-snippet:-1, max-image-preview:large, max-video-preview:-1\" \/>\n<link rel=\"canonical\" href=\"https:\/\/cetaradell.cat\/ce\/xxxv-cicle-de-projeccions-del-cet-2019\/\" \/>\n<meta property=\"og:locale\" content=\"ca_ES\" \/>\n<meta property=\"og:type\" content=\"article\" \/>\n<meta property=\"og:title\" content=\"XXXV Cicle de Projeccions del CET - 2019 - Centre Excursionista Taradell\" \/>\n<meta property=\"og:description\" content=\"La 35a edici\u00f3 del Cicle de Projeccions del Centre Excursionista Taradell constar\u00e0 de quatre\u00a0sessions que es faran els divendres dia 10, 17, 24 i 31 de maig\u00a0a la Biblioteca Antoni Pladevall i Font de Taradell, a 2\/4 de 10 del vespre. Entre les projeccions que es podran veure hi ha [...]\" \/>\n<meta property=\"og:url\" content=\"https:\/\/cetaradell.cat\/ce\/xxxv-cicle-de-projeccions-del-cet-2019\/\" \/>\n<meta property=\"og:site_name\" content=\"Centre Excursionista Taradell\" \/>\n<meta property=\"article:publisher\" content=\"https:\/\/www.facebook.com\/CETaradell\/\" \/>\n<meta property=\"article:published_time\" content=\"2019-05-10T22:12:10+00:00\" \/>\n<meta property=\"article:modified_time\" content=\"2020-06-06T10:43:57+00:00\" \/>\n<meta property=\"og:image\" content=\"https:\/\/cetaradell.cat\/ce\/wp-content\/uploads\/2019-05-CET-1-e1582625477718.jpg\" \/>\n\t<meta property=\"og:image:width\" content=\"1000\" \/>\n\t<meta property=\"og:image:height\" content=\"1414\" \/>\n\t<meta property=\"og:image:type\" content=\"image\/jpeg\" \/>\n<meta name=\"author\" content=\"CET\" \/>\n<meta name=\"twitter:card\" content=\"summary_large_image\" \/>\n<meta name=\"twitter:label1\" content=\"Escrit per\" \/>\n\t<meta name=\"twitter:data1\" content=\"CET\" \/>\n\t<meta name=\"twitter:label2\" content=\"Temps estimat de lectura\" \/>\n\t<meta name=\"twitter:data2\" content=\"3 minuts\" \/>\n<script type=\"application\/ld+json\" class=\"yoast-schema-graph\">{\"@context\":\"https:\\\/\\\/schema.org\",\"@graph\":[{\"@type\":\"Article\",\"@id\":\"https:\\\/\\\/cetaradell.cat\\\/ce\\\/xxxv-cicle-de-projeccions-del-cet-2019\\\/#article\",\"isPartOf\":{\"@id\":\"https:\\\/\\\/cetaradell.cat\\\/ce\\\/xxxv-cicle-de-projeccions-del-cet-2019\\\/\"},\"author\":{\"name\":\"CET\",\"@id\":\"https:\\\/\\\/cetaradell.cat\\\/ce\\\/#\\\/schema\\\/person\\\/92a59f585073071c7be6649e84b22f78\"},\"headline\":\"XXXV Cicle de Projeccions del CET &#8211; 2019\",\"datePublished\":\"2019-05-10T22:12:10+00:00\",\"dateModified\":\"2020-06-06T10:43:57+00:00\",\"mainEntityOfPage\":{\"@id\":\"https:\\\/\\\/cetaradell.cat\\\/ce\\\/xxxv-cicle-de-projeccions-del-cet-2019\\\/\"},\"wordCount\":549,\"image\":{\"@id\":\"https:\\\/\\\/cetaradell.cat\\\/ce\\\/xxxv-cicle-de-projeccions-del-cet-2019\\\/#primaryimage\"},\"thumbnailUrl\":\"https:\\\/\\\/cetaradell.cat\\\/ce\\\/wp-content\\\/uploads\\\/2019-05-CET-1-e1582625477718.jpg\",\"articleSection\":[\"Activitats\",\"Muntanya\"],\"inLanguage\":\"ca\"},{\"@type\":\"WebPage\",\"@id\":\"https:\\\/\\\/cetaradell.cat\\\/ce\\\/xxxv-cicle-de-projeccions-del-cet-2019\\\/\",\"url\":\"https:\\\/\\\/cetaradell.cat\\\/ce\\\/xxxv-cicle-de-projeccions-del-cet-2019\\\/\",\"name\":\"XXXV Cicle de Projeccions del CET - 2019 - Centre Excursionista Taradell\",\"isPartOf\":{\"@id\":\"https:\\\/\\\/cetaradell.cat\\\/ce\\\/#website\"},\"primaryImageOfPage\":{\"@id\":\"https:\\\/\\\/cetaradell.cat\\\/ce\\\/xxxv-cicle-de-projeccions-del-cet-2019\\\/#primaryimage\"},\"image\":{\"@id\":\"https:\\\/\\\/cetaradell.cat\\\/ce\\\/xxxv-cicle-de-projeccions-del-cet-2019\\\/#primaryimage\"},\"thumbnailUrl\":\"https:\\\/\\\/cetaradell.cat\\\/ce\\\/wp-content\\\/uploads\\\/2019-05-CET-1-e1582625477718.jpg\",\"datePublished\":\"2019-05-10T22:12:10+00:00\",\"dateModified\":\"2020-06-06T10:43:57+00:00\",\"author\":{\"@id\":\"https:\\\/\\\/cetaradell.cat\\\/ce\\\/#\\\/schema\\\/person\\\/92a59f585073071c7be6649e84b22f78\"},\"breadcrumb\":{\"@id\":\"https:\\\/\\\/cetaradell.cat\\\/ce\\\/xxxv-cicle-de-projeccions-del-cet-2019\\\/#breadcrumb\"},\"inLanguage\":\"ca\",\"potentialAction\":[{\"@type\":\"ReadAction\",\"target\":[\"https:\\\/\\\/cetaradell.cat\\\/ce\\\/xxxv-cicle-de-projeccions-del-cet-2019\\\/\"]}]},{\"@type\":\"ImageObject\",\"inLanguage\":\"ca\",\"@id\":\"https:\\\/\\\/cetaradell.cat\\\/ce\\\/xxxv-cicle-de-projeccions-del-cet-2019\\\/#primaryimage\",\"url\":\"https:\\\/\\\/cetaradell.cat\\\/ce\\\/wp-content\\\/uploads\\\/2019-05-CET-1-e1582625477718.jpg\",\"contentUrl\":\"https:\\\/\\\/cetaradell.cat\\\/ce\\\/wp-content\\\/uploads\\\/2019-05-CET-1-e1582625477718.jpg\",\"width\":1000,\"height\":1414},{\"@type\":\"BreadcrumbList\",\"@id\":\"https:\\\/\\\/cetaradell.cat\\\/ce\\\/xxxv-cicle-de-projeccions-del-cet-2019\\\/#breadcrumb\",\"itemListElement\":[{\"@type\":\"ListItem\",\"position\":1,\"name\":\"Inici\",\"item\":\"https:\\\/\\\/cetaradell.cat\\\/ce\\\/\"},{\"@type\":\"ListItem\",\"position\":2,\"name\":\"XXXV Cicle de Projeccions del CET &#8211; 2019\"}]},{\"@type\":\"WebSite\",\"@id\":\"https:\\\/\\\/cetaradell.cat\\\/ce\\\/#website\",\"url\":\"https:\\\/\\\/cetaradell.cat\\\/ce\\\/\",\"name\":\"Centre Excursionista Taradell\",\"description\":\"\",\"potentialAction\":[{\"@type\":\"SearchAction\",\"target\":{\"@type\":\"EntryPoint\",\"urlTemplate\":\"https:\\\/\\\/cetaradell.cat\\\/ce\\\/?s={search_term_string}\"},\"query-input\":{\"@type\":\"PropertyValueSpecification\",\"valueRequired\":true,\"valueName\":\"search_term_string\"}}],\"inLanguage\":\"ca\"},{\"@type\":\"Person\",\"@id\":\"https:\\\/\\\/cetaradell.cat\\\/ce\\\/#\\\/schema\\\/person\\\/92a59f585073071c7be6649e84b22f78\",\"name\":\"CET\",\"image\":{\"@type\":\"ImageObject\",\"inLanguage\":\"ca\",\"@id\":\"https:\\\/\\\/secure.gravatar.com\\\/avatar\\\/d6fbe010d42056feccc0f613ed07277a5118442805079269f12dabdc42e1a727?s=96&d=mm&r=g\",\"url\":\"https:\\\/\\\/secure.gravatar.com\\\/avatar\\\/d6fbe010d42056feccc0f613ed07277a5118442805079269f12dabdc42e1a727?s=96&d=mm&r=g\",\"contentUrl\":\"https:\\\/\\\/secure.gravatar.com\\\/avatar\\\/d6fbe010d42056feccc0f613ed07277a5118442805079269f12dabdc42e1a727?s=96&d=mm&r=g\",\"caption\":\"CET\"},\"url\":\"https:\\\/\\\/cetaradell.cat\\\/ce\\\/author\\\/root\\\/\"}]}<\/script>\n<!-- \/ Yoast SEO plugin. -->","yoast_head_json":{"title":"XXXV Cicle de Projeccions del CET - 2019 - Centre Excursionista Taradell","robots":{"index":"index","follow":"follow","max-snippet":"max-snippet:-1","max-image-preview":"max-image-preview:large","max-video-preview":"max-video-preview:-1"},"canonical":"https:\/\/cetaradell.cat\/ce\/xxxv-cicle-de-projeccions-del-cet-2019\/","og_locale":"ca_ES","og_type":"article","og_title":"XXXV Cicle de Projeccions del CET - 2019 - Centre Excursionista Taradell","og_description":"La 35a edici\u00f3 del Cicle de Projeccions del Centre Excursionista Taradell constar\u00e0 de quatre\u00a0sessions que es faran els divendres dia 10, 17, 24 i 31 de maig\u00a0a la Biblioteca Antoni Pladevall i Font de Taradell, a 2\/4 de 10 del vespre. Entre les projeccions que es podran veure hi ha [...]","og_url":"https:\/\/cetaradell.cat\/ce\/xxxv-cicle-de-projeccions-del-cet-2019\/","og_site_name":"Centre Excursionista Taradell","article_publisher":"https:\/\/www.facebook.com\/CETaradell\/","article_published_time":"2019-05-10T22:12:10+00:00","article_modified_time":"2020-06-06T10:43:57+00:00","og_image":[{"width":1000,"height":1414,"url":"https:\/\/cetaradell.cat\/ce\/wp-content\/uploads\/2019-05-CET-1-e1582625477718.jpg","type":"image\/jpeg"}],"author":"CET","twitter_card":"summary_large_image","twitter_misc":{"Escrit per":"CET","Temps estimat de lectura":"3 minuts"},"schema":{"@context":"https:\/\/schema.org","@graph":[{"@type":"Article","@id":"https:\/\/cetaradell.cat\/ce\/xxxv-cicle-de-projeccions-del-cet-2019\/#article","isPartOf":{"@id":"https:\/\/cetaradell.cat\/ce\/xxxv-cicle-de-projeccions-del-cet-2019\/"},"author":{"name":"CET","@id":"https:\/\/cetaradell.cat\/ce\/#\/schema\/person\/92a59f585073071c7be6649e84b22f78"},"headline":"XXXV Cicle de Projeccions del CET &#8211; 2019","datePublished":"2019-05-10T22:12:10+00:00","dateModified":"2020-06-06T10:43:57+00:00","mainEntityOfPage":{"@id":"https:\/\/cetaradell.cat\/ce\/xxxv-cicle-de-projeccions-del-cet-2019\/"},"wordCount":549,"image":{"@id":"https:\/\/cetaradell.cat\/ce\/xxxv-cicle-de-projeccions-del-cet-2019\/#primaryimage"},"thumbnailUrl":"https:\/\/cetaradell.cat\/ce\/wp-content\/uploads\/2019-05-CET-1-e1582625477718.jpg","articleSection":["Activitats","Muntanya"],"inLanguage":"ca"},{"@type":"WebPage","@id":"https:\/\/cetaradell.cat\/ce\/xxxv-cicle-de-projeccions-del-cet-2019\/","url":"https:\/\/cetaradell.cat\/ce\/xxxv-cicle-de-projeccions-del-cet-2019\/","name":"XXXV Cicle de Projeccions del CET - 2019 - Centre Excursionista Taradell","isPartOf":{"@id":"https:\/\/cetaradell.cat\/ce\/#website"},"primaryImageOfPage":{"@id":"https:\/\/cetaradell.cat\/ce\/xxxv-cicle-de-projeccions-del-cet-2019\/#primaryimage"},"image":{"@id":"https:\/\/cetaradell.cat\/ce\/xxxv-cicle-de-projeccions-del-cet-2019\/#primaryimage"},"thumbnailUrl":"https:\/\/cetaradell.cat\/ce\/wp-content\/uploads\/2019-05-CET-1-e1582625477718.jpg","datePublished":"2019-05-10T22:12:10+00:00","dateModified":"2020-06-06T10:43:57+00:00","author":{"@id":"https:\/\/cetaradell.cat\/ce\/#\/schema\/person\/92a59f585073071c7be6649e84b22f78"},"breadcrumb":{"@id":"https:\/\/cetaradell.cat\/ce\/xxxv-cicle-de-projeccions-del-cet-2019\/#breadcrumb"},"inLanguage":"ca","potentialAction":[{"@type":"ReadAction","target":["https:\/\/cetaradell.cat\/ce\/xxxv-cicle-de-projeccions-del-cet-2019\/"]}]},{"@type":"ImageObject","inLanguage":"ca","@id":"https:\/\/cetaradell.cat\/ce\/xxxv-cicle-de-projeccions-del-cet-2019\/#primaryimage","url":"https:\/\/cetaradell.cat\/ce\/wp-content\/uploads\/2019-05-CET-1-e1582625477718.jpg","contentUrl":"https:\/\/cetaradell.cat\/ce\/wp-content\/uploads\/2019-05-CET-1-e1582625477718.jpg","width":1000,"height":1414},{"@type":"BreadcrumbList","@id":"https:\/\/cetaradell.cat\/ce\/xxxv-cicle-de-projeccions-del-cet-2019\/#breadcrumb","itemListElement":[{"@type":"ListItem","position":1,"name":"Inici","item":"https:\/\/cetaradell.cat\/ce\/"},{"@type":"ListItem","position":2,"name":"XXXV Cicle de Projeccions del CET &#8211; 2019"}]},{"@type":"WebSite","@id":"https:\/\/cetaradell.cat\/ce\/#website","url":"https:\/\/cetaradell.cat\/ce\/","name":"Centre Excursionista Taradell","description":"","potentialAction":[{"@type":"SearchAction","target":{"@type":"EntryPoint","urlTemplate":"https:\/\/cetaradell.cat\/ce\/?s={search_term_string}"},"query-input":{"@type":"PropertyValueSpecification","valueRequired":true,"valueName":"search_term_string"}}],"inLanguage":"ca"},{"@type":"Person","@id":"https:\/\/cetaradell.cat\/ce\/#\/schema\/person\/92a59f585073071c7be6649e84b22f78","name":"CET","image":{"@type":"ImageObject","inLanguage":"ca","@id":"https:\/\/secure.gravatar.com\/avatar\/d6fbe010d42056feccc0f613ed07277a5118442805079269f12dabdc42e1a727?s=96&d=mm&r=g","url":"https:\/\/secure.gravatar.com\/avatar\/d6fbe010d42056feccc0f613ed07277a5118442805079269f12dabdc42e1a727?s=96&d=mm&r=g","contentUrl":"https:\/\/secure.gravatar.com\/avatar\/d6fbe010d42056feccc0f613ed07277a5118442805079269f12dabdc42e1a727?s=96&d=mm&r=g","caption":"CET"},"url":"https:\/\/cetaradell.cat\/ce\/author\/root\/"}]}},"_links":{"self":[{"href":"https:\/\/cetaradell.cat\/ce\/wp-json\/wp\/v2\/posts\/6938","targetHints":{"allow":["GET"]}}],"collection":[{"href":"https:\/\/cetaradell.cat\/ce\/wp-json\/wp\/v2\/posts"}],"about":[{"href":"https:\/\/cetaradell.cat\/ce\/wp-json\/wp\/v2\/types\/post"}],"author":[{"embeddable":true,"href":"https:\/\/cetaradell.cat\/ce\/wp-json\/wp\/v2\/users\/1"}],"replies":[{"embeddable":true,"href":"https:\/\/cetaradell.cat\/ce\/wp-json\/wp\/v2\/comments?post=6938"}],"version-history":[{"count":0,"href":"https:\/\/cetaradell.cat\/ce\/wp-json\/wp\/v2\/posts\/6938\/revisions"}],"wp:featuredmedia":[{"embeddable":true,"href":"https:\/\/cetaradell.cat\/ce\/wp-json\/wp\/v2\/media\/7406"}],"wp:attachment":[{"href":"https:\/\/cetaradell.cat\/ce\/wp-json\/wp\/v2\/media?parent=6938"}],"wp:term":[{"taxonomy":"category","embeddable":true,"href":"https:\/\/cetaradell.cat\/ce\/wp-json\/wp\/v2\/categories?post=6938"},{"taxonomy":"post_tag","embeddable":true,"href":"https:\/\/cetaradell.cat\/ce\/wp-json\/wp\/v2\/tags?post=6938"}],"curies":[{"name":"wp","href":"https:\/\/api.w.org\/{rel}","templated":true}]}}