{"id":6957,"date":"2019-04-28T23:16:21","date_gmt":"2019-04-28T22:16:21","guid":{"rendered":"https:\/\/cetaradell.cat\/ce\/?p=6957"},"modified":"2020-06-02T22:02:39","modified_gmt":"2020-06-02T21:02:39","slug":"125-participants-a-la-cursa-dorientacio-de-taradell","status":"publish","type":"post","link":"https:\/\/cetaradell.cat\/ce\/125-participants-a-la-cursa-dorientacio-de-taradell\/","title":{"rendered":"125 participants a la cursa d\u2019orientaci\u00f3 de Taradell (Resultats)"},"content":{"rendered":"<p><a href=\"https:\/\/cetaradell.cat\/ce\/wp-content\/uploads\/2019-04-27-Cursa-O-Taradellfoto_LlSaborit-28b50.jpg\" target=\"_blank\" rel=\"attachment noopener wp-att-6958 noreferrer\"><img decoding=\"async\" class=\"wp-image-6958 size-medium alignleft\" src=\"https:\/\/cetaradell.cat\/ce\/wp-content\/uploads\/2019-04-27-Cursa-O-Taradellfoto_LlSaborit-28b50-300x225.jpg\" alt=\"2019-04-27-Cursa-O-Taradell(foto_LlSaborit) (28)b50\" width=\"300\" height=\"225\" srcset=\"https:\/\/cetaradell.cat\/ce\/wp-content\/uploads\/2019-04-27-Cursa-O-Taradellfoto_LlSaborit-28b50-300x225.jpg 300w, https:\/\/cetaradell.cat\/ce\/wp-content\/uploads\/2019-04-27-Cursa-O-Taradellfoto_LlSaborit-28b50-500x375.jpg 500w, https:\/\/cetaradell.cat\/ce\/wp-content\/uploads\/2019-04-27-Cursa-O-Taradellfoto_LlSaborit-28b50-700x525.jpg 700w, https:\/\/cetaradell.cat\/ce\/wp-content\/uploads\/2019-04-27-Cursa-O-Taradellfoto_LlSaborit-28b50-768x576.jpg 768w, https:\/\/cetaradell.cat\/ce\/wp-content\/uploads\/2019-04-27-Cursa-O-Taradellfoto_LlSaborit-28b50-1024x768.jpg 1024w, https:\/\/cetaradell.cat\/ce\/wp-content\/uploads\/2019-04-27-Cursa-O-Taradellfoto_LlSaborit-28b50.jpg 1403w\" sizes=\"(max-width: 300px) 100vw, 300px\" \/><\/a>El dissabte dia 27 d\u2019abril, a Taradell, es va disputar el primer <strong>Campionat d\u2019Osona Escolar d\u2019Orientaci\u00f3<\/strong> i una cursa popular de la <strong>Lliga Nord-O 2019<\/strong>. La prova va estar organitzada pel <strong>Consell Esportiu d\u2019Osona<\/strong> amb el suport t\u00e8cnic del <strong>Centre Excursionista de Taradell<\/strong> i de la <strong>Uni\u00f3 Excursionista de Vic<\/strong>.<\/p>\n<p>En aquesta primera edici\u00f3 hi van prendre part <strong>125 participants<\/strong>, dels quals 41 van ser escolars i la resta van participar a la cursa popular en la qual les categories C1 i C2 puntuaven per la Lliga Nord d\u2019Orientaci\u00f3 2019. Per classificar-se, els corredors van haver de completar correctament dues curses; la primera va ser del tipus esprint per la zona nord del cas urb\u00e0 de Taradell, i la segona una de mitja distancia per la zona dels Pujol\u00f3s.<\/p>\n<p>Podeu consultar els resultats i fotografies clicant sobre el nom de cada enlla\u00e7:<\/p>\n<p style=\"text-align: center;\"><strong><span style=\"background-color: #ccffff;\"><a href=\"https:\/\/cetaradell.cat\/ce\/wp-content\/uploads\/2019-04-27-Taradell-Parcials_Esprint.pdf\" target=\"_blank\" rel=\"noopener noreferrer\">Parcials Esprint (\u2192)<\/a><\/span> &#8211; <span style=\"background-color: #ccffff;\"><a href=\"https:\/\/cetaradell.cat\/ce\/wp-content\/uploads\/2019-04-27-Taradell-Parcials_Mitja.pdf\" target=\"_blank\" rel=\"noopener noreferrer\">Parcials Mitja dist\u00e0ncia (\u2192)<\/a><\/span> &#8211; <span style=\"background-color: #ccffcc;\"><a href=\"https:\/\/cetaradell.cat\/ce\/wp-content\/uploads\/2019-04-27-Taradell-Totals.pdf\" target=\"_blank\" rel=\"noopener noreferrer\">Totals (\u2192)<\/a><span style=\"background-color: #ffffff;\"> &#8211;<\/span><\/span> <span style=\"background-color: #ccffcc;\"><a href=\"https:\/\/photos.app.goo.gl\/fjr42HFEKhHUs9wDA\" target=\"_blank\" rel=\"noopener noreferrer\">Fotografies (\u2192)<\/a><\/span><\/strong><\/p>\n<p style=\"text-align: left;\">A la cursa escolar, el campi\u00f3 osonenc mascul\u00ed i femen\u00ed de cada categoria d\u2019edat formar\u00e0 part de la selecci\u00f3 escolar d\u2019Osona al Campionat Escolar d\u2019Orientaci\u00f3 de Catalunya que es disputar\u00e0 el juny a Igualada. Tots els participants escolar van ser obsequiats amb una samarreta i als classificats se\u2019ls va lliurar un diploma acreditatiu.<\/p>\n<p>Els escolar osonencs que van pujar al podi van ser:<\/p>\n<table style=\"height: 631px;\" width=\"600\">\n<tbody>\n<tr style=\"background-color: #65a3e0;\">\n<td style=\"width: 300px;\" colspan=\"2\"><strong>\u00a0PREBENJAM\u00cd (Categoria no oficial)<\/strong><\/td>\n<\/tr>\n<tr>\n<td><strong>\u00a0Mascul\u00ed<\/strong><\/td>\n<td><strong>\u00a0Femen\u00ed<\/strong><\/td>\n<\/tr>\n<tr>\n<td>\u00a01a\u00a0\u00a0Lluc Arum\u00ed<\/td>\n<td>\u00a01r\u00a0 Marta Viure<\/td>\n<\/tr>\n<tr>\n<td>\u00a02a\u00a0 Biel Ballesteros<\/td>\n<td>\u00a02n\u00a0 Anna Viure<\/td>\n<\/tr>\n<tr>\n<td>\u00a03a\u00a0 Miquel Collell<\/td>\n<td>\u00a03r\u00a0 Estel Freixas<\/td>\n<\/tr>\n<tr>\n<td><\/td>\n<td><\/td>\n<\/tr>\n<tr style=\"background-color: #65a3e0;\">\n<td><strong>\u00a0BENJAM\u00cd<\/strong><\/td>\n<td><\/td>\n<\/tr>\n<tr>\n<td><strong>\u00a0Mascul\u00ed<\/strong><\/td>\n<td><strong>\u00a0Femen\u00ed<\/strong><\/td>\n<\/tr>\n<tr>\n<td>\u00a01a\u00a0 D\u00eddac Llombart<\/td>\n<td>\u00a01r\u00a0\u00a0Airina Sales<\/td>\n<\/tr>\n<tr>\n<td>\u00a02a\u00a0 Oriol Caralt<\/td>\n<td>\u00a02n\u00a0 Maria Pla<\/td>\n<\/tr>\n<tr>\n<td>\u00a03r\u00a0\u00a0 Ireneu Trilla<\/td>\n<td><\/td>\n<\/tr>\n<tr>\n<td><\/td>\n<td><\/td>\n<\/tr>\n<tr style=\"background-color: #65a3e0;\">\n<td><strong>\u00a0ALEV\u00cd<\/strong><\/td>\n<td><\/td>\n<\/tr>\n<tr>\n<td><strong>\u00a0Mascul\u00ed<\/strong><\/td>\n<td><strong>\u00a0Femen\u00ed<\/strong><\/td>\n<\/tr>\n<tr>\n<td>\u00a01a\u00a0 Gerard Comerma<\/td>\n<td>\u00a01r\u00a0\u00a0Arlet Sales<\/td>\n<\/tr>\n<tr>\n<td>\u00a02a\u00a0 Pau Arum\u00ed<\/td>\n<td>\u00a02n\u00a0 Maria Ban\u00fas<\/td>\n<\/tr>\n<tr>\n<td><\/td>\n<td>\u00a03a Carla Capdevila<\/td>\n<\/tr>\n<tr style=\"background-color: #65a3e0;\">\n<td><strong>\u00a0INFANTIL<\/strong><\/td>\n<td><\/td>\n<\/tr>\n<tr>\n<td><strong>\u00a0Mascul\u00ed<\/strong><\/td>\n<td><strong>\u00a0Femen\u00ed<\/strong><\/td>\n<\/tr>\n<tr>\n<td>\u00a01a\u00a0\u00a0Bernat Selva<\/td>\n<td>\u00a01r\u00a0 Guinedell Faja<\/td>\n<\/tr>\n<tr>\n<td>\u00a02a\u00a0 Nil Guti\u00e9rrez<\/td>\n<td>\u00a02n\u00a0 L\u00eddia Grau<\/td>\n<\/tr>\n<tr>\n<td><\/td>\n<td><\/td>\n<\/tr>\n<tr style=\"background-color: #65a3e0;\">\n<td><strong>\u00a0CADET<\/strong><\/td>\n<td><\/td>\n<\/tr>\n<tr>\n<td><strong>\u00a0Mascul\u00ed<\/strong><\/td>\n<td><\/td>\n<\/tr>\n<tr>\n<td>\u00a01r\u00a0 Mart\u00ed Graell<\/td>\n<td><\/td>\n<\/tr>\n<tr>\n<td>\u00a02n Biel Roca<\/td>\n<td><\/td>\n<\/tr>\n<tr style=\"background-color: #65a3e0;\">\n<td><strong>\u00a0JUVENIL<\/strong><\/td>\n<td><\/td>\n<\/tr>\n<tr>\n<td><strong>\u00a0Mascul\u00ed<\/strong><\/td>\n<td><\/td>\n<\/tr>\n<tr>\n<td>\u00a01r\u00a0\u00a0Albert Serra<\/td>\n<td><\/td>\n<\/tr>\n<tr>\n<td><\/td>\n<td><\/td>\n<\/tr>\n<\/tbody>\n<\/table>\n<p>&nbsp;<\/p>\n<p>A la cursa popular que puntuava per la Lliga Nord-O 2019, tamb\u00e9 es classificaven els corredors que aconseguissin acabar correctament les dues curses i per determinar l\u2019ordre de classificaci\u00f3 es tenia en compta la suma del temps de les dues proves. Aix\u00ed, doncs, els podis vann quedar de la forma seg\u00fcent:<\/p>\n<table style=\"height: 450px;\" width=\"600\">\n<tbody>\n<tr style=\"background-color: #65a3e0;\">\n<td style=\"width: 300px;\"><strong>\u00a0Cursa C1 \u2013 Nivell t\u00e8cnic i f\u00edsic alt<\/strong><\/td>\n<td><\/td>\n<\/tr>\n<tr>\n<td><strong>\u00a0Mascul\u00ed<\/strong><\/td>\n<td><strong>\u00a0Femen\u00ed<\/strong><\/td>\n<\/tr>\n<tr>\n<td>\u00a01r\u00a0\u00a0\u00a0Llu\u00eds Ferrer<\/td>\n<td>\u00a01a\u00a0\u00a0\u00a0Ampa Gil<\/td>\n<\/tr>\n<tr>\n<td>\u00a02n\u00a0\u00a0 David Tarr\u00e9s<\/td>\n<td>\u00a02a\u00a0\u00a0 Adela Illamola<\/td>\n<\/tr>\n<tr>\n<td>\u00a03r\u00a0\u00a0\u00a0Eduard Giravent<\/td>\n<td>\u00a03a\u00a0\u00a0 Melibea Quintana<\/td>\n<\/tr>\n<tr>\n<td><\/td>\n<td><\/td>\n<\/tr>\n<tr style=\"background-color: #65a3e0;\">\n<td><strong>\u00a0Cursa C2 \u2013 Nivell t\u00e8cnic i f\u00edsic mig<\/strong><\/td>\n<td><\/td>\n<\/tr>\n<tr>\n<td><strong>\u00a0Mascul\u00ed<\/strong><\/td>\n<td><strong>\u00a0Femen\u00ed<\/strong><\/td>\n<\/tr>\n<tr>\n<td>\u00a01r\u00a0\u00a0\u00a0\u00a0Eduard Comerma<\/td>\n<td>\u00a01a\u00a0\u00a0\u00a0 Rosa Maria Sanjaume<\/td>\n<\/tr>\n<tr>\n<td>\u00a02n\u00a0\u00a0\u00a0 David Farrell<\/td>\n<td>\u00a02a\u00a0\u00a0\u00a0 L\u00eddia Barri<\/td>\n<\/tr>\n<tr>\n<td>\u00a03r\u00a0\u00a0\u00a0\u00a0Jordi Armengol<\/td>\n<td>\u00a03a\u00a0\u00a0\u00a0 Meritxell Bella<\/td>\n<\/tr>\n<tr>\n<td><\/td>\n<td><\/td>\n<\/tr>\n<tr style=\"background-color: #65a3e0;\">\n<td colspan=\"2\"><strong>\u00a0Cursa C3 \u2013 Nivell iniciaci\u00f3 adults (Circuit familiar llarg)<\/strong><\/td>\n<\/tr>\n<tr>\n<td><strong>\u00a0Mascul\u00ed<\/strong><\/td>\n<td><strong>\u00a0Femen\u00ed<\/strong><\/td>\n<\/tr>\n<tr>\n<td>\u00a01r\u00a0\u00a0\u00a0 Santi Guti\u00e9rrez<\/td>\n<td>\u00a01a\u00a0\u00a0\u00a0 Mireia Serrabassa<\/td>\n<\/tr>\n<tr>\n<td>\u00a02n\u00a0\u00a0 Xavi March<\/td>\n<td>\u00a02a\u00a0\u00a0 Erola Bisquert<\/td>\n<\/tr>\n<tr>\n<td>\u00a03r\u00a0\u00a0 Jordi Puigdecanet<\/td>\n<td>\u00a03a\u00a0\u00a0 Diana Albaredo<\/td>\n<\/tr>\n<tr>\n<td><\/td>\n<td><\/td>\n<\/tr>\n<tr style=\"background-color: #65a3e0;\">\n<td colspan=\"2\"><strong>\u00a0Cursa C4 \u2013 Nivell iniciaci\u00f3 nens (circuit familiar curt)<\/strong><\/td>\n<\/tr>\n<tr>\n<td><strong>\u00a0Mascul\u00ed<\/strong><\/td>\n<td><\/td>\n<\/tr>\n<tr>\n<td>\u00a01r\u00a0\u00a0 Guim Ferrer<\/td>\n<td><\/td>\n<\/tr>\n<tr>\n<td><\/td>\n<td><\/td>\n<\/tr>\n<tr>\n<td><\/td>\n<td><\/td>\n<\/tr>\n<\/tbody>\n<\/table>\n<p>&nbsp;<\/p>\n<p>Els guanyadors de la cursa popular van ser obsequiats amb productes donats per comer\u00e7os locals, que van rebre de la m\u00e0 de membres de l\u2019organitzaci\u00f3 i del regidor d\u2019esport de l\u2019Ajuntament de Taradell, Joan Casassas. Per finalitzat l\u2019acte es va fer un sorteig de material esportiu i de tiquets de degustaci\u00f3 per la fira Inspiring \u2013 Terra d\u2019Olors que s\u2019estava celebrant a Taradell.<\/p>\n<p><a href=\"https:\/\/cetaradell.cat\/ce\/wp-content\/uploads\/col_laboradors.jpg\" rel=\"attachment wp-att-6974\"><img decoding=\"async\" class=\"aligncenter size-full wp-image-6974\" src=\"https:\/\/cetaradell.cat\/ce\/wp-content\/uploads\/col_laboradors.jpg\" alt=\"col_laboradors\" width=\"960\" height=\"720\" srcset=\"https:\/\/cetaradell.cat\/ce\/wp-content\/uploads\/col_laboradors-300x225.jpg 300w, https:\/\/cetaradell.cat\/ce\/wp-content\/uploads\/col_laboradors-500x375.jpg 500w, https:\/\/cetaradell.cat\/ce\/wp-content\/uploads\/col_laboradors-700x525.jpg 700w, https:\/\/cetaradell.cat\/ce\/wp-content\/uploads\/col_laboradors-768x576.jpg 768w, https:\/\/cetaradell.cat\/ce\/wp-content\/uploads\/col_laboradors.jpg 960w\" sizes=\"(max-width: 960px) 100vw, 960px\" \/><\/a><\/p>\n","protected":false},"excerpt":{"rendered":"<p>El dissabte dia 27 d\u2019abril, a Taradell, es va disputar el primer Campionat d\u2019Osona Escolar d\u2019Orientaci\u00f3 i una cursa popular de la Lliga Nord-O 2019. La prova va estar organitzada pel Consell Esportiu d\u2019Osona amb el suport t\u00e8cnic del Centre Excursionista de Taradell i de la Uni\u00f3 Excursionista de Vic.  [&#8230;]<\/p>\n","protected":false},"author":1,"featured_media":6958,"comment_status":"closed","ping_status":"closed","sticky":false,"template":"","format":"standard","meta":{"footnotes":""},"categories":[45,3],"tags":[],"class_list":["post-6957","post","type-post","status-publish","format-standard","has-post-thumbnail","hentry","category-curses-dorientacio","category-noticies"],"yoast_head":"<!-- This site is optimized with the Yoast SEO plugin v27.4 - https:\/\/yoast.com\/product\/yoast-seo-wordpress\/ -->\n<title>125 participants a la cursa d\u2019orientaci\u00f3 de Taradell (Resultats) - Centre Excursionista Taradell<\/title>\n<meta name=\"robots\" content=\"index, follow, max-snippet:-1, max-image-preview:large, max-video-preview:-1\" \/>\n<link rel=\"canonical\" href=\"https:\/\/cetaradell.cat\/ce\/125-participants-a-la-cursa-dorientacio-de-taradell\/\" \/>\n<meta property=\"og:locale\" content=\"ca_ES\" \/>\n<meta property=\"og:type\" content=\"article\" \/>\n<meta property=\"og:title\" content=\"125 participants a la cursa d\u2019orientaci\u00f3 de Taradell (Resultats) - Centre Excursionista Taradell\" \/>\n<meta property=\"og:description\" content=\"El dissabte dia 27 d\u2019abril, a Taradell, es va disputar el primer Campionat d\u2019Osona Escolar d\u2019Orientaci\u00f3 i una cursa popular de la Lliga Nord-O 2019. La prova va estar organitzada pel Consell Esportiu d\u2019Osona amb el suport t\u00e8cnic del Centre Excursionista de Taradell i de la Uni\u00f3 Excursionista de Vic. [...]\" \/>\n<meta property=\"og:url\" content=\"https:\/\/cetaradell.cat\/ce\/125-participants-a-la-cursa-dorientacio-de-taradell\/\" \/>\n<meta property=\"og:site_name\" content=\"Centre Excursionista Taradell\" \/>\n<meta property=\"article:publisher\" content=\"https:\/\/www.facebook.com\/CETaradell\/\" \/>\n<meta property=\"article:published_time\" content=\"2019-04-28T22:16:21+00:00\" \/>\n<meta property=\"article:modified_time\" content=\"2020-06-02T21:02:39+00:00\" \/>\n<meta property=\"og:image\" content=\"https:\/\/cetaradell.cat\/ce\/wp-content\/uploads\/2019-04-27-Cursa-O-Taradellfoto_LlSaborit-28b50.jpg\" \/>\n\t<meta property=\"og:image:width\" content=\"1403\" \/>\n\t<meta property=\"og:image:height\" content=\"1052\" \/>\n\t<meta property=\"og:image:type\" content=\"image\/jpeg\" \/>\n<meta name=\"author\" content=\"CET\" \/>\n<meta name=\"twitter:card\" content=\"summary_large_image\" \/>\n<meta name=\"twitter:label1\" content=\"Escrit per\" \/>\n\t<meta name=\"twitter:data1\" content=\"CET\" \/>\n\t<meta name=\"twitter:label2\" content=\"Temps estimat de lectura\" \/>\n\t<meta name=\"twitter:data2\" content=\"3 minuts\" \/>\n<script type=\"application\/ld+json\" class=\"yoast-schema-graph\">{\"@context\":\"https:\\\/\\\/schema.org\",\"@graph\":[{\"@type\":\"Article\",\"@id\":\"https:\\\/\\\/cetaradell.cat\\\/ce\\\/125-participants-a-la-cursa-dorientacio-de-taradell\\\/#article\",\"isPartOf\":{\"@id\":\"https:\\\/\\\/cetaradell.cat\\\/ce\\\/125-participants-a-la-cursa-dorientacio-de-taradell\\\/\"},\"author\":{\"name\":\"CET\",\"@id\":\"https:\\\/\\\/cetaradell.cat\\\/ce\\\/#\\\/schema\\\/person\\\/92a59f585073071c7be6649e84b22f78\"},\"headline\":\"125 participants a la cursa d\u2019orientaci\u00f3 de Taradell (Resultats)\",\"datePublished\":\"2019-04-28T22:16:21+00:00\",\"dateModified\":\"2020-06-02T21:02:39+00:00\",\"mainEntityOfPage\":{\"@id\":\"https:\\\/\\\/cetaradell.cat\\\/ce\\\/125-participants-a-la-cursa-dorientacio-de-taradell\\\/\"},\"wordCount\":549,\"image\":{\"@id\":\"https:\\\/\\\/cetaradell.cat\\\/ce\\\/125-participants-a-la-cursa-dorientacio-de-taradell\\\/#primaryimage\"},\"thumbnailUrl\":\"https:\\\/\\\/cetaradell.cat\\\/ce\\\/wp-content\\\/uploads\\\/2019-04-27-Cursa-O-Taradellfoto_LlSaborit-28b50.jpg\",\"articleSection\":[\"Curses d'Orientaci\u00f3\",\"Not\u00edcies\"],\"inLanguage\":\"ca\"},{\"@type\":\"WebPage\",\"@id\":\"https:\\\/\\\/cetaradell.cat\\\/ce\\\/125-participants-a-la-cursa-dorientacio-de-taradell\\\/\",\"url\":\"https:\\\/\\\/cetaradell.cat\\\/ce\\\/125-participants-a-la-cursa-dorientacio-de-taradell\\\/\",\"name\":\"125 participants a la cursa d\u2019orientaci\u00f3 de Taradell (Resultats) - Centre Excursionista Taradell\",\"isPartOf\":{\"@id\":\"https:\\\/\\\/cetaradell.cat\\\/ce\\\/#website\"},\"primaryImageOfPage\":{\"@id\":\"https:\\\/\\\/cetaradell.cat\\\/ce\\\/125-participants-a-la-cursa-dorientacio-de-taradell\\\/#primaryimage\"},\"image\":{\"@id\":\"https:\\\/\\\/cetaradell.cat\\\/ce\\\/125-participants-a-la-cursa-dorientacio-de-taradell\\\/#primaryimage\"},\"thumbnailUrl\":\"https:\\\/\\\/cetaradell.cat\\\/ce\\\/wp-content\\\/uploads\\\/2019-04-27-Cursa-O-Taradellfoto_LlSaborit-28b50.jpg\",\"datePublished\":\"2019-04-28T22:16:21+00:00\",\"dateModified\":\"2020-06-02T21:02:39+00:00\",\"author\":{\"@id\":\"https:\\\/\\\/cetaradell.cat\\\/ce\\\/#\\\/schema\\\/person\\\/92a59f585073071c7be6649e84b22f78\"},\"breadcrumb\":{\"@id\":\"https:\\\/\\\/cetaradell.cat\\\/ce\\\/125-participants-a-la-cursa-dorientacio-de-taradell\\\/#breadcrumb\"},\"inLanguage\":\"ca\",\"potentialAction\":[{\"@type\":\"ReadAction\",\"target\":[\"https:\\\/\\\/cetaradell.cat\\\/ce\\\/125-participants-a-la-cursa-dorientacio-de-taradell\\\/\"]}]},{\"@type\":\"ImageObject\",\"inLanguage\":\"ca\",\"@id\":\"https:\\\/\\\/cetaradell.cat\\\/ce\\\/125-participants-a-la-cursa-dorientacio-de-taradell\\\/#primaryimage\",\"url\":\"https:\\\/\\\/cetaradell.cat\\\/ce\\\/wp-content\\\/uploads\\\/2019-04-27-Cursa-O-Taradellfoto_LlSaborit-28b50.jpg\",\"contentUrl\":\"https:\\\/\\\/cetaradell.cat\\\/ce\\\/wp-content\\\/uploads\\\/2019-04-27-Cursa-O-Taradellfoto_LlSaborit-28b50.jpg\",\"width\":1403,\"height\":1052},{\"@type\":\"BreadcrumbList\",\"@id\":\"https:\\\/\\\/cetaradell.cat\\\/ce\\\/125-participants-a-la-cursa-dorientacio-de-taradell\\\/#breadcrumb\",\"itemListElement\":[{\"@type\":\"ListItem\",\"position\":1,\"name\":\"Inici\",\"item\":\"https:\\\/\\\/cetaradell.cat\\\/ce\\\/\"},{\"@type\":\"ListItem\",\"position\":2,\"name\":\"125 participants a la cursa d\u2019orientaci\u00f3 de Taradell (Resultats)\"}]},{\"@type\":\"WebSite\",\"@id\":\"https:\\\/\\\/cetaradell.cat\\\/ce\\\/#website\",\"url\":\"https:\\\/\\\/cetaradell.cat\\\/ce\\\/\",\"name\":\"Centre Excursionista Taradell\",\"description\":\"\",\"potentialAction\":[{\"@type\":\"SearchAction\",\"target\":{\"@type\":\"EntryPoint\",\"urlTemplate\":\"https:\\\/\\\/cetaradell.cat\\\/ce\\\/?s={search_term_string}\"},\"query-input\":{\"@type\":\"PropertyValueSpecification\",\"valueRequired\":true,\"valueName\":\"search_term_string\"}}],\"inLanguage\":\"ca\"},{\"@type\":\"Person\",\"@id\":\"https:\\\/\\\/cetaradell.cat\\\/ce\\\/#\\\/schema\\\/person\\\/92a59f585073071c7be6649e84b22f78\",\"name\":\"CET\",\"image\":{\"@type\":\"ImageObject\",\"inLanguage\":\"ca\",\"@id\":\"https:\\\/\\\/secure.gravatar.com\\\/avatar\\\/d6fbe010d42056feccc0f613ed07277a5118442805079269f12dabdc42e1a727?s=96&d=mm&r=g\",\"url\":\"https:\\\/\\\/secure.gravatar.com\\\/avatar\\\/d6fbe010d42056feccc0f613ed07277a5118442805079269f12dabdc42e1a727?s=96&d=mm&r=g\",\"contentUrl\":\"https:\\\/\\\/secure.gravatar.com\\\/avatar\\\/d6fbe010d42056feccc0f613ed07277a5118442805079269f12dabdc42e1a727?s=96&d=mm&r=g\",\"caption\":\"CET\"},\"url\":\"https:\\\/\\\/cetaradell.cat\\\/ce\\\/author\\\/root\\\/\"}]}<\/script>\n<!-- \/ Yoast SEO plugin. -->","yoast_head_json":{"title":"125 participants a la cursa d\u2019orientaci\u00f3 de Taradell (Resultats) - Centre Excursionista Taradell","robots":{"index":"index","follow":"follow","max-snippet":"max-snippet:-1","max-image-preview":"max-image-preview:large","max-video-preview":"max-video-preview:-1"},"canonical":"https:\/\/cetaradell.cat\/ce\/125-participants-a-la-cursa-dorientacio-de-taradell\/","og_locale":"ca_ES","og_type":"article","og_title":"125 participants a la cursa d\u2019orientaci\u00f3 de Taradell (Resultats) - Centre Excursionista Taradell","og_description":"El dissabte dia 27 d\u2019abril, a Taradell, es va disputar el primer Campionat d\u2019Osona Escolar d\u2019Orientaci\u00f3 i una cursa popular de la Lliga Nord-O 2019. La prova va estar organitzada pel Consell Esportiu d\u2019Osona amb el suport t\u00e8cnic del Centre Excursionista de Taradell i de la Uni\u00f3 Excursionista de Vic. [...]","og_url":"https:\/\/cetaradell.cat\/ce\/125-participants-a-la-cursa-dorientacio-de-taradell\/","og_site_name":"Centre Excursionista Taradell","article_publisher":"https:\/\/www.facebook.com\/CETaradell\/","article_published_time":"2019-04-28T22:16:21+00:00","article_modified_time":"2020-06-02T21:02:39+00:00","og_image":[{"width":1403,"height":1052,"url":"https:\/\/cetaradell.cat\/ce\/wp-content\/uploads\/2019-04-27-Cursa-O-Taradellfoto_LlSaborit-28b50.jpg","type":"image\/jpeg"}],"author":"CET","twitter_card":"summary_large_image","twitter_misc":{"Escrit per":"CET","Temps estimat de lectura":"3 minuts"},"schema":{"@context":"https:\/\/schema.org","@graph":[{"@type":"Article","@id":"https:\/\/cetaradell.cat\/ce\/125-participants-a-la-cursa-dorientacio-de-taradell\/#article","isPartOf":{"@id":"https:\/\/cetaradell.cat\/ce\/125-participants-a-la-cursa-dorientacio-de-taradell\/"},"author":{"name":"CET","@id":"https:\/\/cetaradell.cat\/ce\/#\/schema\/person\/92a59f585073071c7be6649e84b22f78"},"headline":"125 participants a la cursa d\u2019orientaci\u00f3 de Taradell (Resultats)","datePublished":"2019-04-28T22:16:21+00:00","dateModified":"2020-06-02T21:02:39+00:00","mainEntityOfPage":{"@id":"https:\/\/cetaradell.cat\/ce\/125-participants-a-la-cursa-dorientacio-de-taradell\/"},"wordCount":549,"image":{"@id":"https:\/\/cetaradell.cat\/ce\/125-participants-a-la-cursa-dorientacio-de-taradell\/#primaryimage"},"thumbnailUrl":"https:\/\/cetaradell.cat\/ce\/wp-content\/uploads\/2019-04-27-Cursa-O-Taradellfoto_LlSaborit-28b50.jpg","articleSection":["Curses d'Orientaci\u00f3","Not\u00edcies"],"inLanguage":"ca"},{"@type":"WebPage","@id":"https:\/\/cetaradell.cat\/ce\/125-participants-a-la-cursa-dorientacio-de-taradell\/","url":"https:\/\/cetaradell.cat\/ce\/125-participants-a-la-cursa-dorientacio-de-taradell\/","name":"125 participants a la cursa d\u2019orientaci\u00f3 de Taradell (Resultats) - Centre Excursionista Taradell","isPartOf":{"@id":"https:\/\/cetaradell.cat\/ce\/#website"},"primaryImageOfPage":{"@id":"https:\/\/cetaradell.cat\/ce\/125-participants-a-la-cursa-dorientacio-de-taradell\/#primaryimage"},"image":{"@id":"https:\/\/cetaradell.cat\/ce\/125-participants-a-la-cursa-dorientacio-de-taradell\/#primaryimage"},"thumbnailUrl":"https:\/\/cetaradell.cat\/ce\/wp-content\/uploads\/2019-04-27-Cursa-O-Taradellfoto_LlSaborit-28b50.jpg","datePublished":"2019-04-28T22:16:21+00:00","dateModified":"2020-06-02T21:02:39+00:00","author":{"@id":"https:\/\/cetaradell.cat\/ce\/#\/schema\/person\/92a59f585073071c7be6649e84b22f78"},"breadcrumb":{"@id":"https:\/\/cetaradell.cat\/ce\/125-participants-a-la-cursa-dorientacio-de-taradell\/#breadcrumb"},"inLanguage":"ca","potentialAction":[{"@type":"ReadAction","target":["https:\/\/cetaradell.cat\/ce\/125-participants-a-la-cursa-dorientacio-de-taradell\/"]}]},{"@type":"ImageObject","inLanguage":"ca","@id":"https:\/\/cetaradell.cat\/ce\/125-participants-a-la-cursa-dorientacio-de-taradell\/#primaryimage","url":"https:\/\/cetaradell.cat\/ce\/wp-content\/uploads\/2019-04-27-Cursa-O-Taradellfoto_LlSaborit-28b50.jpg","contentUrl":"https:\/\/cetaradell.cat\/ce\/wp-content\/uploads\/2019-04-27-Cursa-O-Taradellfoto_LlSaborit-28b50.jpg","width":1403,"height":1052},{"@type":"BreadcrumbList","@id":"https:\/\/cetaradell.cat\/ce\/125-participants-a-la-cursa-dorientacio-de-taradell\/#breadcrumb","itemListElement":[{"@type":"ListItem","position":1,"name":"Inici","item":"https:\/\/cetaradell.cat\/ce\/"},{"@type":"ListItem","position":2,"name":"125 participants a la cursa d\u2019orientaci\u00f3 de Taradell (Resultats)"}]},{"@type":"WebSite","@id":"https:\/\/cetaradell.cat\/ce\/#website","url":"https:\/\/cetaradell.cat\/ce\/","name":"Centre Excursionista Taradell","description":"","potentialAction":[{"@type":"SearchAction","target":{"@type":"EntryPoint","urlTemplate":"https:\/\/cetaradell.cat\/ce\/?s={search_term_string}"},"query-input":{"@type":"PropertyValueSpecification","valueRequired":true,"valueName":"search_term_string"}}],"inLanguage":"ca"},{"@type":"Person","@id":"https:\/\/cetaradell.cat\/ce\/#\/schema\/person\/92a59f585073071c7be6649e84b22f78","name":"CET","image":{"@type":"ImageObject","inLanguage":"ca","@id":"https:\/\/secure.gravatar.com\/avatar\/d6fbe010d42056feccc0f613ed07277a5118442805079269f12dabdc42e1a727?s=96&d=mm&r=g","url":"https:\/\/secure.gravatar.com\/avatar\/d6fbe010d42056feccc0f613ed07277a5118442805079269f12dabdc42e1a727?s=96&d=mm&r=g","contentUrl":"https:\/\/secure.gravatar.com\/avatar\/d6fbe010d42056feccc0f613ed07277a5118442805079269f12dabdc42e1a727?s=96&d=mm&r=g","caption":"CET"},"url":"https:\/\/cetaradell.cat\/ce\/author\/root\/"}]}},"_links":{"self":[{"href":"https:\/\/cetaradell.cat\/ce\/wp-json\/wp\/v2\/posts\/6957","targetHints":{"allow":["GET"]}}],"collection":[{"href":"https:\/\/cetaradell.cat\/ce\/wp-json\/wp\/v2\/posts"}],"about":[{"href":"https:\/\/cetaradell.cat\/ce\/wp-json\/wp\/v2\/types\/post"}],"author":[{"embeddable":true,"href":"https:\/\/cetaradell.cat\/ce\/wp-json\/wp\/v2\/users\/1"}],"replies":[{"embeddable":true,"href":"https:\/\/cetaradell.cat\/ce\/wp-json\/wp\/v2\/comments?post=6957"}],"version-history":[{"count":0,"href":"https:\/\/cetaradell.cat\/ce\/wp-json\/wp\/v2\/posts\/6957\/revisions"}],"wp:featuredmedia":[{"embeddable":true,"href":"https:\/\/cetaradell.cat\/ce\/wp-json\/wp\/v2\/media\/6958"}],"wp:attachment":[{"href":"https:\/\/cetaradell.cat\/ce\/wp-json\/wp\/v2\/media?parent=6957"}],"wp:term":[{"taxonomy":"category","embeddable":true,"href":"https:\/\/cetaradell.cat\/ce\/wp-json\/wp\/v2\/categories?post=6957"},{"taxonomy":"post_tag","embeddable":true,"href":"https:\/\/cetaradell.cat\/ce\/wp-json\/wp\/v2\/tags?post=6957"}],"curies":[{"name":"wp","href":"https:\/\/api.w.org\/{rel}","templated":true}]}}