{"id":6995,"date":"2019-05-28T20:33:56","date_gmt":"2019-05-28T19:33:56","guid":{"rendered":"https:\/\/cetaradell.cat\/ce\/?p=6995"},"modified":"2020-06-02T21:36:02","modified_gmt":"2020-06-02T20:36:02","slug":"rodacamins-2019","status":"publish","type":"post","link":"https:\/\/cetaradell.cat\/ce\/rodacamins-2019\/","title":{"rendered":"Rodacamins-2019"},"content":{"rendered":"<p><a href=\"https:\/\/cetaradell.cat\/ce\/wp-content\/uploads\/2019-rodacamins-3.jpeg\" target=\"_blank\" rel=\"attachment noopener wp-att-7002 noreferrer\"><img decoding=\"async\" class=\"alignleft wp-image-7002 size-medium\" src=\"https:\/\/cetaradell.cat\/ce\/wp-content\/uploads\/2019-rodacamins-3-300x219.jpeg\" alt=\"2019-rodacamins-3\" width=\"300\" height=\"219\" srcset=\"https:\/\/cetaradell.cat\/ce\/wp-content\/uploads\/2019-rodacamins-3-300x219.jpeg 300w, https:\/\/cetaradell.cat\/ce\/wp-content\/uploads\/2019-rodacamins-3-500x366.jpeg 500w, https:\/\/cetaradell.cat\/ce\/wp-content\/uploads\/2019-rodacamins-3-700x512.jpeg 700w, https:\/\/cetaradell.cat\/ce\/wp-content\/uploads\/2019-rodacamins-3-768x562.jpeg 768w, https:\/\/cetaradell.cat\/ce\/wp-content\/uploads\/2019-rodacamins-3.jpeg 1024w\" sizes=\"(max-width: 300px) 100vw, 300px\" \/><\/a>El Rodacamins \u00e9s la nova proposta de la FEEC per la bicicleta de muntanya. Amb aquesta nova modalitat el que es busca \u00e9s\u00a0fer sortides amb bicicleta\u00a0per tot el territori, organitzades per diferents entitats.<\/p>\n<p>Igual que passa amb la resta d\u2019activitats no competitives que organitza la FEEC (caminades de resist\u00e8ncia, marxa n\u00f2rdica i raquetes de neu), es reconeixer\u00e0, a final de temporada, aquells participants que completin el 75% de les excursions del calendari, per tal d\u2019afavorir-ne\u00a0la participaci\u00f3.<\/p>\n<p>Dins d&#8217;aquesta iniciativa, el Centre Excursionista Taradell, organitza la sortida del dia 9 de juny de 2019.<\/p>\n<h3><strong>TARADELL GUILLERIES EN BTT<\/strong><\/h3>\n<p>El format de la ruta est\u00e0 pensat per fer-se en GPS, caldr\u00e0 descarregar-se els tracks per poder-la seguir. Durant el recorregut hi haur\u00e0 avituallaments d\u2019aigua, i avituallaments amb fruita, i al final un vermut aperitiu. Hi ha dos itineraris disponibles, una ruta curta de 32 quilometres i un altre de 64 quilometres.<\/p>\n<h3><strong>RUTA LLARGA<\/strong><\/h3>\n<p><a href=\"https:\/\/cetaradell.cat\/ce\/wp-content\/uploads\/2019-rodacamins-1.jpg\" target=\"_blank\" rel=\"attachment noopener wp-att-6998 noreferrer\"><img decoding=\"async\" class=\"alignleft wp-image-6998 size-medium\" src=\"https:\/\/cetaradell.cat\/ce\/wp-content\/uploads\/2019-rodacamins-1-300x225.jpg\" alt=\"2019-rodacamins-1\" width=\"300\" height=\"225\" srcset=\"https:\/\/cetaradell.cat\/ce\/wp-content\/uploads\/2019-rodacamins-1-300x225.jpg 300w, https:\/\/cetaradell.cat\/ce\/wp-content\/uploads\/2019-rodacamins-1-500x375.jpg 500w, https:\/\/cetaradell.cat\/ce\/wp-content\/uploads\/2019-rodacamins-1-700x525.jpg 700w, https:\/\/cetaradell.cat\/ce\/wp-content\/uploads\/2019-rodacamins-1-768x576.jpg 768w, https:\/\/cetaradell.cat\/ce\/wp-content\/uploads\/2019-rodacamins-1-1024x768.jpg 1024w, https:\/\/cetaradell.cat\/ce\/wp-content\/uploads\/2019-rodacamins-1.jpg 1600w\" sizes=\"(max-width: 300px) 100vw, 300px\" \/><\/a><br \/>\n<strong>Data:<\/strong> 9 de juny de 2019<br \/>\n<strong>Dist\u00e0ncia<\/strong>: 63,64 km<br \/>\n<strong>Desnivell:<\/strong> 1.605 metres<br \/>\n<strong>Dificultat<\/strong>: alta<br \/>\n<strong>Temps estimat:<\/strong> de 6 a 7 hores<br \/>\n<strong>Sortida lliure:<\/strong> de 7 a 8 del mat\u00ed<br \/>\n<strong>Arribada:<\/strong> a la pla\u00e7a de les Eres i Vermut<\/p>\n<p><span style=\"color: #993300; background-color: #ffff99;\"><a style=\"color: #993300; background-color: #ffff99;\" href=\"https:\/\/es.wikiloc.com\/rutas-mountain-bike\/taradell-guilleries-btt-rodacamins-2019-matinal-llarga-cetaradell-36804470\" target=\"_blank\" rel=\"noopener noreferrer\"><strong>Descarregar track (definitiu)<\/strong><\/a><\/span><\/p>\n<p>&nbsp;<\/p>\n<h3><strong>RUTA CURTA<\/strong><\/h3>\n<p><a href=\"https:\/\/cetaradell.cat\/ce\/wp-content\/uploads\/2019-rodacamins-2.jpg\" target=\"_blank\" rel=\"attachment noopener wp-att-6999 noreferrer\"><img decoding=\"async\" class=\"alignleft wp-image-6999 size-medium\" src=\"https:\/\/cetaradell.cat\/ce\/wp-content\/uploads\/2019-rodacamins-2-300x225.jpg\" alt=\"2019-rodacamins-2\" width=\"300\" height=\"225\" srcset=\"https:\/\/cetaradell.cat\/ce\/wp-content\/uploads\/2019-rodacamins-2-300x225.jpg 300w, https:\/\/cetaradell.cat\/ce\/wp-content\/uploads\/2019-rodacamins-2-500x375.jpg 500w, https:\/\/cetaradell.cat\/ce\/wp-content\/uploads\/2019-rodacamins-2-700x525.jpg 700w, https:\/\/cetaradell.cat\/ce\/wp-content\/uploads\/2019-rodacamins-2-768x576.jpg 768w, https:\/\/cetaradell.cat\/ce\/wp-content\/uploads\/2019-rodacamins-2.jpg 1024w\" sizes=\"(max-width: 300px) 100vw, 300px\" \/><\/a><\/p>\n<p><strong>Data:<\/strong> 9 de juny de 2019<br \/>\n<strong>Dist\u00e0ncia:<\/strong> 32,48 km<br \/>\n<strong>Desnivell:<\/strong>\u00a0661 metres<br \/>\n<strong>Dificultat:<\/strong> mitjana<br \/>\n<strong>Temps estimat:<\/strong> de 3 a 4 hores<br \/>\n<strong>Sortida lliure:<\/strong> de 8 a 9 del mat\u00ed<br \/>\n<strong>Arribada:<\/strong> a la pla\u00e7a de les Eres i Vermut<\/p>\n<p><span style=\"color: #993300; background-color: #ffff99;\"><a style=\"color: #993300; background-color: #ffff99;\" href=\"https:\/\/es.wikiloc.com\/rutas-mountain-bike\/taradell-guilleries-btt-rodacamins-matinal-curta-cet-rc-280419-36389965\" target=\"_blank\" rel=\"noopener noreferrer\"><strong>Descarregar track (definitiu)<\/strong><\/a><\/span><\/p>\n<p>&nbsp;<\/p>\n<h3><strong>Inscripcions:<\/strong><\/h3>\n<p><strong>Preu inscripci\u00f3:<\/strong>\u00a0 10 euros, fins el dia 7 de juny &#8211; A partir del dia 7 de juny a 15 euros<\/p>\n<p><strong>Inscripcions:<\/strong>\u00a0 <strong><span style=\"color: #993300;\"><a style=\"color: #993300;\" href=\"http:\/\/inscripcions.feec.cat\/index.php?arxiu=fitxa_esdeveniment&amp;id_esdeveniment=743\" target=\"_blank\" rel=\"noopener noreferrer\">a la web de la FEEC (\u2192)<\/a><\/span><\/strong><br \/>\n<strong>Asseguran\u00e7a:<\/strong>\u00a0 6,5 euros per als no federats FEEC<br \/>\n<strong>Inscripcions obertes<\/strong>: fins el dia 7 de juny<\/p>\n","protected":false},"excerpt":{"rendered":"<p>El Rodacamins \u00e9s la nova proposta de la FEEC per la bicicleta de muntanya. Amb aquesta nova modalitat el que es busca \u00e9s\u00a0fer sortides amb bicicleta\u00a0per tot el territori, organitzades per diferents entitats. Igual que passa amb la resta d\u2019activitats no competitives que organitza la FEEC (caminades de resist\u00e8ncia, marxa  [&#8230;]<\/p>\n","protected":false},"author":1,"featured_media":6998,"comment_status":"closed","ping_status":"closed","sticky":false,"template":"","format":"standard","meta":{"footnotes":""},"categories":[4,13],"tags":[],"class_list":["post-6995","post","type-post","status-publish","format-standard","has-post-thumbnail","hentry","category-activitats","category-btt"],"yoast_head":"<!-- This site is optimized with the Yoast SEO plugin v27.4 - https:\/\/yoast.com\/product\/yoast-seo-wordpress\/ -->\n<title>Rodacamins-2019 - Centre Excursionista Taradell<\/title>\n<meta name=\"robots\" content=\"index, follow, max-snippet:-1, max-image-preview:large, max-video-preview:-1\" \/>\n<link rel=\"canonical\" href=\"https:\/\/cetaradell.cat\/ce\/rodacamins-2019\/\" \/>\n<meta property=\"og:locale\" content=\"ca_ES\" \/>\n<meta property=\"og:type\" content=\"article\" \/>\n<meta property=\"og:title\" content=\"Rodacamins-2019 - Centre Excursionista Taradell\" \/>\n<meta property=\"og:description\" content=\"El Rodacamins \u00e9s la nova proposta de la FEEC per la bicicleta de muntanya. Amb aquesta nova modalitat el que es busca \u00e9s\u00a0fer sortides amb bicicleta\u00a0per tot el territori, organitzades per diferents entitats. Igual que passa amb la resta d\u2019activitats no competitives que organitza la FEEC (caminades de resist\u00e8ncia, marxa [...]\" \/>\n<meta property=\"og:url\" content=\"https:\/\/cetaradell.cat\/ce\/rodacamins-2019\/\" \/>\n<meta property=\"og:site_name\" content=\"Centre Excursionista Taradell\" \/>\n<meta property=\"article:publisher\" content=\"https:\/\/www.facebook.com\/CETaradell\/\" \/>\n<meta property=\"article:published_time\" content=\"2019-05-28T19:33:56+00:00\" \/>\n<meta property=\"article:modified_time\" content=\"2020-06-02T20:36:02+00:00\" \/>\n<meta property=\"og:image\" content=\"https:\/\/cetaradell.cat\/ce\/wp-content\/uploads\/2019-rodacamins-1.jpg\" \/>\n\t<meta property=\"og:image:width\" content=\"1600\" \/>\n\t<meta property=\"og:image:height\" content=\"1200\" \/>\n\t<meta property=\"og:image:type\" content=\"image\/jpeg\" \/>\n<meta name=\"author\" content=\"CET\" \/>\n<meta name=\"twitter:card\" content=\"summary_large_image\" \/>\n<meta name=\"twitter:label1\" content=\"Escrit per\" \/>\n\t<meta name=\"twitter:data1\" content=\"CET\" \/>\n\t<meta name=\"twitter:label2\" content=\"Temps estimat de lectura\" \/>\n\t<meta name=\"twitter:data2\" content=\"1 minut\" \/>\n<script type=\"application\/ld+json\" class=\"yoast-schema-graph\">{\"@context\":\"https:\\\/\\\/schema.org\",\"@graph\":[{\"@type\":\"Article\",\"@id\":\"https:\\\/\\\/cetaradell.cat\\\/ce\\\/rodacamins-2019\\\/#article\",\"isPartOf\":{\"@id\":\"https:\\\/\\\/cetaradell.cat\\\/ce\\\/rodacamins-2019\\\/\"},\"author\":{\"name\":\"CET\",\"@id\":\"https:\\\/\\\/cetaradell.cat\\\/ce\\\/#\\\/schema\\\/person\\\/92a59f585073071c7be6649e84b22f78\"},\"headline\":\"Rodacamins-2019\",\"datePublished\":\"2019-05-28T19:33:56+00:00\",\"dateModified\":\"2020-06-02T20:36:02+00:00\",\"mainEntityOfPage\":{\"@id\":\"https:\\\/\\\/cetaradell.cat\\\/ce\\\/rodacamins-2019\\\/\"},\"wordCount\":270,\"image\":{\"@id\":\"https:\\\/\\\/cetaradell.cat\\\/ce\\\/rodacamins-2019\\\/#primaryimage\"},\"thumbnailUrl\":\"https:\\\/\\\/cetaradell.cat\\\/ce\\\/wp-content\\\/uploads\\\/2019-rodacamins-1.jpg\",\"articleSection\":[\"Activitats\",\"BTT\"],\"inLanguage\":\"ca\"},{\"@type\":\"WebPage\",\"@id\":\"https:\\\/\\\/cetaradell.cat\\\/ce\\\/rodacamins-2019\\\/\",\"url\":\"https:\\\/\\\/cetaradell.cat\\\/ce\\\/rodacamins-2019\\\/\",\"name\":\"Rodacamins-2019 - Centre Excursionista Taradell\",\"isPartOf\":{\"@id\":\"https:\\\/\\\/cetaradell.cat\\\/ce\\\/#website\"},\"primaryImageOfPage\":{\"@id\":\"https:\\\/\\\/cetaradell.cat\\\/ce\\\/rodacamins-2019\\\/#primaryimage\"},\"image\":{\"@id\":\"https:\\\/\\\/cetaradell.cat\\\/ce\\\/rodacamins-2019\\\/#primaryimage\"},\"thumbnailUrl\":\"https:\\\/\\\/cetaradell.cat\\\/ce\\\/wp-content\\\/uploads\\\/2019-rodacamins-1.jpg\",\"datePublished\":\"2019-05-28T19:33:56+00:00\",\"dateModified\":\"2020-06-02T20:36:02+00:00\",\"author\":{\"@id\":\"https:\\\/\\\/cetaradell.cat\\\/ce\\\/#\\\/schema\\\/person\\\/92a59f585073071c7be6649e84b22f78\"},\"breadcrumb\":{\"@id\":\"https:\\\/\\\/cetaradell.cat\\\/ce\\\/rodacamins-2019\\\/#breadcrumb\"},\"inLanguage\":\"ca\",\"potentialAction\":[{\"@type\":\"ReadAction\",\"target\":[\"https:\\\/\\\/cetaradell.cat\\\/ce\\\/rodacamins-2019\\\/\"]}]},{\"@type\":\"ImageObject\",\"inLanguage\":\"ca\",\"@id\":\"https:\\\/\\\/cetaradell.cat\\\/ce\\\/rodacamins-2019\\\/#primaryimage\",\"url\":\"https:\\\/\\\/cetaradell.cat\\\/ce\\\/wp-content\\\/uploads\\\/2019-rodacamins-1.jpg\",\"contentUrl\":\"https:\\\/\\\/cetaradell.cat\\\/ce\\\/wp-content\\\/uploads\\\/2019-rodacamins-1.jpg\",\"width\":1600,\"height\":1200},{\"@type\":\"BreadcrumbList\",\"@id\":\"https:\\\/\\\/cetaradell.cat\\\/ce\\\/rodacamins-2019\\\/#breadcrumb\",\"itemListElement\":[{\"@type\":\"ListItem\",\"position\":1,\"name\":\"Inici\",\"item\":\"https:\\\/\\\/cetaradell.cat\\\/ce\\\/\"},{\"@type\":\"ListItem\",\"position\":2,\"name\":\"Rodacamins-2019\"}]},{\"@type\":\"WebSite\",\"@id\":\"https:\\\/\\\/cetaradell.cat\\\/ce\\\/#website\",\"url\":\"https:\\\/\\\/cetaradell.cat\\\/ce\\\/\",\"name\":\"Centre Excursionista Taradell\",\"description\":\"\",\"potentialAction\":[{\"@type\":\"SearchAction\",\"target\":{\"@type\":\"EntryPoint\",\"urlTemplate\":\"https:\\\/\\\/cetaradell.cat\\\/ce\\\/?s={search_term_string}\"},\"query-input\":{\"@type\":\"PropertyValueSpecification\",\"valueRequired\":true,\"valueName\":\"search_term_string\"}}],\"inLanguage\":\"ca\"},{\"@type\":\"Person\",\"@id\":\"https:\\\/\\\/cetaradell.cat\\\/ce\\\/#\\\/schema\\\/person\\\/92a59f585073071c7be6649e84b22f78\",\"name\":\"CET\",\"image\":{\"@type\":\"ImageObject\",\"inLanguage\":\"ca\",\"@id\":\"https:\\\/\\\/secure.gravatar.com\\\/avatar\\\/d6fbe010d42056feccc0f613ed07277a5118442805079269f12dabdc42e1a727?s=96&d=mm&r=g\",\"url\":\"https:\\\/\\\/secure.gravatar.com\\\/avatar\\\/d6fbe010d42056feccc0f613ed07277a5118442805079269f12dabdc42e1a727?s=96&d=mm&r=g\",\"contentUrl\":\"https:\\\/\\\/secure.gravatar.com\\\/avatar\\\/d6fbe010d42056feccc0f613ed07277a5118442805079269f12dabdc42e1a727?s=96&d=mm&r=g\",\"caption\":\"CET\"},\"url\":\"https:\\\/\\\/cetaradell.cat\\\/ce\\\/author\\\/root\\\/\"}]}<\/script>\n<!-- \/ Yoast SEO plugin. -->","yoast_head_json":{"title":"Rodacamins-2019 - Centre Excursionista Taradell","robots":{"index":"index","follow":"follow","max-snippet":"max-snippet:-1","max-image-preview":"max-image-preview:large","max-video-preview":"max-video-preview:-1"},"canonical":"https:\/\/cetaradell.cat\/ce\/rodacamins-2019\/","og_locale":"ca_ES","og_type":"article","og_title":"Rodacamins-2019 - Centre Excursionista Taradell","og_description":"El Rodacamins \u00e9s la nova proposta de la FEEC per la bicicleta de muntanya. Amb aquesta nova modalitat el que es busca \u00e9s\u00a0fer sortides amb bicicleta\u00a0per tot el territori, organitzades per diferents entitats. Igual que passa amb la resta d\u2019activitats no competitives que organitza la FEEC (caminades de resist\u00e8ncia, marxa [...]","og_url":"https:\/\/cetaradell.cat\/ce\/rodacamins-2019\/","og_site_name":"Centre Excursionista Taradell","article_publisher":"https:\/\/www.facebook.com\/CETaradell\/","article_published_time":"2019-05-28T19:33:56+00:00","article_modified_time":"2020-06-02T20:36:02+00:00","og_image":[{"width":1600,"height":1200,"url":"https:\/\/cetaradell.cat\/ce\/wp-content\/uploads\/2019-rodacamins-1.jpg","type":"image\/jpeg"}],"author":"CET","twitter_card":"summary_large_image","twitter_misc":{"Escrit per":"CET","Temps estimat de lectura":"1 minut"},"schema":{"@context":"https:\/\/schema.org","@graph":[{"@type":"Article","@id":"https:\/\/cetaradell.cat\/ce\/rodacamins-2019\/#article","isPartOf":{"@id":"https:\/\/cetaradell.cat\/ce\/rodacamins-2019\/"},"author":{"name":"CET","@id":"https:\/\/cetaradell.cat\/ce\/#\/schema\/person\/92a59f585073071c7be6649e84b22f78"},"headline":"Rodacamins-2019","datePublished":"2019-05-28T19:33:56+00:00","dateModified":"2020-06-02T20:36:02+00:00","mainEntityOfPage":{"@id":"https:\/\/cetaradell.cat\/ce\/rodacamins-2019\/"},"wordCount":270,"image":{"@id":"https:\/\/cetaradell.cat\/ce\/rodacamins-2019\/#primaryimage"},"thumbnailUrl":"https:\/\/cetaradell.cat\/ce\/wp-content\/uploads\/2019-rodacamins-1.jpg","articleSection":["Activitats","BTT"],"inLanguage":"ca"},{"@type":"WebPage","@id":"https:\/\/cetaradell.cat\/ce\/rodacamins-2019\/","url":"https:\/\/cetaradell.cat\/ce\/rodacamins-2019\/","name":"Rodacamins-2019 - Centre Excursionista Taradell","isPartOf":{"@id":"https:\/\/cetaradell.cat\/ce\/#website"},"primaryImageOfPage":{"@id":"https:\/\/cetaradell.cat\/ce\/rodacamins-2019\/#primaryimage"},"image":{"@id":"https:\/\/cetaradell.cat\/ce\/rodacamins-2019\/#primaryimage"},"thumbnailUrl":"https:\/\/cetaradell.cat\/ce\/wp-content\/uploads\/2019-rodacamins-1.jpg","datePublished":"2019-05-28T19:33:56+00:00","dateModified":"2020-06-02T20:36:02+00:00","author":{"@id":"https:\/\/cetaradell.cat\/ce\/#\/schema\/person\/92a59f585073071c7be6649e84b22f78"},"breadcrumb":{"@id":"https:\/\/cetaradell.cat\/ce\/rodacamins-2019\/#breadcrumb"},"inLanguage":"ca","potentialAction":[{"@type":"ReadAction","target":["https:\/\/cetaradell.cat\/ce\/rodacamins-2019\/"]}]},{"@type":"ImageObject","inLanguage":"ca","@id":"https:\/\/cetaradell.cat\/ce\/rodacamins-2019\/#primaryimage","url":"https:\/\/cetaradell.cat\/ce\/wp-content\/uploads\/2019-rodacamins-1.jpg","contentUrl":"https:\/\/cetaradell.cat\/ce\/wp-content\/uploads\/2019-rodacamins-1.jpg","width":1600,"height":1200},{"@type":"BreadcrumbList","@id":"https:\/\/cetaradell.cat\/ce\/rodacamins-2019\/#breadcrumb","itemListElement":[{"@type":"ListItem","position":1,"name":"Inici","item":"https:\/\/cetaradell.cat\/ce\/"},{"@type":"ListItem","position":2,"name":"Rodacamins-2019"}]},{"@type":"WebSite","@id":"https:\/\/cetaradell.cat\/ce\/#website","url":"https:\/\/cetaradell.cat\/ce\/","name":"Centre Excursionista Taradell","description":"","potentialAction":[{"@type":"SearchAction","target":{"@type":"EntryPoint","urlTemplate":"https:\/\/cetaradell.cat\/ce\/?s={search_term_string}"},"query-input":{"@type":"PropertyValueSpecification","valueRequired":true,"valueName":"search_term_string"}}],"inLanguage":"ca"},{"@type":"Person","@id":"https:\/\/cetaradell.cat\/ce\/#\/schema\/person\/92a59f585073071c7be6649e84b22f78","name":"CET","image":{"@type":"ImageObject","inLanguage":"ca","@id":"https:\/\/secure.gravatar.com\/avatar\/d6fbe010d42056feccc0f613ed07277a5118442805079269f12dabdc42e1a727?s=96&d=mm&r=g","url":"https:\/\/secure.gravatar.com\/avatar\/d6fbe010d42056feccc0f613ed07277a5118442805079269f12dabdc42e1a727?s=96&d=mm&r=g","contentUrl":"https:\/\/secure.gravatar.com\/avatar\/d6fbe010d42056feccc0f613ed07277a5118442805079269f12dabdc42e1a727?s=96&d=mm&r=g","caption":"CET"},"url":"https:\/\/cetaradell.cat\/ce\/author\/root\/"}]}},"_links":{"self":[{"href":"https:\/\/cetaradell.cat\/ce\/wp-json\/wp\/v2\/posts\/6995","targetHints":{"allow":["GET"]}}],"collection":[{"href":"https:\/\/cetaradell.cat\/ce\/wp-json\/wp\/v2\/posts"}],"about":[{"href":"https:\/\/cetaradell.cat\/ce\/wp-json\/wp\/v2\/types\/post"}],"author":[{"embeddable":true,"href":"https:\/\/cetaradell.cat\/ce\/wp-json\/wp\/v2\/users\/1"}],"replies":[{"embeddable":true,"href":"https:\/\/cetaradell.cat\/ce\/wp-json\/wp\/v2\/comments?post=6995"}],"version-history":[{"count":0,"href":"https:\/\/cetaradell.cat\/ce\/wp-json\/wp\/v2\/posts\/6995\/revisions"}],"wp:featuredmedia":[{"embeddable":true,"href":"https:\/\/cetaradell.cat\/ce\/wp-json\/wp\/v2\/media\/6998"}],"wp:attachment":[{"href":"https:\/\/cetaradell.cat\/ce\/wp-json\/wp\/v2\/media?parent=6995"}],"wp:term":[{"taxonomy":"category","embeddable":true,"href":"https:\/\/cetaradell.cat\/ce\/wp-json\/wp\/v2\/categories?post=6995"},{"taxonomy":"post_tag","embeddable":true,"href":"https:\/\/cetaradell.cat\/ce\/wp-json\/wp\/v2\/tags?post=6995"}],"curies":[{"name":"wp","href":"https:\/\/api.w.org\/{rel}","templated":true}]}}