{"id":7057,"date":"2019-07-05T00:27:53","date_gmt":"2019-07-04T23:27:53","guid":{"rendered":"https:\/\/cetaradell.cat\/ce\/?p=7057"},"modified":"2020-06-02T21:33:06","modified_gmt":"2020-06-02T20:33:06","slug":"festa-del-soci-2019","status":"publish","type":"post","link":"https:\/\/cetaradell.cat\/ce\/festa-del-soci-2019\/","title":{"rendered":"Festa del soci 2019"},"content":{"rendered":"<p><a href=\"https:\/\/cetaradell.cat\/ce\/wp-content\/uploads\/escut_CET-40.png\" target=\"_blank\" rel=\"attachment noopener wp-att-44 noreferrer\"><img decoding=\"async\" class=\"alignleft wp-image-7118 size-medium\" src=\"https:\/\/cetaradell.cat\/ce\/wp-content\/uploads\/escut_CET-40-203x300.png\" alt=\"\" width=\"203\" height=\"300\" srcset=\"https:\/\/cetaradell.cat\/ce\/wp-content\/uploads\/escut_CET-40-203x300.png 203w, https:\/\/cetaradell.cat\/ce\/wp-content\/uploads\/escut_CET-40-500x738.png 500w, https:\/\/cetaradell.cat\/ce\/wp-content\/uploads\/escut_CET-40-694x1024.png 694w, https:\/\/cetaradell.cat\/ce\/wp-content\/uploads\/escut_CET-40-700x1033.png 700w, https:\/\/cetaradell.cat\/ce\/wp-content\/uploads\/escut_CET-40-768x1133.png 768w\" sizes=\"(max-width: 203px) 100vw, 203px\" \/><\/a>El Centre Excursionista Taradell us convida a la festa anual del soci que es celebrar\u00e0 el <strong>divendres 19 de juliol de 2019, a les 9 del vespre.<br \/>\n<\/strong><\/p>\n<p>La festa consistir\u00e0 en un sopar i una projecci\u00f3 despr\u00e9s del sopar per commemorar els 40 anys del CET.<\/p>\n<p>Per assistir al sopar cal que us inscriviu al local social del CET, a partir del dimectes 10 de juliol fins al dijous 18 de juliol.<\/p>\n<p>Inscripci\u00f3: per als socis \u00e9s gratu\u00eft i per els no socis el preu \u00e9s de 25 \u20ac (adults) i 15 \u20ac (infantil)<\/p>\n<p>Horari de secretaria: de dimecres a dissabte de 2\/4 de 8 a 9 del vespre.<\/p>\n","protected":false},"excerpt":{"rendered":"<p>El Centre Excursionista Taradell us convida a la festa anual del soci que es celebrar\u00e0 el divendres 19 de juliol de 2019, a les 9 del vespre. La festa consistir\u00e0 en un sopar i una projecci\u00f3 despr\u00e9s del sopar per commemorar els 40 anys del CET. Per assistir al sopar  [&#8230;]<\/p>\n","protected":false},"author":1,"featured_media":7118,"comment_status":"closed","ping_status":"closed","sticky":false,"template":"","format":"standard","meta":{"footnotes":""},"categories":[4,20],"tags":[],"class_list":["post-7057","post","type-post","status-publish","format-standard","has-post-thumbnail","hentry","category-activitats","category-activitats-social"],"yoast_head":"<!-- This site is optimized with the Yoast SEO plugin v27.4 - https:\/\/yoast.com\/product\/yoast-seo-wordpress\/ -->\n<title>Festa del soci 2019 - Centre Excursionista Taradell<\/title>\n<meta name=\"robots\" content=\"index, follow, max-snippet:-1, max-image-preview:large, max-video-preview:-1\" \/>\n<link rel=\"canonical\" href=\"https:\/\/cetaradell.cat\/ce\/festa-del-soci-2019\/\" \/>\n<meta property=\"og:locale\" content=\"ca_ES\" \/>\n<meta property=\"og:type\" content=\"article\" \/>\n<meta property=\"og:title\" content=\"Festa del soci 2019 - Centre Excursionista Taradell\" \/>\n<meta property=\"og:description\" content=\"El Centre Excursionista Taradell us convida a la festa anual del soci que es celebrar\u00e0 el divendres 19 de juliol de 2019, a les 9 del vespre. La festa consistir\u00e0 en un sopar i una projecci\u00f3 despr\u00e9s del sopar per commemorar els 40 anys del CET. Per assistir al sopar [...]\" \/>\n<meta property=\"og:url\" content=\"https:\/\/cetaradell.cat\/ce\/festa-del-soci-2019\/\" \/>\n<meta property=\"og:site_name\" content=\"Centre Excursionista Taradell\" \/>\n<meta property=\"article:publisher\" content=\"https:\/\/www.facebook.com\/CETaradell\/\" \/>\n<meta property=\"article:published_time\" content=\"2019-07-04T23:27:53+00:00\" \/>\n<meta property=\"article:modified_time\" content=\"2020-06-02T20:33:06+00:00\" \/>\n<meta property=\"og:image\" content=\"https:\/\/cetaradell.cat\/ce\/wp-content\/uploads\/escut_CET-40.png\" \/>\n\t<meta property=\"og:image:width\" content=\"2280\" \/>\n\t<meta property=\"og:image:height\" content=\"3365\" \/>\n\t<meta property=\"og:image:type\" content=\"image\/png\" \/>\n<meta name=\"author\" content=\"CET\" \/>\n<meta name=\"twitter:card\" content=\"summary_large_image\" \/>\n<meta name=\"twitter:label1\" content=\"Escrit per\" \/>\n\t<meta name=\"twitter:data1\" content=\"CET\" \/>\n<script type=\"application\/ld+json\" class=\"yoast-schema-graph\">{\"@context\":\"https:\\\/\\\/schema.org\",\"@graph\":[{\"@type\":\"Article\",\"@id\":\"https:\\\/\\\/cetaradell.cat\\\/ce\\\/festa-del-soci-2019\\\/#article\",\"isPartOf\":{\"@id\":\"https:\\\/\\\/cetaradell.cat\\\/ce\\\/festa-del-soci-2019\\\/\"},\"author\":{\"name\":\"CET\",\"@id\":\"https:\\\/\\\/cetaradell.cat\\\/ce\\\/#\\\/schema\\\/person\\\/92a59f585073071c7be6649e84b22f78\"},\"headline\":\"Festa del soci 2019\",\"datePublished\":\"2019-07-04T23:27:53+00:00\",\"dateModified\":\"2020-06-02T20:33:06+00:00\",\"mainEntityOfPage\":{\"@id\":\"https:\\\/\\\/cetaradell.cat\\\/ce\\\/festa-del-soci-2019\\\/\"},\"wordCount\":101,\"image\":{\"@id\":\"https:\\\/\\\/cetaradell.cat\\\/ce\\\/festa-del-soci-2019\\\/#primaryimage\"},\"thumbnailUrl\":\"https:\\\/\\\/cetaradell.cat\\\/ce\\\/wp-content\\\/uploads\\\/escut_CET-40.png\",\"articleSection\":[\"Activitats\",\"Activitats socials\"],\"inLanguage\":\"ca\"},{\"@type\":\"WebPage\",\"@id\":\"https:\\\/\\\/cetaradell.cat\\\/ce\\\/festa-del-soci-2019\\\/\",\"url\":\"https:\\\/\\\/cetaradell.cat\\\/ce\\\/festa-del-soci-2019\\\/\",\"name\":\"Festa del soci 2019 - Centre Excursionista Taradell\",\"isPartOf\":{\"@id\":\"https:\\\/\\\/cetaradell.cat\\\/ce\\\/#website\"},\"primaryImageOfPage\":{\"@id\":\"https:\\\/\\\/cetaradell.cat\\\/ce\\\/festa-del-soci-2019\\\/#primaryimage\"},\"image\":{\"@id\":\"https:\\\/\\\/cetaradell.cat\\\/ce\\\/festa-del-soci-2019\\\/#primaryimage\"},\"thumbnailUrl\":\"https:\\\/\\\/cetaradell.cat\\\/ce\\\/wp-content\\\/uploads\\\/escut_CET-40.png\",\"datePublished\":\"2019-07-04T23:27:53+00:00\",\"dateModified\":\"2020-06-02T20:33:06+00:00\",\"author\":{\"@id\":\"https:\\\/\\\/cetaradell.cat\\\/ce\\\/#\\\/schema\\\/person\\\/92a59f585073071c7be6649e84b22f78\"},\"breadcrumb\":{\"@id\":\"https:\\\/\\\/cetaradell.cat\\\/ce\\\/festa-del-soci-2019\\\/#breadcrumb\"},\"inLanguage\":\"ca\",\"potentialAction\":[{\"@type\":\"ReadAction\",\"target\":[\"https:\\\/\\\/cetaradell.cat\\\/ce\\\/festa-del-soci-2019\\\/\"]}]},{\"@type\":\"ImageObject\",\"inLanguage\":\"ca\",\"@id\":\"https:\\\/\\\/cetaradell.cat\\\/ce\\\/festa-del-soci-2019\\\/#primaryimage\",\"url\":\"https:\\\/\\\/cetaradell.cat\\\/ce\\\/wp-content\\\/uploads\\\/escut_CET-40.png\",\"contentUrl\":\"https:\\\/\\\/cetaradell.cat\\\/ce\\\/wp-content\\\/uploads\\\/escut_CET-40.png\",\"width\":2280,\"height\":3365},{\"@type\":\"BreadcrumbList\",\"@id\":\"https:\\\/\\\/cetaradell.cat\\\/ce\\\/festa-del-soci-2019\\\/#breadcrumb\",\"itemListElement\":[{\"@type\":\"ListItem\",\"position\":1,\"name\":\"Inici\",\"item\":\"https:\\\/\\\/cetaradell.cat\\\/ce\\\/\"},{\"@type\":\"ListItem\",\"position\":2,\"name\":\"Festa del soci 2019\"}]},{\"@type\":\"WebSite\",\"@id\":\"https:\\\/\\\/cetaradell.cat\\\/ce\\\/#website\",\"url\":\"https:\\\/\\\/cetaradell.cat\\\/ce\\\/\",\"name\":\"Centre Excursionista Taradell\",\"description\":\"\",\"potentialAction\":[{\"@type\":\"SearchAction\",\"target\":{\"@type\":\"EntryPoint\",\"urlTemplate\":\"https:\\\/\\\/cetaradell.cat\\\/ce\\\/?s={search_term_string}\"},\"query-input\":{\"@type\":\"PropertyValueSpecification\",\"valueRequired\":true,\"valueName\":\"search_term_string\"}}],\"inLanguage\":\"ca\"},{\"@type\":\"Person\",\"@id\":\"https:\\\/\\\/cetaradell.cat\\\/ce\\\/#\\\/schema\\\/person\\\/92a59f585073071c7be6649e84b22f78\",\"name\":\"CET\",\"image\":{\"@type\":\"ImageObject\",\"inLanguage\":\"ca\",\"@id\":\"https:\\\/\\\/secure.gravatar.com\\\/avatar\\\/d6fbe010d42056feccc0f613ed07277a5118442805079269f12dabdc42e1a727?s=96&d=mm&r=g\",\"url\":\"https:\\\/\\\/secure.gravatar.com\\\/avatar\\\/d6fbe010d42056feccc0f613ed07277a5118442805079269f12dabdc42e1a727?s=96&d=mm&r=g\",\"contentUrl\":\"https:\\\/\\\/secure.gravatar.com\\\/avatar\\\/d6fbe010d42056feccc0f613ed07277a5118442805079269f12dabdc42e1a727?s=96&d=mm&r=g\",\"caption\":\"CET\"},\"url\":\"https:\\\/\\\/cetaradell.cat\\\/ce\\\/author\\\/root\\\/\"}]}<\/script>\n<!-- \/ Yoast SEO plugin. -->","yoast_head_json":{"title":"Festa del soci 2019 - Centre Excursionista Taradell","robots":{"index":"index","follow":"follow","max-snippet":"max-snippet:-1","max-image-preview":"max-image-preview:large","max-video-preview":"max-video-preview:-1"},"canonical":"https:\/\/cetaradell.cat\/ce\/festa-del-soci-2019\/","og_locale":"ca_ES","og_type":"article","og_title":"Festa del soci 2019 - Centre Excursionista Taradell","og_description":"El Centre Excursionista Taradell us convida a la festa anual del soci que es celebrar\u00e0 el divendres 19 de juliol de 2019, a les 9 del vespre. La festa consistir\u00e0 en un sopar i una projecci\u00f3 despr\u00e9s del sopar per commemorar els 40 anys del CET. Per assistir al sopar [...]","og_url":"https:\/\/cetaradell.cat\/ce\/festa-del-soci-2019\/","og_site_name":"Centre Excursionista Taradell","article_publisher":"https:\/\/www.facebook.com\/CETaradell\/","article_published_time":"2019-07-04T23:27:53+00:00","article_modified_time":"2020-06-02T20:33:06+00:00","og_image":[{"width":2280,"height":3365,"url":"https:\/\/cetaradell.cat\/ce\/wp-content\/uploads\/escut_CET-40.png","type":"image\/png"}],"author":"CET","twitter_card":"summary_large_image","twitter_misc":{"Escrit per":"CET"},"schema":{"@context":"https:\/\/schema.org","@graph":[{"@type":"Article","@id":"https:\/\/cetaradell.cat\/ce\/festa-del-soci-2019\/#article","isPartOf":{"@id":"https:\/\/cetaradell.cat\/ce\/festa-del-soci-2019\/"},"author":{"name":"CET","@id":"https:\/\/cetaradell.cat\/ce\/#\/schema\/person\/92a59f585073071c7be6649e84b22f78"},"headline":"Festa del soci 2019","datePublished":"2019-07-04T23:27:53+00:00","dateModified":"2020-06-02T20:33:06+00:00","mainEntityOfPage":{"@id":"https:\/\/cetaradell.cat\/ce\/festa-del-soci-2019\/"},"wordCount":101,"image":{"@id":"https:\/\/cetaradell.cat\/ce\/festa-del-soci-2019\/#primaryimage"},"thumbnailUrl":"https:\/\/cetaradell.cat\/ce\/wp-content\/uploads\/escut_CET-40.png","articleSection":["Activitats","Activitats socials"],"inLanguage":"ca"},{"@type":"WebPage","@id":"https:\/\/cetaradell.cat\/ce\/festa-del-soci-2019\/","url":"https:\/\/cetaradell.cat\/ce\/festa-del-soci-2019\/","name":"Festa del soci 2019 - Centre Excursionista Taradell","isPartOf":{"@id":"https:\/\/cetaradell.cat\/ce\/#website"},"primaryImageOfPage":{"@id":"https:\/\/cetaradell.cat\/ce\/festa-del-soci-2019\/#primaryimage"},"image":{"@id":"https:\/\/cetaradell.cat\/ce\/festa-del-soci-2019\/#primaryimage"},"thumbnailUrl":"https:\/\/cetaradell.cat\/ce\/wp-content\/uploads\/escut_CET-40.png","datePublished":"2019-07-04T23:27:53+00:00","dateModified":"2020-06-02T20:33:06+00:00","author":{"@id":"https:\/\/cetaradell.cat\/ce\/#\/schema\/person\/92a59f585073071c7be6649e84b22f78"},"breadcrumb":{"@id":"https:\/\/cetaradell.cat\/ce\/festa-del-soci-2019\/#breadcrumb"},"inLanguage":"ca","potentialAction":[{"@type":"ReadAction","target":["https:\/\/cetaradell.cat\/ce\/festa-del-soci-2019\/"]}]},{"@type":"ImageObject","inLanguage":"ca","@id":"https:\/\/cetaradell.cat\/ce\/festa-del-soci-2019\/#primaryimage","url":"https:\/\/cetaradell.cat\/ce\/wp-content\/uploads\/escut_CET-40.png","contentUrl":"https:\/\/cetaradell.cat\/ce\/wp-content\/uploads\/escut_CET-40.png","width":2280,"height":3365},{"@type":"BreadcrumbList","@id":"https:\/\/cetaradell.cat\/ce\/festa-del-soci-2019\/#breadcrumb","itemListElement":[{"@type":"ListItem","position":1,"name":"Inici","item":"https:\/\/cetaradell.cat\/ce\/"},{"@type":"ListItem","position":2,"name":"Festa del soci 2019"}]},{"@type":"WebSite","@id":"https:\/\/cetaradell.cat\/ce\/#website","url":"https:\/\/cetaradell.cat\/ce\/","name":"Centre Excursionista Taradell","description":"","potentialAction":[{"@type":"SearchAction","target":{"@type":"EntryPoint","urlTemplate":"https:\/\/cetaradell.cat\/ce\/?s={search_term_string}"},"query-input":{"@type":"PropertyValueSpecification","valueRequired":true,"valueName":"search_term_string"}}],"inLanguage":"ca"},{"@type":"Person","@id":"https:\/\/cetaradell.cat\/ce\/#\/schema\/person\/92a59f585073071c7be6649e84b22f78","name":"CET","image":{"@type":"ImageObject","inLanguage":"ca","@id":"https:\/\/secure.gravatar.com\/avatar\/d6fbe010d42056feccc0f613ed07277a5118442805079269f12dabdc42e1a727?s=96&d=mm&r=g","url":"https:\/\/secure.gravatar.com\/avatar\/d6fbe010d42056feccc0f613ed07277a5118442805079269f12dabdc42e1a727?s=96&d=mm&r=g","contentUrl":"https:\/\/secure.gravatar.com\/avatar\/d6fbe010d42056feccc0f613ed07277a5118442805079269f12dabdc42e1a727?s=96&d=mm&r=g","caption":"CET"},"url":"https:\/\/cetaradell.cat\/ce\/author\/root\/"}]}},"_links":{"self":[{"href":"https:\/\/cetaradell.cat\/ce\/wp-json\/wp\/v2\/posts\/7057","targetHints":{"allow":["GET"]}}],"collection":[{"href":"https:\/\/cetaradell.cat\/ce\/wp-json\/wp\/v2\/posts"}],"about":[{"href":"https:\/\/cetaradell.cat\/ce\/wp-json\/wp\/v2\/types\/post"}],"author":[{"embeddable":true,"href":"https:\/\/cetaradell.cat\/ce\/wp-json\/wp\/v2\/users\/1"}],"replies":[{"embeddable":true,"href":"https:\/\/cetaradell.cat\/ce\/wp-json\/wp\/v2\/comments?post=7057"}],"version-history":[{"count":0,"href":"https:\/\/cetaradell.cat\/ce\/wp-json\/wp\/v2\/posts\/7057\/revisions"}],"wp:featuredmedia":[{"embeddable":true,"href":"https:\/\/cetaradell.cat\/ce\/wp-json\/wp\/v2\/media\/7118"}],"wp:attachment":[{"href":"https:\/\/cetaradell.cat\/ce\/wp-json\/wp\/v2\/media?parent=7057"}],"wp:term":[{"taxonomy":"category","embeddable":true,"href":"https:\/\/cetaradell.cat\/ce\/wp-json\/wp\/v2\/categories?post=7057"},{"taxonomy":"post_tag","embeddable":true,"href":"https:\/\/cetaradell.cat\/ce\/wp-json\/wp\/v2\/tags?post=7057"}],"curies":[{"name":"wp","href":"https:\/\/api.w.org\/{rel}","templated":true}]}}