{"id":7077,"date":"2019-02-27T22:31:55","date_gmt":"2019-02-27T21:31:55","guid":{"rendered":"https:\/\/cetaradell.cat\/ce\/?p=7077"},"modified":"2020-06-02T22:04:56","modified_gmt":"2020-06-02T21:04:56","slug":"assemblea-general-de-socis-i-renovacio-de-junta","status":"publish","type":"post","link":"https:\/\/cetaradell.cat\/ce\/assemblea-general-de-socis-i-renovacio-de-junta\/","title":{"rendered":"Assemblea general de socis i renovaci\u00f3 de Junta"},"content":{"rendered":"<p><strong><a href=\"https:\/\/photos.app.goo.gl\/t8yxos2Zr4FoJcbA9\" target=\"_blank\" rel=\"attachment noopener wp-att-7080 noreferrer\"><img decoding=\"async\" class=\"wp-image-7080 size-medium alignright\" src=\"https:\/\/cetaradell.cat\/ce\/wp-content\/uploads\/IMG_2840-300x225.jpg\" alt=\"IMG_2840\" width=\"300\" height=\"225\" srcset=\"https:\/\/cetaradell.cat\/ce\/wp-content\/uploads\/IMG_2840-300x225.jpg 300w, https:\/\/cetaradell.cat\/ce\/wp-content\/uploads\/IMG_2840-500x375.jpg 500w, https:\/\/cetaradell.cat\/ce\/wp-content\/uploads\/IMG_2840-700x525.jpg 700w, https:\/\/cetaradell.cat\/ce\/wp-content\/uploads\/IMG_2840-768x576.jpg 768w, https:\/\/cetaradell.cat\/ce\/wp-content\/uploads\/IMG_2840.jpg 1000w\" sizes=\"(max-width: 300px) 100vw, 300px\" \/><\/a><\/strong><strong>Assemblea<\/strong><\/p>\n<p>El dissabte 16 de febrer a les 8 del vespre en segona convocat\u00f2ria, al local social del CET, va tenir lloc l\u2019assemblea general de socis del 2019 amb l\u2019assist\u00e8ncia de 24 socis.<\/p>\n<p>La presidenta va donar la benvinguda als assistents, i els va agrair la seva presencia.<\/p>\n<p>Seguidament es va donar pas a l&#8217;ordre del dia:<\/p>\n<ul>\n<li>El primer punt de l\u2019ordre del dia va ser la lectura i l\u2019aprovaci\u00f3 de l\u2019acta de\u00a0 l\u2019assemblea del 2018, que en no haver-hi cap objecci\u00f3 va ser aprovada per unanimitat.<\/li>\n<li>Es va aprovar els comptes presentats de l\u2019exercici 2018<\/li>\n<li>Es va aprovar el pressupost per l\u2019exercici 2019<\/li>\n<li>Es va aprovar no pujar la quota dels socis per 2019<\/li>\n<li>Tot seguit es fa un rep\u00e0s a les activitats fetes al 2018, i las previstes per al 2019.<\/li>\n<li>Tamb\u00e9 es fa un rep\u00e0s de las activitats que no sent pr\u00f2piament del CET, tamb\u00e9 i col\u00b7labora.<\/li>\n<li>Es va comunicar als assistents que el mes de febrer s\u2019acabava la legislatura, i es va convidar als socis assistents a fer candidatures per les eleccions de Junta.<\/li>\n<\/ul>\n<h2><strong>Botifarrada<\/strong><\/h2>\n<p>L\u2019endem\u00e0 diumenge com ja es tradici\u00f3 es va fer la botifarrada de l CET que va comptar amb una seixantena de participants, que van seguir el recorregut seg\u00fcent: local del CET, Gasala, Pi Gros, Castell de Taradell, on es va fer la botifarrada, baixada cap al pant\u00e0 i de nou cap al local social de l\u2019entitat.<\/p>\n<h2><strong>Eleccions de Junta<\/strong><\/h2>\n<p>Es va obrir el proc\u00e9s electoral per elegir nova Junta, per\u00f2 es va presentar una sola candidatura i per tant aquesta \u00e9s la que va constituir la nova Junta.<\/p>\n<p>Respecte a la Junta anterior cal destacar la incorporaci\u00f3 de l&#8217;Antonia Victori i en Ram\u00f3n Casal\u00ed. Aix\u00ed, doncs, va quedar constitu\u00efda per:<\/p>\n<p>Carme Delgado \u2013 Presidenta<br \/>\nJosep Codina \u2013 Vicepresident 1r<br \/>\nAnna Rovira \u2013 Vice-presidenta 2a<br \/>\nGerard Paredes \u2013 Secretari<br \/>\nAntonia Victori \u2013 Tresorera<br \/>\nAlbert Pujol \u2013 Vocal<br \/>\nJosep Bosch \u2013 Vocal<br \/>\nRamon Casal\u00ed \u2013 Vocal<br \/>\nJoaquim Alemany \u2013 Vocal<br \/>\nJosep Blanch \u2013 Vocal<br \/>\nCarme Coll \u2013 Vocal<br \/>\nLlu\u00eds Saborit \u2013 Vocal<\/p>\n<p>&nbsp;<\/p>\n","protected":false},"excerpt":{"rendered":"<p>Assemblea El dissabte 16 de febrer a les 8 del vespre en segona convocat\u00f2ria, al local social del CET, va tenir lloc l\u2019assemblea general de socis del 2019 amb l\u2019assist\u00e8ncia de 24 socis. La presidenta va donar la benvinguda als assistents, i els va agrair la seva presencia. Seguidament es  [&#8230;]<\/p>\n","protected":false},"author":1,"featured_media":7080,"comment_status":"closed","ping_status":"closed","sticky":false,"template":"","format":"standard","meta":{"footnotes":""},"categories":[3],"tags":[],"class_list":["post-7077","post","type-post","status-publish","format-standard","has-post-thumbnail","hentry","category-noticies"],"yoast_head":"<!-- This site is optimized with the Yoast SEO plugin v27.4 - https:\/\/yoast.com\/product\/yoast-seo-wordpress\/ -->\n<title>Assemblea general de socis i renovaci\u00f3 de Junta - Centre Excursionista Taradell<\/title>\n<meta name=\"robots\" content=\"index, follow, max-snippet:-1, max-image-preview:large, max-video-preview:-1\" \/>\n<link rel=\"canonical\" href=\"https:\/\/cetaradell.cat\/ce\/assemblea-general-de-socis-i-renovacio-de-junta\/\" \/>\n<meta property=\"og:locale\" content=\"ca_ES\" \/>\n<meta property=\"og:type\" content=\"article\" \/>\n<meta property=\"og:title\" content=\"Assemblea general de socis i renovaci\u00f3 de Junta - Centre Excursionista Taradell\" \/>\n<meta property=\"og:description\" content=\"Assemblea El dissabte 16 de febrer a les 8 del vespre en segona convocat\u00f2ria, al local social del CET, va tenir lloc l\u2019assemblea general de socis del 2019 amb l\u2019assist\u00e8ncia de 24 socis. La presidenta va donar la benvinguda als assistents, i els va agrair la seva presencia. Seguidament es [...]\" \/>\n<meta property=\"og:url\" content=\"https:\/\/cetaradell.cat\/ce\/assemblea-general-de-socis-i-renovacio-de-junta\/\" \/>\n<meta property=\"og:site_name\" content=\"Centre Excursionista Taradell\" \/>\n<meta property=\"article:publisher\" content=\"https:\/\/www.facebook.com\/CETaradell\/\" \/>\n<meta property=\"article:published_time\" content=\"2019-02-27T21:31:55+00:00\" \/>\n<meta property=\"article:modified_time\" content=\"2020-06-02T21:04:56+00:00\" \/>\n<meta property=\"og:image\" content=\"https:\/\/cetaradell.cat\/ce\/wp-content\/uploads\/IMG_2840.jpg\" \/>\n\t<meta property=\"og:image:width\" content=\"1000\" \/>\n\t<meta property=\"og:image:height\" content=\"750\" \/>\n\t<meta property=\"og:image:type\" content=\"image\/jpeg\" \/>\n<meta name=\"author\" content=\"CET\" \/>\n<meta name=\"twitter:card\" content=\"summary_large_image\" \/>\n<meta name=\"twitter:label1\" content=\"Escrit per\" \/>\n\t<meta name=\"twitter:data1\" content=\"CET\" \/>\n\t<meta name=\"twitter:label2\" content=\"Temps estimat de lectura\" \/>\n\t<meta name=\"twitter:data2\" content=\"2 minuts\" \/>\n<script type=\"application\/ld+json\" class=\"yoast-schema-graph\">{\"@context\":\"https:\\\/\\\/schema.org\",\"@graph\":[{\"@type\":\"Article\",\"@id\":\"https:\\\/\\\/cetaradell.cat\\\/ce\\\/assemblea-general-de-socis-i-renovacio-de-junta\\\/#article\",\"isPartOf\":{\"@id\":\"https:\\\/\\\/cetaradell.cat\\\/ce\\\/assemblea-general-de-socis-i-renovacio-de-junta\\\/\"},\"author\":{\"name\":\"CET\",\"@id\":\"https:\\\/\\\/cetaradell.cat\\\/ce\\\/#\\\/schema\\\/person\\\/92a59f585073071c7be6649e84b22f78\"},\"headline\":\"Assemblea general de socis i renovaci\u00f3 de Junta\",\"datePublished\":\"2019-02-27T21:31:55+00:00\",\"dateModified\":\"2020-06-02T21:04:56+00:00\",\"mainEntityOfPage\":{\"@id\":\"https:\\\/\\\/cetaradell.cat\\\/ce\\\/assemblea-general-de-socis-i-renovacio-de-junta\\\/\"},\"wordCount\":350,\"image\":{\"@id\":\"https:\\\/\\\/cetaradell.cat\\\/ce\\\/assemblea-general-de-socis-i-renovacio-de-junta\\\/#primaryimage\"},\"thumbnailUrl\":\"https:\\\/\\\/cetaradell.cat\\\/ce\\\/wp-content\\\/uploads\\\/IMG_2840.jpg\",\"articleSection\":[\"Not\u00edcies\"],\"inLanguage\":\"ca\"},{\"@type\":\"WebPage\",\"@id\":\"https:\\\/\\\/cetaradell.cat\\\/ce\\\/assemblea-general-de-socis-i-renovacio-de-junta\\\/\",\"url\":\"https:\\\/\\\/cetaradell.cat\\\/ce\\\/assemblea-general-de-socis-i-renovacio-de-junta\\\/\",\"name\":\"Assemblea general de socis i renovaci\u00f3 de Junta - Centre Excursionista Taradell\",\"isPartOf\":{\"@id\":\"https:\\\/\\\/cetaradell.cat\\\/ce\\\/#website\"},\"primaryImageOfPage\":{\"@id\":\"https:\\\/\\\/cetaradell.cat\\\/ce\\\/assemblea-general-de-socis-i-renovacio-de-junta\\\/#primaryimage\"},\"image\":{\"@id\":\"https:\\\/\\\/cetaradell.cat\\\/ce\\\/assemblea-general-de-socis-i-renovacio-de-junta\\\/#primaryimage\"},\"thumbnailUrl\":\"https:\\\/\\\/cetaradell.cat\\\/ce\\\/wp-content\\\/uploads\\\/IMG_2840.jpg\",\"datePublished\":\"2019-02-27T21:31:55+00:00\",\"dateModified\":\"2020-06-02T21:04:56+00:00\",\"author\":{\"@id\":\"https:\\\/\\\/cetaradell.cat\\\/ce\\\/#\\\/schema\\\/person\\\/92a59f585073071c7be6649e84b22f78\"},\"breadcrumb\":{\"@id\":\"https:\\\/\\\/cetaradell.cat\\\/ce\\\/assemblea-general-de-socis-i-renovacio-de-junta\\\/#breadcrumb\"},\"inLanguage\":\"ca\",\"potentialAction\":[{\"@type\":\"ReadAction\",\"target\":[\"https:\\\/\\\/cetaradell.cat\\\/ce\\\/assemblea-general-de-socis-i-renovacio-de-junta\\\/\"]}]},{\"@type\":\"ImageObject\",\"inLanguage\":\"ca\",\"@id\":\"https:\\\/\\\/cetaradell.cat\\\/ce\\\/assemblea-general-de-socis-i-renovacio-de-junta\\\/#primaryimage\",\"url\":\"https:\\\/\\\/cetaradell.cat\\\/ce\\\/wp-content\\\/uploads\\\/IMG_2840.jpg\",\"contentUrl\":\"https:\\\/\\\/cetaradell.cat\\\/ce\\\/wp-content\\\/uploads\\\/IMG_2840.jpg\",\"width\":1000,\"height\":750},{\"@type\":\"BreadcrumbList\",\"@id\":\"https:\\\/\\\/cetaradell.cat\\\/ce\\\/assemblea-general-de-socis-i-renovacio-de-junta\\\/#breadcrumb\",\"itemListElement\":[{\"@type\":\"ListItem\",\"position\":1,\"name\":\"Inici\",\"item\":\"https:\\\/\\\/cetaradell.cat\\\/ce\\\/\"},{\"@type\":\"ListItem\",\"position\":2,\"name\":\"Assemblea general de socis i renovaci\u00f3 de Junta\"}]},{\"@type\":\"WebSite\",\"@id\":\"https:\\\/\\\/cetaradell.cat\\\/ce\\\/#website\",\"url\":\"https:\\\/\\\/cetaradell.cat\\\/ce\\\/\",\"name\":\"Centre Excursionista Taradell\",\"description\":\"\",\"potentialAction\":[{\"@type\":\"SearchAction\",\"target\":{\"@type\":\"EntryPoint\",\"urlTemplate\":\"https:\\\/\\\/cetaradell.cat\\\/ce\\\/?s={search_term_string}\"},\"query-input\":{\"@type\":\"PropertyValueSpecification\",\"valueRequired\":true,\"valueName\":\"search_term_string\"}}],\"inLanguage\":\"ca\"},{\"@type\":\"Person\",\"@id\":\"https:\\\/\\\/cetaradell.cat\\\/ce\\\/#\\\/schema\\\/person\\\/92a59f585073071c7be6649e84b22f78\",\"name\":\"CET\",\"image\":{\"@type\":\"ImageObject\",\"inLanguage\":\"ca\",\"@id\":\"https:\\\/\\\/secure.gravatar.com\\\/avatar\\\/d6fbe010d42056feccc0f613ed07277a5118442805079269f12dabdc42e1a727?s=96&d=mm&r=g\",\"url\":\"https:\\\/\\\/secure.gravatar.com\\\/avatar\\\/d6fbe010d42056feccc0f613ed07277a5118442805079269f12dabdc42e1a727?s=96&d=mm&r=g\",\"contentUrl\":\"https:\\\/\\\/secure.gravatar.com\\\/avatar\\\/d6fbe010d42056feccc0f613ed07277a5118442805079269f12dabdc42e1a727?s=96&d=mm&r=g\",\"caption\":\"CET\"},\"url\":\"https:\\\/\\\/cetaradell.cat\\\/ce\\\/author\\\/root\\\/\"}]}<\/script>\n<!-- \/ Yoast SEO plugin. -->","yoast_head_json":{"title":"Assemblea general de socis i renovaci\u00f3 de Junta - Centre Excursionista Taradell","robots":{"index":"index","follow":"follow","max-snippet":"max-snippet:-1","max-image-preview":"max-image-preview:large","max-video-preview":"max-video-preview:-1"},"canonical":"https:\/\/cetaradell.cat\/ce\/assemblea-general-de-socis-i-renovacio-de-junta\/","og_locale":"ca_ES","og_type":"article","og_title":"Assemblea general de socis i renovaci\u00f3 de Junta - Centre Excursionista Taradell","og_description":"Assemblea El dissabte 16 de febrer a les 8 del vespre en segona convocat\u00f2ria, al local social del CET, va tenir lloc l\u2019assemblea general de socis del 2019 amb l\u2019assist\u00e8ncia de 24 socis. La presidenta va donar la benvinguda als assistents, i els va agrair la seva presencia. Seguidament es [...]","og_url":"https:\/\/cetaradell.cat\/ce\/assemblea-general-de-socis-i-renovacio-de-junta\/","og_site_name":"Centre Excursionista Taradell","article_publisher":"https:\/\/www.facebook.com\/CETaradell\/","article_published_time":"2019-02-27T21:31:55+00:00","article_modified_time":"2020-06-02T21:04:56+00:00","og_image":[{"width":1000,"height":750,"url":"https:\/\/cetaradell.cat\/ce\/wp-content\/uploads\/IMG_2840.jpg","type":"image\/jpeg"}],"author":"CET","twitter_card":"summary_large_image","twitter_misc":{"Escrit per":"CET","Temps estimat de lectura":"2 minuts"},"schema":{"@context":"https:\/\/schema.org","@graph":[{"@type":"Article","@id":"https:\/\/cetaradell.cat\/ce\/assemblea-general-de-socis-i-renovacio-de-junta\/#article","isPartOf":{"@id":"https:\/\/cetaradell.cat\/ce\/assemblea-general-de-socis-i-renovacio-de-junta\/"},"author":{"name":"CET","@id":"https:\/\/cetaradell.cat\/ce\/#\/schema\/person\/92a59f585073071c7be6649e84b22f78"},"headline":"Assemblea general de socis i renovaci\u00f3 de Junta","datePublished":"2019-02-27T21:31:55+00:00","dateModified":"2020-06-02T21:04:56+00:00","mainEntityOfPage":{"@id":"https:\/\/cetaradell.cat\/ce\/assemblea-general-de-socis-i-renovacio-de-junta\/"},"wordCount":350,"image":{"@id":"https:\/\/cetaradell.cat\/ce\/assemblea-general-de-socis-i-renovacio-de-junta\/#primaryimage"},"thumbnailUrl":"https:\/\/cetaradell.cat\/ce\/wp-content\/uploads\/IMG_2840.jpg","articleSection":["Not\u00edcies"],"inLanguage":"ca"},{"@type":"WebPage","@id":"https:\/\/cetaradell.cat\/ce\/assemblea-general-de-socis-i-renovacio-de-junta\/","url":"https:\/\/cetaradell.cat\/ce\/assemblea-general-de-socis-i-renovacio-de-junta\/","name":"Assemblea general de socis i renovaci\u00f3 de Junta - Centre Excursionista Taradell","isPartOf":{"@id":"https:\/\/cetaradell.cat\/ce\/#website"},"primaryImageOfPage":{"@id":"https:\/\/cetaradell.cat\/ce\/assemblea-general-de-socis-i-renovacio-de-junta\/#primaryimage"},"image":{"@id":"https:\/\/cetaradell.cat\/ce\/assemblea-general-de-socis-i-renovacio-de-junta\/#primaryimage"},"thumbnailUrl":"https:\/\/cetaradell.cat\/ce\/wp-content\/uploads\/IMG_2840.jpg","datePublished":"2019-02-27T21:31:55+00:00","dateModified":"2020-06-02T21:04:56+00:00","author":{"@id":"https:\/\/cetaradell.cat\/ce\/#\/schema\/person\/92a59f585073071c7be6649e84b22f78"},"breadcrumb":{"@id":"https:\/\/cetaradell.cat\/ce\/assemblea-general-de-socis-i-renovacio-de-junta\/#breadcrumb"},"inLanguage":"ca","potentialAction":[{"@type":"ReadAction","target":["https:\/\/cetaradell.cat\/ce\/assemblea-general-de-socis-i-renovacio-de-junta\/"]}]},{"@type":"ImageObject","inLanguage":"ca","@id":"https:\/\/cetaradell.cat\/ce\/assemblea-general-de-socis-i-renovacio-de-junta\/#primaryimage","url":"https:\/\/cetaradell.cat\/ce\/wp-content\/uploads\/IMG_2840.jpg","contentUrl":"https:\/\/cetaradell.cat\/ce\/wp-content\/uploads\/IMG_2840.jpg","width":1000,"height":750},{"@type":"BreadcrumbList","@id":"https:\/\/cetaradell.cat\/ce\/assemblea-general-de-socis-i-renovacio-de-junta\/#breadcrumb","itemListElement":[{"@type":"ListItem","position":1,"name":"Inici","item":"https:\/\/cetaradell.cat\/ce\/"},{"@type":"ListItem","position":2,"name":"Assemblea general de socis i renovaci\u00f3 de Junta"}]},{"@type":"WebSite","@id":"https:\/\/cetaradell.cat\/ce\/#website","url":"https:\/\/cetaradell.cat\/ce\/","name":"Centre Excursionista Taradell","description":"","potentialAction":[{"@type":"SearchAction","target":{"@type":"EntryPoint","urlTemplate":"https:\/\/cetaradell.cat\/ce\/?s={search_term_string}"},"query-input":{"@type":"PropertyValueSpecification","valueRequired":true,"valueName":"search_term_string"}}],"inLanguage":"ca"},{"@type":"Person","@id":"https:\/\/cetaradell.cat\/ce\/#\/schema\/person\/92a59f585073071c7be6649e84b22f78","name":"CET","image":{"@type":"ImageObject","inLanguage":"ca","@id":"https:\/\/secure.gravatar.com\/avatar\/d6fbe010d42056feccc0f613ed07277a5118442805079269f12dabdc42e1a727?s=96&d=mm&r=g","url":"https:\/\/secure.gravatar.com\/avatar\/d6fbe010d42056feccc0f613ed07277a5118442805079269f12dabdc42e1a727?s=96&d=mm&r=g","contentUrl":"https:\/\/secure.gravatar.com\/avatar\/d6fbe010d42056feccc0f613ed07277a5118442805079269f12dabdc42e1a727?s=96&d=mm&r=g","caption":"CET"},"url":"https:\/\/cetaradell.cat\/ce\/author\/root\/"}]}},"_links":{"self":[{"href":"https:\/\/cetaradell.cat\/ce\/wp-json\/wp\/v2\/posts\/7077","targetHints":{"allow":["GET"]}}],"collection":[{"href":"https:\/\/cetaradell.cat\/ce\/wp-json\/wp\/v2\/posts"}],"about":[{"href":"https:\/\/cetaradell.cat\/ce\/wp-json\/wp\/v2\/types\/post"}],"author":[{"embeddable":true,"href":"https:\/\/cetaradell.cat\/ce\/wp-json\/wp\/v2\/users\/1"}],"replies":[{"embeddable":true,"href":"https:\/\/cetaradell.cat\/ce\/wp-json\/wp\/v2\/comments?post=7077"}],"version-history":[{"count":0,"href":"https:\/\/cetaradell.cat\/ce\/wp-json\/wp\/v2\/posts\/7077\/revisions"}],"wp:featuredmedia":[{"embeddable":true,"href":"https:\/\/cetaradell.cat\/ce\/wp-json\/wp\/v2\/media\/7080"}],"wp:attachment":[{"href":"https:\/\/cetaradell.cat\/ce\/wp-json\/wp\/v2\/media?parent=7077"}],"wp:term":[{"taxonomy":"category","embeddable":true,"href":"https:\/\/cetaradell.cat\/ce\/wp-json\/wp\/v2\/categories?post=7077"},{"taxonomy":"post_tag","embeddable":true,"href":"https:\/\/cetaradell.cat\/ce\/wp-json\/wp\/v2\/tags?post=7077"}],"curies":[{"name":"wp","href":"https:\/\/api.w.org\/{rel}","templated":true}]}}