{"id":7305,"date":"2020-02-05T16:52:27","date_gmt":"2020-02-05T15:52:27","guid":{"rendered":"https:\/\/cetaradell.cat\/ce\/?p=7305"},"modified":"2023-03-13T21:04:26","modified_gmt":"2023-03-13T20:04:26","slug":"nova-seccio-geea","status":"publish","type":"post","link":"https:\/\/cetaradell.cat\/ce\/nova-seccio-geea\/","title":{"rendered":"Nova secci\u00f3: GEEA"},"content":{"rendered":"<h2>Grup d&#8217;Esqu\u00ed Escalada i Alpinisme<\/h2>\n<p><a href=\"https:\/\/cetaradell.cat\/ce\/wp-content\/uploads\/2020-02-GEEA-2.jpg\"><img decoding=\"async\" class=\"wp-image-7307 alignleft\" src=\"https:\/\/cetaradell.cat\/ce\/wp-content\/uploads\/2020-02-GEEA-2-1024x768.jpg\" alt=\"\" width=\"478\" height=\"359\" srcset=\"https:\/\/cetaradell.cat\/ce\/wp-content\/uploads\/2020-02-GEEA-2-200x150.jpg 200w, https:\/\/cetaradell.cat\/ce\/wp-content\/uploads\/2020-02-GEEA-2-300x225.jpg 300w, https:\/\/cetaradell.cat\/ce\/wp-content\/uploads\/2020-02-GEEA-2-400x300.jpg 400w, https:\/\/cetaradell.cat\/ce\/wp-content\/uploads\/2020-02-GEEA-2-500x375.jpg 500w, https:\/\/cetaradell.cat\/ce\/wp-content\/uploads\/2020-02-GEEA-2-600x450.jpg 600w, https:\/\/cetaradell.cat\/ce\/wp-content\/uploads\/2020-02-GEEA-2-700x525.jpg 700w, https:\/\/cetaradell.cat\/ce\/wp-content\/uploads\/2020-02-GEEA-2-768x576.jpg 768w, https:\/\/cetaradell.cat\/ce\/wp-content\/uploads\/2020-02-GEEA-2-800x600.jpg 800w, https:\/\/cetaradell.cat\/ce\/wp-content\/uploads\/2020-02-GEEA-2-1024x768.jpg 1024w, https:\/\/cetaradell.cat\/ce\/wp-content\/uploads\/2020-02-GEEA-2-1200x900.jpg 1200w, https:\/\/cetaradell.cat\/ce\/wp-content\/uploads\/2020-02-GEEA-2-1536x1152.jpg 1536w\" sizes=\"(max-width: 478px) 100vw, 478px\" \/><\/a><\/p>\n<p>La nova secci\u00f3 del CET, el Grup d&#8217;Esqu\u00ed Escalada i Alpinisme, neix amb la intenci\u00f3 d&#8217;organitzar activitats i formacions d&#8217;aquestes disciplines i de l&#8217;alta muntanya en general dins l\u2019\u00e0mbit del Centre Excursionista de Taradell, aix\u00ed com tamb\u00e9 servir de xarxa de contactes per tota aquella gent del poble i del CET interessada en aquestes activitats.<\/p>\n<p>Els responsables de la Secci\u00f3 s\u00f3n en Nil Vila, l&#8217;Oriol Sentmart\u00ed, l&#8217;Albert Presegu\u00e9 i en Josep Masgrau.<\/p>\n<p>A part de les activitats que proposar\u00e0 la secci\u00f3 a trav\u00e9s del Centre tamb\u00e9 es disposa d\u2019un grup de whatsapp per tots aquells que es volen organitzar per sortir a la muntanya. Per formar part d&#8217;aquest grup nom\u00e9s cal demanar-ho a traves de qualsevol de les vies de contacte.<\/p>\n<p>Per contactar es pot fer a trav\u00e9s de l&#8217;Instagram <strong>@geea_cet<\/strong>, el mail <a href=\"mailto:geea@cetaradell.cat\">cetaradell@cetaradell.cat<\/a>) o les oficines del Centre.<\/p>\n<p>Des del GEEA_CET, animem a totes les persones interessades en l&#8217;alta muntanya indiferentment dels seus coneixements i nivell a formar part de<br \/>\nla secci\u00f3.<\/p>\n<p><a href=\"https:\/\/cetaradell.cat\/ce\/wp-content\/uploads\/2020-02-GEEA-1.jpg\"><img decoding=\"async\" class=\"alignnone wp-image-7306\" src=\"https:\/\/cetaradell.cat\/ce\/wp-content\/uploads\/2020-02-GEEA-1-1024x768.jpg\" alt=\"\" width=\"453\" height=\"340\" srcset=\"https:\/\/cetaradell.cat\/ce\/wp-content\/uploads\/2020-02-GEEA-1-200x150.jpg 200w, https:\/\/cetaradell.cat\/ce\/wp-content\/uploads\/2020-02-GEEA-1-300x225.jpg 300w, https:\/\/cetaradell.cat\/ce\/wp-content\/uploads\/2020-02-GEEA-1-400x300.jpg 400w, https:\/\/cetaradell.cat\/ce\/wp-content\/uploads\/2020-02-GEEA-1-500x375.jpg 500w, https:\/\/cetaradell.cat\/ce\/wp-content\/uploads\/2020-02-GEEA-1-600x450.jpg 600w, https:\/\/cetaradell.cat\/ce\/wp-content\/uploads\/2020-02-GEEA-1-700x525.jpg 700w, https:\/\/cetaradell.cat\/ce\/wp-content\/uploads\/2020-02-GEEA-1-768x576.jpg 768w, https:\/\/cetaradell.cat\/ce\/wp-content\/uploads\/2020-02-GEEA-1-800x600.jpg 800w, https:\/\/cetaradell.cat\/ce\/wp-content\/uploads\/2020-02-GEEA-1-1024x768.jpg 1024w, https:\/\/cetaradell.cat\/ce\/wp-content\/uploads\/2020-02-GEEA-1-1200x900.jpg 1200w, https:\/\/cetaradell.cat\/ce\/wp-content\/uploads\/2020-02-GEEA-1-1536x1152.jpg 1536w\" sizes=\"(max-width: 453px) 100vw, 453px\" \/><\/a><\/p>\n","protected":false},"excerpt":{"rendered":"<p>Grup d&#8217;Esqu\u00ed Escalada i Alpinisme La nova secci\u00f3 del CET, el Grup d&#8217;Esqu\u00ed Escalada i Alpinisme, neix amb la intenci\u00f3 d&#8217;organitzar activitats i formacions d&#8217;aquestes disciplines i de l&#8217;alta muntanya en general dins l\u2019\u00e0mbit del Centre Excursionista de Taradell, aix\u00ed com tamb\u00e9 servir de xarxa de contactes per tota aquella  [&#8230;]<\/p>\n","protected":false},"author":6,"featured_media":7307,"comment_status":"closed","ping_status":"closed","sticky":false,"template":"","format":"standard","meta":{"footnotes":""},"categories":[7,3],"tags":[],"class_list":["post-7305","post","type-post","status-publish","format-standard","has-post-thumbnail","hentry","category-muntanya","category-noticies"],"yoast_head":"<!-- This site is optimized with the Yoast SEO plugin v27.4 - https:\/\/yoast.com\/product\/yoast-seo-wordpress\/ -->\n<title>Nova secci\u00f3: GEEA - Centre Excursionista Taradell<\/title>\n<meta name=\"robots\" content=\"index, follow, max-snippet:-1, max-image-preview:large, max-video-preview:-1\" \/>\n<link rel=\"canonical\" href=\"https:\/\/cetaradell.cat\/ce\/nova-seccio-geea\/\" \/>\n<meta property=\"og:locale\" content=\"ca_ES\" \/>\n<meta property=\"og:type\" content=\"article\" \/>\n<meta property=\"og:title\" content=\"Nova secci\u00f3: GEEA - Centre Excursionista Taradell\" \/>\n<meta property=\"og:description\" content=\"Grup d&#8217;Esqu\u00ed Escalada i Alpinisme La nova secci\u00f3 del CET, el Grup d&#8217;Esqu\u00ed Escalada i Alpinisme, neix amb la intenci\u00f3 d&#8217;organitzar activitats i formacions d&#8217;aquestes disciplines i de l&#8217;alta muntanya en general dins l\u2019\u00e0mbit del Centre Excursionista de Taradell, aix\u00ed com tamb\u00e9 servir de xarxa de contactes per tota aquella [...]\" \/>\n<meta property=\"og:url\" content=\"https:\/\/cetaradell.cat\/ce\/nova-seccio-geea\/\" \/>\n<meta property=\"og:site_name\" content=\"Centre Excursionista Taradell\" \/>\n<meta property=\"article:publisher\" content=\"https:\/\/www.facebook.com\/CETaradell\/\" \/>\n<meta property=\"article:published_time\" content=\"2020-02-05T15:52:27+00:00\" \/>\n<meta property=\"article:modified_time\" content=\"2023-03-13T20:04:26+00:00\" \/>\n<meta property=\"og:image\" content=\"https:\/\/cetaradell.cat\/ce\/wp-content\/uploads\/2020-02-GEEA-2.jpg\" \/>\n\t<meta property=\"og:image:width\" content=\"2048\" \/>\n\t<meta property=\"og:image:height\" content=\"1536\" \/>\n\t<meta property=\"og:image:type\" content=\"image\/jpeg\" \/>\n<meta name=\"author\" content=\"monica\" \/>\n<meta name=\"twitter:card\" content=\"summary_large_image\" \/>\n<meta name=\"twitter:label1\" content=\"Escrit per\" \/>\n\t<meta name=\"twitter:data1\" content=\"monica\" \/>\n\t<meta name=\"twitter:label2\" content=\"Temps estimat de lectura\" \/>\n\t<meta name=\"twitter:data2\" content=\"2 minuts\" \/>\n<script type=\"application\/ld+json\" class=\"yoast-schema-graph\">{\"@context\":\"https:\\\/\\\/schema.org\",\"@graph\":[{\"@type\":\"Article\",\"@id\":\"https:\\\/\\\/cetaradell.cat\\\/ce\\\/nova-seccio-geea\\\/#article\",\"isPartOf\":{\"@id\":\"https:\\\/\\\/cetaradell.cat\\\/ce\\\/nova-seccio-geea\\\/\"},\"author\":{\"name\":\"monica\",\"@id\":\"https:\\\/\\\/cetaradell.cat\\\/ce\\\/#\\\/schema\\\/person\\\/6c77f05ea4daec65060a5d7593cb35ef\"},\"headline\":\"Nova secci\u00f3: GEEA\",\"datePublished\":\"2020-02-05T15:52:27+00:00\",\"dateModified\":\"2023-03-13T20:04:26+00:00\",\"mainEntityOfPage\":{\"@id\":\"https:\\\/\\\/cetaradell.cat\\\/ce\\\/nova-seccio-geea\\\/\"},\"wordCount\":191,\"image\":{\"@id\":\"https:\\\/\\\/cetaradell.cat\\\/ce\\\/nova-seccio-geea\\\/#primaryimage\"},\"thumbnailUrl\":\"https:\\\/\\\/cetaradell.cat\\\/ce\\\/wp-content\\\/uploads\\\/2020-02-GEEA-2.jpg\",\"articleSection\":[\"Muntanya\",\"Not\u00edcies\"],\"inLanguage\":\"ca\"},{\"@type\":\"WebPage\",\"@id\":\"https:\\\/\\\/cetaradell.cat\\\/ce\\\/nova-seccio-geea\\\/\",\"url\":\"https:\\\/\\\/cetaradell.cat\\\/ce\\\/nova-seccio-geea\\\/\",\"name\":\"Nova secci\u00f3: GEEA - Centre Excursionista Taradell\",\"isPartOf\":{\"@id\":\"https:\\\/\\\/cetaradell.cat\\\/ce\\\/#website\"},\"primaryImageOfPage\":{\"@id\":\"https:\\\/\\\/cetaradell.cat\\\/ce\\\/nova-seccio-geea\\\/#primaryimage\"},\"image\":{\"@id\":\"https:\\\/\\\/cetaradell.cat\\\/ce\\\/nova-seccio-geea\\\/#primaryimage\"},\"thumbnailUrl\":\"https:\\\/\\\/cetaradell.cat\\\/ce\\\/wp-content\\\/uploads\\\/2020-02-GEEA-2.jpg\",\"datePublished\":\"2020-02-05T15:52:27+00:00\",\"dateModified\":\"2023-03-13T20:04:26+00:00\",\"author\":{\"@id\":\"https:\\\/\\\/cetaradell.cat\\\/ce\\\/#\\\/schema\\\/person\\\/6c77f05ea4daec65060a5d7593cb35ef\"},\"breadcrumb\":{\"@id\":\"https:\\\/\\\/cetaradell.cat\\\/ce\\\/nova-seccio-geea\\\/#breadcrumb\"},\"inLanguage\":\"ca\",\"potentialAction\":[{\"@type\":\"ReadAction\",\"target\":[\"https:\\\/\\\/cetaradell.cat\\\/ce\\\/nova-seccio-geea\\\/\"]}]},{\"@type\":\"ImageObject\",\"inLanguage\":\"ca\",\"@id\":\"https:\\\/\\\/cetaradell.cat\\\/ce\\\/nova-seccio-geea\\\/#primaryimage\",\"url\":\"https:\\\/\\\/cetaradell.cat\\\/ce\\\/wp-content\\\/uploads\\\/2020-02-GEEA-2.jpg\",\"contentUrl\":\"https:\\\/\\\/cetaradell.cat\\\/ce\\\/wp-content\\\/uploads\\\/2020-02-GEEA-2.jpg\",\"width\":2048,\"height\":1536},{\"@type\":\"BreadcrumbList\",\"@id\":\"https:\\\/\\\/cetaradell.cat\\\/ce\\\/nova-seccio-geea\\\/#breadcrumb\",\"itemListElement\":[{\"@type\":\"ListItem\",\"position\":1,\"name\":\"Inici\",\"item\":\"https:\\\/\\\/cetaradell.cat\\\/ce\\\/\"},{\"@type\":\"ListItem\",\"position\":2,\"name\":\"Nova secci\u00f3: GEEA\"}]},{\"@type\":\"WebSite\",\"@id\":\"https:\\\/\\\/cetaradell.cat\\\/ce\\\/#website\",\"url\":\"https:\\\/\\\/cetaradell.cat\\\/ce\\\/\",\"name\":\"Centre Excursionista Taradell\",\"description\":\"\",\"potentialAction\":[{\"@type\":\"SearchAction\",\"target\":{\"@type\":\"EntryPoint\",\"urlTemplate\":\"https:\\\/\\\/cetaradell.cat\\\/ce\\\/?s={search_term_string}\"},\"query-input\":{\"@type\":\"PropertyValueSpecification\",\"valueRequired\":true,\"valueName\":\"search_term_string\"}}],\"inLanguage\":\"ca\"},{\"@type\":\"Person\",\"@id\":\"https:\\\/\\\/cetaradell.cat\\\/ce\\\/#\\\/schema\\\/person\\\/6c77f05ea4daec65060a5d7593cb35ef\",\"name\":\"monica\",\"image\":{\"@type\":\"ImageObject\",\"inLanguage\":\"ca\",\"@id\":\"https:\\\/\\\/secure.gravatar.com\\\/avatar\\\/fb271b5958180d155494529a18d4775ac898a633585fd6ff818e77f7aced8a8f?s=96&d=mm&r=g\",\"url\":\"https:\\\/\\\/secure.gravatar.com\\\/avatar\\\/fb271b5958180d155494529a18d4775ac898a633585fd6ff818e77f7aced8a8f?s=96&d=mm&r=g\",\"contentUrl\":\"https:\\\/\\\/secure.gravatar.com\\\/avatar\\\/fb271b5958180d155494529a18d4775ac898a633585fd6ff818e77f7aced8a8f?s=96&d=mm&r=g\",\"caption\":\"monica\"},\"url\":\"https:\\\/\\\/cetaradell.cat\\\/ce\\\/author\\\/monica\\\/\"}]}<\/script>\n<!-- \/ Yoast SEO plugin. -->","yoast_head_json":{"title":"Nova secci\u00f3: GEEA - Centre Excursionista Taradell","robots":{"index":"index","follow":"follow","max-snippet":"max-snippet:-1","max-image-preview":"max-image-preview:large","max-video-preview":"max-video-preview:-1"},"canonical":"https:\/\/cetaradell.cat\/ce\/nova-seccio-geea\/","og_locale":"ca_ES","og_type":"article","og_title":"Nova secci\u00f3: GEEA - Centre Excursionista Taradell","og_description":"Grup d&#8217;Esqu\u00ed Escalada i Alpinisme La nova secci\u00f3 del CET, el Grup d&#8217;Esqu\u00ed Escalada i Alpinisme, neix amb la intenci\u00f3 d&#8217;organitzar activitats i formacions d&#8217;aquestes disciplines i de l&#8217;alta muntanya en general dins l\u2019\u00e0mbit del Centre Excursionista de Taradell, aix\u00ed com tamb\u00e9 servir de xarxa de contactes per tota aquella [...]","og_url":"https:\/\/cetaradell.cat\/ce\/nova-seccio-geea\/","og_site_name":"Centre Excursionista Taradell","article_publisher":"https:\/\/www.facebook.com\/CETaradell\/","article_published_time":"2020-02-05T15:52:27+00:00","article_modified_time":"2023-03-13T20:04:26+00:00","og_image":[{"width":2048,"height":1536,"url":"https:\/\/cetaradell.cat\/ce\/wp-content\/uploads\/2020-02-GEEA-2.jpg","type":"image\/jpeg"}],"author":"monica","twitter_card":"summary_large_image","twitter_misc":{"Escrit per":"monica","Temps estimat de lectura":"2 minuts"},"schema":{"@context":"https:\/\/schema.org","@graph":[{"@type":"Article","@id":"https:\/\/cetaradell.cat\/ce\/nova-seccio-geea\/#article","isPartOf":{"@id":"https:\/\/cetaradell.cat\/ce\/nova-seccio-geea\/"},"author":{"name":"monica","@id":"https:\/\/cetaradell.cat\/ce\/#\/schema\/person\/6c77f05ea4daec65060a5d7593cb35ef"},"headline":"Nova secci\u00f3: GEEA","datePublished":"2020-02-05T15:52:27+00:00","dateModified":"2023-03-13T20:04:26+00:00","mainEntityOfPage":{"@id":"https:\/\/cetaradell.cat\/ce\/nova-seccio-geea\/"},"wordCount":191,"image":{"@id":"https:\/\/cetaradell.cat\/ce\/nova-seccio-geea\/#primaryimage"},"thumbnailUrl":"https:\/\/cetaradell.cat\/ce\/wp-content\/uploads\/2020-02-GEEA-2.jpg","articleSection":["Muntanya","Not\u00edcies"],"inLanguage":"ca"},{"@type":"WebPage","@id":"https:\/\/cetaradell.cat\/ce\/nova-seccio-geea\/","url":"https:\/\/cetaradell.cat\/ce\/nova-seccio-geea\/","name":"Nova secci\u00f3: GEEA - Centre Excursionista Taradell","isPartOf":{"@id":"https:\/\/cetaradell.cat\/ce\/#website"},"primaryImageOfPage":{"@id":"https:\/\/cetaradell.cat\/ce\/nova-seccio-geea\/#primaryimage"},"image":{"@id":"https:\/\/cetaradell.cat\/ce\/nova-seccio-geea\/#primaryimage"},"thumbnailUrl":"https:\/\/cetaradell.cat\/ce\/wp-content\/uploads\/2020-02-GEEA-2.jpg","datePublished":"2020-02-05T15:52:27+00:00","dateModified":"2023-03-13T20:04:26+00:00","author":{"@id":"https:\/\/cetaradell.cat\/ce\/#\/schema\/person\/6c77f05ea4daec65060a5d7593cb35ef"},"breadcrumb":{"@id":"https:\/\/cetaradell.cat\/ce\/nova-seccio-geea\/#breadcrumb"},"inLanguage":"ca","potentialAction":[{"@type":"ReadAction","target":["https:\/\/cetaradell.cat\/ce\/nova-seccio-geea\/"]}]},{"@type":"ImageObject","inLanguage":"ca","@id":"https:\/\/cetaradell.cat\/ce\/nova-seccio-geea\/#primaryimage","url":"https:\/\/cetaradell.cat\/ce\/wp-content\/uploads\/2020-02-GEEA-2.jpg","contentUrl":"https:\/\/cetaradell.cat\/ce\/wp-content\/uploads\/2020-02-GEEA-2.jpg","width":2048,"height":1536},{"@type":"BreadcrumbList","@id":"https:\/\/cetaradell.cat\/ce\/nova-seccio-geea\/#breadcrumb","itemListElement":[{"@type":"ListItem","position":1,"name":"Inici","item":"https:\/\/cetaradell.cat\/ce\/"},{"@type":"ListItem","position":2,"name":"Nova secci\u00f3: GEEA"}]},{"@type":"WebSite","@id":"https:\/\/cetaradell.cat\/ce\/#website","url":"https:\/\/cetaradell.cat\/ce\/","name":"Centre Excursionista Taradell","description":"","potentialAction":[{"@type":"SearchAction","target":{"@type":"EntryPoint","urlTemplate":"https:\/\/cetaradell.cat\/ce\/?s={search_term_string}"},"query-input":{"@type":"PropertyValueSpecification","valueRequired":true,"valueName":"search_term_string"}}],"inLanguage":"ca"},{"@type":"Person","@id":"https:\/\/cetaradell.cat\/ce\/#\/schema\/person\/6c77f05ea4daec65060a5d7593cb35ef","name":"monica","image":{"@type":"ImageObject","inLanguage":"ca","@id":"https:\/\/secure.gravatar.com\/avatar\/fb271b5958180d155494529a18d4775ac898a633585fd6ff818e77f7aced8a8f?s=96&d=mm&r=g","url":"https:\/\/secure.gravatar.com\/avatar\/fb271b5958180d155494529a18d4775ac898a633585fd6ff818e77f7aced8a8f?s=96&d=mm&r=g","contentUrl":"https:\/\/secure.gravatar.com\/avatar\/fb271b5958180d155494529a18d4775ac898a633585fd6ff818e77f7aced8a8f?s=96&d=mm&r=g","caption":"monica"},"url":"https:\/\/cetaradell.cat\/ce\/author\/monica\/"}]}},"_links":{"self":[{"href":"https:\/\/cetaradell.cat\/ce\/wp-json\/wp\/v2\/posts\/7305","targetHints":{"allow":["GET"]}}],"collection":[{"href":"https:\/\/cetaradell.cat\/ce\/wp-json\/wp\/v2\/posts"}],"about":[{"href":"https:\/\/cetaradell.cat\/ce\/wp-json\/wp\/v2\/types\/post"}],"author":[{"embeddable":true,"href":"https:\/\/cetaradell.cat\/ce\/wp-json\/wp\/v2\/users\/6"}],"replies":[{"embeddable":true,"href":"https:\/\/cetaradell.cat\/ce\/wp-json\/wp\/v2\/comments?post=7305"}],"version-history":[{"count":0,"href":"https:\/\/cetaradell.cat\/ce\/wp-json\/wp\/v2\/posts\/7305\/revisions"}],"wp:featuredmedia":[{"embeddable":true,"href":"https:\/\/cetaradell.cat\/ce\/wp-json\/wp\/v2\/media\/7307"}],"wp:attachment":[{"href":"https:\/\/cetaradell.cat\/ce\/wp-json\/wp\/v2\/media?parent=7305"}],"wp:term":[{"taxonomy":"category","embeddable":true,"href":"https:\/\/cetaradell.cat\/ce\/wp-json\/wp\/v2\/categories?post=7305"},{"taxonomy":"post_tag","embeddable":true,"href":"https:\/\/cetaradell.cat\/ce\/wp-json\/wp\/v2\/tags?post=7305"}],"curies":[{"name":"wp","href":"https:\/\/api.w.org\/{rel}","templated":true}]}}