{"id":7321,"date":"2020-01-01T17:24:10","date_gmt":"2020-01-01T16:24:10","guid":{"rendered":"https:\/\/cetaradell.cat\/ce\/?p=7321"},"modified":"2020-11-07T22:42:33","modified_gmt":"2020-11-07T21:42:33","slug":"156-corredors-a-la-10a-sant-silvestre","status":"publish","type":"post","link":"https:\/\/cetaradell.cat\/ce\/156-corredors-a-la-10a-sant-silvestre\/","title":{"rendered":"156 Corredors a la 10a Sant Silvestre"},"content":{"rendered":"<p><span style=\"color: #993300;\"><em><strong><a style=\"color: #993300;\" href=\"https:\/\/photos.app.goo.gl\/Ra9XHkZz4n9nfic17\" target=\"_blank\" rel=\"noopener noreferrer\">Acc\u00e9s a l&#8217;\u00e0lbum de foto de la 10a Pujada Atl\u00e8tica a l&#8217;Enclusa \u2192<\/a><\/strong><\/em><\/span><\/p>\n<p>156 persones van participar a la 10 a edici\u00f3 de la cursa no competitiva de Sant Silvestre de Taradell, la qual va portar els participants fins a L\u2019Enclusa, el punt m\u00e9s alt del terme, per acomiadar l\u2019any d\u2019una manera divertida i esportiva.<\/p>\n<p>En aquesta cursa, celebrada el dimarts 31 de desembre de 2019, \u00faltim dia de l\u2019any, no es premien els m\u00e9s r\u00e0pids si no que es premien les millors disfresses, per aix\u00f2 es demanava a tots els participants que vagin disfressats o portessin algun guarniment en alguna part visible del cos.<\/p>\n<p>Un cop finalitzada la cursa es va fer el lliurament dels premis a les millors disfresses que en aquesta ocasi\u00f3 van recaure a dos grups. Un vingut des de Santa Eug\u00e8nia de Berga i que representava l\u2019oposici\u00f3 a l\u2019Ajuntament, format\u00a0 per Esther Solans, Ashley Hindman i Albert Solans, i l\u2019altre vingut d\u2019Olot, format tamb\u00e9 per tres corredors; Sergi Arimany, Eric Gispert i Miquel Gainza que portaven unes disfresses de personatges de ficci\u00f3.<\/p>\n<table>\n<tbody>\n<tr>\n<td>\n<p><div id=\"attachment_7279\" style=\"width: 310px\" class=\"wp-caption aligncenter\"><a href=\"https:\/\/cetaradell.cat\/ce\/wp-content\/uploads\/P1220724.jpg\" target=\"_blank\" rel=\"attachment noopener wp-att-7279 noreferrer\"><img decoding=\"async\" aria-describedby=\"caption-attachment-7279\" class=\"wp-image-7279 size-medium\" src=\"https:\/\/cetaradell.cat\/ce\/wp-content\/uploads\/P1220724.jpg\" alt=\"P1220735\" width=\"300\" height=\"225\" \/><\/a><p id=\"caption-attachment-7279\" class=\"wp-caption-text\">Disfressa guanyadora: L&#8217;Oposici\u00f3 de l&#8217;Ajuntament. Albert Solans, Ashley Hindman i Esther Solans.<\/p><\/div><\/td>\n<td>\n<p><div id=\"attachment_7278\" style=\"width: 310px\" class=\"wp-caption aligncenter\"><a href=\"https:\/\/cetaradell.cat\/ce\/wp-content\/uploads\/P1220735.jpg\" target=\"_blank\" rel=\"attachment noopener wp-att-7278 noreferrer\"><img decoding=\"async\" aria-describedby=\"caption-attachment-7278\" class=\"wp-image-7278 size-medium\" src=\"https:\/\/cetaradell.cat\/ce\/wp-content\/uploads\/P1220735.jpg\" alt=\"P1220724\" width=\"300\" height=\"225\" \/><\/a><p id=\"caption-attachment-7278\" class=\"wp-caption-text\">Disfressa guanyadora: personatges de ficci\u00f3. Sergi Arimany, Eric Gispert i Miquel Gainza.<\/p><\/div><\/td>\n<\/tr>\n<\/tbody>\n<\/table>\n<p>La dist\u00e0ncia total de la cursa va ser d\u2019uns 8 quil\u00f2metres, i com cada any la sortida i l\u2019arribada va ser a la pla\u00e7a de les Eres. El recorregut va portar els participants fins a l\u2019Enclusa passant per; la pla\u00e7a de les Eres, carrer de Vic, carrer d\u2019en Rocaguinarda, la travessa de les Sitges, la Codina, la Rompuda, el Bou, i pel serrat de Ramones fins a l\u2019Enclusa, el punt m\u00e9s alt del terme de Taradell. Des de l\u2019Enclusa, el circuit feia baixar els corredors fins a la collada de Mansa, seguia pel solell de les Moles fins a la masia de Mansa, continuava cap al pant\u00e0 de Taradell, Masgrau, can Mascarell, i entrava al poble pel carrer de Sant Sebasti\u00e0 fins a la pla\u00e7a de les Eres on hi havia l\u2019arribada i els participants eren convidats a coca amb llonganissa o xocolata, cava i refrescos.<\/p>\n","protected":false},"excerpt":{"rendered":"<p>Acc\u00e9s a l&#8217;\u00e0lbum de foto de la 10a Pujada Atl\u00e8tica a l&#8217;Enclusa \u2192 156 persones van participar a la 10 a edici\u00f3 de la cursa no competitiva de Sant Silvestre de Taradell, la qual va portar els participants fins a L\u2019Enclusa, el punt m\u00e9s alt del terme, per acomiadar l\u2019any  [&#8230;]<\/p>\n","protected":false},"author":6,"featured_media":7339,"comment_status":"closed","ping_status":"closed","sticky":false,"template":"","format":"standard","meta":{"footnotes":""},"categories":[4,8,3,33],"tags":[],"class_list":["post-7321","post","type-post","status-publish","format-standard","has-post-thumbnail","hentry","category-activitats","category-curses","category-noticies","category-sant-silvestre"],"yoast_head":"<!-- This site is optimized with the Yoast SEO plugin v27.4 - https:\/\/yoast.com\/product\/yoast-seo-wordpress\/ -->\n<title>156 Corredors a la 10a Sant Silvestre - Centre Excursionista Taradell<\/title>\n<meta name=\"robots\" content=\"index, follow, max-snippet:-1, max-image-preview:large, max-video-preview:-1\" \/>\n<link rel=\"canonical\" href=\"https:\/\/cetaradell.cat\/ce\/156-corredors-a-la-10a-sant-silvestre\/\" \/>\n<meta property=\"og:locale\" content=\"ca_ES\" \/>\n<meta property=\"og:type\" content=\"article\" \/>\n<meta property=\"og:title\" content=\"156 Corredors a la 10a Sant Silvestre - Centre Excursionista Taradell\" \/>\n<meta property=\"og:description\" content=\"Acc\u00e9s a l&#8217;\u00e0lbum de foto de la 10a Pujada Atl\u00e8tica a l&#8217;Enclusa \u2192 156 persones van participar a la 10 a edici\u00f3 de la cursa no competitiva de Sant Silvestre de Taradell, la qual va portar els participants fins a L\u2019Enclusa, el punt m\u00e9s alt del terme, per acomiadar l\u2019any [...]\" \/>\n<meta property=\"og:url\" content=\"https:\/\/cetaradell.cat\/ce\/156-corredors-a-la-10a-sant-silvestre\/\" \/>\n<meta property=\"og:site_name\" content=\"Centre Excursionista Taradell\" \/>\n<meta property=\"article:publisher\" content=\"https:\/\/www.facebook.com\/CETaradell\/\" \/>\n<meta property=\"article:published_time\" content=\"2020-01-01T16:24:10+00:00\" \/>\n<meta property=\"article:modified_time\" content=\"2020-11-07T21:42:33+00:00\" \/>\n<meta property=\"og:image\" content=\"https:\/\/cetaradell.cat\/ce\/wp-content\/uploads\/imagen1.jpg\" \/>\n\t<meta property=\"og:image:width\" content=\"300\" \/>\n\t<meta property=\"og:image:height\" content=\"225\" \/>\n\t<meta property=\"og:image:type\" content=\"image\/jpeg\" \/>\n<meta name=\"author\" content=\"monica\" \/>\n<meta name=\"twitter:card\" content=\"summary_large_image\" \/>\n<meta name=\"twitter:label1\" content=\"Escrit per\" \/>\n\t<meta name=\"twitter:data1\" content=\"monica\" \/>\n\t<meta name=\"twitter:label2\" content=\"Temps estimat de lectura\" \/>\n\t<meta name=\"twitter:data2\" content=\"2 minuts\" \/>\n<script type=\"application\/ld+json\" class=\"yoast-schema-graph\">{\"@context\":\"https:\\\/\\\/schema.org\",\"@graph\":[{\"@type\":\"Article\",\"@id\":\"https:\\\/\\\/cetaradell.cat\\\/ce\\\/156-corredors-a-la-10a-sant-silvestre\\\/#article\",\"isPartOf\":{\"@id\":\"https:\\\/\\\/cetaradell.cat\\\/ce\\\/156-corredors-a-la-10a-sant-silvestre\\\/\"},\"author\":{\"name\":\"monica\",\"@id\":\"https:\\\/\\\/cetaradell.cat\\\/ce\\\/#\\\/schema\\\/person\\\/6c77f05ea4daec65060a5d7593cb35ef\"},\"headline\":\"156 Corredors a la 10a Sant Silvestre\",\"datePublished\":\"2020-01-01T16:24:10+00:00\",\"dateModified\":\"2020-11-07T21:42:33+00:00\",\"mainEntityOfPage\":{\"@id\":\"https:\\\/\\\/cetaradell.cat\\\/ce\\\/156-corredors-a-la-10a-sant-silvestre\\\/\"},\"wordCount\":392,\"image\":{\"@id\":\"https:\\\/\\\/cetaradell.cat\\\/ce\\\/156-corredors-a-la-10a-sant-silvestre\\\/#primaryimage\"},\"thumbnailUrl\":\"https:\\\/\\\/cetaradell.cat\\\/ce\\\/wp-content\\\/uploads\\\/imagen1.jpg\",\"articleSection\":[\"Activitats\",\"Curses\",\"Not\u00edcies\",\"Sant Silvestre\"],\"inLanguage\":\"ca\"},{\"@type\":\"WebPage\",\"@id\":\"https:\\\/\\\/cetaradell.cat\\\/ce\\\/156-corredors-a-la-10a-sant-silvestre\\\/\",\"url\":\"https:\\\/\\\/cetaradell.cat\\\/ce\\\/156-corredors-a-la-10a-sant-silvestre\\\/\",\"name\":\"156 Corredors a la 10a Sant Silvestre - Centre Excursionista Taradell\",\"isPartOf\":{\"@id\":\"https:\\\/\\\/cetaradell.cat\\\/ce\\\/#website\"},\"primaryImageOfPage\":{\"@id\":\"https:\\\/\\\/cetaradell.cat\\\/ce\\\/156-corredors-a-la-10a-sant-silvestre\\\/#primaryimage\"},\"image\":{\"@id\":\"https:\\\/\\\/cetaradell.cat\\\/ce\\\/156-corredors-a-la-10a-sant-silvestre\\\/#primaryimage\"},\"thumbnailUrl\":\"https:\\\/\\\/cetaradell.cat\\\/ce\\\/wp-content\\\/uploads\\\/imagen1.jpg\",\"datePublished\":\"2020-01-01T16:24:10+00:00\",\"dateModified\":\"2020-11-07T21:42:33+00:00\",\"author\":{\"@id\":\"https:\\\/\\\/cetaradell.cat\\\/ce\\\/#\\\/schema\\\/person\\\/6c77f05ea4daec65060a5d7593cb35ef\"},\"breadcrumb\":{\"@id\":\"https:\\\/\\\/cetaradell.cat\\\/ce\\\/156-corredors-a-la-10a-sant-silvestre\\\/#breadcrumb\"},\"inLanguage\":\"ca\",\"potentialAction\":[{\"@type\":\"ReadAction\",\"target\":[\"https:\\\/\\\/cetaradell.cat\\\/ce\\\/156-corredors-a-la-10a-sant-silvestre\\\/\"]}]},{\"@type\":\"ImageObject\",\"inLanguage\":\"ca\",\"@id\":\"https:\\\/\\\/cetaradell.cat\\\/ce\\\/156-corredors-a-la-10a-sant-silvestre\\\/#primaryimage\",\"url\":\"https:\\\/\\\/cetaradell.cat\\\/ce\\\/wp-content\\\/uploads\\\/imagen1.jpg\",\"contentUrl\":\"https:\\\/\\\/cetaradell.cat\\\/ce\\\/wp-content\\\/uploads\\\/imagen1.jpg\",\"width\":300,\"height\":225},{\"@type\":\"BreadcrumbList\",\"@id\":\"https:\\\/\\\/cetaradell.cat\\\/ce\\\/156-corredors-a-la-10a-sant-silvestre\\\/#breadcrumb\",\"itemListElement\":[{\"@type\":\"ListItem\",\"position\":1,\"name\":\"Inici\",\"item\":\"https:\\\/\\\/cetaradell.cat\\\/ce\\\/\"},{\"@type\":\"ListItem\",\"position\":2,\"name\":\"156 Corredors a la 10a Sant Silvestre\"}]},{\"@type\":\"WebSite\",\"@id\":\"https:\\\/\\\/cetaradell.cat\\\/ce\\\/#website\",\"url\":\"https:\\\/\\\/cetaradell.cat\\\/ce\\\/\",\"name\":\"Centre Excursionista Taradell\",\"description\":\"\",\"potentialAction\":[{\"@type\":\"SearchAction\",\"target\":{\"@type\":\"EntryPoint\",\"urlTemplate\":\"https:\\\/\\\/cetaradell.cat\\\/ce\\\/?s={search_term_string}\"},\"query-input\":{\"@type\":\"PropertyValueSpecification\",\"valueRequired\":true,\"valueName\":\"search_term_string\"}}],\"inLanguage\":\"ca\"},{\"@type\":\"Person\",\"@id\":\"https:\\\/\\\/cetaradell.cat\\\/ce\\\/#\\\/schema\\\/person\\\/6c77f05ea4daec65060a5d7593cb35ef\",\"name\":\"monica\",\"image\":{\"@type\":\"ImageObject\",\"inLanguage\":\"ca\",\"@id\":\"https:\\\/\\\/secure.gravatar.com\\\/avatar\\\/fb271b5958180d155494529a18d4775ac898a633585fd6ff818e77f7aced8a8f?s=96&d=mm&r=g\",\"url\":\"https:\\\/\\\/secure.gravatar.com\\\/avatar\\\/fb271b5958180d155494529a18d4775ac898a633585fd6ff818e77f7aced8a8f?s=96&d=mm&r=g\",\"contentUrl\":\"https:\\\/\\\/secure.gravatar.com\\\/avatar\\\/fb271b5958180d155494529a18d4775ac898a633585fd6ff818e77f7aced8a8f?s=96&d=mm&r=g\",\"caption\":\"monica\"},\"url\":\"https:\\\/\\\/cetaradell.cat\\\/ce\\\/author\\\/monica\\\/\"}]}<\/script>\n<!-- \/ Yoast SEO plugin. -->","yoast_head_json":{"title":"156 Corredors a la 10a Sant Silvestre - Centre Excursionista Taradell","robots":{"index":"index","follow":"follow","max-snippet":"max-snippet:-1","max-image-preview":"max-image-preview:large","max-video-preview":"max-video-preview:-1"},"canonical":"https:\/\/cetaradell.cat\/ce\/156-corredors-a-la-10a-sant-silvestre\/","og_locale":"ca_ES","og_type":"article","og_title":"156 Corredors a la 10a Sant Silvestre - Centre Excursionista Taradell","og_description":"Acc\u00e9s a l&#8217;\u00e0lbum de foto de la 10a Pujada Atl\u00e8tica a l&#8217;Enclusa \u2192 156 persones van participar a la 10 a edici\u00f3 de la cursa no competitiva de Sant Silvestre de Taradell, la qual va portar els participants fins a L\u2019Enclusa, el punt m\u00e9s alt del terme, per acomiadar l\u2019any [...]","og_url":"https:\/\/cetaradell.cat\/ce\/156-corredors-a-la-10a-sant-silvestre\/","og_site_name":"Centre Excursionista Taradell","article_publisher":"https:\/\/www.facebook.com\/CETaradell\/","article_published_time":"2020-01-01T16:24:10+00:00","article_modified_time":"2020-11-07T21:42:33+00:00","og_image":[{"width":300,"height":225,"url":"https:\/\/cetaradell.cat\/ce\/wp-content\/uploads\/imagen1.jpg","type":"image\/jpeg"}],"author":"monica","twitter_card":"summary_large_image","twitter_misc":{"Escrit per":"monica","Temps estimat de lectura":"2 minuts"},"schema":{"@context":"https:\/\/schema.org","@graph":[{"@type":"Article","@id":"https:\/\/cetaradell.cat\/ce\/156-corredors-a-la-10a-sant-silvestre\/#article","isPartOf":{"@id":"https:\/\/cetaradell.cat\/ce\/156-corredors-a-la-10a-sant-silvestre\/"},"author":{"name":"monica","@id":"https:\/\/cetaradell.cat\/ce\/#\/schema\/person\/6c77f05ea4daec65060a5d7593cb35ef"},"headline":"156 Corredors a la 10a Sant Silvestre","datePublished":"2020-01-01T16:24:10+00:00","dateModified":"2020-11-07T21:42:33+00:00","mainEntityOfPage":{"@id":"https:\/\/cetaradell.cat\/ce\/156-corredors-a-la-10a-sant-silvestre\/"},"wordCount":392,"image":{"@id":"https:\/\/cetaradell.cat\/ce\/156-corredors-a-la-10a-sant-silvestre\/#primaryimage"},"thumbnailUrl":"https:\/\/cetaradell.cat\/ce\/wp-content\/uploads\/imagen1.jpg","articleSection":["Activitats","Curses","Not\u00edcies","Sant Silvestre"],"inLanguage":"ca"},{"@type":"WebPage","@id":"https:\/\/cetaradell.cat\/ce\/156-corredors-a-la-10a-sant-silvestre\/","url":"https:\/\/cetaradell.cat\/ce\/156-corredors-a-la-10a-sant-silvestre\/","name":"156 Corredors a la 10a Sant Silvestre - Centre Excursionista Taradell","isPartOf":{"@id":"https:\/\/cetaradell.cat\/ce\/#website"},"primaryImageOfPage":{"@id":"https:\/\/cetaradell.cat\/ce\/156-corredors-a-la-10a-sant-silvestre\/#primaryimage"},"image":{"@id":"https:\/\/cetaradell.cat\/ce\/156-corredors-a-la-10a-sant-silvestre\/#primaryimage"},"thumbnailUrl":"https:\/\/cetaradell.cat\/ce\/wp-content\/uploads\/imagen1.jpg","datePublished":"2020-01-01T16:24:10+00:00","dateModified":"2020-11-07T21:42:33+00:00","author":{"@id":"https:\/\/cetaradell.cat\/ce\/#\/schema\/person\/6c77f05ea4daec65060a5d7593cb35ef"},"breadcrumb":{"@id":"https:\/\/cetaradell.cat\/ce\/156-corredors-a-la-10a-sant-silvestre\/#breadcrumb"},"inLanguage":"ca","potentialAction":[{"@type":"ReadAction","target":["https:\/\/cetaradell.cat\/ce\/156-corredors-a-la-10a-sant-silvestre\/"]}]},{"@type":"ImageObject","inLanguage":"ca","@id":"https:\/\/cetaradell.cat\/ce\/156-corredors-a-la-10a-sant-silvestre\/#primaryimage","url":"https:\/\/cetaradell.cat\/ce\/wp-content\/uploads\/imagen1.jpg","contentUrl":"https:\/\/cetaradell.cat\/ce\/wp-content\/uploads\/imagen1.jpg","width":300,"height":225},{"@type":"BreadcrumbList","@id":"https:\/\/cetaradell.cat\/ce\/156-corredors-a-la-10a-sant-silvestre\/#breadcrumb","itemListElement":[{"@type":"ListItem","position":1,"name":"Inici","item":"https:\/\/cetaradell.cat\/ce\/"},{"@type":"ListItem","position":2,"name":"156 Corredors a la 10a Sant Silvestre"}]},{"@type":"WebSite","@id":"https:\/\/cetaradell.cat\/ce\/#website","url":"https:\/\/cetaradell.cat\/ce\/","name":"Centre Excursionista Taradell","description":"","potentialAction":[{"@type":"SearchAction","target":{"@type":"EntryPoint","urlTemplate":"https:\/\/cetaradell.cat\/ce\/?s={search_term_string}"},"query-input":{"@type":"PropertyValueSpecification","valueRequired":true,"valueName":"search_term_string"}}],"inLanguage":"ca"},{"@type":"Person","@id":"https:\/\/cetaradell.cat\/ce\/#\/schema\/person\/6c77f05ea4daec65060a5d7593cb35ef","name":"monica","image":{"@type":"ImageObject","inLanguage":"ca","@id":"https:\/\/secure.gravatar.com\/avatar\/fb271b5958180d155494529a18d4775ac898a633585fd6ff818e77f7aced8a8f?s=96&d=mm&r=g","url":"https:\/\/secure.gravatar.com\/avatar\/fb271b5958180d155494529a18d4775ac898a633585fd6ff818e77f7aced8a8f?s=96&d=mm&r=g","contentUrl":"https:\/\/secure.gravatar.com\/avatar\/fb271b5958180d155494529a18d4775ac898a633585fd6ff818e77f7aced8a8f?s=96&d=mm&r=g","caption":"monica"},"url":"https:\/\/cetaradell.cat\/ce\/author\/monica\/"}]}},"_links":{"self":[{"href":"https:\/\/cetaradell.cat\/ce\/wp-json\/wp\/v2\/posts\/7321","targetHints":{"allow":["GET"]}}],"collection":[{"href":"https:\/\/cetaradell.cat\/ce\/wp-json\/wp\/v2\/posts"}],"about":[{"href":"https:\/\/cetaradell.cat\/ce\/wp-json\/wp\/v2\/types\/post"}],"author":[{"embeddable":true,"href":"https:\/\/cetaradell.cat\/ce\/wp-json\/wp\/v2\/users\/6"}],"replies":[{"embeddable":true,"href":"https:\/\/cetaradell.cat\/ce\/wp-json\/wp\/v2\/comments?post=7321"}],"version-history":[{"count":0,"href":"https:\/\/cetaradell.cat\/ce\/wp-json\/wp\/v2\/posts\/7321\/revisions"}],"wp:featuredmedia":[{"embeddable":true,"href":"https:\/\/cetaradell.cat\/ce\/wp-json\/wp\/v2\/media\/7339"}],"wp:attachment":[{"href":"https:\/\/cetaradell.cat\/ce\/wp-json\/wp\/v2\/media?parent=7321"}],"wp:term":[{"taxonomy":"category","embeddable":true,"href":"https:\/\/cetaradell.cat\/ce\/wp-json\/wp\/v2\/categories?post=7321"},{"taxonomy":"post_tag","embeddable":true,"href":"https:\/\/cetaradell.cat\/ce\/wp-json\/wp\/v2\/tags?post=7321"}],"curies":[{"name":"wp","href":"https:\/\/api.w.org\/{rel}","templated":true}]}}