{"id":7333,"date":"2019-12-16T17:49:52","date_gmt":"2019-12-16T16:49:52","guid":{"rendered":"https:\/\/cetaradell.cat\/ce\/?p=7333"},"modified":"2023-04-12T21:29:31","modified_gmt":"2023-04-12T20:29:31","slug":"llicencies-federatives-feec-i-fcoc-2020","status":"publish","type":"post","link":"https:\/\/cetaradell.cat\/ce\/llicencies-federatives-feec-i-fcoc-2020\/","title":{"rendered":"Llic\u00e8ncies federatives FEEC i FCOC- 2020"},"content":{"rendered":"<p><a href=\"https:\/\/cetaradell.cat\/ce\/wp-content\/uploads\/FCOC-carnet-1024x686-1.jpg\"><img decoding=\"async\" class=\"alignnone wp-image-7335\" src=\"https:\/\/cetaradell.cat\/ce\/wp-content\/uploads\/FCOC-carnet-1024x686-1.jpg\" alt=\"\" width=\"446\" height=\"299\" srcset=\"https:\/\/cetaradell.cat\/ce\/wp-content\/uploads\/FCOC-carnet-1024x686-1-200x134.jpg 200w, https:\/\/cetaradell.cat\/ce\/wp-content\/uploads\/FCOC-carnet-1024x686-1-300x201.jpg 300w, https:\/\/cetaradell.cat\/ce\/wp-content\/uploads\/FCOC-carnet-1024x686-1-400x268.jpg 400w, https:\/\/cetaradell.cat\/ce\/wp-content\/uploads\/FCOC-carnet-1024x686-1-500x335.jpg 500w, https:\/\/cetaradell.cat\/ce\/wp-content\/uploads\/FCOC-carnet-1024x686-1-600x402.jpg 600w, https:\/\/cetaradell.cat\/ce\/wp-content\/uploads\/FCOC-carnet-1024x686-1-700x469.jpg 700w, https:\/\/cetaradell.cat\/ce\/wp-content\/uploads\/FCOC-carnet-1024x686-1-768x515.jpg 768w, https:\/\/cetaradell.cat\/ce\/wp-content\/uploads\/FCOC-carnet-1024x686-1-800x536.jpg 800w, https:\/\/cetaradell.cat\/ce\/wp-content\/uploads\/FCOC-carnet-1024x686-1.jpg 1024w\" sizes=\"(max-width: 446px) 100vw, 446px\" \/><\/a><a href=\"https:\/\/cetaradell.cat\/ce\/wp-content\/uploads\/2019_llicencia-FEEC_2020.png\"><img decoding=\"async\" class=\"alignnone wp-image-7334\" src=\"https:\/\/cetaradell.cat\/ce\/wp-content\/uploads\/2019_llicencia-FEEC_2020.png\" alt=\"\" width=\"465\" height=\"293\" srcset=\"https:\/\/cetaradell.cat\/ce\/wp-content\/uploads\/2019_llicencia-FEEC_2020-200x126.png 200w, https:\/\/cetaradell.cat\/ce\/wp-content\/uploads\/2019_llicencia-FEEC_2020-300x189.png 300w, https:\/\/cetaradell.cat\/ce\/wp-content\/uploads\/2019_llicencia-FEEC_2020-320x202.png 320w, https:\/\/cetaradell.cat\/ce\/wp-content\/uploads\/2019_llicencia-FEEC_2020-400x252.png 400w, https:\/\/cetaradell.cat\/ce\/wp-content\/uploads\/2019_llicencia-FEEC_2020-500x315.png 500w, https:\/\/cetaradell.cat\/ce\/wp-content\/uploads\/2019_llicencia-FEEC_2020-600x378.png 600w, https:\/\/cetaradell.cat\/ce\/wp-content\/uploads\/2019_llicencia-FEEC_2020-700x441.png 700w, https:\/\/cetaradell.cat\/ce\/wp-content\/uploads\/2019_llicencia-FEEC_2020-768x484.png 768w, https:\/\/cetaradell.cat\/ce\/wp-content\/uploads\/2019_llicencia-FEEC_2020-800x504.png 800w, https:\/\/cetaradell.cat\/ce\/wp-content\/uploads\/2019_llicencia-FEEC_2020.png 890w\" sizes=\"(max-width: 465px) 100vw, 465px\" \/><\/a><\/p>\n<p>El Centre Excursionista Taradell est\u00e0 adherit a la <strong><a href=\"https:\/\/www.feec.cat\/\" target=\"_blank\" rel=\"noopener noreferrer\">Federaci\u00f3 d&#8217;Entitats Excursionistes de Catalunya (FEEC\u2192)<\/a><\/strong> i a la <strong>Federaci\u00f3 de Curses d&#8217;Orientaci\u00f3 de Catalunya (FCOC\u2192<\/strong>) i podem tramitar les llic\u00e8ncies de les dues federacions.<\/p>\n<p>Us recordem que els carnets federatius del 2019 acaben el 31 de desembre de 2019.<\/p>\n<p>Per tant, els interessats en tramitar la llic\u00e8ncia federativa per al 2020 podeu passar per la secretaria del CET a tramitar-les i aix\u00ed poder-ne gaudir des del principi de l&#8217;any. Cal tenir en compte, per\u00f2, que els carnets federatius per al 2020 comen\u00e7aran a ser v\u00e0lids l\u20191 de gener, encara que s\u2019hagi expedit abans.<\/p>\n<p>Trobereu m\u00e9s informaci\u00f3 sobre els avantatges i cobertures de les llic\u00e8ncies esportives de muntany i curses d&#8217;orientaci\u00f3 a les web de les respectives federacions: <strong><a href=\"https:\/\/www.feec.cat\/\" target=\"_blank\" rel=\"noopener noreferrer\">Federaci\u00f3 d&#8217;Entitats Excursionistes de Catalunya (FEEC\u2192)<\/a><\/strong> i <strong>Federaci\u00f3 de Curses d&#8217;Orientaci\u00f3 de Catalunya (FCOC\u2192<\/strong>)<\/p>\n","protected":false},"excerpt":{"rendered":"<p>El Centre Excursionista Taradell est\u00e0 adherit a la Federaci\u00f3 d&#8217;Entitats Excursionistes de Catalunya (FEEC\u2192) i a la Federaci\u00f3 de Curses d&#8217;Orientaci\u00f3 de Catalunya (FCOC\u2192) i podem tramitar les llic\u00e8ncies de les dues federacions. Us recordem que els carnets federatius del 2019 acaben el 31 de desembre de 2019. Per tant,  [&#8230;]<\/p>\n","protected":false},"author":6,"featured_media":7334,"comment_status":"closed","ping_status":"closed","sticky":false,"template":"","format":"standard","meta":{"footnotes":""},"categories":[8,45,7,11],"tags":[],"class_list":["post-7333","post","type-post","status-publish","format-standard","has-post-thumbnail","hentry","category-curses","category-curses-dorientacio","category-muntanya","category-senders"],"yoast_head":"<!-- This site is optimized with the Yoast SEO plugin v27.4 - https:\/\/yoast.com\/product\/yoast-seo-wordpress\/ -->\n<title>Llic\u00e8ncies federatives FEEC i FCOC- 2020 - Centre Excursionista Taradell<\/title>\n<meta name=\"robots\" content=\"index, follow, max-snippet:-1, max-image-preview:large, max-video-preview:-1\" \/>\n<link rel=\"canonical\" href=\"https:\/\/cetaradell.cat\/ce\/llicencies-federatives-feec-i-fcoc-2020\/\" \/>\n<meta property=\"og:locale\" content=\"ca_ES\" \/>\n<meta property=\"og:type\" content=\"article\" \/>\n<meta property=\"og:title\" content=\"Llic\u00e8ncies federatives FEEC i FCOC- 2020 - Centre Excursionista Taradell\" \/>\n<meta property=\"og:description\" content=\"El Centre Excursionista Taradell est\u00e0 adherit a la Federaci\u00f3 d&#8217;Entitats Excursionistes de Catalunya (FEEC\u2192) i a la Federaci\u00f3 de Curses d&#8217;Orientaci\u00f3 de Catalunya (FCOC\u2192) i podem tramitar les llic\u00e8ncies de les dues federacions. Us recordem que els carnets federatius del 2019 acaben el 31 de desembre de 2019. Per tant, [...]\" \/>\n<meta property=\"og:url\" content=\"https:\/\/cetaradell.cat\/ce\/llicencies-federatives-feec-i-fcoc-2020\/\" \/>\n<meta property=\"og:site_name\" content=\"Centre Excursionista Taradell\" \/>\n<meta property=\"article:publisher\" content=\"https:\/\/www.facebook.com\/CETaradell\/\" \/>\n<meta property=\"article:published_time\" content=\"2019-12-16T16:49:52+00:00\" \/>\n<meta property=\"article:modified_time\" content=\"2023-04-12T20:29:31+00:00\" \/>\n<meta property=\"og:image\" content=\"https:\/\/cetaradell.cat\/ce\/wp-content\/uploads\/2019_llicencia-FEEC_2020.png\" \/>\n\t<meta property=\"og:image:width\" content=\"890\" \/>\n\t<meta property=\"og:image:height\" content=\"561\" \/>\n\t<meta property=\"og:image:type\" content=\"image\/png\" \/>\n<meta name=\"author\" content=\"monica\" \/>\n<meta name=\"twitter:card\" content=\"summary_large_image\" \/>\n<meta name=\"twitter:label1\" content=\"Escrit per\" \/>\n\t<meta name=\"twitter:data1\" content=\"monica\" \/>\n\t<meta name=\"twitter:label2\" content=\"Temps estimat de lectura\" \/>\n\t<meta name=\"twitter:data2\" content=\"1 minut\" \/>\n<script type=\"application\/ld+json\" class=\"yoast-schema-graph\">{\"@context\":\"https:\\\/\\\/schema.org\",\"@graph\":[{\"@type\":\"Article\",\"@id\":\"https:\\\/\\\/cetaradell.cat\\\/ce\\\/llicencies-federatives-feec-i-fcoc-2020\\\/#article\",\"isPartOf\":{\"@id\":\"https:\\\/\\\/cetaradell.cat\\\/ce\\\/llicencies-federatives-feec-i-fcoc-2020\\\/\"},\"author\":{\"name\":\"monica\",\"@id\":\"https:\\\/\\\/cetaradell.cat\\\/ce\\\/#\\\/schema\\\/person\\\/6c77f05ea4daec65060a5d7593cb35ef\"},\"headline\":\"Llic\u00e8ncies federatives FEEC i FCOC- 2020\",\"datePublished\":\"2019-12-16T16:49:52+00:00\",\"dateModified\":\"2023-04-12T20:29:31+00:00\",\"mainEntityOfPage\":{\"@id\":\"https:\\\/\\\/cetaradell.cat\\\/ce\\\/llicencies-federatives-feec-i-fcoc-2020\\\/\"},\"wordCount\":154,\"image\":{\"@id\":\"https:\\\/\\\/cetaradell.cat\\\/ce\\\/llicencies-federatives-feec-i-fcoc-2020\\\/#primaryimage\"},\"thumbnailUrl\":\"https:\\\/\\\/cetaradell.cat\\\/ce\\\/wp-content\\\/uploads\\\/2019_llicencia-FEEC_2020.png\",\"articleSection\":[\"Curses\",\"Curses d'Orientaci\u00f3\",\"Muntanya\",\"Senders\"],\"inLanguage\":\"ca\"},{\"@type\":\"WebPage\",\"@id\":\"https:\\\/\\\/cetaradell.cat\\\/ce\\\/llicencies-federatives-feec-i-fcoc-2020\\\/\",\"url\":\"https:\\\/\\\/cetaradell.cat\\\/ce\\\/llicencies-federatives-feec-i-fcoc-2020\\\/\",\"name\":\"Llic\u00e8ncies federatives FEEC i FCOC- 2020 - Centre Excursionista Taradell\",\"isPartOf\":{\"@id\":\"https:\\\/\\\/cetaradell.cat\\\/ce\\\/#website\"},\"primaryImageOfPage\":{\"@id\":\"https:\\\/\\\/cetaradell.cat\\\/ce\\\/llicencies-federatives-feec-i-fcoc-2020\\\/#primaryimage\"},\"image\":{\"@id\":\"https:\\\/\\\/cetaradell.cat\\\/ce\\\/llicencies-federatives-feec-i-fcoc-2020\\\/#primaryimage\"},\"thumbnailUrl\":\"https:\\\/\\\/cetaradell.cat\\\/ce\\\/wp-content\\\/uploads\\\/2019_llicencia-FEEC_2020.png\",\"datePublished\":\"2019-12-16T16:49:52+00:00\",\"dateModified\":\"2023-04-12T20:29:31+00:00\",\"author\":{\"@id\":\"https:\\\/\\\/cetaradell.cat\\\/ce\\\/#\\\/schema\\\/person\\\/6c77f05ea4daec65060a5d7593cb35ef\"},\"breadcrumb\":{\"@id\":\"https:\\\/\\\/cetaradell.cat\\\/ce\\\/llicencies-federatives-feec-i-fcoc-2020\\\/#breadcrumb\"},\"inLanguage\":\"ca\",\"potentialAction\":[{\"@type\":\"ReadAction\",\"target\":[\"https:\\\/\\\/cetaradell.cat\\\/ce\\\/llicencies-federatives-feec-i-fcoc-2020\\\/\"]}]},{\"@type\":\"ImageObject\",\"inLanguage\":\"ca\",\"@id\":\"https:\\\/\\\/cetaradell.cat\\\/ce\\\/llicencies-federatives-feec-i-fcoc-2020\\\/#primaryimage\",\"url\":\"https:\\\/\\\/cetaradell.cat\\\/ce\\\/wp-content\\\/uploads\\\/2019_llicencia-FEEC_2020.png\",\"contentUrl\":\"https:\\\/\\\/cetaradell.cat\\\/ce\\\/wp-content\\\/uploads\\\/2019_llicencia-FEEC_2020.png\",\"width\":890,\"height\":561},{\"@type\":\"BreadcrumbList\",\"@id\":\"https:\\\/\\\/cetaradell.cat\\\/ce\\\/llicencies-federatives-feec-i-fcoc-2020\\\/#breadcrumb\",\"itemListElement\":[{\"@type\":\"ListItem\",\"position\":1,\"name\":\"Inici\",\"item\":\"https:\\\/\\\/cetaradell.cat\\\/ce\\\/\"},{\"@type\":\"ListItem\",\"position\":2,\"name\":\"Llic\u00e8ncies federatives FEEC i FCOC- 2020\"}]},{\"@type\":\"WebSite\",\"@id\":\"https:\\\/\\\/cetaradell.cat\\\/ce\\\/#website\",\"url\":\"https:\\\/\\\/cetaradell.cat\\\/ce\\\/\",\"name\":\"Centre Excursionista Taradell\",\"description\":\"\",\"potentialAction\":[{\"@type\":\"SearchAction\",\"target\":{\"@type\":\"EntryPoint\",\"urlTemplate\":\"https:\\\/\\\/cetaradell.cat\\\/ce\\\/?s={search_term_string}\"},\"query-input\":{\"@type\":\"PropertyValueSpecification\",\"valueRequired\":true,\"valueName\":\"search_term_string\"}}],\"inLanguage\":\"ca\"},{\"@type\":\"Person\",\"@id\":\"https:\\\/\\\/cetaradell.cat\\\/ce\\\/#\\\/schema\\\/person\\\/6c77f05ea4daec65060a5d7593cb35ef\",\"name\":\"monica\",\"image\":{\"@type\":\"ImageObject\",\"inLanguage\":\"ca\",\"@id\":\"https:\\\/\\\/secure.gravatar.com\\\/avatar\\\/fb271b5958180d155494529a18d4775ac898a633585fd6ff818e77f7aced8a8f?s=96&d=mm&r=g\",\"url\":\"https:\\\/\\\/secure.gravatar.com\\\/avatar\\\/fb271b5958180d155494529a18d4775ac898a633585fd6ff818e77f7aced8a8f?s=96&d=mm&r=g\",\"contentUrl\":\"https:\\\/\\\/secure.gravatar.com\\\/avatar\\\/fb271b5958180d155494529a18d4775ac898a633585fd6ff818e77f7aced8a8f?s=96&d=mm&r=g\",\"caption\":\"monica\"},\"url\":\"https:\\\/\\\/cetaradell.cat\\\/ce\\\/author\\\/monica\\\/\"}]}<\/script>\n<!-- \/ Yoast SEO plugin. -->","yoast_head_json":{"title":"Llic\u00e8ncies federatives FEEC i FCOC- 2020 - Centre Excursionista Taradell","robots":{"index":"index","follow":"follow","max-snippet":"max-snippet:-1","max-image-preview":"max-image-preview:large","max-video-preview":"max-video-preview:-1"},"canonical":"https:\/\/cetaradell.cat\/ce\/llicencies-federatives-feec-i-fcoc-2020\/","og_locale":"ca_ES","og_type":"article","og_title":"Llic\u00e8ncies federatives FEEC i FCOC- 2020 - Centre Excursionista Taradell","og_description":"El Centre Excursionista Taradell est\u00e0 adherit a la Federaci\u00f3 d&#8217;Entitats Excursionistes de Catalunya (FEEC\u2192) i a la Federaci\u00f3 de Curses d&#8217;Orientaci\u00f3 de Catalunya (FCOC\u2192) i podem tramitar les llic\u00e8ncies de les dues federacions. Us recordem que els carnets federatius del 2019 acaben el 31 de desembre de 2019. Per tant, [...]","og_url":"https:\/\/cetaradell.cat\/ce\/llicencies-federatives-feec-i-fcoc-2020\/","og_site_name":"Centre Excursionista Taradell","article_publisher":"https:\/\/www.facebook.com\/CETaradell\/","article_published_time":"2019-12-16T16:49:52+00:00","article_modified_time":"2023-04-12T20:29:31+00:00","og_image":[{"width":890,"height":561,"url":"https:\/\/cetaradell.cat\/ce\/wp-content\/uploads\/2019_llicencia-FEEC_2020.png","type":"image\/png"}],"author":"monica","twitter_card":"summary_large_image","twitter_misc":{"Escrit per":"monica","Temps estimat de lectura":"1 minut"},"schema":{"@context":"https:\/\/schema.org","@graph":[{"@type":"Article","@id":"https:\/\/cetaradell.cat\/ce\/llicencies-federatives-feec-i-fcoc-2020\/#article","isPartOf":{"@id":"https:\/\/cetaradell.cat\/ce\/llicencies-federatives-feec-i-fcoc-2020\/"},"author":{"name":"monica","@id":"https:\/\/cetaradell.cat\/ce\/#\/schema\/person\/6c77f05ea4daec65060a5d7593cb35ef"},"headline":"Llic\u00e8ncies federatives FEEC i FCOC- 2020","datePublished":"2019-12-16T16:49:52+00:00","dateModified":"2023-04-12T20:29:31+00:00","mainEntityOfPage":{"@id":"https:\/\/cetaradell.cat\/ce\/llicencies-federatives-feec-i-fcoc-2020\/"},"wordCount":154,"image":{"@id":"https:\/\/cetaradell.cat\/ce\/llicencies-federatives-feec-i-fcoc-2020\/#primaryimage"},"thumbnailUrl":"https:\/\/cetaradell.cat\/ce\/wp-content\/uploads\/2019_llicencia-FEEC_2020.png","articleSection":["Curses","Curses d'Orientaci\u00f3","Muntanya","Senders"],"inLanguage":"ca"},{"@type":"WebPage","@id":"https:\/\/cetaradell.cat\/ce\/llicencies-federatives-feec-i-fcoc-2020\/","url":"https:\/\/cetaradell.cat\/ce\/llicencies-federatives-feec-i-fcoc-2020\/","name":"Llic\u00e8ncies federatives FEEC i FCOC- 2020 - Centre Excursionista Taradell","isPartOf":{"@id":"https:\/\/cetaradell.cat\/ce\/#website"},"primaryImageOfPage":{"@id":"https:\/\/cetaradell.cat\/ce\/llicencies-federatives-feec-i-fcoc-2020\/#primaryimage"},"image":{"@id":"https:\/\/cetaradell.cat\/ce\/llicencies-federatives-feec-i-fcoc-2020\/#primaryimage"},"thumbnailUrl":"https:\/\/cetaradell.cat\/ce\/wp-content\/uploads\/2019_llicencia-FEEC_2020.png","datePublished":"2019-12-16T16:49:52+00:00","dateModified":"2023-04-12T20:29:31+00:00","author":{"@id":"https:\/\/cetaradell.cat\/ce\/#\/schema\/person\/6c77f05ea4daec65060a5d7593cb35ef"},"breadcrumb":{"@id":"https:\/\/cetaradell.cat\/ce\/llicencies-federatives-feec-i-fcoc-2020\/#breadcrumb"},"inLanguage":"ca","potentialAction":[{"@type":"ReadAction","target":["https:\/\/cetaradell.cat\/ce\/llicencies-federatives-feec-i-fcoc-2020\/"]}]},{"@type":"ImageObject","inLanguage":"ca","@id":"https:\/\/cetaradell.cat\/ce\/llicencies-federatives-feec-i-fcoc-2020\/#primaryimage","url":"https:\/\/cetaradell.cat\/ce\/wp-content\/uploads\/2019_llicencia-FEEC_2020.png","contentUrl":"https:\/\/cetaradell.cat\/ce\/wp-content\/uploads\/2019_llicencia-FEEC_2020.png","width":890,"height":561},{"@type":"BreadcrumbList","@id":"https:\/\/cetaradell.cat\/ce\/llicencies-federatives-feec-i-fcoc-2020\/#breadcrumb","itemListElement":[{"@type":"ListItem","position":1,"name":"Inici","item":"https:\/\/cetaradell.cat\/ce\/"},{"@type":"ListItem","position":2,"name":"Llic\u00e8ncies federatives FEEC i FCOC- 2020"}]},{"@type":"WebSite","@id":"https:\/\/cetaradell.cat\/ce\/#website","url":"https:\/\/cetaradell.cat\/ce\/","name":"Centre Excursionista Taradell","description":"","potentialAction":[{"@type":"SearchAction","target":{"@type":"EntryPoint","urlTemplate":"https:\/\/cetaradell.cat\/ce\/?s={search_term_string}"},"query-input":{"@type":"PropertyValueSpecification","valueRequired":true,"valueName":"search_term_string"}}],"inLanguage":"ca"},{"@type":"Person","@id":"https:\/\/cetaradell.cat\/ce\/#\/schema\/person\/6c77f05ea4daec65060a5d7593cb35ef","name":"monica","image":{"@type":"ImageObject","inLanguage":"ca","@id":"https:\/\/secure.gravatar.com\/avatar\/fb271b5958180d155494529a18d4775ac898a633585fd6ff818e77f7aced8a8f?s=96&d=mm&r=g","url":"https:\/\/secure.gravatar.com\/avatar\/fb271b5958180d155494529a18d4775ac898a633585fd6ff818e77f7aced8a8f?s=96&d=mm&r=g","contentUrl":"https:\/\/secure.gravatar.com\/avatar\/fb271b5958180d155494529a18d4775ac898a633585fd6ff818e77f7aced8a8f?s=96&d=mm&r=g","caption":"monica"},"url":"https:\/\/cetaradell.cat\/ce\/author\/monica\/"}]}},"_links":{"self":[{"href":"https:\/\/cetaradell.cat\/ce\/wp-json\/wp\/v2\/posts\/7333","targetHints":{"allow":["GET"]}}],"collection":[{"href":"https:\/\/cetaradell.cat\/ce\/wp-json\/wp\/v2\/posts"}],"about":[{"href":"https:\/\/cetaradell.cat\/ce\/wp-json\/wp\/v2\/types\/post"}],"author":[{"embeddable":true,"href":"https:\/\/cetaradell.cat\/ce\/wp-json\/wp\/v2\/users\/6"}],"replies":[{"embeddable":true,"href":"https:\/\/cetaradell.cat\/ce\/wp-json\/wp\/v2\/comments?post=7333"}],"version-history":[{"count":0,"href":"https:\/\/cetaradell.cat\/ce\/wp-json\/wp\/v2\/posts\/7333\/revisions"}],"wp:featuredmedia":[{"embeddable":true,"href":"https:\/\/cetaradell.cat\/ce\/wp-json\/wp\/v2\/media\/7334"}],"wp:attachment":[{"href":"https:\/\/cetaradell.cat\/ce\/wp-json\/wp\/v2\/media?parent=7333"}],"wp:term":[{"taxonomy":"category","embeddable":true,"href":"https:\/\/cetaradell.cat\/ce\/wp-json\/wp\/v2\/categories?post=7333"},{"taxonomy":"post_tag","embeddable":true,"href":"https:\/\/cetaradell.cat\/ce\/wp-json\/wp\/v2\/tags?post=7333"}],"curies":[{"name":"wp","href":"https:\/\/api.w.org\/{rel}","templated":true}]}}