{"id":7343,"date":"2019-10-14T10:47:34","date_gmt":"2019-10-14T09:47:34","guid":{"rendered":"https:\/\/cetaradell.cat\/ce\/?p=7343"},"modified":"2020-02-19T10:49:27","modified_gmt":"2020-02-19T09:49:27","slug":"comunicat-davant-la-sentencia-del-14-doctubre","status":"publish","type":"post","link":"https:\/\/cetaradell.cat\/ce\/comunicat-davant-la-sentencia-del-14-doctubre\/","title":{"rendered":"Comunicat davant la sent\u00e8ncia del 14 d\u2019octubre"},"content":{"rendered":"<div><a href=\"https:\/\/cetaradell.cat\/ce\/festa-del-soci-2019\/escut_cet-40\/\" rel=\"attachment wp-att-7118\"><img decoding=\"async\" class=\"wp-image-7118 alignleft\" src=\"https:\/\/cetaradell.cat\/ce\/wp-content\/uploads\/escut_CET-40-694x1024.png\" alt=\"\" width=\"233\" height=\"344\" srcset=\"https:\/\/cetaradell.cat\/ce\/wp-content\/uploads\/escut_CET-40-203x300.png 203w, https:\/\/cetaradell.cat\/ce\/wp-content\/uploads\/escut_CET-40-500x738.png 500w, https:\/\/cetaradell.cat\/ce\/wp-content\/uploads\/escut_CET-40-694x1024.png 694w, https:\/\/cetaradell.cat\/ce\/wp-content\/uploads\/escut_CET-40-700x1033.png 700w, https:\/\/cetaradell.cat\/ce\/wp-content\/uploads\/escut_CET-40-768x1133.png 768w\" sizes=\"(max-width: 233px) 100vw, 233px\" \/><\/a>El CENTRE EXCURSIONISTA TARADELL davant la sent\u00e8ncia feta p\u00fablica avui, compartim el posicionament de la Federaci\u00f3 d&#8217;Entitats Excursionistes de Catalunya <a href=\"https:\/\/www.feec.cat\/noticia\/la-feec-en-contra-de-la-sentencia-emesa-pel-tribunal-suprem\/\" target=\"_blank\" rel=\"noopener noreferrer\">(FEEC\u2192)<\/a>, a la qual estem adherits.<\/div>\n<div><\/div>\n<div>Demanem a tots els liders pol\u00edtics que encetin i liderin un proc\u00e9s de di\u00e0leg per resoldre el conflicte que viu Catalunya.<\/div>\n<div><\/div>\n<div>Entenem irrenunciables els valors democr\u00e0tics, la llibertat d&#8217;expressi\u00f3 i el dret a decidir dels pobles.<\/div>\n<div><\/div>\n<div>I, manifestem tot el nostre suport i solidaritat a les fam\u00edlies dels pol\u00edtics que amb la sent\u00e8ncia d&#8217;avui s\u00f3n privats de la seva llibertat.<\/div>\n","protected":false},"excerpt":{"rendered":"<p>El CENTRE EXCURSIONISTA TARADELL davant la sent\u00e8ncia feta p\u00fablica avui, compartim el posicionament de la Federaci\u00f3 d&#8217;Entitats Excursionistes de Catalunya (FEEC\u2192), a la qual estem adherits. Demanem a tots els liders pol\u00edtics que encetin i liderin un proc\u00e9s de di\u00e0leg per resoldre el conflicte que viu Catalunya. Entenem irrenunciables els  [&#8230;]<\/p>\n","protected":false},"author":1,"featured_media":7118,"comment_status":"closed","ping_status":"closed","sticky":false,"template":"","format":"standard","meta":{"footnotes":""},"categories":[3],"tags":[],"class_list":["post-7343","post","type-post","status-publish","format-standard","has-post-thumbnail","hentry","category-noticies"],"yoast_head":"<!-- This site is optimized with the Yoast SEO plugin v27.4 - https:\/\/yoast.com\/product\/yoast-seo-wordpress\/ -->\n<title>Comunicat davant la sent\u00e8ncia del 14 d\u2019octubre - Centre Excursionista Taradell<\/title>\n<meta name=\"robots\" content=\"index, follow, max-snippet:-1, max-image-preview:large, max-video-preview:-1\" \/>\n<link rel=\"canonical\" href=\"https:\/\/cetaradell.cat\/ce\/comunicat-davant-la-sentencia-del-14-doctubre\/\" \/>\n<meta property=\"og:locale\" content=\"ca_ES\" \/>\n<meta property=\"og:type\" content=\"article\" \/>\n<meta property=\"og:title\" content=\"Comunicat davant la sent\u00e8ncia del 14 d\u2019octubre - Centre Excursionista Taradell\" \/>\n<meta property=\"og:description\" content=\"El CENTRE EXCURSIONISTA TARADELL davant la sent\u00e8ncia feta p\u00fablica avui, compartim el posicionament de la Federaci\u00f3 d&#8217;Entitats Excursionistes de Catalunya (FEEC\u2192), a la qual estem adherits. Demanem a tots els liders pol\u00edtics que encetin i liderin un proc\u00e9s de di\u00e0leg per resoldre el conflicte que viu Catalunya. Entenem irrenunciables els [...]\" \/>\n<meta property=\"og:url\" content=\"https:\/\/cetaradell.cat\/ce\/comunicat-davant-la-sentencia-del-14-doctubre\/\" \/>\n<meta property=\"og:site_name\" content=\"Centre Excursionista Taradell\" \/>\n<meta property=\"article:publisher\" content=\"https:\/\/www.facebook.com\/CETaradell\/\" \/>\n<meta property=\"article:published_time\" content=\"2019-10-14T09:47:34+00:00\" \/>\n<meta property=\"article:modified_time\" content=\"2020-02-19T09:49:27+00:00\" \/>\n<meta property=\"og:image\" content=\"https:\/\/cetaradell.cat\/ce\/wp-content\/uploads\/escut_CET-40.png\" \/>\n\t<meta property=\"og:image:width\" content=\"2280\" \/>\n\t<meta property=\"og:image:height\" content=\"3365\" \/>\n\t<meta property=\"og:image:type\" content=\"image\/png\" \/>\n<meta name=\"author\" content=\"CET\" \/>\n<meta name=\"twitter:card\" content=\"summary_large_image\" \/>\n<meta name=\"twitter:label1\" content=\"Escrit per\" \/>\n\t<meta name=\"twitter:data1\" content=\"CET\" \/>\n<script type=\"application\/ld+json\" class=\"yoast-schema-graph\">{\"@context\":\"https:\\\/\\\/schema.org\",\"@graph\":[{\"@type\":\"Article\",\"@id\":\"https:\\\/\\\/cetaradell.cat\\\/ce\\\/comunicat-davant-la-sentencia-del-14-doctubre\\\/#article\",\"isPartOf\":{\"@id\":\"https:\\\/\\\/cetaradell.cat\\\/ce\\\/comunicat-davant-la-sentencia-del-14-doctubre\\\/\"},\"author\":{\"name\":\"CET\",\"@id\":\"https:\\\/\\\/cetaradell.cat\\\/ce\\\/#\\\/schema\\\/person\\\/92a59f585073071c7be6649e84b22f78\"},\"headline\":\"Comunicat davant la sent\u00e8ncia del 14 d\u2019octubre\",\"datePublished\":\"2019-10-14T09:47:34+00:00\",\"dateModified\":\"2020-02-19T09:49:27+00:00\",\"mainEntityOfPage\":{\"@id\":\"https:\\\/\\\/cetaradell.cat\\\/ce\\\/comunicat-davant-la-sentencia-del-14-doctubre\\\/\"},\"wordCount\":107,\"image\":{\"@id\":\"https:\\\/\\\/cetaradell.cat\\\/ce\\\/comunicat-davant-la-sentencia-del-14-doctubre\\\/#primaryimage\"},\"thumbnailUrl\":\"https:\\\/\\\/cetaradell.cat\\\/ce\\\/wp-content\\\/uploads\\\/escut_CET-40.png\",\"articleSection\":[\"Not\u00edcies\"],\"inLanguage\":\"ca\"},{\"@type\":\"WebPage\",\"@id\":\"https:\\\/\\\/cetaradell.cat\\\/ce\\\/comunicat-davant-la-sentencia-del-14-doctubre\\\/\",\"url\":\"https:\\\/\\\/cetaradell.cat\\\/ce\\\/comunicat-davant-la-sentencia-del-14-doctubre\\\/\",\"name\":\"Comunicat davant la sent\u00e8ncia del 14 d\u2019octubre - Centre Excursionista Taradell\",\"isPartOf\":{\"@id\":\"https:\\\/\\\/cetaradell.cat\\\/ce\\\/#website\"},\"primaryImageOfPage\":{\"@id\":\"https:\\\/\\\/cetaradell.cat\\\/ce\\\/comunicat-davant-la-sentencia-del-14-doctubre\\\/#primaryimage\"},\"image\":{\"@id\":\"https:\\\/\\\/cetaradell.cat\\\/ce\\\/comunicat-davant-la-sentencia-del-14-doctubre\\\/#primaryimage\"},\"thumbnailUrl\":\"https:\\\/\\\/cetaradell.cat\\\/ce\\\/wp-content\\\/uploads\\\/escut_CET-40.png\",\"datePublished\":\"2019-10-14T09:47:34+00:00\",\"dateModified\":\"2020-02-19T09:49:27+00:00\",\"author\":{\"@id\":\"https:\\\/\\\/cetaradell.cat\\\/ce\\\/#\\\/schema\\\/person\\\/92a59f585073071c7be6649e84b22f78\"},\"breadcrumb\":{\"@id\":\"https:\\\/\\\/cetaradell.cat\\\/ce\\\/comunicat-davant-la-sentencia-del-14-doctubre\\\/#breadcrumb\"},\"inLanguage\":\"ca\",\"potentialAction\":[{\"@type\":\"ReadAction\",\"target\":[\"https:\\\/\\\/cetaradell.cat\\\/ce\\\/comunicat-davant-la-sentencia-del-14-doctubre\\\/\"]}]},{\"@type\":\"ImageObject\",\"inLanguage\":\"ca\",\"@id\":\"https:\\\/\\\/cetaradell.cat\\\/ce\\\/comunicat-davant-la-sentencia-del-14-doctubre\\\/#primaryimage\",\"url\":\"https:\\\/\\\/cetaradell.cat\\\/ce\\\/wp-content\\\/uploads\\\/escut_CET-40.png\",\"contentUrl\":\"https:\\\/\\\/cetaradell.cat\\\/ce\\\/wp-content\\\/uploads\\\/escut_CET-40.png\",\"width\":2280,\"height\":3365},{\"@type\":\"BreadcrumbList\",\"@id\":\"https:\\\/\\\/cetaradell.cat\\\/ce\\\/comunicat-davant-la-sentencia-del-14-doctubre\\\/#breadcrumb\",\"itemListElement\":[{\"@type\":\"ListItem\",\"position\":1,\"name\":\"Inici\",\"item\":\"https:\\\/\\\/cetaradell.cat\\\/ce\\\/\"},{\"@type\":\"ListItem\",\"position\":2,\"name\":\"Comunicat davant la sent\u00e8ncia del 14 d\u2019octubre\"}]},{\"@type\":\"WebSite\",\"@id\":\"https:\\\/\\\/cetaradell.cat\\\/ce\\\/#website\",\"url\":\"https:\\\/\\\/cetaradell.cat\\\/ce\\\/\",\"name\":\"Centre Excursionista Taradell\",\"description\":\"\",\"potentialAction\":[{\"@type\":\"SearchAction\",\"target\":{\"@type\":\"EntryPoint\",\"urlTemplate\":\"https:\\\/\\\/cetaradell.cat\\\/ce\\\/?s={search_term_string}\"},\"query-input\":{\"@type\":\"PropertyValueSpecification\",\"valueRequired\":true,\"valueName\":\"search_term_string\"}}],\"inLanguage\":\"ca\"},{\"@type\":\"Person\",\"@id\":\"https:\\\/\\\/cetaradell.cat\\\/ce\\\/#\\\/schema\\\/person\\\/92a59f585073071c7be6649e84b22f78\",\"name\":\"CET\",\"image\":{\"@type\":\"ImageObject\",\"inLanguage\":\"ca\",\"@id\":\"https:\\\/\\\/secure.gravatar.com\\\/avatar\\\/d6fbe010d42056feccc0f613ed07277a5118442805079269f12dabdc42e1a727?s=96&d=mm&r=g\",\"url\":\"https:\\\/\\\/secure.gravatar.com\\\/avatar\\\/d6fbe010d42056feccc0f613ed07277a5118442805079269f12dabdc42e1a727?s=96&d=mm&r=g\",\"contentUrl\":\"https:\\\/\\\/secure.gravatar.com\\\/avatar\\\/d6fbe010d42056feccc0f613ed07277a5118442805079269f12dabdc42e1a727?s=96&d=mm&r=g\",\"caption\":\"CET\"},\"url\":\"https:\\\/\\\/cetaradell.cat\\\/ce\\\/author\\\/root\\\/\"}]}<\/script>\n<!-- \/ Yoast SEO plugin. -->","yoast_head_json":{"title":"Comunicat davant la sent\u00e8ncia del 14 d\u2019octubre - Centre Excursionista Taradell","robots":{"index":"index","follow":"follow","max-snippet":"max-snippet:-1","max-image-preview":"max-image-preview:large","max-video-preview":"max-video-preview:-1"},"canonical":"https:\/\/cetaradell.cat\/ce\/comunicat-davant-la-sentencia-del-14-doctubre\/","og_locale":"ca_ES","og_type":"article","og_title":"Comunicat davant la sent\u00e8ncia del 14 d\u2019octubre - Centre Excursionista Taradell","og_description":"El CENTRE EXCURSIONISTA TARADELL davant la sent\u00e8ncia feta p\u00fablica avui, compartim el posicionament de la Federaci\u00f3 d&#8217;Entitats Excursionistes de Catalunya (FEEC\u2192), a la qual estem adherits. Demanem a tots els liders pol\u00edtics que encetin i liderin un proc\u00e9s de di\u00e0leg per resoldre el conflicte que viu Catalunya. Entenem irrenunciables els [...]","og_url":"https:\/\/cetaradell.cat\/ce\/comunicat-davant-la-sentencia-del-14-doctubre\/","og_site_name":"Centre Excursionista Taradell","article_publisher":"https:\/\/www.facebook.com\/CETaradell\/","article_published_time":"2019-10-14T09:47:34+00:00","article_modified_time":"2020-02-19T09:49:27+00:00","og_image":[{"width":2280,"height":3365,"url":"https:\/\/cetaradell.cat\/ce\/wp-content\/uploads\/escut_CET-40.png","type":"image\/png"}],"author":"CET","twitter_card":"summary_large_image","twitter_misc":{"Escrit per":"CET"},"schema":{"@context":"https:\/\/schema.org","@graph":[{"@type":"Article","@id":"https:\/\/cetaradell.cat\/ce\/comunicat-davant-la-sentencia-del-14-doctubre\/#article","isPartOf":{"@id":"https:\/\/cetaradell.cat\/ce\/comunicat-davant-la-sentencia-del-14-doctubre\/"},"author":{"name":"CET","@id":"https:\/\/cetaradell.cat\/ce\/#\/schema\/person\/92a59f585073071c7be6649e84b22f78"},"headline":"Comunicat davant la sent\u00e8ncia del 14 d\u2019octubre","datePublished":"2019-10-14T09:47:34+00:00","dateModified":"2020-02-19T09:49:27+00:00","mainEntityOfPage":{"@id":"https:\/\/cetaradell.cat\/ce\/comunicat-davant-la-sentencia-del-14-doctubre\/"},"wordCount":107,"image":{"@id":"https:\/\/cetaradell.cat\/ce\/comunicat-davant-la-sentencia-del-14-doctubre\/#primaryimage"},"thumbnailUrl":"https:\/\/cetaradell.cat\/ce\/wp-content\/uploads\/escut_CET-40.png","articleSection":["Not\u00edcies"],"inLanguage":"ca"},{"@type":"WebPage","@id":"https:\/\/cetaradell.cat\/ce\/comunicat-davant-la-sentencia-del-14-doctubre\/","url":"https:\/\/cetaradell.cat\/ce\/comunicat-davant-la-sentencia-del-14-doctubre\/","name":"Comunicat davant la sent\u00e8ncia del 14 d\u2019octubre - Centre Excursionista Taradell","isPartOf":{"@id":"https:\/\/cetaradell.cat\/ce\/#website"},"primaryImageOfPage":{"@id":"https:\/\/cetaradell.cat\/ce\/comunicat-davant-la-sentencia-del-14-doctubre\/#primaryimage"},"image":{"@id":"https:\/\/cetaradell.cat\/ce\/comunicat-davant-la-sentencia-del-14-doctubre\/#primaryimage"},"thumbnailUrl":"https:\/\/cetaradell.cat\/ce\/wp-content\/uploads\/escut_CET-40.png","datePublished":"2019-10-14T09:47:34+00:00","dateModified":"2020-02-19T09:49:27+00:00","author":{"@id":"https:\/\/cetaradell.cat\/ce\/#\/schema\/person\/92a59f585073071c7be6649e84b22f78"},"breadcrumb":{"@id":"https:\/\/cetaradell.cat\/ce\/comunicat-davant-la-sentencia-del-14-doctubre\/#breadcrumb"},"inLanguage":"ca","potentialAction":[{"@type":"ReadAction","target":["https:\/\/cetaradell.cat\/ce\/comunicat-davant-la-sentencia-del-14-doctubre\/"]}]},{"@type":"ImageObject","inLanguage":"ca","@id":"https:\/\/cetaradell.cat\/ce\/comunicat-davant-la-sentencia-del-14-doctubre\/#primaryimage","url":"https:\/\/cetaradell.cat\/ce\/wp-content\/uploads\/escut_CET-40.png","contentUrl":"https:\/\/cetaradell.cat\/ce\/wp-content\/uploads\/escut_CET-40.png","width":2280,"height":3365},{"@type":"BreadcrumbList","@id":"https:\/\/cetaradell.cat\/ce\/comunicat-davant-la-sentencia-del-14-doctubre\/#breadcrumb","itemListElement":[{"@type":"ListItem","position":1,"name":"Inici","item":"https:\/\/cetaradell.cat\/ce\/"},{"@type":"ListItem","position":2,"name":"Comunicat davant la sent\u00e8ncia del 14 d\u2019octubre"}]},{"@type":"WebSite","@id":"https:\/\/cetaradell.cat\/ce\/#website","url":"https:\/\/cetaradell.cat\/ce\/","name":"Centre Excursionista Taradell","description":"","potentialAction":[{"@type":"SearchAction","target":{"@type":"EntryPoint","urlTemplate":"https:\/\/cetaradell.cat\/ce\/?s={search_term_string}"},"query-input":{"@type":"PropertyValueSpecification","valueRequired":true,"valueName":"search_term_string"}}],"inLanguage":"ca"},{"@type":"Person","@id":"https:\/\/cetaradell.cat\/ce\/#\/schema\/person\/92a59f585073071c7be6649e84b22f78","name":"CET","image":{"@type":"ImageObject","inLanguage":"ca","@id":"https:\/\/secure.gravatar.com\/avatar\/d6fbe010d42056feccc0f613ed07277a5118442805079269f12dabdc42e1a727?s=96&d=mm&r=g","url":"https:\/\/secure.gravatar.com\/avatar\/d6fbe010d42056feccc0f613ed07277a5118442805079269f12dabdc42e1a727?s=96&d=mm&r=g","contentUrl":"https:\/\/secure.gravatar.com\/avatar\/d6fbe010d42056feccc0f613ed07277a5118442805079269f12dabdc42e1a727?s=96&d=mm&r=g","caption":"CET"},"url":"https:\/\/cetaradell.cat\/ce\/author\/root\/"}]}},"_links":{"self":[{"href":"https:\/\/cetaradell.cat\/ce\/wp-json\/wp\/v2\/posts\/7343","targetHints":{"allow":["GET"]}}],"collection":[{"href":"https:\/\/cetaradell.cat\/ce\/wp-json\/wp\/v2\/posts"}],"about":[{"href":"https:\/\/cetaradell.cat\/ce\/wp-json\/wp\/v2\/types\/post"}],"author":[{"embeddable":true,"href":"https:\/\/cetaradell.cat\/ce\/wp-json\/wp\/v2\/users\/1"}],"replies":[{"embeddable":true,"href":"https:\/\/cetaradell.cat\/ce\/wp-json\/wp\/v2\/comments?post=7343"}],"version-history":[{"count":0,"href":"https:\/\/cetaradell.cat\/ce\/wp-json\/wp\/v2\/posts\/7343\/revisions"}],"wp:featuredmedia":[{"embeddable":true,"href":"https:\/\/cetaradell.cat\/ce\/wp-json\/wp\/v2\/media\/7118"}],"wp:attachment":[{"href":"https:\/\/cetaradell.cat\/ce\/wp-json\/wp\/v2\/media?parent=7343"}],"wp:term":[{"taxonomy":"category","embeddable":true,"href":"https:\/\/cetaradell.cat\/ce\/wp-json\/wp\/v2\/categories?post=7343"},{"taxonomy":"post_tag","embeddable":true,"href":"https:\/\/cetaradell.cat\/ce\/wp-json\/wp\/v2\/tags?post=7343"}],"curies":[{"name":"wp","href":"https:\/\/api.w.org\/{rel}","templated":true}]}}