{"id":7356,"date":"2019-11-12T11:50:55","date_gmt":"2019-11-12T10:50:55","guid":{"rendered":"https:\/\/cetaradell.cat\/ce\/?p=7356"},"modified":"2020-02-19T11:53:02","modified_gmt":"2020-02-19T10:53:02","slug":"albert-pujol-segon-a-la-marato-del-montseny-2019","status":"publish","type":"post","link":"https:\/\/cetaradell.cat\/ce\/albert-pujol-segon-a-la-marato-del-montseny-2019\/","title":{"rendered":"Albert Pujol, segon a la Marat\u00f3 del Montseny-2019"},"content":{"rendered":"<p><a href=\"https:\/\/cetaradell.cat\/ce\/albert-pujol-segon-a-la-marato-del-montseny-2019\/2019-11-10-marato_del_montsenyfoto_mdm\/\" rel=\"attachment wp-att-7357\"><img decoding=\"async\" class=\" wp-image-7357 alignleft\" src=\"https:\/\/cetaradell.cat\/ce\/wp-content\/uploads\/2019-11-10-Marato_del_Montsenyfoto_MdM.jpg\" alt=\"\" width=\"599\" height=\"449\" srcset=\"https:\/\/cetaradell.cat\/ce\/wp-content\/uploads\/2019-11-10-Marato_del_Montsenyfoto_MdM-200x150.jpg 200w, https:\/\/cetaradell.cat\/ce\/wp-content\/uploads\/2019-11-10-Marato_del_Montsenyfoto_MdM-300x225.jpg 300w, https:\/\/cetaradell.cat\/ce\/wp-content\/uploads\/2019-11-10-Marato_del_Montsenyfoto_MdM-400x300.jpg 400w, https:\/\/cetaradell.cat\/ce\/wp-content\/uploads\/2019-11-10-Marato_del_Montsenyfoto_MdM-500x375.jpg 500w, https:\/\/cetaradell.cat\/ce\/wp-content\/uploads\/2019-11-10-Marato_del_Montsenyfoto_MdM-600x450.jpg 600w, https:\/\/cetaradell.cat\/ce\/wp-content\/uploads\/2019-11-10-Marato_del_Montsenyfoto_MdM-700x525.jpg 700w, https:\/\/cetaradell.cat\/ce\/wp-content\/uploads\/2019-11-10-Marato_del_Montsenyfoto_MdM-768x576.jpg 768w, https:\/\/cetaradell.cat\/ce\/wp-content\/uploads\/2019-11-10-Marato_del_Montsenyfoto_MdM-800x600.jpg 800w, https:\/\/cetaradell.cat\/ce\/wp-content\/uploads\/2019-11-10-Marato_del_Montsenyfoto_MdM.jpg 960w\" sizes=\"(max-width: 599px) 100vw, 599px\" \/><\/a>El diumenge 10 de novembre es va disputar la 9\u00aa edici\u00f3 de la <strong>Marat\u00f3 del Montseny<\/strong> de 45,5 quil\u00f2metres de recorregut i amb 2.752 metres de desnivell positiu. \u00a0La sortida i arribada de la cursa va ser a la Santa Esteve de Palautordera i els corredors van passar pels cims de Matagalls, Les Agudes i el Tur\u00f3 de l\u2019Home.<\/p>\n<p>El soci del CE Taradell <strong>Albert Pujol<\/strong>, amb un temps de 4 hores 32 minuts i 9 segons, es va proclamar <strong>subcampi\u00f3<\/strong> de la general i <strong>primer<\/strong> de la categoria veterans masculins,\u00a0 a 5 minuts i 5 segons del primer classificat,\u00a0 Fernando L\u00f3pez\u00a0 amb qui va mantenir un emocionant duel,\u00a0 ja que no va ser fins a la pujada al Tur\u00f3 de l\u2019Home (entre els quil\u00f2metres 25 i 30) que Fernando es va posar al capdavant de la cursa.<\/p>\n<p>En aquesta edici\u00f3 van prendre la sortida 428 corredors dels quals se\u2019n van classificar 363, malgrat la duresa de la prova i les condicions meteorol\u00f2giques, ja que la nit anterior el Montseny va quedar ben emblanquinat de neu.<\/p>\n<p><em>Fotografia: Albert Pujol a la 9a Marat\u00f3 del Montseny (Foto: Marat\u00f3 del Montseny)<\/em><\/p>\n","protected":false},"excerpt":{"rendered":"<p>El diumenge 10 de novembre es va disputar la 9\u00aa edici\u00f3 de la Marat\u00f3 del Montseny de 45,5 quil\u00f2metres de recorregut i amb 2.752 metres de desnivell positiu. \u00a0La sortida i arribada de la cursa va ser a la Santa Esteve de Palautordera i els corredors van passar pels cims  [&#8230;]<\/p>\n","protected":false},"author":1,"featured_media":7357,"comment_status":"closed","ping_status":"closed","sticky":false,"template":"","format":"standard","meta":{"footnotes":""},"categories":[8,3],"tags":[],"class_list":["post-7356","post","type-post","status-publish","format-standard","has-post-thumbnail","hentry","category-curses","category-noticies"],"yoast_head":"<!-- This site is optimized with the Yoast SEO plugin v27.4 - https:\/\/yoast.com\/product\/yoast-seo-wordpress\/ -->\n<title>Albert Pujol, segon a la Marat\u00f3 del Montseny-2019 - Centre Excursionista Taradell<\/title>\n<meta name=\"robots\" content=\"index, follow, max-snippet:-1, max-image-preview:large, max-video-preview:-1\" \/>\n<link rel=\"canonical\" href=\"https:\/\/cetaradell.cat\/ce\/albert-pujol-segon-a-la-marato-del-montseny-2019\/\" \/>\n<meta property=\"og:locale\" content=\"ca_ES\" \/>\n<meta property=\"og:type\" content=\"article\" \/>\n<meta property=\"og:title\" content=\"Albert Pujol, segon a la Marat\u00f3 del Montseny-2019 - Centre Excursionista Taradell\" \/>\n<meta property=\"og:description\" content=\"El diumenge 10 de novembre es va disputar la 9\u00aa edici\u00f3 de la Marat\u00f3 del Montseny de 45,5 quil\u00f2metres de recorregut i amb 2.752 metres de desnivell positiu. \u00a0La sortida i arribada de la cursa va ser a la Santa Esteve de Palautordera i els corredors van passar pels cims [...]\" \/>\n<meta property=\"og:url\" content=\"https:\/\/cetaradell.cat\/ce\/albert-pujol-segon-a-la-marato-del-montseny-2019\/\" \/>\n<meta property=\"og:site_name\" content=\"Centre Excursionista Taradell\" \/>\n<meta property=\"article:publisher\" content=\"https:\/\/www.facebook.com\/CETaradell\/\" \/>\n<meta property=\"article:published_time\" content=\"2019-11-12T10:50:55+00:00\" \/>\n<meta property=\"article:modified_time\" content=\"2020-02-19T10:53:02+00:00\" \/>\n<meta property=\"og:image\" content=\"https:\/\/cetaradell.cat\/ce\/wp-content\/uploads\/2019-11-10-Marato_del_Montsenyfoto_MdM.jpg\" \/>\n\t<meta property=\"og:image:width\" content=\"960\" \/>\n\t<meta property=\"og:image:height\" content=\"720\" \/>\n\t<meta property=\"og:image:type\" content=\"image\/jpeg\" \/>\n<meta name=\"author\" content=\"CET\" \/>\n<meta name=\"twitter:card\" content=\"summary_large_image\" \/>\n<meta name=\"twitter:label1\" content=\"Escrit per\" \/>\n\t<meta name=\"twitter:data1\" content=\"CET\" \/>\n\t<meta name=\"twitter:label2\" content=\"Temps estimat de lectura\" \/>\n\t<meta name=\"twitter:data2\" content=\"1 minut\" \/>\n<script type=\"application\/ld+json\" class=\"yoast-schema-graph\">{\"@context\":\"https:\\\/\\\/schema.org\",\"@graph\":[{\"@type\":\"Article\",\"@id\":\"https:\\\/\\\/cetaradell.cat\\\/ce\\\/albert-pujol-segon-a-la-marato-del-montseny-2019\\\/#article\",\"isPartOf\":{\"@id\":\"https:\\\/\\\/cetaradell.cat\\\/ce\\\/albert-pujol-segon-a-la-marato-del-montseny-2019\\\/\"},\"author\":{\"name\":\"CET\",\"@id\":\"https:\\\/\\\/cetaradell.cat\\\/ce\\\/#\\\/schema\\\/person\\\/92a59f585073071c7be6649e84b22f78\"},\"headline\":\"Albert Pujol, segon a la Marat\u00f3 del Montseny-2019\",\"datePublished\":\"2019-11-12T10:50:55+00:00\",\"dateModified\":\"2020-02-19T10:53:02+00:00\",\"mainEntityOfPage\":{\"@id\":\"https:\\\/\\\/cetaradell.cat\\\/ce\\\/albert-pujol-segon-a-la-marato-del-montseny-2019\\\/\"},\"wordCount\":191,\"image\":{\"@id\":\"https:\\\/\\\/cetaradell.cat\\\/ce\\\/albert-pujol-segon-a-la-marato-del-montseny-2019\\\/#primaryimage\"},\"thumbnailUrl\":\"https:\\\/\\\/cetaradell.cat\\\/ce\\\/wp-content\\\/uploads\\\/2019-11-10-Marato_del_Montsenyfoto_MdM.jpg\",\"articleSection\":[\"Curses\",\"Not\u00edcies\"],\"inLanguage\":\"ca\"},{\"@type\":\"WebPage\",\"@id\":\"https:\\\/\\\/cetaradell.cat\\\/ce\\\/albert-pujol-segon-a-la-marato-del-montseny-2019\\\/\",\"url\":\"https:\\\/\\\/cetaradell.cat\\\/ce\\\/albert-pujol-segon-a-la-marato-del-montseny-2019\\\/\",\"name\":\"Albert Pujol, segon a la Marat\u00f3 del Montseny-2019 - Centre Excursionista Taradell\",\"isPartOf\":{\"@id\":\"https:\\\/\\\/cetaradell.cat\\\/ce\\\/#website\"},\"primaryImageOfPage\":{\"@id\":\"https:\\\/\\\/cetaradell.cat\\\/ce\\\/albert-pujol-segon-a-la-marato-del-montseny-2019\\\/#primaryimage\"},\"image\":{\"@id\":\"https:\\\/\\\/cetaradell.cat\\\/ce\\\/albert-pujol-segon-a-la-marato-del-montseny-2019\\\/#primaryimage\"},\"thumbnailUrl\":\"https:\\\/\\\/cetaradell.cat\\\/ce\\\/wp-content\\\/uploads\\\/2019-11-10-Marato_del_Montsenyfoto_MdM.jpg\",\"datePublished\":\"2019-11-12T10:50:55+00:00\",\"dateModified\":\"2020-02-19T10:53:02+00:00\",\"author\":{\"@id\":\"https:\\\/\\\/cetaradell.cat\\\/ce\\\/#\\\/schema\\\/person\\\/92a59f585073071c7be6649e84b22f78\"},\"breadcrumb\":{\"@id\":\"https:\\\/\\\/cetaradell.cat\\\/ce\\\/albert-pujol-segon-a-la-marato-del-montseny-2019\\\/#breadcrumb\"},\"inLanguage\":\"ca\",\"potentialAction\":[{\"@type\":\"ReadAction\",\"target\":[\"https:\\\/\\\/cetaradell.cat\\\/ce\\\/albert-pujol-segon-a-la-marato-del-montseny-2019\\\/\"]}]},{\"@type\":\"ImageObject\",\"inLanguage\":\"ca\",\"@id\":\"https:\\\/\\\/cetaradell.cat\\\/ce\\\/albert-pujol-segon-a-la-marato-del-montseny-2019\\\/#primaryimage\",\"url\":\"https:\\\/\\\/cetaradell.cat\\\/ce\\\/wp-content\\\/uploads\\\/2019-11-10-Marato_del_Montsenyfoto_MdM.jpg\",\"contentUrl\":\"https:\\\/\\\/cetaradell.cat\\\/ce\\\/wp-content\\\/uploads\\\/2019-11-10-Marato_del_Montsenyfoto_MdM.jpg\",\"width\":960,\"height\":720},{\"@type\":\"BreadcrumbList\",\"@id\":\"https:\\\/\\\/cetaradell.cat\\\/ce\\\/albert-pujol-segon-a-la-marato-del-montseny-2019\\\/#breadcrumb\",\"itemListElement\":[{\"@type\":\"ListItem\",\"position\":1,\"name\":\"Inici\",\"item\":\"https:\\\/\\\/cetaradell.cat\\\/ce\\\/\"},{\"@type\":\"ListItem\",\"position\":2,\"name\":\"Albert Pujol, segon a la Marat\u00f3 del Montseny-2019\"}]},{\"@type\":\"WebSite\",\"@id\":\"https:\\\/\\\/cetaradell.cat\\\/ce\\\/#website\",\"url\":\"https:\\\/\\\/cetaradell.cat\\\/ce\\\/\",\"name\":\"Centre Excursionista Taradell\",\"description\":\"\",\"potentialAction\":[{\"@type\":\"SearchAction\",\"target\":{\"@type\":\"EntryPoint\",\"urlTemplate\":\"https:\\\/\\\/cetaradell.cat\\\/ce\\\/?s={search_term_string}\"},\"query-input\":{\"@type\":\"PropertyValueSpecification\",\"valueRequired\":true,\"valueName\":\"search_term_string\"}}],\"inLanguage\":\"ca\"},{\"@type\":\"Person\",\"@id\":\"https:\\\/\\\/cetaradell.cat\\\/ce\\\/#\\\/schema\\\/person\\\/92a59f585073071c7be6649e84b22f78\",\"name\":\"CET\",\"image\":{\"@type\":\"ImageObject\",\"inLanguage\":\"ca\",\"@id\":\"https:\\\/\\\/secure.gravatar.com\\\/avatar\\\/d6fbe010d42056feccc0f613ed07277a5118442805079269f12dabdc42e1a727?s=96&d=mm&r=g\",\"url\":\"https:\\\/\\\/secure.gravatar.com\\\/avatar\\\/d6fbe010d42056feccc0f613ed07277a5118442805079269f12dabdc42e1a727?s=96&d=mm&r=g\",\"contentUrl\":\"https:\\\/\\\/secure.gravatar.com\\\/avatar\\\/d6fbe010d42056feccc0f613ed07277a5118442805079269f12dabdc42e1a727?s=96&d=mm&r=g\",\"caption\":\"CET\"},\"url\":\"https:\\\/\\\/cetaradell.cat\\\/ce\\\/author\\\/root\\\/\"}]}<\/script>\n<!-- \/ Yoast SEO plugin. -->","yoast_head_json":{"title":"Albert Pujol, segon a la Marat\u00f3 del Montseny-2019 - Centre Excursionista Taradell","robots":{"index":"index","follow":"follow","max-snippet":"max-snippet:-1","max-image-preview":"max-image-preview:large","max-video-preview":"max-video-preview:-1"},"canonical":"https:\/\/cetaradell.cat\/ce\/albert-pujol-segon-a-la-marato-del-montseny-2019\/","og_locale":"ca_ES","og_type":"article","og_title":"Albert Pujol, segon a la Marat\u00f3 del Montseny-2019 - Centre Excursionista Taradell","og_description":"El diumenge 10 de novembre es va disputar la 9\u00aa edici\u00f3 de la Marat\u00f3 del Montseny de 45,5 quil\u00f2metres de recorregut i amb 2.752 metres de desnivell positiu. \u00a0La sortida i arribada de la cursa va ser a la Santa Esteve de Palautordera i els corredors van passar pels cims [...]","og_url":"https:\/\/cetaradell.cat\/ce\/albert-pujol-segon-a-la-marato-del-montseny-2019\/","og_site_name":"Centre Excursionista Taradell","article_publisher":"https:\/\/www.facebook.com\/CETaradell\/","article_published_time":"2019-11-12T10:50:55+00:00","article_modified_time":"2020-02-19T10:53:02+00:00","og_image":[{"width":960,"height":720,"url":"https:\/\/cetaradell.cat\/ce\/wp-content\/uploads\/2019-11-10-Marato_del_Montsenyfoto_MdM.jpg","type":"image\/jpeg"}],"author":"CET","twitter_card":"summary_large_image","twitter_misc":{"Escrit per":"CET","Temps estimat de lectura":"1 minut"},"schema":{"@context":"https:\/\/schema.org","@graph":[{"@type":"Article","@id":"https:\/\/cetaradell.cat\/ce\/albert-pujol-segon-a-la-marato-del-montseny-2019\/#article","isPartOf":{"@id":"https:\/\/cetaradell.cat\/ce\/albert-pujol-segon-a-la-marato-del-montseny-2019\/"},"author":{"name":"CET","@id":"https:\/\/cetaradell.cat\/ce\/#\/schema\/person\/92a59f585073071c7be6649e84b22f78"},"headline":"Albert Pujol, segon a la Marat\u00f3 del Montseny-2019","datePublished":"2019-11-12T10:50:55+00:00","dateModified":"2020-02-19T10:53:02+00:00","mainEntityOfPage":{"@id":"https:\/\/cetaradell.cat\/ce\/albert-pujol-segon-a-la-marato-del-montseny-2019\/"},"wordCount":191,"image":{"@id":"https:\/\/cetaradell.cat\/ce\/albert-pujol-segon-a-la-marato-del-montseny-2019\/#primaryimage"},"thumbnailUrl":"https:\/\/cetaradell.cat\/ce\/wp-content\/uploads\/2019-11-10-Marato_del_Montsenyfoto_MdM.jpg","articleSection":["Curses","Not\u00edcies"],"inLanguage":"ca"},{"@type":"WebPage","@id":"https:\/\/cetaradell.cat\/ce\/albert-pujol-segon-a-la-marato-del-montseny-2019\/","url":"https:\/\/cetaradell.cat\/ce\/albert-pujol-segon-a-la-marato-del-montseny-2019\/","name":"Albert Pujol, segon a la Marat\u00f3 del Montseny-2019 - Centre Excursionista Taradell","isPartOf":{"@id":"https:\/\/cetaradell.cat\/ce\/#website"},"primaryImageOfPage":{"@id":"https:\/\/cetaradell.cat\/ce\/albert-pujol-segon-a-la-marato-del-montseny-2019\/#primaryimage"},"image":{"@id":"https:\/\/cetaradell.cat\/ce\/albert-pujol-segon-a-la-marato-del-montseny-2019\/#primaryimage"},"thumbnailUrl":"https:\/\/cetaradell.cat\/ce\/wp-content\/uploads\/2019-11-10-Marato_del_Montsenyfoto_MdM.jpg","datePublished":"2019-11-12T10:50:55+00:00","dateModified":"2020-02-19T10:53:02+00:00","author":{"@id":"https:\/\/cetaradell.cat\/ce\/#\/schema\/person\/92a59f585073071c7be6649e84b22f78"},"breadcrumb":{"@id":"https:\/\/cetaradell.cat\/ce\/albert-pujol-segon-a-la-marato-del-montseny-2019\/#breadcrumb"},"inLanguage":"ca","potentialAction":[{"@type":"ReadAction","target":["https:\/\/cetaradell.cat\/ce\/albert-pujol-segon-a-la-marato-del-montseny-2019\/"]}]},{"@type":"ImageObject","inLanguage":"ca","@id":"https:\/\/cetaradell.cat\/ce\/albert-pujol-segon-a-la-marato-del-montseny-2019\/#primaryimage","url":"https:\/\/cetaradell.cat\/ce\/wp-content\/uploads\/2019-11-10-Marato_del_Montsenyfoto_MdM.jpg","contentUrl":"https:\/\/cetaradell.cat\/ce\/wp-content\/uploads\/2019-11-10-Marato_del_Montsenyfoto_MdM.jpg","width":960,"height":720},{"@type":"BreadcrumbList","@id":"https:\/\/cetaradell.cat\/ce\/albert-pujol-segon-a-la-marato-del-montseny-2019\/#breadcrumb","itemListElement":[{"@type":"ListItem","position":1,"name":"Inici","item":"https:\/\/cetaradell.cat\/ce\/"},{"@type":"ListItem","position":2,"name":"Albert Pujol, segon a la Marat\u00f3 del Montseny-2019"}]},{"@type":"WebSite","@id":"https:\/\/cetaradell.cat\/ce\/#website","url":"https:\/\/cetaradell.cat\/ce\/","name":"Centre Excursionista Taradell","description":"","potentialAction":[{"@type":"SearchAction","target":{"@type":"EntryPoint","urlTemplate":"https:\/\/cetaradell.cat\/ce\/?s={search_term_string}"},"query-input":{"@type":"PropertyValueSpecification","valueRequired":true,"valueName":"search_term_string"}}],"inLanguage":"ca"},{"@type":"Person","@id":"https:\/\/cetaradell.cat\/ce\/#\/schema\/person\/92a59f585073071c7be6649e84b22f78","name":"CET","image":{"@type":"ImageObject","inLanguage":"ca","@id":"https:\/\/secure.gravatar.com\/avatar\/d6fbe010d42056feccc0f613ed07277a5118442805079269f12dabdc42e1a727?s=96&d=mm&r=g","url":"https:\/\/secure.gravatar.com\/avatar\/d6fbe010d42056feccc0f613ed07277a5118442805079269f12dabdc42e1a727?s=96&d=mm&r=g","contentUrl":"https:\/\/secure.gravatar.com\/avatar\/d6fbe010d42056feccc0f613ed07277a5118442805079269f12dabdc42e1a727?s=96&d=mm&r=g","caption":"CET"},"url":"https:\/\/cetaradell.cat\/ce\/author\/root\/"}]}},"_links":{"self":[{"href":"https:\/\/cetaradell.cat\/ce\/wp-json\/wp\/v2\/posts\/7356","targetHints":{"allow":["GET"]}}],"collection":[{"href":"https:\/\/cetaradell.cat\/ce\/wp-json\/wp\/v2\/posts"}],"about":[{"href":"https:\/\/cetaradell.cat\/ce\/wp-json\/wp\/v2\/types\/post"}],"author":[{"embeddable":true,"href":"https:\/\/cetaradell.cat\/ce\/wp-json\/wp\/v2\/users\/1"}],"replies":[{"embeddable":true,"href":"https:\/\/cetaradell.cat\/ce\/wp-json\/wp\/v2\/comments?post=7356"}],"version-history":[{"count":0,"href":"https:\/\/cetaradell.cat\/ce\/wp-json\/wp\/v2\/posts\/7356\/revisions"}],"wp:featuredmedia":[{"embeddable":true,"href":"https:\/\/cetaradell.cat\/ce\/wp-json\/wp\/v2\/media\/7357"}],"wp:attachment":[{"href":"https:\/\/cetaradell.cat\/ce\/wp-json\/wp\/v2\/media?parent=7356"}],"wp:term":[{"taxonomy":"category","embeddable":true,"href":"https:\/\/cetaradell.cat\/ce\/wp-json\/wp\/v2\/categories?post=7356"},{"taxonomy":"post_tag","embeddable":true,"href":"https:\/\/cetaradell.cat\/ce\/wp-json\/wp\/v2\/tags?post=7356"}],"curies":[{"name":"wp","href":"https:\/\/api.w.org\/{rel}","templated":true}]}}