{"id":7440,"date":"2020-02-26T17:02:23","date_gmt":"2020-02-26T16:02:23","guid":{"rendered":"https:\/\/cetaradell.cat\/ce\/?p=7440"},"modified":"2020-03-16T17:44:34","modified_gmt":"2020-03-16T16:44:34","slug":"curs-de-meteorologia-de-muntanya","status":"publish","type":"post","link":"https:\/\/cetaradell.cat\/ce\/curs-de-meteorologia-de-muntanya\/","title":{"rendered":"Curs de Meteorologia de Muntanya"},"content":{"rendered":"<p><strong><a href=\"https:\/\/cetaradell.cat\/ce\/curs-de-meteorologia-de-muntanya\/curs_meteorologia\/\" rel=\"attachment wp-att-7441\"><img decoding=\"async\" class=\"size-full wp-image-7441 alignleft\" src=\"https:\/\/cetaradell.cat\/ce\/wp-content\/uploads\/Curs_meteorologia.jpg\" alt=\"\" width=\"318\" height=\"504\" srcset=\"https:\/\/cetaradell.cat\/ce\/wp-content\/uploads\/Curs_meteorologia-189x300.jpg 189w, https:\/\/cetaradell.cat\/ce\/wp-content\/uploads\/Curs_meteorologia-200x317.jpg 200w, https:\/\/cetaradell.cat\/ce\/wp-content\/uploads\/Curs_meteorologia.jpg 318w\" sizes=\"(max-width: 318px) 100vw, 318px\" \/><\/a>Dates:<\/strong> dilluns 9 i 16 de mar\u00e7, de 19.00h a 22.00h<\/p>\n<p><strong>Lloc:<\/strong> Local del Centre Excursionista de Taradell<\/p>\n<p><strong>Durada:<\/strong> 6 h<\/p>\n<p><strong>Preus:<\/strong> 25 \u20ac (soci CET); 30 \u20ac (federat FEEC); 40 \u20ac (General)<\/p>\n<p><strong>Organitza:<\/strong> GEEA \u2013 Centre Excursionista de Taradell<\/p>\n<h3>Presentaci\u00f3 del curs<\/h3>\n<p>L\u2019objectiu del curs \u00e9s donar una base meteorol\u00f2gica que faci servei durant les estades a la muntanya.<\/p>\n<p>A la muntanya cal anar-hi preparat per\u00f2 no nom\u00e9s amb un bon material t\u00e8cnic, sin\u00f3 tamb\u00e9 amb uns coneixements b\u00e0sics del temps que ens espera.<\/p>\n<p>L\u2019\u00e8xit o no d\u2019una activitat de muntanya recau, sovint, en la meteorologia, per la qual cosa, saber interpretar els senyals de la natura i con\u00e8ixer els conceptes b\u00e0sics de la meteorologia a la muntanya pot ajudar-nos a assolir el nostre objectiu o a retirar-nos a temps.<\/p>\n<p>El curset ens servir\u00e0 per aprendre els tipus de clima que existeixen, centrant el nostre inter\u00e8s en el clima d\u2019alta muntanya.<\/p>\n<p>La isoterma 0\u00ba C, les inversions t\u00e8rmiques, els anticiclons o la cota de neu s\u00f3n alguns dels temes que tractarem juntament amb d\u2019altres com la interpretaci\u00f3 del bar\u00f2metre-alt\u00edmetre de canell o com trobar a Internet una bona font d\u2019informaci\u00f3 meteorol\u00f2gica.<\/p>\n<h3><a href=\"https:\/\/cetaradell.cat\/ce\/curs-de-meteorologia-de-muntanya\/2020-02-curs_meteorologia\/\" rel=\"attachment wp-att-7442\"><img decoding=\"async\" class=\"aligncenter wp-image-7442\" src=\"https:\/\/cetaradell.cat\/ce\/wp-content\/uploads\/2020-02-Curs_meteorologia-819x1024.jpg\" alt=\"\" width=\"599\" height=\"749\" srcset=\"https:\/\/cetaradell.cat\/ce\/wp-content\/uploads\/2020-02-Curs_meteorologia-200x250.jpg 200w, https:\/\/cetaradell.cat\/ce\/wp-content\/uploads\/2020-02-Curs_meteorologia-240x300.jpg 240w, https:\/\/cetaradell.cat\/ce\/wp-content\/uploads\/2020-02-Curs_meteorologia-400x500.jpg 400w, https:\/\/cetaradell.cat\/ce\/wp-content\/uploads\/2020-02-Curs_meteorologia-500x625.jpg 500w, https:\/\/cetaradell.cat\/ce\/wp-content\/uploads\/2020-02-Curs_meteorologia-600x750.jpg 600w, https:\/\/cetaradell.cat\/ce\/wp-content\/uploads\/2020-02-Curs_meteorologia-700x875.jpg 700w, https:\/\/cetaradell.cat\/ce\/wp-content\/uploads\/2020-02-Curs_meteorologia-768x960.jpg 768w, https:\/\/cetaradell.cat\/ce\/wp-content\/uploads\/2020-02-Curs_meteorologia-800x1000.jpg 800w, https:\/\/cetaradell.cat\/ce\/wp-content\/uploads\/2020-02-Curs_meteorologia-819x1024.jpg 819w, https:\/\/cetaradell.cat\/ce\/wp-content\/uploads\/2020-02-Curs_meteorologia.jpg 1131w\" sizes=\"(max-width: 599px) 100vw, 599px\" \/><\/a>Temari del curs<\/h3>\n<ul>\n<li>Clima de Muntanya<\/li>\n<li>Meteorologia de Catalunya<\/li>\n<li>Meteorologia de muntanya,<\/li>\n<li>Is\u00f2bares, anticiclons i borrasques<\/li>\n<li>Mapes del temps<\/li>\n<li>Situacions meteorol\u00f2giques de risc pel muntanyenc<\/li>\n<li>El temps a internet<\/li>\n<\/ul>\n<h3>Dades Practiques del curs<\/h3>\n<p><strong>Docent: <\/strong>N\u00e9stor G\u00f3mez, ge\u00f2graf i meteor\u00f2leg de TV3. Instructor d\u2019Excursionisme, expresident de la Uni\u00f3 Muntanyenca Erampruny\u00e0 (Gav\u00e0) i t\u00e8cnic de Senders de la FEEC.<\/p>\n<p><strong>Material obligatori:<\/strong> Bol\u00edgraf, paper per prendre notes i m\u00f2bil o tauleta per baixar aplicacions i moure\u2019ns per Internet.<\/p>\n<p><strong>Places:<\/strong> \u00a0m\u00e0xim 15 alumnes.<\/p>\n<p><strong>Inscripcions:<\/strong> fins al dia 4 de mar\u00e7 de 2020, a la Secretaria del centre Excursionista de Taradell o a <a href=\"mailto:geea@cetaradell.cat\">geea@cetaradell.cat<\/a>.<\/p>\n<p>La inscripci\u00f3 es considera formalitzada quan es tingui const\u00e0ncia del pagament.<\/p>\n","protected":false},"excerpt":{"rendered":"<p>Dates: dilluns 9 i 16 de mar\u00e7, de 19.00h a 22.00h Lloc: Local del Centre Excursionista de Taradell Durada: 6 h Preus: 25 \u20ac (soci CET); 30 \u20ac (federat FEEC); 40 \u20ac (General) Organitza: GEEA \u2013 Centre Excursionista de Taradell Presentaci\u00f3 del curs L\u2019objectiu del curs \u00e9s donar una base  [&#8230;]<\/p>\n","protected":false},"author":1,"featured_media":7463,"comment_status":"closed","ping_status":"closed","sticky":false,"template":"","format":"standard","meta":{"footnotes":""},"categories":[4,50,7],"tags":[],"class_list":["post-7440","post","type-post","status-publish","format-standard","has-post-thumbnail","hentry","category-activitats","category-geea","category-muntanya"],"yoast_head":"<!-- This site is optimized with the Yoast SEO plugin v27.4 - https:\/\/yoast.com\/product\/yoast-seo-wordpress\/ -->\n<title>Curs de Meteorologia de Muntanya - Centre Excursionista Taradell<\/title>\n<meta name=\"robots\" content=\"index, follow, max-snippet:-1, max-image-preview:large, max-video-preview:-1\" \/>\n<link rel=\"canonical\" href=\"https:\/\/cetaradell.cat\/ce\/curs-de-meteorologia-de-muntanya\/\" \/>\n<meta property=\"og:locale\" content=\"ca_ES\" \/>\n<meta property=\"og:type\" content=\"article\" \/>\n<meta property=\"og:title\" content=\"Curs de Meteorologia de Muntanya - Centre Excursionista Taradell\" \/>\n<meta property=\"og:description\" content=\"Dates: dilluns 9 i 16 de mar\u00e7, de 19.00h a 22.00h Lloc: Local del Centre Excursionista de Taradell Durada: 6 h Preus: 25 \u20ac (soci CET); 30 \u20ac (federat FEEC); 40 \u20ac (General) Organitza: GEEA \u2013 Centre Excursionista de Taradell Presentaci\u00f3 del curs L\u2019objectiu del curs \u00e9s donar una base [...]\" \/>\n<meta property=\"og:url\" content=\"https:\/\/cetaradell.cat\/ce\/curs-de-meteorologia-de-muntanya\/\" \/>\n<meta property=\"og:site_name\" content=\"Centre Excursionista Taradell\" \/>\n<meta property=\"article:publisher\" content=\"https:\/\/www.facebook.com\/CETaradell\/\" \/>\n<meta property=\"article:published_time\" content=\"2020-02-26T16:02:23+00:00\" \/>\n<meta property=\"article:modified_time\" content=\"2020-03-16T16:44:34+00:00\" \/>\n<meta property=\"og:image\" content=\"https:\/\/cetaradell.cat\/ce\/wp-content\/uploads\/cartell-exhaurides.jpg\" \/>\n\t<meta property=\"og:image:width\" content=\"700\" \/>\n\t<meta property=\"og:image:height\" content=\"441\" \/>\n\t<meta property=\"og:image:type\" content=\"image\/jpeg\" \/>\n<meta name=\"author\" content=\"CET\" \/>\n<meta name=\"twitter:card\" content=\"summary_large_image\" \/>\n<meta name=\"twitter:label1\" content=\"Escrit per\" \/>\n\t<meta name=\"twitter:data1\" content=\"CET\" \/>\n\t<meta name=\"twitter:label2\" content=\"Temps estimat de lectura\" \/>\n\t<meta name=\"twitter:data2\" content=\"2 minuts\" \/>\n<script type=\"application\/ld+json\" class=\"yoast-schema-graph\">{\"@context\":\"https:\\\/\\\/schema.org\",\"@graph\":[{\"@type\":\"Article\",\"@id\":\"https:\\\/\\\/cetaradell.cat\\\/ce\\\/curs-de-meteorologia-de-muntanya\\\/#article\",\"isPartOf\":{\"@id\":\"https:\\\/\\\/cetaradell.cat\\\/ce\\\/curs-de-meteorologia-de-muntanya\\\/\"},\"author\":{\"name\":\"CET\",\"@id\":\"https:\\\/\\\/cetaradell.cat\\\/ce\\\/#\\\/schema\\\/person\\\/92a59f585073071c7be6649e84b22f78\"},\"headline\":\"Curs de Meteorologia de Muntanya\",\"datePublished\":\"2020-02-26T16:02:23+00:00\",\"dateModified\":\"2020-03-16T16:44:34+00:00\",\"mainEntityOfPage\":{\"@id\":\"https:\\\/\\\/cetaradell.cat\\\/ce\\\/curs-de-meteorologia-de-muntanya\\\/\"},\"wordCount\":326,\"image\":{\"@id\":\"https:\\\/\\\/cetaradell.cat\\\/ce\\\/curs-de-meteorologia-de-muntanya\\\/#primaryimage\"},\"thumbnailUrl\":\"https:\\\/\\\/cetaradell.cat\\\/ce\\\/wp-content\\\/uploads\\\/cartell-exhaurides.jpg\",\"articleSection\":[\"Activitats\",\"GEEA\",\"Muntanya\"],\"inLanguage\":\"ca\"},{\"@type\":\"WebPage\",\"@id\":\"https:\\\/\\\/cetaradell.cat\\\/ce\\\/curs-de-meteorologia-de-muntanya\\\/\",\"url\":\"https:\\\/\\\/cetaradell.cat\\\/ce\\\/curs-de-meteorologia-de-muntanya\\\/\",\"name\":\"Curs de Meteorologia de Muntanya - Centre Excursionista Taradell\",\"isPartOf\":{\"@id\":\"https:\\\/\\\/cetaradell.cat\\\/ce\\\/#website\"},\"primaryImageOfPage\":{\"@id\":\"https:\\\/\\\/cetaradell.cat\\\/ce\\\/curs-de-meteorologia-de-muntanya\\\/#primaryimage\"},\"image\":{\"@id\":\"https:\\\/\\\/cetaradell.cat\\\/ce\\\/curs-de-meteorologia-de-muntanya\\\/#primaryimage\"},\"thumbnailUrl\":\"https:\\\/\\\/cetaradell.cat\\\/ce\\\/wp-content\\\/uploads\\\/cartell-exhaurides.jpg\",\"datePublished\":\"2020-02-26T16:02:23+00:00\",\"dateModified\":\"2020-03-16T16:44:34+00:00\",\"author\":{\"@id\":\"https:\\\/\\\/cetaradell.cat\\\/ce\\\/#\\\/schema\\\/person\\\/92a59f585073071c7be6649e84b22f78\"},\"breadcrumb\":{\"@id\":\"https:\\\/\\\/cetaradell.cat\\\/ce\\\/curs-de-meteorologia-de-muntanya\\\/#breadcrumb\"},\"inLanguage\":\"ca\",\"potentialAction\":[{\"@type\":\"ReadAction\",\"target\":[\"https:\\\/\\\/cetaradell.cat\\\/ce\\\/curs-de-meteorologia-de-muntanya\\\/\"]}]},{\"@type\":\"ImageObject\",\"inLanguage\":\"ca\",\"@id\":\"https:\\\/\\\/cetaradell.cat\\\/ce\\\/curs-de-meteorologia-de-muntanya\\\/#primaryimage\",\"url\":\"https:\\\/\\\/cetaradell.cat\\\/ce\\\/wp-content\\\/uploads\\\/cartell-exhaurides.jpg\",\"contentUrl\":\"https:\\\/\\\/cetaradell.cat\\\/ce\\\/wp-content\\\/uploads\\\/cartell-exhaurides.jpg\",\"width\":700,\"height\":441},{\"@type\":\"BreadcrumbList\",\"@id\":\"https:\\\/\\\/cetaradell.cat\\\/ce\\\/curs-de-meteorologia-de-muntanya\\\/#breadcrumb\",\"itemListElement\":[{\"@type\":\"ListItem\",\"position\":1,\"name\":\"Inici\",\"item\":\"https:\\\/\\\/cetaradell.cat\\\/ce\\\/\"},{\"@type\":\"ListItem\",\"position\":2,\"name\":\"Curs de Meteorologia de Muntanya\"}]},{\"@type\":\"WebSite\",\"@id\":\"https:\\\/\\\/cetaradell.cat\\\/ce\\\/#website\",\"url\":\"https:\\\/\\\/cetaradell.cat\\\/ce\\\/\",\"name\":\"Centre Excursionista Taradell\",\"description\":\"\",\"potentialAction\":[{\"@type\":\"SearchAction\",\"target\":{\"@type\":\"EntryPoint\",\"urlTemplate\":\"https:\\\/\\\/cetaradell.cat\\\/ce\\\/?s={search_term_string}\"},\"query-input\":{\"@type\":\"PropertyValueSpecification\",\"valueRequired\":true,\"valueName\":\"search_term_string\"}}],\"inLanguage\":\"ca\"},{\"@type\":\"Person\",\"@id\":\"https:\\\/\\\/cetaradell.cat\\\/ce\\\/#\\\/schema\\\/person\\\/92a59f585073071c7be6649e84b22f78\",\"name\":\"CET\",\"image\":{\"@type\":\"ImageObject\",\"inLanguage\":\"ca\",\"@id\":\"https:\\\/\\\/secure.gravatar.com\\\/avatar\\\/d6fbe010d42056feccc0f613ed07277a5118442805079269f12dabdc42e1a727?s=96&d=mm&r=g\",\"url\":\"https:\\\/\\\/secure.gravatar.com\\\/avatar\\\/d6fbe010d42056feccc0f613ed07277a5118442805079269f12dabdc42e1a727?s=96&d=mm&r=g\",\"contentUrl\":\"https:\\\/\\\/secure.gravatar.com\\\/avatar\\\/d6fbe010d42056feccc0f613ed07277a5118442805079269f12dabdc42e1a727?s=96&d=mm&r=g\",\"caption\":\"CET\"},\"url\":\"https:\\\/\\\/cetaradell.cat\\\/ce\\\/author\\\/root\\\/\"}]}<\/script>\n<!-- \/ Yoast SEO plugin. -->","yoast_head_json":{"title":"Curs de Meteorologia de Muntanya - Centre Excursionista Taradell","robots":{"index":"index","follow":"follow","max-snippet":"max-snippet:-1","max-image-preview":"max-image-preview:large","max-video-preview":"max-video-preview:-1"},"canonical":"https:\/\/cetaradell.cat\/ce\/curs-de-meteorologia-de-muntanya\/","og_locale":"ca_ES","og_type":"article","og_title":"Curs de Meteorologia de Muntanya - Centre Excursionista Taradell","og_description":"Dates: dilluns 9 i 16 de mar\u00e7, de 19.00h a 22.00h Lloc: Local del Centre Excursionista de Taradell Durada: 6 h Preus: 25 \u20ac (soci CET); 30 \u20ac (federat FEEC); 40 \u20ac (General) Organitza: GEEA \u2013 Centre Excursionista de Taradell Presentaci\u00f3 del curs L\u2019objectiu del curs \u00e9s donar una base [...]","og_url":"https:\/\/cetaradell.cat\/ce\/curs-de-meteorologia-de-muntanya\/","og_site_name":"Centre Excursionista Taradell","article_publisher":"https:\/\/www.facebook.com\/CETaradell\/","article_published_time":"2020-02-26T16:02:23+00:00","article_modified_time":"2020-03-16T16:44:34+00:00","og_image":[{"width":700,"height":441,"url":"https:\/\/cetaradell.cat\/ce\/wp-content\/uploads\/cartell-exhaurides.jpg","type":"image\/jpeg"}],"author":"CET","twitter_card":"summary_large_image","twitter_misc":{"Escrit per":"CET","Temps estimat de lectura":"2 minuts"},"schema":{"@context":"https:\/\/schema.org","@graph":[{"@type":"Article","@id":"https:\/\/cetaradell.cat\/ce\/curs-de-meteorologia-de-muntanya\/#article","isPartOf":{"@id":"https:\/\/cetaradell.cat\/ce\/curs-de-meteorologia-de-muntanya\/"},"author":{"name":"CET","@id":"https:\/\/cetaradell.cat\/ce\/#\/schema\/person\/92a59f585073071c7be6649e84b22f78"},"headline":"Curs de Meteorologia de Muntanya","datePublished":"2020-02-26T16:02:23+00:00","dateModified":"2020-03-16T16:44:34+00:00","mainEntityOfPage":{"@id":"https:\/\/cetaradell.cat\/ce\/curs-de-meteorologia-de-muntanya\/"},"wordCount":326,"image":{"@id":"https:\/\/cetaradell.cat\/ce\/curs-de-meteorologia-de-muntanya\/#primaryimage"},"thumbnailUrl":"https:\/\/cetaradell.cat\/ce\/wp-content\/uploads\/cartell-exhaurides.jpg","articleSection":["Activitats","GEEA","Muntanya"],"inLanguage":"ca"},{"@type":"WebPage","@id":"https:\/\/cetaradell.cat\/ce\/curs-de-meteorologia-de-muntanya\/","url":"https:\/\/cetaradell.cat\/ce\/curs-de-meteorologia-de-muntanya\/","name":"Curs de Meteorologia de Muntanya - Centre Excursionista Taradell","isPartOf":{"@id":"https:\/\/cetaradell.cat\/ce\/#website"},"primaryImageOfPage":{"@id":"https:\/\/cetaradell.cat\/ce\/curs-de-meteorologia-de-muntanya\/#primaryimage"},"image":{"@id":"https:\/\/cetaradell.cat\/ce\/curs-de-meteorologia-de-muntanya\/#primaryimage"},"thumbnailUrl":"https:\/\/cetaradell.cat\/ce\/wp-content\/uploads\/cartell-exhaurides.jpg","datePublished":"2020-02-26T16:02:23+00:00","dateModified":"2020-03-16T16:44:34+00:00","author":{"@id":"https:\/\/cetaradell.cat\/ce\/#\/schema\/person\/92a59f585073071c7be6649e84b22f78"},"breadcrumb":{"@id":"https:\/\/cetaradell.cat\/ce\/curs-de-meteorologia-de-muntanya\/#breadcrumb"},"inLanguage":"ca","potentialAction":[{"@type":"ReadAction","target":["https:\/\/cetaradell.cat\/ce\/curs-de-meteorologia-de-muntanya\/"]}]},{"@type":"ImageObject","inLanguage":"ca","@id":"https:\/\/cetaradell.cat\/ce\/curs-de-meteorologia-de-muntanya\/#primaryimage","url":"https:\/\/cetaradell.cat\/ce\/wp-content\/uploads\/cartell-exhaurides.jpg","contentUrl":"https:\/\/cetaradell.cat\/ce\/wp-content\/uploads\/cartell-exhaurides.jpg","width":700,"height":441},{"@type":"BreadcrumbList","@id":"https:\/\/cetaradell.cat\/ce\/curs-de-meteorologia-de-muntanya\/#breadcrumb","itemListElement":[{"@type":"ListItem","position":1,"name":"Inici","item":"https:\/\/cetaradell.cat\/ce\/"},{"@type":"ListItem","position":2,"name":"Curs de Meteorologia de Muntanya"}]},{"@type":"WebSite","@id":"https:\/\/cetaradell.cat\/ce\/#website","url":"https:\/\/cetaradell.cat\/ce\/","name":"Centre Excursionista Taradell","description":"","potentialAction":[{"@type":"SearchAction","target":{"@type":"EntryPoint","urlTemplate":"https:\/\/cetaradell.cat\/ce\/?s={search_term_string}"},"query-input":{"@type":"PropertyValueSpecification","valueRequired":true,"valueName":"search_term_string"}}],"inLanguage":"ca"},{"@type":"Person","@id":"https:\/\/cetaradell.cat\/ce\/#\/schema\/person\/92a59f585073071c7be6649e84b22f78","name":"CET","image":{"@type":"ImageObject","inLanguage":"ca","@id":"https:\/\/secure.gravatar.com\/avatar\/d6fbe010d42056feccc0f613ed07277a5118442805079269f12dabdc42e1a727?s=96&d=mm&r=g","url":"https:\/\/secure.gravatar.com\/avatar\/d6fbe010d42056feccc0f613ed07277a5118442805079269f12dabdc42e1a727?s=96&d=mm&r=g","contentUrl":"https:\/\/secure.gravatar.com\/avatar\/d6fbe010d42056feccc0f613ed07277a5118442805079269f12dabdc42e1a727?s=96&d=mm&r=g","caption":"CET"},"url":"https:\/\/cetaradell.cat\/ce\/author\/root\/"}]}},"_links":{"self":[{"href":"https:\/\/cetaradell.cat\/ce\/wp-json\/wp\/v2\/posts\/7440","targetHints":{"allow":["GET"]}}],"collection":[{"href":"https:\/\/cetaradell.cat\/ce\/wp-json\/wp\/v2\/posts"}],"about":[{"href":"https:\/\/cetaradell.cat\/ce\/wp-json\/wp\/v2\/types\/post"}],"author":[{"embeddable":true,"href":"https:\/\/cetaradell.cat\/ce\/wp-json\/wp\/v2\/users\/1"}],"replies":[{"embeddable":true,"href":"https:\/\/cetaradell.cat\/ce\/wp-json\/wp\/v2\/comments?post=7440"}],"version-history":[{"count":0,"href":"https:\/\/cetaradell.cat\/ce\/wp-json\/wp\/v2\/posts\/7440\/revisions"}],"wp:featuredmedia":[{"embeddable":true,"href":"https:\/\/cetaradell.cat\/ce\/wp-json\/wp\/v2\/media\/7463"}],"wp:attachment":[{"href":"https:\/\/cetaradell.cat\/ce\/wp-json\/wp\/v2\/media?parent=7440"}],"wp:term":[{"taxonomy":"category","embeddable":true,"href":"https:\/\/cetaradell.cat\/ce\/wp-json\/wp\/v2\/categories?post=7440"},{"taxonomy":"post_tag","embeddable":true,"href":"https:\/\/cetaradell.cat\/ce\/wp-json\/wp\/v2\/tags?post=7440"}],"curies":[{"name":"wp","href":"https:\/\/api.w.org\/{rel}","templated":true}]}}