{"id":7452,"date":"2020-03-05T17:14:55","date_gmt":"2020-03-05T16:14:55","guid":{"rendered":"https:\/\/cetaradell.cat\/ce\/?p=7452"},"modified":"2020-03-16T17:26:23","modified_gmt":"2020-03-16T16:26:23","slug":"sortida-desqui-de-muntanya","status":"publish","type":"post","link":"https:\/\/cetaradell.cat\/ce\/sortida-desqui-de-muntanya\/","title":{"rendered":"Sortida d\u2019Esqu\u00ed de Muntanya"},"content":{"rendered":"<p><strong><a href=\"https:\/\/cetaradell.cat\/ce\/sortida-desqui-de-muntanya\/cartell-esqui-de-muntanya\/\" rel=\"attachment wp-att-7453\"><img decoding=\"async\" class=\" wp-image-7453 alignleft\" src=\"https:\/\/cetaradell.cat\/ce\/wp-content\/uploads\/Cartell-Esqui-de-Muntanya-724x1024.jpeg\" alt=\"\" width=\"340\" height=\"480\" srcset=\"https:\/\/cetaradell.cat\/ce\/wp-content\/uploads\/Cartell-Esqui-de-Muntanya-200x283.jpeg 200w, https:\/\/cetaradell.cat\/ce\/wp-content\/uploads\/Cartell-Esqui-de-Muntanya-212x300.jpeg 212w, https:\/\/cetaradell.cat\/ce\/wp-content\/uploads\/Cartell-Esqui-de-Muntanya-400x566.jpeg 400w, https:\/\/cetaradell.cat\/ce\/wp-content\/uploads\/Cartell-Esqui-de-Muntanya-500x707.jpeg 500w, https:\/\/cetaradell.cat\/ce\/wp-content\/uploads\/Cartell-Esqui-de-Muntanya-600x849.jpeg 600w, https:\/\/cetaradell.cat\/ce\/wp-content\/uploads\/Cartell-Esqui-de-Muntanya-700x990.jpeg 700w, https:\/\/cetaradell.cat\/ce\/wp-content\/uploads\/Cartell-Esqui-de-Muntanya-724x1024.jpeg 724w, https:\/\/cetaradell.cat\/ce\/wp-content\/uploads\/Cartell-Esqui-de-Muntanya-768x1086.jpeg 768w, https:\/\/cetaradell.cat\/ce\/wp-content\/uploads\/Cartell-Esqui-de-Muntanya-800x1132.jpeg 800w, https:\/\/cetaradell.cat\/ce\/wp-content\/uploads\/Cartell-Esqui-de-Muntanya-1086x1536.jpeg 1086w, https:\/\/cetaradell.cat\/ce\/wp-content\/uploads\/Cartell-Esqui-de-Muntanya.jpeg 1131w\" sizes=\"(max-width: 340px) 100vw, 340px\" \/><\/a>Data:<\/strong> <del>Diumenge, 22 de mar\u00e7 de 2020<\/del>\u00a0\u00a0\u00a0\u00a0 <strong>Cancel\u00b7lat<\/strong><del><br \/>\n<\/del><\/p>\n<p><strong>Durada:<\/strong> Tot el dia<\/p>\n<p><strong>Preu:<\/strong> Gratu\u00eft (Federats)<\/p>\n<p><strong>Punt de Trobada: <\/strong>P\u00e0rquing de la Carpa a les 6:30h<\/p>\n<p><strong>Despla\u00e7ament: <\/strong>Vehicles particulars<\/p>\n<h3>Descripci\u00f3 de la Sortida<\/h3>\n<p><strong>Desnivell positiu:<\/strong> Entre 1000 i 1500 metres<\/p>\n<p><strong>Dist\u00e0ncia:<\/strong> M\u00e0xim 15km<\/p>\n<p><strong>Dificultat t\u00e8cnica:<\/strong> Mitjana \u2013 Baixa (s\u2019adaptar\u00e0 al nivell dels participants), cal per\u00f2 nivell alt d\u2019esqu\u00ed alp\u00ed, pendents de 30\u00b0 a 45\u00b0 amb neu no tractada.<\/p>\n<p><strong>Lloc: <\/strong>A determinar en funci\u00f3 de l\u2019estat de la neu, preferentment Cerdanya.<\/p>\n<p><strong>Material Obligatori<\/strong>: Equip complet d\u2019esqu\u00ed de Muntanya, ARVA, pala, sonda, grampons, manta t\u00e8rmica, casc, roba adequada per muntanya hivernal, piolet opcional.<\/p>\n<p><strong>Asseguran\u00e7a<\/strong>: \u00c9s obligatori estar federat amb la modalitat D de la FEEC o equivalent, en cas de no estar-ho s\u2019haur\u00e0 de tramitar asseguran\u00e7a temporal (cal ser soci del CET) amb un cost de 6\u20ac.<\/p>\n<h3>Inscripcions<\/h3>\n<p>Presencialment a les oficines del CET, de dimecres a dissabte de 19:30h a 21:00h<\/p>\n<p>Per mail a <a href=\"mailto:geea@cetaradell.cat\">geea@cetaradell.cat<\/a> (adjuntar llicencia federativa)<\/p>\n<p>Les inscripcions es tancaran el 18 de mar\u00e7 o a un m\u00e0xim de 15 persones<\/p>\n<h3>Nota Important<\/h3>\n<p><strong>No es tracte de un curs, \u00e9s una sortida col\u00b7lectiva on tots els participants han de ser aut\u00f2noms, tenir la preparaci\u00f3 f\u00edsica i t\u00e8cnica per afrontar les caracter\u00edstiques d\u2019aquesta.<\/strong><\/p>\n<p><strong>Els coordinadors no es fan responsables dels accidents que puguin patir els participants.<\/strong><\/p>\n<p><strong>En cas de condicions meteorol\u00f2giques o condicions de neu adverses l\u2019organitzaci\u00f3 pot modificar la data o anular la sortida<\/strong><\/p>\n","protected":false},"excerpt":{"rendered":"<p>Data: Diumenge, 22 de mar\u00e7 de 2020\u00a0\u00a0\u00a0\u00a0 Cancel\u00b7lat Durada: Tot el dia Preu: Gratu\u00eft (Federats) Punt de Trobada: P\u00e0rquing de la Carpa a les 6:30h Despla\u00e7ament: Vehicles particulars Descripci\u00f3 de la Sortida Desnivell positiu: Entre 1000 i 1500 metres Dist\u00e0ncia: M\u00e0xim 15km Dificultat t\u00e8cnica: Mitjana \u2013 Baixa (s\u2019adaptar\u00e0 al nivell  [&#8230;]<\/p>\n","protected":false},"author":1,"featured_media":7459,"comment_status":"closed","ping_status":"closed","sticky":false,"template":"","format":"standard","meta":{"footnotes":""},"categories":[4,50],"tags":[],"class_list":["post-7452","post","type-post","status-publish","format-standard","has-post-thumbnail","hentry","category-activitats","category-geea"],"yoast_head":"<!-- This site is optimized with the Yoast SEO plugin v27.4 - https:\/\/yoast.com\/product\/yoast-seo-wordpress\/ -->\n<title>Sortida d\u2019Esqu\u00ed de Muntanya - Centre Excursionista Taradell<\/title>\n<meta name=\"robots\" content=\"index, follow, max-snippet:-1, max-image-preview:large, max-video-preview:-1\" \/>\n<link rel=\"canonical\" href=\"https:\/\/cetaradell.cat\/ce\/sortida-desqui-de-muntanya\/\" \/>\n<meta property=\"og:locale\" content=\"ca_ES\" \/>\n<meta property=\"og:type\" content=\"article\" \/>\n<meta property=\"og:title\" content=\"Sortida d\u2019Esqu\u00ed de Muntanya - Centre Excursionista Taradell\" \/>\n<meta property=\"og:description\" content=\"Data: Diumenge, 22 de mar\u00e7 de 2020\u00a0\u00a0\u00a0\u00a0 Cancel\u00b7lat Durada: Tot el dia Preu: Gratu\u00eft (Federats) Punt de Trobada: P\u00e0rquing de la Carpa a les 6:30h Despla\u00e7ament: Vehicles particulars Descripci\u00f3 de la Sortida Desnivell positiu: Entre 1000 i 1500 metres Dist\u00e0ncia: M\u00e0xim 15km Dificultat t\u00e8cnica: Mitjana \u2013 Baixa (s\u2019adaptar\u00e0 al nivell [...]\" \/>\n<meta property=\"og:url\" content=\"https:\/\/cetaradell.cat\/ce\/sortida-desqui-de-muntanya\/\" \/>\n<meta property=\"og:site_name\" content=\"Centre Excursionista Taradell\" \/>\n<meta property=\"article:publisher\" content=\"https:\/\/www.facebook.com\/CETaradell\/\" \/>\n<meta property=\"article:published_time\" content=\"2020-03-05T16:14:55+00:00\" \/>\n<meta property=\"article:modified_time\" content=\"2020-03-16T16:26:23+00:00\" \/>\n<meta property=\"og:image\" content=\"https:\/\/cetaradell.cat\/ce\/wp-content\/uploads\/Cartell-Esqui-de-Muntanya-1-e1584375968980.jpeg\" \/>\n\t<meta property=\"og:image:width\" content=\"1132\" \/>\n\t<meta property=\"og:image:height\" content=\"724\" \/>\n\t<meta property=\"og:image:type\" content=\"image\/jpeg\" \/>\n<meta name=\"author\" content=\"CET\" \/>\n<meta name=\"twitter:card\" content=\"summary_large_image\" \/>\n<meta name=\"twitter:label1\" content=\"Escrit per\" \/>\n\t<meta name=\"twitter:data1\" content=\"CET\" \/>\n\t<meta name=\"twitter:label2\" content=\"Temps estimat de lectura\" \/>\n\t<meta name=\"twitter:data2\" content=\"1 minut\" \/>\n<script type=\"application\/ld+json\" class=\"yoast-schema-graph\">{\"@context\":\"https:\\\/\\\/schema.org\",\"@graph\":[{\"@type\":\"Article\",\"@id\":\"https:\\\/\\\/cetaradell.cat\\\/ce\\\/sortida-desqui-de-muntanya\\\/#article\",\"isPartOf\":{\"@id\":\"https:\\\/\\\/cetaradell.cat\\\/ce\\\/sortida-desqui-de-muntanya\\\/\"},\"author\":{\"name\":\"CET\",\"@id\":\"https:\\\/\\\/cetaradell.cat\\\/ce\\\/#\\\/schema\\\/person\\\/92a59f585073071c7be6649e84b22f78\"},\"headline\":\"Sortida d\u2019Esqu\u00ed de Muntanya\",\"datePublished\":\"2020-03-05T16:14:55+00:00\",\"dateModified\":\"2020-03-16T16:26:23+00:00\",\"mainEntityOfPage\":{\"@id\":\"https:\\\/\\\/cetaradell.cat\\\/ce\\\/sortida-desqui-de-muntanya\\\/\"},\"wordCount\":255,\"image\":{\"@id\":\"https:\\\/\\\/cetaradell.cat\\\/ce\\\/sortida-desqui-de-muntanya\\\/#primaryimage\"},\"thumbnailUrl\":\"https:\\\/\\\/cetaradell.cat\\\/ce\\\/wp-content\\\/uploads\\\/Cartell-Esqui-de-Muntanya-1-e1584375968980.jpeg\",\"articleSection\":[\"Activitats\",\"GEEA\"],\"inLanguage\":\"ca\"},{\"@type\":\"WebPage\",\"@id\":\"https:\\\/\\\/cetaradell.cat\\\/ce\\\/sortida-desqui-de-muntanya\\\/\",\"url\":\"https:\\\/\\\/cetaradell.cat\\\/ce\\\/sortida-desqui-de-muntanya\\\/\",\"name\":\"Sortida d\u2019Esqu\u00ed de Muntanya - Centre Excursionista Taradell\",\"isPartOf\":{\"@id\":\"https:\\\/\\\/cetaradell.cat\\\/ce\\\/#website\"},\"primaryImageOfPage\":{\"@id\":\"https:\\\/\\\/cetaradell.cat\\\/ce\\\/sortida-desqui-de-muntanya\\\/#primaryimage\"},\"image\":{\"@id\":\"https:\\\/\\\/cetaradell.cat\\\/ce\\\/sortida-desqui-de-muntanya\\\/#primaryimage\"},\"thumbnailUrl\":\"https:\\\/\\\/cetaradell.cat\\\/ce\\\/wp-content\\\/uploads\\\/Cartell-Esqui-de-Muntanya-1-e1584375968980.jpeg\",\"datePublished\":\"2020-03-05T16:14:55+00:00\",\"dateModified\":\"2020-03-16T16:26:23+00:00\",\"author\":{\"@id\":\"https:\\\/\\\/cetaradell.cat\\\/ce\\\/#\\\/schema\\\/person\\\/92a59f585073071c7be6649e84b22f78\"},\"breadcrumb\":{\"@id\":\"https:\\\/\\\/cetaradell.cat\\\/ce\\\/sortida-desqui-de-muntanya\\\/#breadcrumb\"},\"inLanguage\":\"ca\",\"potentialAction\":[{\"@type\":\"ReadAction\",\"target\":[\"https:\\\/\\\/cetaradell.cat\\\/ce\\\/sortida-desqui-de-muntanya\\\/\"]}]},{\"@type\":\"ImageObject\",\"inLanguage\":\"ca\",\"@id\":\"https:\\\/\\\/cetaradell.cat\\\/ce\\\/sortida-desqui-de-muntanya\\\/#primaryimage\",\"url\":\"https:\\\/\\\/cetaradell.cat\\\/ce\\\/wp-content\\\/uploads\\\/Cartell-Esqui-de-Muntanya-1-e1584375968980.jpeg\",\"contentUrl\":\"https:\\\/\\\/cetaradell.cat\\\/ce\\\/wp-content\\\/uploads\\\/Cartell-Esqui-de-Muntanya-1-e1584375968980.jpeg\",\"width\":1132,\"height\":724},{\"@type\":\"BreadcrumbList\",\"@id\":\"https:\\\/\\\/cetaradell.cat\\\/ce\\\/sortida-desqui-de-muntanya\\\/#breadcrumb\",\"itemListElement\":[{\"@type\":\"ListItem\",\"position\":1,\"name\":\"Inici\",\"item\":\"https:\\\/\\\/cetaradell.cat\\\/ce\\\/\"},{\"@type\":\"ListItem\",\"position\":2,\"name\":\"Sortida d\u2019Esqu\u00ed de Muntanya\"}]},{\"@type\":\"WebSite\",\"@id\":\"https:\\\/\\\/cetaradell.cat\\\/ce\\\/#website\",\"url\":\"https:\\\/\\\/cetaradell.cat\\\/ce\\\/\",\"name\":\"Centre Excursionista Taradell\",\"description\":\"\",\"potentialAction\":[{\"@type\":\"SearchAction\",\"target\":{\"@type\":\"EntryPoint\",\"urlTemplate\":\"https:\\\/\\\/cetaradell.cat\\\/ce\\\/?s={search_term_string}\"},\"query-input\":{\"@type\":\"PropertyValueSpecification\",\"valueRequired\":true,\"valueName\":\"search_term_string\"}}],\"inLanguage\":\"ca\"},{\"@type\":\"Person\",\"@id\":\"https:\\\/\\\/cetaradell.cat\\\/ce\\\/#\\\/schema\\\/person\\\/92a59f585073071c7be6649e84b22f78\",\"name\":\"CET\",\"image\":{\"@type\":\"ImageObject\",\"inLanguage\":\"ca\",\"@id\":\"https:\\\/\\\/secure.gravatar.com\\\/avatar\\\/d6fbe010d42056feccc0f613ed07277a5118442805079269f12dabdc42e1a727?s=96&d=mm&r=g\",\"url\":\"https:\\\/\\\/secure.gravatar.com\\\/avatar\\\/d6fbe010d42056feccc0f613ed07277a5118442805079269f12dabdc42e1a727?s=96&d=mm&r=g\",\"contentUrl\":\"https:\\\/\\\/secure.gravatar.com\\\/avatar\\\/d6fbe010d42056feccc0f613ed07277a5118442805079269f12dabdc42e1a727?s=96&d=mm&r=g\",\"caption\":\"CET\"},\"url\":\"https:\\\/\\\/cetaradell.cat\\\/ce\\\/author\\\/root\\\/\"}]}<\/script>\n<!-- \/ Yoast SEO plugin. -->","yoast_head_json":{"title":"Sortida d\u2019Esqu\u00ed de Muntanya - Centre Excursionista Taradell","robots":{"index":"index","follow":"follow","max-snippet":"max-snippet:-1","max-image-preview":"max-image-preview:large","max-video-preview":"max-video-preview:-1"},"canonical":"https:\/\/cetaradell.cat\/ce\/sortida-desqui-de-muntanya\/","og_locale":"ca_ES","og_type":"article","og_title":"Sortida d\u2019Esqu\u00ed de Muntanya - Centre Excursionista Taradell","og_description":"Data: Diumenge, 22 de mar\u00e7 de 2020\u00a0\u00a0\u00a0\u00a0 Cancel\u00b7lat Durada: Tot el dia Preu: Gratu\u00eft (Federats) Punt de Trobada: P\u00e0rquing de la Carpa a les 6:30h Despla\u00e7ament: Vehicles particulars Descripci\u00f3 de la Sortida Desnivell positiu: Entre 1000 i 1500 metres Dist\u00e0ncia: M\u00e0xim 15km Dificultat t\u00e8cnica: Mitjana \u2013 Baixa (s\u2019adaptar\u00e0 al nivell [...]","og_url":"https:\/\/cetaradell.cat\/ce\/sortida-desqui-de-muntanya\/","og_site_name":"Centre Excursionista Taradell","article_publisher":"https:\/\/www.facebook.com\/CETaradell\/","article_published_time":"2020-03-05T16:14:55+00:00","article_modified_time":"2020-03-16T16:26:23+00:00","og_image":[{"width":1132,"height":724,"url":"https:\/\/cetaradell.cat\/ce\/wp-content\/uploads\/Cartell-Esqui-de-Muntanya-1-e1584375968980.jpeg","type":"image\/jpeg"}],"author":"CET","twitter_card":"summary_large_image","twitter_misc":{"Escrit per":"CET","Temps estimat de lectura":"1 minut"},"schema":{"@context":"https:\/\/schema.org","@graph":[{"@type":"Article","@id":"https:\/\/cetaradell.cat\/ce\/sortida-desqui-de-muntanya\/#article","isPartOf":{"@id":"https:\/\/cetaradell.cat\/ce\/sortida-desqui-de-muntanya\/"},"author":{"name":"CET","@id":"https:\/\/cetaradell.cat\/ce\/#\/schema\/person\/92a59f585073071c7be6649e84b22f78"},"headline":"Sortida d\u2019Esqu\u00ed de Muntanya","datePublished":"2020-03-05T16:14:55+00:00","dateModified":"2020-03-16T16:26:23+00:00","mainEntityOfPage":{"@id":"https:\/\/cetaradell.cat\/ce\/sortida-desqui-de-muntanya\/"},"wordCount":255,"image":{"@id":"https:\/\/cetaradell.cat\/ce\/sortida-desqui-de-muntanya\/#primaryimage"},"thumbnailUrl":"https:\/\/cetaradell.cat\/ce\/wp-content\/uploads\/Cartell-Esqui-de-Muntanya-1-e1584375968980.jpeg","articleSection":["Activitats","GEEA"],"inLanguage":"ca"},{"@type":"WebPage","@id":"https:\/\/cetaradell.cat\/ce\/sortida-desqui-de-muntanya\/","url":"https:\/\/cetaradell.cat\/ce\/sortida-desqui-de-muntanya\/","name":"Sortida d\u2019Esqu\u00ed de Muntanya - Centre Excursionista Taradell","isPartOf":{"@id":"https:\/\/cetaradell.cat\/ce\/#website"},"primaryImageOfPage":{"@id":"https:\/\/cetaradell.cat\/ce\/sortida-desqui-de-muntanya\/#primaryimage"},"image":{"@id":"https:\/\/cetaradell.cat\/ce\/sortida-desqui-de-muntanya\/#primaryimage"},"thumbnailUrl":"https:\/\/cetaradell.cat\/ce\/wp-content\/uploads\/Cartell-Esqui-de-Muntanya-1-e1584375968980.jpeg","datePublished":"2020-03-05T16:14:55+00:00","dateModified":"2020-03-16T16:26:23+00:00","author":{"@id":"https:\/\/cetaradell.cat\/ce\/#\/schema\/person\/92a59f585073071c7be6649e84b22f78"},"breadcrumb":{"@id":"https:\/\/cetaradell.cat\/ce\/sortida-desqui-de-muntanya\/#breadcrumb"},"inLanguage":"ca","potentialAction":[{"@type":"ReadAction","target":["https:\/\/cetaradell.cat\/ce\/sortida-desqui-de-muntanya\/"]}]},{"@type":"ImageObject","inLanguage":"ca","@id":"https:\/\/cetaradell.cat\/ce\/sortida-desqui-de-muntanya\/#primaryimage","url":"https:\/\/cetaradell.cat\/ce\/wp-content\/uploads\/Cartell-Esqui-de-Muntanya-1-e1584375968980.jpeg","contentUrl":"https:\/\/cetaradell.cat\/ce\/wp-content\/uploads\/Cartell-Esqui-de-Muntanya-1-e1584375968980.jpeg","width":1132,"height":724},{"@type":"BreadcrumbList","@id":"https:\/\/cetaradell.cat\/ce\/sortida-desqui-de-muntanya\/#breadcrumb","itemListElement":[{"@type":"ListItem","position":1,"name":"Inici","item":"https:\/\/cetaradell.cat\/ce\/"},{"@type":"ListItem","position":2,"name":"Sortida d\u2019Esqu\u00ed de Muntanya"}]},{"@type":"WebSite","@id":"https:\/\/cetaradell.cat\/ce\/#website","url":"https:\/\/cetaradell.cat\/ce\/","name":"Centre Excursionista Taradell","description":"","potentialAction":[{"@type":"SearchAction","target":{"@type":"EntryPoint","urlTemplate":"https:\/\/cetaradell.cat\/ce\/?s={search_term_string}"},"query-input":{"@type":"PropertyValueSpecification","valueRequired":true,"valueName":"search_term_string"}}],"inLanguage":"ca"},{"@type":"Person","@id":"https:\/\/cetaradell.cat\/ce\/#\/schema\/person\/92a59f585073071c7be6649e84b22f78","name":"CET","image":{"@type":"ImageObject","inLanguage":"ca","@id":"https:\/\/secure.gravatar.com\/avatar\/d6fbe010d42056feccc0f613ed07277a5118442805079269f12dabdc42e1a727?s=96&d=mm&r=g","url":"https:\/\/secure.gravatar.com\/avatar\/d6fbe010d42056feccc0f613ed07277a5118442805079269f12dabdc42e1a727?s=96&d=mm&r=g","contentUrl":"https:\/\/secure.gravatar.com\/avatar\/d6fbe010d42056feccc0f613ed07277a5118442805079269f12dabdc42e1a727?s=96&d=mm&r=g","caption":"CET"},"url":"https:\/\/cetaradell.cat\/ce\/author\/root\/"}]}},"_links":{"self":[{"href":"https:\/\/cetaradell.cat\/ce\/wp-json\/wp\/v2\/posts\/7452","targetHints":{"allow":["GET"]}}],"collection":[{"href":"https:\/\/cetaradell.cat\/ce\/wp-json\/wp\/v2\/posts"}],"about":[{"href":"https:\/\/cetaradell.cat\/ce\/wp-json\/wp\/v2\/types\/post"}],"author":[{"embeddable":true,"href":"https:\/\/cetaradell.cat\/ce\/wp-json\/wp\/v2\/users\/1"}],"replies":[{"embeddable":true,"href":"https:\/\/cetaradell.cat\/ce\/wp-json\/wp\/v2\/comments?post=7452"}],"version-history":[{"count":0,"href":"https:\/\/cetaradell.cat\/ce\/wp-json\/wp\/v2\/posts\/7452\/revisions"}],"wp:featuredmedia":[{"embeddable":true,"href":"https:\/\/cetaradell.cat\/ce\/wp-json\/wp\/v2\/media\/7459"}],"wp:attachment":[{"href":"https:\/\/cetaradell.cat\/ce\/wp-json\/wp\/v2\/media?parent=7452"}],"wp:term":[{"taxonomy":"category","embeddable":true,"href":"https:\/\/cetaradell.cat\/ce\/wp-json\/wp\/v2\/categories?post=7452"},{"taxonomy":"post_tag","embeddable":true,"href":"https:\/\/cetaradell.cat\/ce\/wp-json\/wp\/v2\/tags?post=7452"}],"curies":[{"name":"wp","href":"https:\/\/api.w.org\/{rel}","templated":true}]}}