{"id":7513,"date":"2020-04-21T17:56:47","date_gmt":"2020-04-21T16:56:47","guid":{"rendered":"https:\/\/cetaradell.cat\/ce\/?p=7513"},"modified":"2020-04-21T18:08:49","modified_gmt":"2020-04-21T17:08:49","slug":"iniciativa-sentlamuntanyaacasa-de-la-feec","status":"publish","type":"post","link":"https:\/\/cetaradell.cat\/ce\/iniciativa-sentlamuntanyaacasa-de-la-feec\/","title":{"rendered":"Iniciativa #sentlamuntanyaacasa de la FEEC"},"content":{"rendered":"<p><a href=\"https:\/\/www.feec.cat\/actualitat\/noticies\/sent-la-muntanya-a-casa\/\" rel=\"attachment wp-att-7519\"><img decoding=\"async\" class=\"alignleft wp-image-7519 size-medium\" src=\"https:\/\/cetaradell.cat\/ce\/wp-content\/uploads\/2020_FEEC_sentlamuntanyaacasa-300x152.jpg\" alt=\"\" width=\"300\" height=\"152\" srcset=\"https:\/\/cetaradell.cat\/ce\/wp-content\/uploads\/2020_FEEC_sentlamuntanyaacasa-200x101.jpg 200w, https:\/\/cetaradell.cat\/ce\/wp-content\/uploads\/2020_FEEC_sentlamuntanyaacasa-300x152.jpg 300w, https:\/\/cetaradell.cat\/ce\/wp-content\/uploads\/2020_FEEC_sentlamuntanyaacasa-400x203.jpg 400w, https:\/\/cetaradell.cat\/ce\/wp-content\/uploads\/2020_FEEC_sentlamuntanyaacasa-500x253.jpg 500w, https:\/\/cetaradell.cat\/ce\/wp-content\/uploads\/2020_FEEC_sentlamuntanyaacasa-540x272.jpg 540w, https:\/\/cetaradell.cat\/ce\/wp-content\/uploads\/2020_FEEC_sentlamuntanyaacasa-600x304.jpg 600w, https:\/\/cetaradell.cat\/ce\/wp-content\/uploads\/2020_FEEC_sentlamuntanyaacasa-700x355.jpg 700w, https:\/\/cetaradell.cat\/ce\/wp-content\/uploads\/2020_FEEC_sentlamuntanyaacasa-768x389.jpg 768w, https:\/\/cetaradell.cat\/ce\/wp-content\/uploads\/2020_FEEC_sentlamuntanyaacasa-800x405.jpg 800w, https:\/\/cetaradell.cat\/ce\/wp-content\/uploads\/2020_FEEC_sentlamuntanyaacasa-1024x519.jpg 1024w, https:\/\/cetaradell.cat\/ce\/wp-content\/uploads\/2020_FEEC_sentlamuntanyaacasa.jpg 1111w\" sizes=\"(max-width: 300px) 100vw, 300px\" \/><\/a>Amb l\u2019objectiu de poder apropar activitats de muntanya als federats i federades, des de la FEEC han engegat la iniciativa #sentlamuntanyaacasa, amb acc\u00e9s gratu\u00eft la revista V\u00e8rtex, aix\u00ed com a pel\u00b7l\u00edcules, documentals, i sessions en directe a trav\u00e9s d\u2019instagram per aprendre noves t\u00e8cniques relacionades amb diferents disciplines de muntanya.<\/p>\n<p>Tota la informaci\u00f3 a: <a href=\"https:\/\/www.feec.cat\/actualitat\/noticies\/sent-la-muntanya-a-casa\/\">https:\/\/www.feec.cat\/actualitat\/noticies\/sent-la-muntanya-a-casa\/<\/a><\/p>\n<p>&nbsp;<\/p>\n<blockquote class=\"twitter-tweet\">\n<p dir=\"ltr\" lang=\"ca\">El confinament tamb\u00e9 ha paralitzat una activitat tan popular com les sortides a la muntanya. Des de la <a href=\"https:\/\/twitter.com\/FEEC_cat?ref_src=twsrc%5Etfw\">@FEEC_cat<\/a> conviden a mantenir el vincle amb la natura mitjan\u00e7ant el programa <a href=\"https:\/\/twitter.com\/hashtag\/sentlamuntanyaacasa?src=hash&amp;ref_src=twsrc%5Etfw\">#sentlamuntanyaacasa<\/a> |<a href=\"https:\/\/twitter.com\/jordimerino75?ref_src=twsrc%5Etfw\">@jordimerino75<\/a> <a href=\"https:\/\/twitter.com\/tve_catalunya?ref_src=twsrc%5Etfw\">@tve_catalunya<\/a> <a href=\"https:\/\/twitter.com\/jacintfelip?ref_src=twsrc%5Etfw\">@jacintfelip<\/a> <a href=\"https:\/\/t.co\/W62WpdrvQp\">pic.twitter.com\/W62WpdrvQp<\/a><\/p>\n<p>\u2014 L\u2019informatiu | TVE Catalunya (@linformatiu_tve) <a href=\"https:\/\/twitter.com\/linformatiu_tve\/status\/1252220024586153985?ref_src=twsrc%5Etfw\">April 20, 2020<\/a><\/p><\/blockquote>\n<p><script async src=\"https:\/\/platform.twitter.com\/widgets.js\" charset=\"utf-8\"><\/script><\/p>\n","protected":false},"excerpt":{"rendered":"<p>Amb l\u2019objectiu de poder apropar activitats de muntanya als federats i federades, des de la FEEC han engegat la iniciativa #sentlamuntanyaacasa, amb acc\u00e9s gratu\u00eft la revista V\u00e8rtex, aix\u00ed com a pel\u00b7l\u00edcules, documentals, i sessions en directe a trav\u00e9s d\u2019instagram per aprendre noves t\u00e8cniques relacionades amb diferents disciplines de muntanya. Tota  [&#8230;]<\/p>\n","protected":false},"author":1,"featured_media":7519,"comment_status":"closed","ping_status":"closed","sticky":false,"template":"","format":"standard","meta":{"footnotes":""},"categories":[4,3],"tags":[],"class_list":["post-7513","post","type-post","status-publish","format-standard","has-post-thumbnail","hentry","category-activitats","category-noticies"],"yoast_head":"<!-- This site is optimized with the Yoast SEO plugin v27.4 - https:\/\/yoast.com\/product\/yoast-seo-wordpress\/ -->\n<title>Iniciativa #sentlamuntanyaacasa de la FEEC - Centre Excursionista Taradell<\/title>\n<meta name=\"robots\" content=\"index, follow, max-snippet:-1, max-image-preview:large, max-video-preview:-1\" \/>\n<link rel=\"canonical\" href=\"https:\/\/cetaradell.cat\/ce\/iniciativa-sentlamuntanyaacasa-de-la-feec\/\" \/>\n<meta property=\"og:locale\" content=\"ca_ES\" \/>\n<meta property=\"og:type\" content=\"article\" \/>\n<meta property=\"og:title\" content=\"Iniciativa #sentlamuntanyaacasa de la FEEC - Centre Excursionista Taradell\" \/>\n<meta property=\"og:description\" content=\"Amb l\u2019objectiu de poder apropar activitats de muntanya als federats i federades, des de la FEEC han engegat la iniciativa #sentlamuntanyaacasa, amb acc\u00e9s gratu\u00eft la revista V\u00e8rtex, aix\u00ed com a pel\u00b7l\u00edcules, documentals, i sessions en directe a trav\u00e9s d\u2019instagram per aprendre noves t\u00e8cniques relacionades amb diferents disciplines de muntanya. Tota [...]\" \/>\n<meta property=\"og:url\" content=\"https:\/\/cetaradell.cat\/ce\/iniciativa-sentlamuntanyaacasa-de-la-feec\/\" \/>\n<meta property=\"og:site_name\" content=\"Centre Excursionista Taradell\" \/>\n<meta property=\"article:publisher\" content=\"https:\/\/www.facebook.com\/CETaradell\/\" \/>\n<meta property=\"article:published_time\" content=\"2020-04-21T16:56:47+00:00\" \/>\n<meta property=\"article:modified_time\" content=\"2020-04-21T17:08:49+00:00\" \/>\n<meta property=\"og:image\" content=\"https:\/\/cetaradell.cat\/ce\/wp-content\/uploads\/2020_FEEC_sentlamuntanyaacasa.jpg\" \/>\n\t<meta property=\"og:image:width\" content=\"1111\" \/>\n\t<meta property=\"og:image:height\" content=\"563\" \/>\n\t<meta property=\"og:image:type\" content=\"image\/jpeg\" \/>\n<meta name=\"author\" content=\"CET\" \/>\n<meta name=\"twitter:card\" content=\"summary_large_image\" \/>\n<meta name=\"twitter:label1\" content=\"Escrit per\" \/>\n\t<meta name=\"twitter:data1\" content=\"CET\" \/>\n\t<meta name=\"twitter:label2\" content=\"Temps estimat de lectura\" \/>\n\t<meta name=\"twitter:data2\" content=\"1 minut\" \/>\n<script type=\"application\/ld+json\" class=\"yoast-schema-graph\">{\"@context\":\"https:\\\/\\\/schema.org\",\"@graph\":[{\"@type\":\"Article\",\"@id\":\"https:\\\/\\\/cetaradell.cat\\\/ce\\\/iniciativa-sentlamuntanyaacasa-de-la-feec\\\/#article\",\"isPartOf\":{\"@id\":\"https:\\\/\\\/cetaradell.cat\\\/ce\\\/iniciativa-sentlamuntanyaacasa-de-la-feec\\\/\"},\"author\":{\"name\":\"CET\",\"@id\":\"https:\\\/\\\/cetaradell.cat\\\/ce\\\/#\\\/schema\\\/person\\\/92a59f585073071c7be6649e84b22f78\"},\"headline\":\"Iniciativa #sentlamuntanyaacasa de la FEEC\",\"datePublished\":\"2020-04-21T16:56:47+00:00\",\"dateModified\":\"2020-04-21T17:08:49+00:00\",\"mainEntityOfPage\":{\"@id\":\"https:\\\/\\\/cetaradell.cat\\\/ce\\\/iniciativa-sentlamuntanyaacasa-de-la-feec\\\/\"},\"wordCount\":124,\"image\":{\"@id\":\"https:\\\/\\\/cetaradell.cat\\\/ce\\\/iniciativa-sentlamuntanyaacasa-de-la-feec\\\/#primaryimage\"},\"thumbnailUrl\":\"https:\\\/\\\/cetaradell.cat\\\/ce\\\/wp-content\\\/uploads\\\/2020_FEEC_sentlamuntanyaacasa.jpg\",\"articleSection\":[\"Activitats\",\"Not\u00edcies\"],\"inLanguage\":\"ca\"},{\"@type\":\"WebPage\",\"@id\":\"https:\\\/\\\/cetaradell.cat\\\/ce\\\/iniciativa-sentlamuntanyaacasa-de-la-feec\\\/\",\"url\":\"https:\\\/\\\/cetaradell.cat\\\/ce\\\/iniciativa-sentlamuntanyaacasa-de-la-feec\\\/\",\"name\":\"Iniciativa #sentlamuntanyaacasa de la FEEC - Centre Excursionista Taradell\",\"isPartOf\":{\"@id\":\"https:\\\/\\\/cetaradell.cat\\\/ce\\\/#website\"},\"primaryImageOfPage\":{\"@id\":\"https:\\\/\\\/cetaradell.cat\\\/ce\\\/iniciativa-sentlamuntanyaacasa-de-la-feec\\\/#primaryimage\"},\"image\":{\"@id\":\"https:\\\/\\\/cetaradell.cat\\\/ce\\\/iniciativa-sentlamuntanyaacasa-de-la-feec\\\/#primaryimage\"},\"thumbnailUrl\":\"https:\\\/\\\/cetaradell.cat\\\/ce\\\/wp-content\\\/uploads\\\/2020_FEEC_sentlamuntanyaacasa.jpg\",\"datePublished\":\"2020-04-21T16:56:47+00:00\",\"dateModified\":\"2020-04-21T17:08:49+00:00\",\"author\":{\"@id\":\"https:\\\/\\\/cetaradell.cat\\\/ce\\\/#\\\/schema\\\/person\\\/92a59f585073071c7be6649e84b22f78\"},\"breadcrumb\":{\"@id\":\"https:\\\/\\\/cetaradell.cat\\\/ce\\\/iniciativa-sentlamuntanyaacasa-de-la-feec\\\/#breadcrumb\"},\"inLanguage\":\"ca\",\"potentialAction\":[{\"@type\":\"ReadAction\",\"target\":[\"https:\\\/\\\/cetaradell.cat\\\/ce\\\/iniciativa-sentlamuntanyaacasa-de-la-feec\\\/\"]}]},{\"@type\":\"ImageObject\",\"inLanguage\":\"ca\",\"@id\":\"https:\\\/\\\/cetaradell.cat\\\/ce\\\/iniciativa-sentlamuntanyaacasa-de-la-feec\\\/#primaryimage\",\"url\":\"https:\\\/\\\/cetaradell.cat\\\/ce\\\/wp-content\\\/uploads\\\/2020_FEEC_sentlamuntanyaacasa.jpg\",\"contentUrl\":\"https:\\\/\\\/cetaradell.cat\\\/ce\\\/wp-content\\\/uploads\\\/2020_FEEC_sentlamuntanyaacasa.jpg\",\"width\":1111,\"height\":563},{\"@type\":\"BreadcrumbList\",\"@id\":\"https:\\\/\\\/cetaradell.cat\\\/ce\\\/iniciativa-sentlamuntanyaacasa-de-la-feec\\\/#breadcrumb\",\"itemListElement\":[{\"@type\":\"ListItem\",\"position\":1,\"name\":\"Inici\",\"item\":\"https:\\\/\\\/cetaradell.cat\\\/ce\\\/\"},{\"@type\":\"ListItem\",\"position\":2,\"name\":\"Iniciativa #sentlamuntanyaacasa de la FEEC\"}]},{\"@type\":\"WebSite\",\"@id\":\"https:\\\/\\\/cetaradell.cat\\\/ce\\\/#website\",\"url\":\"https:\\\/\\\/cetaradell.cat\\\/ce\\\/\",\"name\":\"Centre Excursionista Taradell\",\"description\":\"\",\"potentialAction\":[{\"@type\":\"SearchAction\",\"target\":{\"@type\":\"EntryPoint\",\"urlTemplate\":\"https:\\\/\\\/cetaradell.cat\\\/ce\\\/?s={search_term_string}\"},\"query-input\":{\"@type\":\"PropertyValueSpecification\",\"valueRequired\":true,\"valueName\":\"search_term_string\"}}],\"inLanguage\":\"ca\"},{\"@type\":\"Person\",\"@id\":\"https:\\\/\\\/cetaradell.cat\\\/ce\\\/#\\\/schema\\\/person\\\/92a59f585073071c7be6649e84b22f78\",\"name\":\"CET\",\"image\":{\"@type\":\"ImageObject\",\"inLanguage\":\"ca\",\"@id\":\"https:\\\/\\\/secure.gravatar.com\\\/avatar\\\/d6fbe010d42056feccc0f613ed07277a5118442805079269f12dabdc42e1a727?s=96&d=mm&r=g\",\"url\":\"https:\\\/\\\/secure.gravatar.com\\\/avatar\\\/d6fbe010d42056feccc0f613ed07277a5118442805079269f12dabdc42e1a727?s=96&d=mm&r=g\",\"contentUrl\":\"https:\\\/\\\/secure.gravatar.com\\\/avatar\\\/d6fbe010d42056feccc0f613ed07277a5118442805079269f12dabdc42e1a727?s=96&d=mm&r=g\",\"caption\":\"CET\"},\"url\":\"https:\\\/\\\/cetaradell.cat\\\/ce\\\/author\\\/root\\\/\"}]}<\/script>\n<!-- \/ Yoast SEO plugin. -->","yoast_head_json":{"title":"Iniciativa #sentlamuntanyaacasa de la FEEC - Centre Excursionista Taradell","robots":{"index":"index","follow":"follow","max-snippet":"max-snippet:-1","max-image-preview":"max-image-preview:large","max-video-preview":"max-video-preview:-1"},"canonical":"https:\/\/cetaradell.cat\/ce\/iniciativa-sentlamuntanyaacasa-de-la-feec\/","og_locale":"ca_ES","og_type":"article","og_title":"Iniciativa #sentlamuntanyaacasa de la FEEC - Centre Excursionista Taradell","og_description":"Amb l\u2019objectiu de poder apropar activitats de muntanya als federats i federades, des de la FEEC han engegat la iniciativa #sentlamuntanyaacasa, amb acc\u00e9s gratu\u00eft la revista V\u00e8rtex, aix\u00ed com a pel\u00b7l\u00edcules, documentals, i sessions en directe a trav\u00e9s d\u2019instagram per aprendre noves t\u00e8cniques relacionades amb diferents disciplines de muntanya. Tota [...]","og_url":"https:\/\/cetaradell.cat\/ce\/iniciativa-sentlamuntanyaacasa-de-la-feec\/","og_site_name":"Centre Excursionista Taradell","article_publisher":"https:\/\/www.facebook.com\/CETaradell\/","article_published_time":"2020-04-21T16:56:47+00:00","article_modified_time":"2020-04-21T17:08:49+00:00","og_image":[{"width":1111,"height":563,"url":"https:\/\/cetaradell.cat\/ce\/wp-content\/uploads\/2020_FEEC_sentlamuntanyaacasa.jpg","type":"image\/jpeg"}],"author":"CET","twitter_card":"summary_large_image","twitter_misc":{"Escrit per":"CET","Temps estimat de lectura":"1 minut"},"schema":{"@context":"https:\/\/schema.org","@graph":[{"@type":"Article","@id":"https:\/\/cetaradell.cat\/ce\/iniciativa-sentlamuntanyaacasa-de-la-feec\/#article","isPartOf":{"@id":"https:\/\/cetaradell.cat\/ce\/iniciativa-sentlamuntanyaacasa-de-la-feec\/"},"author":{"name":"CET","@id":"https:\/\/cetaradell.cat\/ce\/#\/schema\/person\/92a59f585073071c7be6649e84b22f78"},"headline":"Iniciativa #sentlamuntanyaacasa de la FEEC","datePublished":"2020-04-21T16:56:47+00:00","dateModified":"2020-04-21T17:08:49+00:00","mainEntityOfPage":{"@id":"https:\/\/cetaradell.cat\/ce\/iniciativa-sentlamuntanyaacasa-de-la-feec\/"},"wordCount":124,"image":{"@id":"https:\/\/cetaradell.cat\/ce\/iniciativa-sentlamuntanyaacasa-de-la-feec\/#primaryimage"},"thumbnailUrl":"https:\/\/cetaradell.cat\/ce\/wp-content\/uploads\/2020_FEEC_sentlamuntanyaacasa.jpg","articleSection":["Activitats","Not\u00edcies"],"inLanguage":"ca"},{"@type":"WebPage","@id":"https:\/\/cetaradell.cat\/ce\/iniciativa-sentlamuntanyaacasa-de-la-feec\/","url":"https:\/\/cetaradell.cat\/ce\/iniciativa-sentlamuntanyaacasa-de-la-feec\/","name":"Iniciativa #sentlamuntanyaacasa de la FEEC - Centre Excursionista Taradell","isPartOf":{"@id":"https:\/\/cetaradell.cat\/ce\/#website"},"primaryImageOfPage":{"@id":"https:\/\/cetaradell.cat\/ce\/iniciativa-sentlamuntanyaacasa-de-la-feec\/#primaryimage"},"image":{"@id":"https:\/\/cetaradell.cat\/ce\/iniciativa-sentlamuntanyaacasa-de-la-feec\/#primaryimage"},"thumbnailUrl":"https:\/\/cetaradell.cat\/ce\/wp-content\/uploads\/2020_FEEC_sentlamuntanyaacasa.jpg","datePublished":"2020-04-21T16:56:47+00:00","dateModified":"2020-04-21T17:08:49+00:00","author":{"@id":"https:\/\/cetaradell.cat\/ce\/#\/schema\/person\/92a59f585073071c7be6649e84b22f78"},"breadcrumb":{"@id":"https:\/\/cetaradell.cat\/ce\/iniciativa-sentlamuntanyaacasa-de-la-feec\/#breadcrumb"},"inLanguage":"ca","potentialAction":[{"@type":"ReadAction","target":["https:\/\/cetaradell.cat\/ce\/iniciativa-sentlamuntanyaacasa-de-la-feec\/"]}]},{"@type":"ImageObject","inLanguage":"ca","@id":"https:\/\/cetaradell.cat\/ce\/iniciativa-sentlamuntanyaacasa-de-la-feec\/#primaryimage","url":"https:\/\/cetaradell.cat\/ce\/wp-content\/uploads\/2020_FEEC_sentlamuntanyaacasa.jpg","contentUrl":"https:\/\/cetaradell.cat\/ce\/wp-content\/uploads\/2020_FEEC_sentlamuntanyaacasa.jpg","width":1111,"height":563},{"@type":"BreadcrumbList","@id":"https:\/\/cetaradell.cat\/ce\/iniciativa-sentlamuntanyaacasa-de-la-feec\/#breadcrumb","itemListElement":[{"@type":"ListItem","position":1,"name":"Inici","item":"https:\/\/cetaradell.cat\/ce\/"},{"@type":"ListItem","position":2,"name":"Iniciativa #sentlamuntanyaacasa de la FEEC"}]},{"@type":"WebSite","@id":"https:\/\/cetaradell.cat\/ce\/#website","url":"https:\/\/cetaradell.cat\/ce\/","name":"Centre Excursionista Taradell","description":"","potentialAction":[{"@type":"SearchAction","target":{"@type":"EntryPoint","urlTemplate":"https:\/\/cetaradell.cat\/ce\/?s={search_term_string}"},"query-input":{"@type":"PropertyValueSpecification","valueRequired":true,"valueName":"search_term_string"}}],"inLanguage":"ca"},{"@type":"Person","@id":"https:\/\/cetaradell.cat\/ce\/#\/schema\/person\/92a59f585073071c7be6649e84b22f78","name":"CET","image":{"@type":"ImageObject","inLanguage":"ca","@id":"https:\/\/secure.gravatar.com\/avatar\/d6fbe010d42056feccc0f613ed07277a5118442805079269f12dabdc42e1a727?s=96&d=mm&r=g","url":"https:\/\/secure.gravatar.com\/avatar\/d6fbe010d42056feccc0f613ed07277a5118442805079269f12dabdc42e1a727?s=96&d=mm&r=g","contentUrl":"https:\/\/secure.gravatar.com\/avatar\/d6fbe010d42056feccc0f613ed07277a5118442805079269f12dabdc42e1a727?s=96&d=mm&r=g","caption":"CET"},"url":"https:\/\/cetaradell.cat\/ce\/author\/root\/"}]}},"_links":{"self":[{"href":"https:\/\/cetaradell.cat\/ce\/wp-json\/wp\/v2\/posts\/7513","targetHints":{"allow":["GET"]}}],"collection":[{"href":"https:\/\/cetaradell.cat\/ce\/wp-json\/wp\/v2\/posts"}],"about":[{"href":"https:\/\/cetaradell.cat\/ce\/wp-json\/wp\/v2\/types\/post"}],"author":[{"embeddable":true,"href":"https:\/\/cetaradell.cat\/ce\/wp-json\/wp\/v2\/users\/1"}],"replies":[{"embeddable":true,"href":"https:\/\/cetaradell.cat\/ce\/wp-json\/wp\/v2\/comments?post=7513"}],"version-history":[{"count":0,"href":"https:\/\/cetaradell.cat\/ce\/wp-json\/wp\/v2\/posts\/7513\/revisions"}],"wp:featuredmedia":[{"embeddable":true,"href":"https:\/\/cetaradell.cat\/ce\/wp-json\/wp\/v2\/media\/7519"}],"wp:attachment":[{"href":"https:\/\/cetaradell.cat\/ce\/wp-json\/wp\/v2\/media?parent=7513"}],"wp:term":[{"taxonomy":"category","embeddable":true,"href":"https:\/\/cetaradell.cat\/ce\/wp-json\/wp\/v2\/categories?post=7513"},{"taxonomy":"post_tag","embeddable":true,"href":"https:\/\/cetaradell.cat\/ce\/wp-json\/wp\/v2\/tags?post=7513"}],"curies":[{"name":"wp","href":"https:\/\/api.w.org\/{rel}","templated":true}]}}