{"id":7554,"date":"2020-05-07T08:00:44","date_gmt":"2020-05-07T07:00:44","guid":{"rendered":"https:\/\/cetaradell.cat\/ce\/?p=7554"},"modified":"2020-05-24T00:00:47","modified_gmt":"2020-05-23T23:00:47","slug":"desconfinament-sortides-a-fer-esport-a-laire-lliure-faqs","status":"publish","type":"post","link":"https:\/\/cetaradell.cat\/ce\/desconfinament-sortides-a-fer-esport-a-laire-lliure-faqs\/","title":{"rendered":"Desconfinament: sortides a fer esport a l\u2019aire lliure &#8211; FAQS (Actualitzat)"},"content":{"rendered":"<p><a href=\"https:\/\/cetaradell.cat\/ce\/desconfinament-sortides-a-fer-esport-a-laire-lliure-faqs\/2020-05-07-feec_faqs-1\/\" target=\"_blank\" rel=\"noopener noreferrer\"><img decoding=\"async\" class=\"alignleft wp-image-7569 size-medium\" src=\"https:\/\/cetaradell.cat\/ce\/wp-content\/uploads\/2020-05-07-FEEC_FAQS-1-186x300.jpeg\" alt=\"\" width=\"186\" height=\"300\" srcset=\"https:\/\/cetaradell.cat\/ce\/wp-content\/uploads\/2020-05-07-FEEC_FAQS-1-186x300.jpeg 186w, https:\/\/cetaradell.cat\/ce\/wp-content\/uploads\/2020-05-07-FEEC_FAQS-1-200x322.jpeg 200w, https:\/\/cetaradell.cat\/ce\/wp-content\/uploads\/2020-05-07-FEEC_FAQS-1-400x645.jpeg 400w, https:\/\/cetaradell.cat\/ce\/wp-content\/uploads\/2020-05-07-FEEC_FAQS-1-500x806.jpeg 500w, https:\/\/cetaradell.cat\/ce\/wp-content\/uploads\/2020-05-07-FEEC_FAQS-1-600x967.jpeg 600w, https:\/\/cetaradell.cat\/ce\/wp-content\/uploads\/2020-05-07-FEEC_FAQS-1-635x1024.jpeg 635w, https:\/\/cetaradell.cat\/ce\/wp-content\/uploads\/2020-05-07-FEEC_FAQS-1-700x1129.jpeg 700w, https:\/\/cetaradell.cat\/ce\/wp-content\/uploads\/2020-05-07-FEEC_FAQS-1-768x1238.jpeg 768w, https:\/\/cetaradell.cat\/ce\/wp-content\/uploads\/2020-05-07-FEEC_FAQS-1-800x1290.jpeg 800w, https:\/\/cetaradell.cat\/ce\/wp-content\/uploads\/2020-05-07-FEEC_FAQS-1-953x1536.jpeg 953w, https:\/\/cetaradell.cat\/ce\/wp-content\/uploads\/2020-05-07-FEEC_FAQS-1.jpeg 970w\" sizes=\"(max-width: 186px) 100vw, 186px\" \/><\/a><\/p>\n<p><strong><em>07\/05\/2020: Actualitzades les preguntes 9 i 10.<\/em><\/strong><\/p>\n<p>Despr\u00e9s de la publicaci\u00f3 al BOE per part del Gobierno de Espa\u00f1a de l\u2019ordre ministerial SND\/380\/2020 la FEEC ha donat resposta a diferents preguntes que els han fet arribar els federats i federades.<\/p>\n<p>Les 10 preguntes m\u00e9s freq\u00fcents que els federats han fet aquestes \u00faltimes hores han estat les seg\u00fcents:<\/p>\n<p>&nbsp;<\/p>\n<p>1.<strong>La llic\u00e8ncia em cobreix tot i que s\u2019allargui l\u2019estat d\u2019alarma?<\/strong><\/p>\n<p>S\u00ed, la llic\u00e8ncia donar\u00e0 cobertura a tots els federats i federades que practiquin els esports i les activitats cobertes per la nostra p\u00f2lissa (esports FEEC ). Sortir a passejar per la ciutat no \u00e9s un esport FEEC. Fer senderisme o marxa n\u00f2rdica a centres urbans s\u00ed que ho s\u00f3n. Exclusivament es disposar\u00e0 de cobertura si la pr\u00e0ctica de l\u2019esport es fa complint estrictament les normes decretades en la \u201cOrden SND\/380\/2020\u201d.<\/p>\n<p>2.<strong> Hi ha limitacions d\u2019horari per fer esport?<\/strong><\/p>\n<p>No, es pot fer esport un cop al dia per\u00f2 sense limitaci\u00f3 horaria. S\u00ed que hi han franges horaries per fer esport. En ciutats de m\u00e9s de 5.000 habitants es podr\u00e0 fer esport entre les 6h i les 10h al mat\u00ed o entre les 20h i les 23h al vespre. En pobles de menys de 5.000 habitants la franja horaria ser\u00e0 de 6h del mat\u00ed a les 23h de la nit. Els m\u00e9s grans de 70 anys ho hauran de fer entre 10 i 12h i entre 19 i 20h.<\/p>\n<p><a href=\"https:\/\/cetaradell.cat\/ce\/desconfinament-sortides-a-fer-esport-a-laire-lliure-faqs\/2020-05-07-feec_faqs-2\/\" target=\"_blank\" rel=\"noopener noreferrer\"><img decoding=\"async\" class=\"alignleft wp-image-7570 size-fusion-200\" src=\"https:\/\/cetaradell.cat\/ce\/wp-content\/uploads\/2020-05-07-FEEC_FAQS-2-200x500.jpeg\" alt=\"\" width=\"200\" height=\"500\" srcset=\"https:\/\/cetaradell.cat\/ce\/wp-content\/uploads\/2020-05-07-FEEC_FAQS-2-120x300.jpeg 120w, https:\/\/cetaradell.cat\/ce\/wp-content\/uploads\/2020-05-07-FEEC_FAQS-2-200x500.jpeg 200w, https:\/\/cetaradell.cat\/ce\/wp-content\/uploads\/2020-05-07-FEEC_FAQS-2-400x1000.jpeg 400w, https:\/\/cetaradell.cat\/ce\/wp-content\/uploads\/2020-05-07-FEEC_FAQS-2-410x1024.jpeg 410w, https:\/\/cetaradell.cat\/ce\/wp-content\/uploads\/2020-05-07-FEEC_FAQS-2-500x1250.jpeg 500w, https:\/\/cetaradell.cat\/ce\/wp-content\/uploads\/2020-05-07-FEEC_FAQS-2-600x1500.jpeg 600w, https:\/\/cetaradell.cat\/ce\/wp-content\/uploads\/2020-05-07-FEEC_FAQS-2-614x1536.jpeg 614w, https:\/\/cetaradell.cat\/ce\/wp-content\/uploads\/2020-05-07-FEEC_FAQS-2.jpeg 640w\" sizes=\"(max-width: 200px) 100vw, 200px\" \/><\/a>3. <strong>Puc fer esport amb m\u00e9s gent?<\/strong><\/p>\n<p>No, nom\u00e9s es pot fer esport de manera individual, sense contacte i en espais oberts.<\/p>\n<p>4. <strong>Puc fer m\u00e9s d\u20191 KM quan surti a fer esport?<\/strong><\/p>\n<p>S\u00ed, la limitaci\u00f3 per fer esport estar\u00e0 dins el municipi de resid\u00e8ncia. L\u2019exercici ha de ser sense pauses fins a la finalitzaci\u00f3 d\u2019aquest. Es pot circular per qualsevol via o espai p\u00fablic, inclosos espais naturals i zones verdes autoritzades, per\u00f2 sempre dins la localitat pr\u00f2pia. En cap cas es pot sortir del teu poble o ciutat.<\/p>\n<p>5. <strong>Qui pot fer esport?<\/strong><\/p>\n<p>Tothom de m\u00e9s de 14 anys i que no tingui s\u00edmptomes de la Covid-19. Respectant la dist\u00e0ncia sanit\u00e0ria de 2m. i les franges hor\u00e0ries establertes. Es podran practicar esports com les curses per muntanya, la marxa n\u00f2rdica, la BTT \u2026<\/p>\n<p>6. <strong>Puc anar a escalar?<\/strong><\/p>\n<p>S\u00ed, si vas a una zona a l\u2019aire lliure, en solitari i dins el teu municipi pots escalar. No podrem anar dues persones en cap moment a fer escalada, ja que no est\u00e0 perm\u00e8s de moment l\u2019esport si no \u00e9s de forma individual. El despla\u00e7ament sempre caminant o en bicicleta fins al lloc on es realitzi l\u2019esport. No es poden utilitzar roc\u00f2droms a l\u2019aire lliure al ser instal.lacions no autoritzades i desaconsellem la utilitzaci\u00f3 de vies ferrades com a conseq\u00fc\u00e8ncia de ser una zona on l\u2019assit\u00e8ncia de gent diversa pot comportar un alt risc de contagi, es prioritzaran sempre mesures sanit\u00e0ries. S\u2019hauran de consultar sempre les possibles restriccions establertes a la zona.<\/p>\n<p><a href=\"https:\/\/cetaradell.cat\/ce\/desconfinament-sortides-a-fer-esport-a-laire-lliure-faqs\/2020-05-07-feec_faqs-3\/\" target=\"_blank\" rel=\"attachment noopener wp-att-7571 noreferrer\"><img decoding=\"async\" class=\"alignleft wp-image-7571 size-fusion-200\" src=\"https:\/\/cetaradell.cat\/ce\/wp-content\/uploads\/2020-05-07-FEEC_FAQS-3-200x500.jpeg\" alt=\"\" width=\"200\" height=\"500\" srcset=\"https:\/\/cetaradell.cat\/ce\/wp-content\/uploads\/2020-05-07-FEEC_FAQS-3-120x300.jpeg 120w, https:\/\/cetaradell.cat\/ce\/wp-content\/uploads\/2020-05-07-FEEC_FAQS-3-200x500.jpeg 200w, https:\/\/cetaradell.cat\/ce\/wp-content\/uploads\/2020-05-07-FEEC_FAQS-3-400x1000.jpeg 400w, https:\/\/cetaradell.cat\/ce\/wp-content\/uploads\/2020-05-07-FEEC_FAQS-3-410x1024.jpeg 410w, https:\/\/cetaradell.cat\/ce\/wp-content\/uploads\/2020-05-07-FEEC_FAQS-3-500x1250.jpeg 500w, https:\/\/cetaradell.cat\/ce\/wp-content\/uploads\/2020-05-07-FEEC_FAQS-3-600x1500.jpeg 600w, https:\/\/cetaradell.cat\/ce\/wp-content\/uploads\/2020-05-07-FEEC_FAQS-3-614x1536.jpeg 614w, https:\/\/cetaradell.cat\/ce\/wp-content\/uploads\/2020-05-07-FEEC_FAQS-3.jpeg 640w\" sizes=\"(max-width: 200px) 100vw, 200px\" \/><\/a>7. <strong>Puc anar a escalar a un roc\u00f2drom?<\/strong><\/p>\n<p>No, no es poden utilitzar zones p\u00fabliques esportives, ni espais tancats. No es pot fer escalada en roc\u00f2droms.<\/p>\n<p>8<strong>. Puc anar a c\u00f3rrer a una zona que \u00e9s parc natural?<\/strong><\/p>\n<p>S\u00ed, sempre que la zona sigui dins del propi municipi i respectant la regulaci\u00f3 pr\u00f2pia del Parc Natural.<\/p>\n<p>9. <strong>Els federats i els no federats tenen una regulaci\u00f3 diferent?<\/strong><\/p>\n<p><del>No, estem a l\u2019espera de la regulaci\u00f3 que en el seu cas han de fer p\u00fablica per la pr\u00e0ctica dels entrenaments d\u2019esport federat a partir de dilluns 4.<\/del> (Actualitzat 07\/05\/2010)<\/p>\n<p class=\"_04xlpA direction-ltr align-justify para-style-body\"><span class=\"JsGRdQ\">S\u00ed, els federats podran sortir dues vegades al dia i es podran acreditar com a federats amb la llic\u00e8ncia federativa. L\u2019esport s\u2019haur\u00e0 de fer dins del municipi propi, en solitari i respectant les franges establertes. A m\u00e9s a m\u00e9s els menors de 14 anys federats tamb\u00e9 podran fer esport en les franges hor\u00e0ries establer-tes pels federats.\u00a0<\/span><\/p>\n<p class=\"_04xlpA direction-ltr align-justify para-style-body\"><span class=\"JsGRdQ\">Els esportistes d\u2019Alt Nivell hauran rebut una carta del CSD on els indicar\u00e0 les seves prestacions en aquesta fase. Els esportistes d\u2019Alt Nivell s\u00f3n aquells que estan regulats des de la SGEAF i el CSD.<\/span><\/p>\n<p>10.<strong> Puc agafar un vehicle per depla\u00e7ar-me?<\/strong><\/p>\n<p><del>No, no es pot agafar ni vehicle motoritzat ni transport p\u00fablic, els depla\u00e7aments sols a peu o bicicleta. <\/del>(Actualitzat 07\/05\/2020)<\/p>\n<p>S\u00ed, nom\u00e9s en el cas de ser federat i \u00fanicament per despla\u00e7ar-se a fer pr\u00e0ctica esportiva dins del mateix municipi.<\/p>\n<p>&nbsp;<\/p>\n<p><strong>Es recomana evitar zones on es pugui produir una acumulaci\u00f3 de gent realitzant activitat f\u00edsica o pr\u00e0ctica esportiva. <span style=\"color: #0000ff;\"><em><a style=\"color: #0000ff;\" href=\"http:\/\/www.feec.cat\/wp-content\/uploads\/2020\/05\/FAQS-passeig-i-esport_revisat.pdf\" target=\"_blank\" rel=\"noopener noreferrer\">Consulta el FAQS(\u2192)<\/a><\/em> <\/span>de la SGEAF del govern de la Generalitat.<\/strong><\/p>\n","protected":false},"excerpt":{"rendered":"<p>07\/05\/2020: Actualitzades les preguntes 9 i 10. Despr\u00e9s de la publicaci\u00f3 al BOE per part del Gobierno de Espa\u00f1a de l\u2019ordre ministerial SND\/380\/2020 la FEEC ha donat resposta a diferents preguntes que els han fet arribar els federats i federades. Les 10 preguntes m\u00e9s freq\u00fcents que els federats han fet  [&#8230;]<\/p>\n","protected":false},"author":1,"featured_media":7570,"comment_status":"closed","ping_status":"closed","sticky":false,"template":"","format":"standard","meta":{"footnotes":""},"categories":[3],"tags":[],"class_list":["post-7554","post","type-post","status-publish","format-standard","has-post-thumbnail","hentry","category-noticies"],"yoast_head":"<!-- This site is optimized with the Yoast SEO plugin v27.4 - https:\/\/yoast.com\/product\/yoast-seo-wordpress\/ -->\n<title>Desconfinament: sortides a fer esport a l\u2019aire lliure - FAQS (Actualitzat) - Centre Excursionista Taradell<\/title>\n<meta name=\"robots\" content=\"index, follow, max-snippet:-1, max-image-preview:large, max-video-preview:-1\" \/>\n<link rel=\"canonical\" href=\"https:\/\/cetaradell.cat\/ce\/desconfinament-sortides-a-fer-esport-a-laire-lliure-faqs\/\" \/>\n<meta property=\"og:locale\" content=\"ca_ES\" \/>\n<meta property=\"og:type\" content=\"article\" \/>\n<meta property=\"og:title\" content=\"Desconfinament: sortides a fer esport a l\u2019aire lliure - FAQS (Actualitzat) - Centre Excursionista Taradell\" \/>\n<meta property=\"og:description\" content=\"07\/05\/2020: Actualitzades les preguntes 9 i 10. Despr\u00e9s de la publicaci\u00f3 al BOE per part del Gobierno de Espa\u00f1a de l\u2019ordre ministerial SND\/380\/2020 la FEEC ha donat resposta a diferents preguntes que els han fet arribar els federats i federades. Les 10 preguntes m\u00e9s freq\u00fcents que els federats han fet [...]\" \/>\n<meta property=\"og:url\" content=\"https:\/\/cetaradell.cat\/ce\/desconfinament-sortides-a-fer-esport-a-laire-lliure-faqs\/\" \/>\n<meta property=\"og:site_name\" content=\"Centre Excursionista Taradell\" \/>\n<meta property=\"article:publisher\" content=\"https:\/\/www.facebook.com\/CETaradell\/\" \/>\n<meta property=\"article:published_time\" content=\"2020-05-07T07:00:44+00:00\" \/>\n<meta property=\"article:modified_time\" content=\"2020-05-23T23:00:47+00:00\" \/>\n<meta property=\"og:image\" content=\"https:\/\/cetaradell.cat\/ce\/wp-content\/uploads\/2020-05-07-FEEC_FAQS-2.jpeg\" \/>\n\t<meta property=\"og:image:width\" content=\"640\" \/>\n\t<meta property=\"og:image:height\" content=\"1600\" \/>\n\t<meta property=\"og:image:type\" content=\"image\/jpeg\" \/>\n<meta name=\"author\" content=\"CET\" \/>\n<meta name=\"twitter:card\" content=\"summary_large_image\" \/>\n<meta name=\"twitter:label1\" content=\"Escrit per\" \/>\n\t<meta name=\"twitter:data1\" content=\"CET\" \/>\n\t<meta name=\"twitter:label2\" content=\"Temps estimat de lectura\" \/>\n\t<meta name=\"twitter:data2\" content=\"4 minuts\" \/>\n<script type=\"application\/ld+json\" class=\"yoast-schema-graph\">{\"@context\":\"https:\\\/\\\/schema.org\",\"@graph\":[{\"@type\":\"Article\",\"@id\":\"https:\\\/\\\/cetaradell.cat\\\/ce\\\/desconfinament-sortides-a-fer-esport-a-laire-lliure-faqs\\\/#article\",\"isPartOf\":{\"@id\":\"https:\\\/\\\/cetaradell.cat\\\/ce\\\/desconfinament-sortides-a-fer-esport-a-laire-lliure-faqs\\\/\"},\"author\":{\"name\":\"CET\",\"@id\":\"https:\\\/\\\/cetaradell.cat\\\/ce\\\/#\\\/schema\\\/person\\\/92a59f585073071c7be6649e84b22f78\"},\"headline\":\"Desconfinament: sortides a fer esport a l\u2019aire lliure &#8211; FAQS (Actualitzat)\",\"datePublished\":\"2020-05-07T07:00:44+00:00\",\"dateModified\":\"2020-05-23T23:00:47+00:00\",\"mainEntityOfPage\":{\"@id\":\"https:\\\/\\\/cetaradell.cat\\\/ce\\\/desconfinament-sortides-a-fer-esport-a-laire-lliure-faqs\\\/\"},\"wordCount\":811,\"image\":{\"@id\":\"https:\\\/\\\/cetaradell.cat\\\/ce\\\/desconfinament-sortides-a-fer-esport-a-laire-lliure-faqs\\\/#primaryimage\"},\"thumbnailUrl\":\"https:\\\/\\\/cetaradell.cat\\\/ce\\\/wp-content\\\/uploads\\\/2020-05-07-FEEC_FAQS-2.jpeg\",\"articleSection\":[\"Not\u00edcies\"],\"inLanguage\":\"ca\"},{\"@type\":\"WebPage\",\"@id\":\"https:\\\/\\\/cetaradell.cat\\\/ce\\\/desconfinament-sortides-a-fer-esport-a-laire-lliure-faqs\\\/\",\"url\":\"https:\\\/\\\/cetaradell.cat\\\/ce\\\/desconfinament-sortides-a-fer-esport-a-laire-lliure-faqs\\\/\",\"name\":\"Desconfinament: sortides a fer esport a l\u2019aire lliure - FAQS (Actualitzat) - Centre Excursionista Taradell\",\"isPartOf\":{\"@id\":\"https:\\\/\\\/cetaradell.cat\\\/ce\\\/#website\"},\"primaryImageOfPage\":{\"@id\":\"https:\\\/\\\/cetaradell.cat\\\/ce\\\/desconfinament-sortides-a-fer-esport-a-laire-lliure-faqs\\\/#primaryimage\"},\"image\":{\"@id\":\"https:\\\/\\\/cetaradell.cat\\\/ce\\\/desconfinament-sortides-a-fer-esport-a-laire-lliure-faqs\\\/#primaryimage\"},\"thumbnailUrl\":\"https:\\\/\\\/cetaradell.cat\\\/ce\\\/wp-content\\\/uploads\\\/2020-05-07-FEEC_FAQS-2.jpeg\",\"datePublished\":\"2020-05-07T07:00:44+00:00\",\"dateModified\":\"2020-05-23T23:00:47+00:00\",\"author\":{\"@id\":\"https:\\\/\\\/cetaradell.cat\\\/ce\\\/#\\\/schema\\\/person\\\/92a59f585073071c7be6649e84b22f78\"},\"breadcrumb\":{\"@id\":\"https:\\\/\\\/cetaradell.cat\\\/ce\\\/desconfinament-sortides-a-fer-esport-a-laire-lliure-faqs\\\/#breadcrumb\"},\"inLanguage\":\"ca\",\"potentialAction\":[{\"@type\":\"ReadAction\",\"target\":[\"https:\\\/\\\/cetaradell.cat\\\/ce\\\/desconfinament-sortides-a-fer-esport-a-laire-lliure-faqs\\\/\"]}]},{\"@type\":\"ImageObject\",\"inLanguage\":\"ca\",\"@id\":\"https:\\\/\\\/cetaradell.cat\\\/ce\\\/desconfinament-sortides-a-fer-esport-a-laire-lliure-faqs\\\/#primaryimage\",\"url\":\"https:\\\/\\\/cetaradell.cat\\\/ce\\\/wp-content\\\/uploads\\\/2020-05-07-FEEC_FAQS-2.jpeg\",\"contentUrl\":\"https:\\\/\\\/cetaradell.cat\\\/ce\\\/wp-content\\\/uploads\\\/2020-05-07-FEEC_FAQS-2.jpeg\",\"width\":640,\"height\":1600},{\"@type\":\"BreadcrumbList\",\"@id\":\"https:\\\/\\\/cetaradell.cat\\\/ce\\\/desconfinament-sortides-a-fer-esport-a-laire-lliure-faqs\\\/#breadcrumb\",\"itemListElement\":[{\"@type\":\"ListItem\",\"position\":1,\"name\":\"Inici\",\"item\":\"https:\\\/\\\/cetaradell.cat\\\/ce\\\/\"},{\"@type\":\"ListItem\",\"position\":2,\"name\":\"Desconfinament: sortides a fer esport a l\u2019aire lliure &#8211; FAQS (Actualitzat)\"}]},{\"@type\":\"WebSite\",\"@id\":\"https:\\\/\\\/cetaradell.cat\\\/ce\\\/#website\",\"url\":\"https:\\\/\\\/cetaradell.cat\\\/ce\\\/\",\"name\":\"Centre Excursionista Taradell\",\"description\":\"\",\"potentialAction\":[{\"@type\":\"SearchAction\",\"target\":{\"@type\":\"EntryPoint\",\"urlTemplate\":\"https:\\\/\\\/cetaradell.cat\\\/ce\\\/?s={search_term_string}\"},\"query-input\":{\"@type\":\"PropertyValueSpecification\",\"valueRequired\":true,\"valueName\":\"search_term_string\"}}],\"inLanguage\":\"ca\"},{\"@type\":\"Person\",\"@id\":\"https:\\\/\\\/cetaradell.cat\\\/ce\\\/#\\\/schema\\\/person\\\/92a59f585073071c7be6649e84b22f78\",\"name\":\"CET\",\"image\":{\"@type\":\"ImageObject\",\"inLanguage\":\"ca\",\"@id\":\"https:\\\/\\\/secure.gravatar.com\\\/avatar\\\/d6fbe010d42056feccc0f613ed07277a5118442805079269f12dabdc42e1a727?s=96&d=mm&r=g\",\"url\":\"https:\\\/\\\/secure.gravatar.com\\\/avatar\\\/d6fbe010d42056feccc0f613ed07277a5118442805079269f12dabdc42e1a727?s=96&d=mm&r=g\",\"contentUrl\":\"https:\\\/\\\/secure.gravatar.com\\\/avatar\\\/d6fbe010d42056feccc0f613ed07277a5118442805079269f12dabdc42e1a727?s=96&d=mm&r=g\",\"caption\":\"CET\"},\"url\":\"https:\\\/\\\/cetaradell.cat\\\/ce\\\/author\\\/root\\\/\"}]}<\/script>\n<!-- \/ Yoast SEO plugin. -->","yoast_head_json":{"title":"Desconfinament: sortides a fer esport a l\u2019aire lliure - FAQS (Actualitzat) - Centre Excursionista Taradell","robots":{"index":"index","follow":"follow","max-snippet":"max-snippet:-1","max-image-preview":"max-image-preview:large","max-video-preview":"max-video-preview:-1"},"canonical":"https:\/\/cetaradell.cat\/ce\/desconfinament-sortides-a-fer-esport-a-laire-lliure-faqs\/","og_locale":"ca_ES","og_type":"article","og_title":"Desconfinament: sortides a fer esport a l\u2019aire lliure - FAQS (Actualitzat) - Centre Excursionista Taradell","og_description":"07\/05\/2020: Actualitzades les preguntes 9 i 10. Despr\u00e9s de la publicaci\u00f3 al BOE per part del Gobierno de Espa\u00f1a de l\u2019ordre ministerial SND\/380\/2020 la FEEC ha donat resposta a diferents preguntes que els han fet arribar els federats i federades. Les 10 preguntes m\u00e9s freq\u00fcents que els federats han fet [...]","og_url":"https:\/\/cetaradell.cat\/ce\/desconfinament-sortides-a-fer-esport-a-laire-lliure-faqs\/","og_site_name":"Centre Excursionista Taradell","article_publisher":"https:\/\/www.facebook.com\/CETaradell\/","article_published_time":"2020-05-07T07:00:44+00:00","article_modified_time":"2020-05-23T23:00:47+00:00","og_image":[{"width":640,"height":1600,"url":"https:\/\/cetaradell.cat\/ce\/wp-content\/uploads\/2020-05-07-FEEC_FAQS-2.jpeg","type":"image\/jpeg"}],"author":"CET","twitter_card":"summary_large_image","twitter_misc":{"Escrit per":"CET","Temps estimat de lectura":"4 minuts"},"schema":{"@context":"https:\/\/schema.org","@graph":[{"@type":"Article","@id":"https:\/\/cetaradell.cat\/ce\/desconfinament-sortides-a-fer-esport-a-laire-lliure-faqs\/#article","isPartOf":{"@id":"https:\/\/cetaradell.cat\/ce\/desconfinament-sortides-a-fer-esport-a-laire-lliure-faqs\/"},"author":{"name":"CET","@id":"https:\/\/cetaradell.cat\/ce\/#\/schema\/person\/92a59f585073071c7be6649e84b22f78"},"headline":"Desconfinament: sortides a fer esport a l\u2019aire lliure &#8211; FAQS (Actualitzat)","datePublished":"2020-05-07T07:00:44+00:00","dateModified":"2020-05-23T23:00:47+00:00","mainEntityOfPage":{"@id":"https:\/\/cetaradell.cat\/ce\/desconfinament-sortides-a-fer-esport-a-laire-lliure-faqs\/"},"wordCount":811,"image":{"@id":"https:\/\/cetaradell.cat\/ce\/desconfinament-sortides-a-fer-esport-a-laire-lliure-faqs\/#primaryimage"},"thumbnailUrl":"https:\/\/cetaradell.cat\/ce\/wp-content\/uploads\/2020-05-07-FEEC_FAQS-2.jpeg","articleSection":["Not\u00edcies"],"inLanguage":"ca"},{"@type":"WebPage","@id":"https:\/\/cetaradell.cat\/ce\/desconfinament-sortides-a-fer-esport-a-laire-lliure-faqs\/","url":"https:\/\/cetaradell.cat\/ce\/desconfinament-sortides-a-fer-esport-a-laire-lliure-faqs\/","name":"Desconfinament: sortides a fer esport a l\u2019aire lliure - FAQS (Actualitzat) - Centre Excursionista Taradell","isPartOf":{"@id":"https:\/\/cetaradell.cat\/ce\/#website"},"primaryImageOfPage":{"@id":"https:\/\/cetaradell.cat\/ce\/desconfinament-sortides-a-fer-esport-a-laire-lliure-faqs\/#primaryimage"},"image":{"@id":"https:\/\/cetaradell.cat\/ce\/desconfinament-sortides-a-fer-esport-a-laire-lliure-faqs\/#primaryimage"},"thumbnailUrl":"https:\/\/cetaradell.cat\/ce\/wp-content\/uploads\/2020-05-07-FEEC_FAQS-2.jpeg","datePublished":"2020-05-07T07:00:44+00:00","dateModified":"2020-05-23T23:00:47+00:00","author":{"@id":"https:\/\/cetaradell.cat\/ce\/#\/schema\/person\/92a59f585073071c7be6649e84b22f78"},"breadcrumb":{"@id":"https:\/\/cetaradell.cat\/ce\/desconfinament-sortides-a-fer-esport-a-laire-lliure-faqs\/#breadcrumb"},"inLanguage":"ca","potentialAction":[{"@type":"ReadAction","target":["https:\/\/cetaradell.cat\/ce\/desconfinament-sortides-a-fer-esport-a-laire-lliure-faqs\/"]}]},{"@type":"ImageObject","inLanguage":"ca","@id":"https:\/\/cetaradell.cat\/ce\/desconfinament-sortides-a-fer-esport-a-laire-lliure-faqs\/#primaryimage","url":"https:\/\/cetaradell.cat\/ce\/wp-content\/uploads\/2020-05-07-FEEC_FAQS-2.jpeg","contentUrl":"https:\/\/cetaradell.cat\/ce\/wp-content\/uploads\/2020-05-07-FEEC_FAQS-2.jpeg","width":640,"height":1600},{"@type":"BreadcrumbList","@id":"https:\/\/cetaradell.cat\/ce\/desconfinament-sortides-a-fer-esport-a-laire-lliure-faqs\/#breadcrumb","itemListElement":[{"@type":"ListItem","position":1,"name":"Inici","item":"https:\/\/cetaradell.cat\/ce\/"},{"@type":"ListItem","position":2,"name":"Desconfinament: sortides a fer esport a l\u2019aire lliure &#8211; FAQS (Actualitzat)"}]},{"@type":"WebSite","@id":"https:\/\/cetaradell.cat\/ce\/#website","url":"https:\/\/cetaradell.cat\/ce\/","name":"Centre Excursionista Taradell","description":"","potentialAction":[{"@type":"SearchAction","target":{"@type":"EntryPoint","urlTemplate":"https:\/\/cetaradell.cat\/ce\/?s={search_term_string}"},"query-input":{"@type":"PropertyValueSpecification","valueRequired":true,"valueName":"search_term_string"}}],"inLanguage":"ca"},{"@type":"Person","@id":"https:\/\/cetaradell.cat\/ce\/#\/schema\/person\/92a59f585073071c7be6649e84b22f78","name":"CET","image":{"@type":"ImageObject","inLanguage":"ca","@id":"https:\/\/secure.gravatar.com\/avatar\/d6fbe010d42056feccc0f613ed07277a5118442805079269f12dabdc42e1a727?s=96&d=mm&r=g","url":"https:\/\/secure.gravatar.com\/avatar\/d6fbe010d42056feccc0f613ed07277a5118442805079269f12dabdc42e1a727?s=96&d=mm&r=g","contentUrl":"https:\/\/secure.gravatar.com\/avatar\/d6fbe010d42056feccc0f613ed07277a5118442805079269f12dabdc42e1a727?s=96&d=mm&r=g","caption":"CET"},"url":"https:\/\/cetaradell.cat\/ce\/author\/root\/"}]}},"_links":{"self":[{"href":"https:\/\/cetaradell.cat\/ce\/wp-json\/wp\/v2\/posts\/7554","targetHints":{"allow":["GET"]}}],"collection":[{"href":"https:\/\/cetaradell.cat\/ce\/wp-json\/wp\/v2\/posts"}],"about":[{"href":"https:\/\/cetaradell.cat\/ce\/wp-json\/wp\/v2\/types\/post"}],"author":[{"embeddable":true,"href":"https:\/\/cetaradell.cat\/ce\/wp-json\/wp\/v2\/users\/1"}],"replies":[{"embeddable":true,"href":"https:\/\/cetaradell.cat\/ce\/wp-json\/wp\/v2\/comments?post=7554"}],"version-history":[{"count":0,"href":"https:\/\/cetaradell.cat\/ce\/wp-json\/wp\/v2\/posts\/7554\/revisions"}],"wp:featuredmedia":[{"embeddable":true,"href":"https:\/\/cetaradell.cat\/ce\/wp-json\/wp\/v2\/media\/7570"}],"wp:attachment":[{"href":"https:\/\/cetaradell.cat\/ce\/wp-json\/wp\/v2\/media?parent=7554"}],"wp:term":[{"taxonomy":"category","embeddable":true,"href":"https:\/\/cetaradell.cat\/ce\/wp-json\/wp\/v2\/categories?post=7554"},{"taxonomy":"post_tag","embeddable":true,"href":"https:\/\/cetaradell.cat\/ce\/wp-json\/wp\/v2\/tags?post=7554"}],"curies":[{"name":"wp","href":"https:\/\/api.w.org\/{rel}","templated":true}]}}