{"id":7580,"date":"2020-05-10T12:00:46","date_gmt":"2020-05-10T11:00:46","guid":{"rendered":"https:\/\/cetaradell.cat\/ce\/?p=7580"},"modified":"2023-04-12T21:29:32","modified_gmt":"2023-04-12T20:29:32","slug":"cursa-dorientacio-de-desconfinament-de-taradell","status":"publish","type":"post","link":"https:\/\/cetaradell.cat\/ce\/cursa-dorientacio-de-desconfinament-de-taradell\/","title":{"rendered":"Cursa d&#8217;orientaci\u00f3 de desconfinament de Taradell"},"content":{"rendered":"<div class=\"fusion-fullwidth fullwidth-box fusion-builder-row-1 nonhundred-percent-fullwidth non-hundred-percent-height-scrolling\" style=\"--awb-border-radius-top-left:0px;--awb-border-radius-top-right:0px;--awb-border-radius-bottom-right:0px;--awb-border-radius-bottom-left:0px;--awb-flex-wrap:wrap;\" ><div class=\"fusion-builder-row fusion-row\"><div class=\"fusion-layout-column fusion_builder_column fusion-builder-column-0 fusion_builder_column_1_1 1_1 fusion-one-full fusion-column-first fusion-column-last\" style=\"--awb-bg-size:cover;--awb-margin-bottom:0px;\"><div class=\"fusion-column-wrapper fusion-flex-column-wrapper-legacy\"><div class=\"fusion-text fusion-text-1\"><p><img decoding=\"async\" class=\"alignleft wp-image-7581 size-medium\" src=\"https:\/\/cetaradell.cat\/ce\/wp-content\/uploads\/2020-05-cet-O-descon-2-300x225.jpg\" alt=\"\" width=\"300\" height=\"225\" srcset=\"https:\/\/cetaradell.cat\/ce\/wp-content\/uploads\/2020-05-cet-O-descon-2-200x150.jpg 200w, https:\/\/cetaradell.cat\/ce\/wp-content\/uploads\/2020-05-cet-O-descon-2-300x225.jpg 300w, https:\/\/cetaradell.cat\/ce\/wp-content\/uploads\/2020-05-cet-O-descon-2-400x300.jpg 400w, https:\/\/cetaradell.cat\/ce\/wp-content\/uploads\/2020-05-cet-O-descon-2-500x375.jpg 500w, https:\/\/cetaradell.cat\/ce\/wp-content\/uploads\/2020-05-cet-O-descon-2-600x450.jpg 600w, https:\/\/cetaradell.cat\/ce\/wp-content\/uploads\/2020-05-cet-O-descon-2-700x525.jpg 700w, https:\/\/cetaradell.cat\/ce\/wp-content\/uploads\/2020-05-cet-O-descon-2-768x576.jpg 768w, https:\/\/cetaradell.cat\/ce\/wp-content\/uploads\/2020-05-cet-O-descon-2-800x600.jpg 800w, https:\/\/cetaradell.cat\/ce\/wp-content\/uploads\/2020-05-cet-O-descon-2.jpg 814w\" sizes=\"(max-width: 300px) 100vw, 300px\" \/>La secci\u00f3 d\u2019orientaci\u00f3 del Centre Excursionista de Taradell us volem convidar a fer un tastet del nostre esport per fer m\u00e9s am\u00e8 i divertit el proc\u00e9s de desconfinament.<\/p>\n<p>Per aix\u00f2, us hem preparat diferents circuits d\u2019orientaci\u00f3 pel nucli urb\u00e0 i entorn de Taradell amb diferents nivells de dificultat; des del C4 per iniciaci\u00f3 i infants, fins al C1 per experts.<\/p>\n<p>Aquests circuits es poden fer caminant o corrent, i us aconsellem la utilitzaci\u00f3 d\u2019una br\u00faixola per orientar correctament el mapa perqu\u00e8, tot i que al tractar-se d\u2019un circuit urb\u00e0 per lloc coneguts per tots, us servir\u00e0 per agafar pr\u00e0ctica amb aquest instrument.<\/p>\n<p>Els punts de control o fites seran indicats amb cintes blanques amb el n\u00famero de fita corresponent, on haureu de comprovar que esteu al lloc indicat. Per poder realitzar aquesta activitat nom\u00e9s us heu de descarregar i imprimir el mapa que considereu m\u00e9s oport\u00fa al vostre grau de coneixement de l\u2019orientaci\u00f3 i que trobareu penjat a la secci\u00f3 d\u2019orientaci\u00f3 d\u2019aquesta web.<\/p>\n<p>Sobretot, cal tenir presents els horaris, les normes de distanciament social i d&#8217;higiene que es recomanen seguir durant el desconfinament.<\/p>\n<p>Ens agradaria que us feu fotografies provant aquests circuits i les etiqueteu a les xarxes socials amb <strong>#cetorientacio<\/strong><\/p>\n<blockquote>\n<h4><em>Caracter\u00edstiques dels circuits o mapes que us presentem:<\/em><\/h4>\n<p><strong>C4 :<\/strong> Aquest circuit \u00e9s apte per als infants m\u00e9s petits i gent gran. (<a href=\"https:\/\/drive.google.com\/open?id=1Dovd2Z3ji_ewq67RBOhHAqPsfwcTL9Nv\" target=\"_blank\" rel=\"noopener noreferrer\"><strong><em>\u21d2Descarregar el mapa C4<\/em><\/strong><\/a>)<br \/>\n<strong>C3<\/strong> : Ideal per a aquelles persones que s\u2019inicien en aquest esport o l\u2019han practicat molt poques vegades. Perfecte per a una primera vegada. Tamb\u00e9 \u00e9s l\u2019adequat per a aquells menors d\u2019edat que ja tenen experi\u00e8ncia i poden fer curses sols. (<a href=\"https:\/\/drive.google.com\/open?id=1xLDdKl5TAxtmcB6cLRUNsiyokQkNgokO\" target=\"_blank\" rel=\"noopener noreferrer\"><strong><em>\u21d2Descarregar el mapa C3<\/em><\/strong><\/a>)<br \/>\n<strong>C2<\/strong> : Circuit una mica m\u00e9s llarg i m\u00e9s t\u00e8cnic que el C3. Pensat per anar progressant. (<a href=\"https:\/\/drive.google.com\/open?id=1uXnmBfjb7YoCPYQ0dx8lT9DnKEBBSobN\" target=\"_blank\" rel=\"noopener noreferrer\"><strong><em>\u21d2Descarregar el mapa C2<\/em><\/strong><\/a>)<br \/>\n<strong>C1<\/strong> : Per quan ja estigueu iniciats. \u00c9s el de m\u00e9s exig\u00e8ncia f\u00edsica i t\u00e8cnica. (<a href=\"https:\/\/drive.google.com\/open?id=1E6UkLmoL6ixLSWAr1NakXxHwrHZOxzF9\" target=\"_blank\" rel=\"noopener noreferrer\"><strong><em>\u21d2Descarregar el mapa C1<\/em><\/strong><\/a>)<\/p>\n<h4><em>M\u00e9s informaci\u00f3 sobre curses d&#8217;orientaci\u00f3:<\/em><\/h4>\n<p>&#8211; Federaci\u00f3 de Curses d&#8217;Orientaci\u00f3 de Catalunya (<strong><em>\u21d2FCOC<\/em><\/strong>)<\/p>\n<p>&#8211; Qu\u00e8 s\u00f3n les curses d&#8217;orientaci\u00f3? (<em><strong><a href=\"http:\/\/www.web.orientacio.cat\/lorientacio\/que-es?showall=&amp;start=5\" target=\"_blank\" rel=\"noopener noreferrer\">\u21d2FCOC: L&#8217;Orientaci\u00f3<\/a><\/strong><\/em>)<\/p>\n<p>&#8211; Descripci\u00f3 complerta de la simbologia. Elaborat per la federaci\u00f3 espanyola (<a href=\"https:\/\/www.fedo.org\/web\/ficheros\/competicion\/o-pie\/reglamentos\/2018\/Especificacion-Internacional-para-Descripciones-de-Control-2018.pdf\" target=\"_blank\" rel=\"noopener noreferrer\"><strong><em>\u21d2FEDO: Especificaci\u00f3n Internacional para Descripciones de Control &#8211; IOF<\/em><\/strong><\/a>)<\/p>\n<p>&nbsp;<\/p>\n<\/blockquote>\n<\/div><div class=\"fusion-clearfix\"><\/div><\/div><\/div><\/div><\/div>\n","protected":false},"excerpt":{"rendered":"","protected":false},"author":1,"featured_media":7581,"comment_status":"closed","ping_status":"closed","sticky":false,"template":"","format":"standard","meta":{"footnotes":""},"categories":[4,45],"tags":[],"class_list":["post-7580","post","type-post","status-publish","format-standard","has-post-thumbnail","hentry","category-activitats","category-curses-dorientacio"],"yoast_head":"<!-- This site is optimized with the Yoast SEO plugin v27.4 - https:\/\/yoast.com\/product\/yoast-seo-wordpress\/ -->\n<title>Cursa d&#039;orientaci\u00f3 de desconfinament de Taradell - Centre Excursionista Taradell<\/title>\n<meta name=\"robots\" content=\"index, follow, max-snippet:-1, max-image-preview:large, max-video-preview:-1\" \/>\n<link rel=\"canonical\" href=\"https:\/\/cetaradell.cat\/ce\/cursa-dorientacio-de-desconfinament-de-taradell\/\" \/>\n<meta property=\"og:locale\" content=\"ca_ES\" \/>\n<meta property=\"og:type\" content=\"article\" \/>\n<meta property=\"og:title\" content=\"Cursa d&#039;orientaci\u00f3 de desconfinament de Taradell - Centre Excursionista Taradell\" \/>\n<meta property=\"og:url\" content=\"https:\/\/cetaradell.cat\/ce\/cursa-dorientacio-de-desconfinament-de-taradell\/\" \/>\n<meta property=\"og:site_name\" content=\"Centre Excursionista Taradell\" \/>\n<meta property=\"article:publisher\" content=\"https:\/\/www.facebook.com\/CETaradell\/\" \/>\n<meta property=\"article:published_time\" content=\"2020-05-10T11:00:46+00:00\" \/>\n<meta property=\"article:modified_time\" content=\"2023-04-12T20:29:32+00:00\" \/>\n<meta property=\"og:image\" content=\"https:\/\/cetaradell.cat\/ce\/wp-content\/uploads\/2020-05-cet-O-descon-2.jpg\" \/>\n\t<meta property=\"og:image:width\" content=\"814\" \/>\n\t<meta property=\"og:image:height\" content=\"611\" \/>\n\t<meta property=\"og:image:type\" content=\"image\/jpeg\" \/>\n<meta name=\"author\" content=\"CET\" \/>\n<meta name=\"twitter:card\" content=\"summary_large_image\" \/>\n<meta name=\"twitter:label1\" content=\"Escrit per\" \/>\n\t<meta name=\"twitter:data1\" content=\"CET\" \/>\n\t<meta name=\"twitter:label2\" content=\"Temps estimat de lectura\" \/>\n\t<meta name=\"twitter:data2\" content=\"3 minuts\" \/>\n<script type=\"application\/ld+json\" class=\"yoast-schema-graph\">{\"@context\":\"https:\\\/\\\/schema.org\",\"@graph\":[{\"@type\":\"Article\",\"@id\":\"https:\\\/\\\/cetaradell.cat\\\/ce\\\/cursa-dorientacio-de-desconfinament-de-taradell\\\/#article\",\"isPartOf\":{\"@id\":\"https:\\\/\\\/cetaradell.cat\\\/ce\\\/cursa-dorientacio-de-desconfinament-de-taradell\\\/\"},\"author\":{\"name\":\"CET\",\"@id\":\"https:\\\/\\\/cetaradell.cat\\\/ce\\\/#\\\/schema\\\/person\\\/92a59f585073071c7be6649e84b22f78\"},\"headline\":\"Cursa d&#8217;orientaci\u00f3 de desconfinament de Taradell\",\"datePublished\":\"2020-05-10T11:00:46+00:00\",\"dateModified\":\"2023-04-12T20:29:32+00:00\",\"mainEntityOfPage\":{\"@id\":\"https:\\\/\\\/cetaradell.cat\\\/ce\\\/cursa-dorientacio-de-desconfinament-de-taradell\\\/\"},\"wordCount\":554,\"image\":{\"@id\":\"https:\\\/\\\/cetaradell.cat\\\/ce\\\/cursa-dorientacio-de-desconfinament-de-taradell\\\/#primaryimage\"},\"thumbnailUrl\":\"https:\\\/\\\/cetaradell.cat\\\/ce\\\/wp-content\\\/uploads\\\/2020-05-cet-O-descon-2.jpg\",\"articleSection\":[\"Activitats\",\"Curses d'Orientaci\u00f3\"],\"inLanguage\":\"ca\"},{\"@type\":\"WebPage\",\"@id\":\"https:\\\/\\\/cetaradell.cat\\\/ce\\\/cursa-dorientacio-de-desconfinament-de-taradell\\\/\",\"url\":\"https:\\\/\\\/cetaradell.cat\\\/ce\\\/cursa-dorientacio-de-desconfinament-de-taradell\\\/\",\"name\":\"Cursa d'orientaci\u00f3 de desconfinament de Taradell - Centre Excursionista Taradell\",\"isPartOf\":{\"@id\":\"https:\\\/\\\/cetaradell.cat\\\/ce\\\/#website\"},\"primaryImageOfPage\":{\"@id\":\"https:\\\/\\\/cetaradell.cat\\\/ce\\\/cursa-dorientacio-de-desconfinament-de-taradell\\\/#primaryimage\"},\"image\":{\"@id\":\"https:\\\/\\\/cetaradell.cat\\\/ce\\\/cursa-dorientacio-de-desconfinament-de-taradell\\\/#primaryimage\"},\"thumbnailUrl\":\"https:\\\/\\\/cetaradell.cat\\\/ce\\\/wp-content\\\/uploads\\\/2020-05-cet-O-descon-2.jpg\",\"datePublished\":\"2020-05-10T11:00:46+00:00\",\"dateModified\":\"2023-04-12T20:29:32+00:00\",\"author\":{\"@id\":\"https:\\\/\\\/cetaradell.cat\\\/ce\\\/#\\\/schema\\\/person\\\/92a59f585073071c7be6649e84b22f78\"},\"breadcrumb\":{\"@id\":\"https:\\\/\\\/cetaradell.cat\\\/ce\\\/cursa-dorientacio-de-desconfinament-de-taradell\\\/#breadcrumb\"},\"inLanguage\":\"ca\",\"potentialAction\":[{\"@type\":\"ReadAction\",\"target\":[\"https:\\\/\\\/cetaradell.cat\\\/ce\\\/cursa-dorientacio-de-desconfinament-de-taradell\\\/\"]}]},{\"@type\":\"ImageObject\",\"inLanguage\":\"ca\",\"@id\":\"https:\\\/\\\/cetaradell.cat\\\/ce\\\/cursa-dorientacio-de-desconfinament-de-taradell\\\/#primaryimage\",\"url\":\"https:\\\/\\\/cetaradell.cat\\\/ce\\\/wp-content\\\/uploads\\\/2020-05-cet-O-descon-2.jpg\",\"contentUrl\":\"https:\\\/\\\/cetaradell.cat\\\/ce\\\/wp-content\\\/uploads\\\/2020-05-cet-O-descon-2.jpg\",\"width\":814,\"height\":611},{\"@type\":\"BreadcrumbList\",\"@id\":\"https:\\\/\\\/cetaradell.cat\\\/ce\\\/cursa-dorientacio-de-desconfinament-de-taradell\\\/#breadcrumb\",\"itemListElement\":[{\"@type\":\"ListItem\",\"position\":1,\"name\":\"Inici\",\"item\":\"https:\\\/\\\/cetaradell.cat\\\/ce\\\/\"},{\"@type\":\"ListItem\",\"position\":2,\"name\":\"Cursa d&#8217;orientaci\u00f3 de desconfinament de Taradell\"}]},{\"@type\":\"WebSite\",\"@id\":\"https:\\\/\\\/cetaradell.cat\\\/ce\\\/#website\",\"url\":\"https:\\\/\\\/cetaradell.cat\\\/ce\\\/\",\"name\":\"Centre Excursionista Taradell\",\"description\":\"\",\"potentialAction\":[{\"@type\":\"SearchAction\",\"target\":{\"@type\":\"EntryPoint\",\"urlTemplate\":\"https:\\\/\\\/cetaradell.cat\\\/ce\\\/?s={search_term_string}\"},\"query-input\":{\"@type\":\"PropertyValueSpecification\",\"valueRequired\":true,\"valueName\":\"search_term_string\"}}],\"inLanguage\":\"ca\"},{\"@type\":\"Person\",\"@id\":\"https:\\\/\\\/cetaradell.cat\\\/ce\\\/#\\\/schema\\\/person\\\/92a59f585073071c7be6649e84b22f78\",\"name\":\"CET\",\"image\":{\"@type\":\"ImageObject\",\"inLanguage\":\"ca\",\"@id\":\"https:\\\/\\\/secure.gravatar.com\\\/avatar\\\/d6fbe010d42056feccc0f613ed07277a5118442805079269f12dabdc42e1a727?s=96&d=mm&r=g\",\"url\":\"https:\\\/\\\/secure.gravatar.com\\\/avatar\\\/d6fbe010d42056feccc0f613ed07277a5118442805079269f12dabdc42e1a727?s=96&d=mm&r=g\",\"contentUrl\":\"https:\\\/\\\/secure.gravatar.com\\\/avatar\\\/d6fbe010d42056feccc0f613ed07277a5118442805079269f12dabdc42e1a727?s=96&d=mm&r=g\",\"caption\":\"CET\"},\"url\":\"https:\\\/\\\/cetaradell.cat\\\/ce\\\/author\\\/root\\\/\"}]}<\/script>\n<!-- \/ Yoast SEO plugin. -->","yoast_head_json":{"title":"Cursa d'orientaci\u00f3 de desconfinament de Taradell - Centre Excursionista Taradell","robots":{"index":"index","follow":"follow","max-snippet":"max-snippet:-1","max-image-preview":"max-image-preview:large","max-video-preview":"max-video-preview:-1"},"canonical":"https:\/\/cetaradell.cat\/ce\/cursa-dorientacio-de-desconfinament-de-taradell\/","og_locale":"ca_ES","og_type":"article","og_title":"Cursa d'orientaci\u00f3 de desconfinament de Taradell - Centre Excursionista Taradell","og_url":"https:\/\/cetaradell.cat\/ce\/cursa-dorientacio-de-desconfinament-de-taradell\/","og_site_name":"Centre Excursionista Taradell","article_publisher":"https:\/\/www.facebook.com\/CETaradell\/","article_published_time":"2020-05-10T11:00:46+00:00","article_modified_time":"2023-04-12T20:29:32+00:00","og_image":[{"width":814,"height":611,"url":"https:\/\/cetaradell.cat\/ce\/wp-content\/uploads\/2020-05-cet-O-descon-2.jpg","type":"image\/jpeg"}],"author":"CET","twitter_card":"summary_large_image","twitter_misc":{"Escrit per":"CET","Temps estimat de lectura":"3 minuts"},"schema":{"@context":"https:\/\/schema.org","@graph":[{"@type":"Article","@id":"https:\/\/cetaradell.cat\/ce\/cursa-dorientacio-de-desconfinament-de-taradell\/#article","isPartOf":{"@id":"https:\/\/cetaradell.cat\/ce\/cursa-dorientacio-de-desconfinament-de-taradell\/"},"author":{"name":"CET","@id":"https:\/\/cetaradell.cat\/ce\/#\/schema\/person\/92a59f585073071c7be6649e84b22f78"},"headline":"Cursa d&#8217;orientaci\u00f3 de desconfinament de Taradell","datePublished":"2020-05-10T11:00:46+00:00","dateModified":"2023-04-12T20:29:32+00:00","mainEntityOfPage":{"@id":"https:\/\/cetaradell.cat\/ce\/cursa-dorientacio-de-desconfinament-de-taradell\/"},"wordCount":554,"image":{"@id":"https:\/\/cetaradell.cat\/ce\/cursa-dorientacio-de-desconfinament-de-taradell\/#primaryimage"},"thumbnailUrl":"https:\/\/cetaradell.cat\/ce\/wp-content\/uploads\/2020-05-cet-O-descon-2.jpg","articleSection":["Activitats","Curses d'Orientaci\u00f3"],"inLanguage":"ca"},{"@type":"WebPage","@id":"https:\/\/cetaradell.cat\/ce\/cursa-dorientacio-de-desconfinament-de-taradell\/","url":"https:\/\/cetaradell.cat\/ce\/cursa-dorientacio-de-desconfinament-de-taradell\/","name":"Cursa d'orientaci\u00f3 de desconfinament de Taradell - Centre Excursionista Taradell","isPartOf":{"@id":"https:\/\/cetaradell.cat\/ce\/#website"},"primaryImageOfPage":{"@id":"https:\/\/cetaradell.cat\/ce\/cursa-dorientacio-de-desconfinament-de-taradell\/#primaryimage"},"image":{"@id":"https:\/\/cetaradell.cat\/ce\/cursa-dorientacio-de-desconfinament-de-taradell\/#primaryimage"},"thumbnailUrl":"https:\/\/cetaradell.cat\/ce\/wp-content\/uploads\/2020-05-cet-O-descon-2.jpg","datePublished":"2020-05-10T11:00:46+00:00","dateModified":"2023-04-12T20:29:32+00:00","author":{"@id":"https:\/\/cetaradell.cat\/ce\/#\/schema\/person\/92a59f585073071c7be6649e84b22f78"},"breadcrumb":{"@id":"https:\/\/cetaradell.cat\/ce\/cursa-dorientacio-de-desconfinament-de-taradell\/#breadcrumb"},"inLanguage":"ca","potentialAction":[{"@type":"ReadAction","target":["https:\/\/cetaradell.cat\/ce\/cursa-dorientacio-de-desconfinament-de-taradell\/"]}]},{"@type":"ImageObject","inLanguage":"ca","@id":"https:\/\/cetaradell.cat\/ce\/cursa-dorientacio-de-desconfinament-de-taradell\/#primaryimage","url":"https:\/\/cetaradell.cat\/ce\/wp-content\/uploads\/2020-05-cet-O-descon-2.jpg","contentUrl":"https:\/\/cetaradell.cat\/ce\/wp-content\/uploads\/2020-05-cet-O-descon-2.jpg","width":814,"height":611},{"@type":"BreadcrumbList","@id":"https:\/\/cetaradell.cat\/ce\/cursa-dorientacio-de-desconfinament-de-taradell\/#breadcrumb","itemListElement":[{"@type":"ListItem","position":1,"name":"Inici","item":"https:\/\/cetaradell.cat\/ce\/"},{"@type":"ListItem","position":2,"name":"Cursa d&#8217;orientaci\u00f3 de desconfinament de Taradell"}]},{"@type":"WebSite","@id":"https:\/\/cetaradell.cat\/ce\/#website","url":"https:\/\/cetaradell.cat\/ce\/","name":"Centre Excursionista Taradell","description":"","potentialAction":[{"@type":"SearchAction","target":{"@type":"EntryPoint","urlTemplate":"https:\/\/cetaradell.cat\/ce\/?s={search_term_string}"},"query-input":{"@type":"PropertyValueSpecification","valueRequired":true,"valueName":"search_term_string"}}],"inLanguage":"ca"},{"@type":"Person","@id":"https:\/\/cetaradell.cat\/ce\/#\/schema\/person\/92a59f585073071c7be6649e84b22f78","name":"CET","image":{"@type":"ImageObject","inLanguage":"ca","@id":"https:\/\/secure.gravatar.com\/avatar\/d6fbe010d42056feccc0f613ed07277a5118442805079269f12dabdc42e1a727?s=96&d=mm&r=g","url":"https:\/\/secure.gravatar.com\/avatar\/d6fbe010d42056feccc0f613ed07277a5118442805079269f12dabdc42e1a727?s=96&d=mm&r=g","contentUrl":"https:\/\/secure.gravatar.com\/avatar\/d6fbe010d42056feccc0f613ed07277a5118442805079269f12dabdc42e1a727?s=96&d=mm&r=g","caption":"CET"},"url":"https:\/\/cetaradell.cat\/ce\/author\/root\/"}]}},"_links":{"self":[{"href":"https:\/\/cetaradell.cat\/ce\/wp-json\/wp\/v2\/posts\/7580","targetHints":{"allow":["GET"]}}],"collection":[{"href":"https:\/\/cetaradell.cat\/ce\/wp-json\/wp\/v2\/posts"}],"about":[{"href":"https:\/\/cetaradell.cat\/ce\/wp-json\/wp\/v2\/types\/post"}],"author":[{"embeddable":true,"href":"https:\/\/cetaradell.cat\/ce\/wp-json\/wp\/v2\/users\/1"}],"replies":[{"embeddable":true,"href":"https:\/\/cetaradell.cat\/ce\/wp-json\/wp\/v2\/comments?post=7580"}],"version-history":[{"count":0,"href":"https:\/\/cetaradell.cat\/ce\/wp-json\/wp\/v2\/posts\/7580\/revisions"}],"wp:featuredmedia":[{"embeddable":true,"href":"https:\/\/cetaradell.cat\/ce\/wp-json\/wp\/v2\/media\/7581"}],"wp:attachment":[{"href":"https:\/\/cetaradell.cat\/ce\/wp-json\/wp\/v2\/media?parent=7580"}],"wp:term":[{"taxonomy":"category","embeddable":true,"href":"https:\/\/cetaradell.cat\/ce\/wp-json\/wp\/v2\/categories?post=7580"},{"taxonomy":"post_tag","embeddable":true,"href":"https:\/\/cetaradell.cat\/ce\/wp-json\/wp\/v2\/tags?post=7580"}],"curies":[{"name":"wp","href":"https:\/\/api.w.org\/{rel}","templated":true}]}}