{"id":7604,"date":"2020-05-14T20:03:01","date_gmt":"2020-05-14T19:03:01","guid":{"rendered":"https:\/\/cetaradell.cat\/ce\/?p=7604"},"modified":"2023-04-12T21:29:32","modified_gmt":"2023-04-12T20:29:32","slug":"faqs-sobre-les-fases-0-i-1-de-desconfinament","status":"publish","type":"post","link":"https:\/\/cetaradell.cat\/ce\/faqs-sobre-les-fases-0-i-1-de-desconfinament\/","title":{"rendered":"FAQS sobre les fases 0 i 1 de desconfinament"},"content":{"rendered":"<p><span style=\"background-color: #000000;\"><a style=\"background-color: #000000;\" href=\"http:\/\/www.web.orientacio.cat\/images\/documents\/varis\/FCOC_FAQS_desconfinament.pdf\" target=\"_blank\" rel=\"attachment noopener wp-att-7605 noreferrer\"><img decoding=\"async\" class=\"alignleft wp-image-7605 size-medium\" src=\"https:\/\/cetaradell.cat\/ce\/wp-content\/uploads\/2020-05-FCOC_Fases0-1-237x300.jpg\" alt=\"\" width=\"237\" height=\"300\" srcset=\"https:\/\/cetaradell.cat\/ce\/wp-content\/uploads\/2020-05-FCOC_Fases0-1-200x253.jpg 200w, https:\/\/cetaradell.cat\/ce\/wp-content\/uploads\/2020-05-FCOC_Fases0-1-237x300.jpg 237w, https:\/\/cetaradell.cat\/ce\/wp-content\/uploads\/2020-05-FCOC_Fases0-1-400x506.jpg 400w, https:\/\/cetaradell.cat\/ce\/wp-content\/uploads\/2020-05-FCOC_Fases0-1.jpg 443w\" sizes=\"(max-width: 237px) 100vw, 237px\" \/><\/a><\/span><\/p>\n<p><strong><em>17\/05\/2020: actualitzades les FAQS de la FEEC<\/em><\/strong><\/p>\n<p>&nbsp;<\/p>\n<p>A la Federaci\u00f3 de Curses d&#8217;Orientaci\u00f3 de Catalunya (FCOC) ha preparat un document de preguntes frequents (FAQS) sobre la Fase 0 i la Fase 1 de desconfinament, espe\u00edfic per a l&#8217;esport de l&#8217;orientaci\u00f3. El podeu consultar cliclant sobre la imatge.<\/p>\n<div dir=\"auto\">Aquesta informaci\u00f3 l&#8217;han recopilat des de les publicacions oficials del CSD i la SGEAF, i l&#8217;aniran actualitzant i ampliant a mesura que es vagi avan\u00e7ant en el desconfinament. La podreu seguir des de la web de la <strong>FCOC (\u21d2)<\/strong>, on la trobareu al panell dret com a &#8220;ACTUALITAT CORONAVIRUS&#8221;.<\/div>\n<div dir=\"auto\"><\/div>\n<div dir=\"auto\">Per altra banda la Federaci\u00f3 d&#8217;Entitats Excursionistes de Ctalunya (FEEC) tamb\u00e9 ha fet un <a href=\"https:\/\/www.feec.cat\/actualitat\/noticies\/faqs-federats-feec-fase-1\/\" target=\"_blank\" rel=\"noopener noreferrer\"><strong>dec\u00e0lec de les principals FAQS (\u21d2)<\/strong><\/a> sobre la Fase 1.<\/div>\n<div dir=\"auto\"><\/div>\n<div dir=\"auto\"><\/div>\n<div dir=\"auto\">\n<table style=\"border-collapse: collapse; width: 64.4852%; height: 574px;\">\n<tbody>\n<tr style=\"height: 574px;\">\n<td style=\"width: 35.0051%; height: 574px;\"><a href=\"\/\/cetaradell.cat\/ce\/wp-content\/uploads\/2020-05-FEEC-Fase1v21.pdf\" target=\"_blank\" rel=\"attachment noopener wp-att-7606 noreferrer\"><img decoding=\"async\" class=\"aligncenter wp-image-7660\" src=\"https:\/\/cetaradell.cat\/ce\/wp-content\/uploads\/2020-05-FEEC-Fase1v2-1-400x1000.jpeg\" alt=\"\" width=\"220\" height=\"550\" srcset=\"https:\/\/cetaradell.cat\/ce\/wp-content\/uploads\/2020-05-FEEC-Fase1v2-1-120x300.jpeg 120w, https:\/\/cetaradell.cat\/ce\/wp-content\/uploads\/2020-05-FEEC-Fase1v2-1-200x500.jpeg 200w, https:\/\/cetaradell.cat\/ce\/wp-content\/uploads\/2020-05-FEEC-Fase1v2-1-400x1000.jpeg 400w, https:\/\/cetaradell.cat\/ce\/wp-content\/uploads\/2020-05-FEEC-Fase1v2-1-410x1024.jpeg 410w, https:\/\/cetaradell.cat\/ce\/wp-content\/uploads\/2020-05-FEEC-Fase1v2-1-500x1250.jpeg 500w, https:\/\/cetaradell.cat\/ce\/wp-content\/uploads\/2020-05-FEEC-Fase1v2-1-600x1500.jpeg 600w, https:\/\/cetaradell.cat\/ce\/wp-content\/uploads\/2020-05-FEEC-Fase1v2-1-614x1536.jpeg 614w, https:\/\/cetaradell.cat\/ce\/wp-content\/uploads\/2020-05-FEEC-Fase1v2-1.jpeg 640w\" sizes=\"(max-width: 220px) 100vw, 220px\" \/><\/a><\/td>\n<td style=\"width: 33.0859%; height: 574px;\"><a href=\"https:\/\/cetaradell.cat\/ce\/wp-content\/uploads\/2020-05-FEEC-Fase1v22.pdf\" target=\"_blank\" rel=\"attachment noopener wp-att-7607 noreferrer\"><img decoding=\"async\" class=\"aligncenter wp-image-7661\" src=\"https:\/\/cetaradell.cat\/ce\/wp-content\/uploads\/2020-05-FEEC-Fase1v2-2-400x1000.jpeg\" alt=\"\" width=\"220\" height=\"550\" srcset=\"https:\/\/cetaradell.cat\/ce\/wp-content\/uploads\/2020-05-FEEC-Fase1v2-2-120x300.jpeg 120w, https:\/\/cetaradell.cat\/ce\/wp-content\/uploads\/2020-05-FEEC-Fase1v2-2-200x500.jpeg 200w, https:\/\/cetaradell.cat\/ce\/wp-content\/uploads\/2020-05-FEEC-Fase1v2-2-400x1000.jpeg 400w, https:\/\/cetaradell.cat\/ce\/wp-content\/uploads\/2020-05-FEEC-Fase1v2-2-410x1024.jpeg 410w, https:\/\/cetaradell.cat\/ce\/wp-content\/uploads\/2020-05-FEEC-Fase1v2-2-500x1250.jpeg 500w, https:\/\/cetaradell.cat\/ce\/wp-content\/uploads\/2020-05-FEEC-Fase1v2-2-600x1500.jpeg 600w, https:\/\/cetaradell.cat\/ce\/wp-content\/uploads\/2020-05-FEEC-Fase1v2-2-614x1536.jpeg 614w, https:\/\/cetaradell.cat\/ce\/wp-content\/uploads\/2020-05-FEEC-Fase1v2-2.jpeg 640w\" sizes=\"(max-width: 220px) 100vw, 220px\" \/><\/a><\/td>\n<\/tr>\n<\/tbody>\n<\/table>\n<\/div>\n","protected":false},"excerpt":{"rendered":"<p>17\/05\/2020: actualitzades les FAQS de la FEEC &nbsp; A la Federaci\u00f3 de Curses d&#8217;Orientaci\u00f3 de Catalunya (FCOC) ha preparat un document de preguntes frequents (FAQS) sobre la Fase 0 i la Fase 1 de desconfinament, espe\u00edfic per a l&#8217;esport de l&#8217;orientaci\u00f3. El podeu consultar cliclant sobre la imatge. Aquesta informaci\u00f3  [&#8230;]<\/p>\n","protected":false},"author":1,"featured_media":7660,"comment_status":"closed","ping_status":"closed","sticky":false,"template":"","format":"standard","meta":{"footnotes":""},"categories":[3],"tags":[],"class_list":["post-7604","post","type-post","status-publish","format-standard","has-post-thumbnail","hentry","category-noticies"],"yoast_head":"<!-- This site is optimized with the Yoast SEO plugin v27.4 - https:\/\/yoast.com\/product\/yoast-seo-wordpress\/ -->\n<title>FAQS sobre les fases 0 i 1 de desconfinament - Centre Excursionista Taradell<\/title>\n<meta name=\"robots\" content=\"index, follow, max-snippet:-1, max-image-preview:large, max-video-preview:-1\" \/>\n<link rel=\"canonical\" href=\"https:\/\/cetaradell.cat\/ce\/faqs-sobre-les-fases-0-i-1-de-desconfinament\/\" \/>\n<meta property=\"og:locale\" content=\"ca_ES\" \/>\n<meta property=\"og:type\" content=\"article\" \/>\n<meta property=\"og:title\" content=\"FAQS sobre les fases 0 i 1 de desconfinament - Centre Excursionista Taradell\" \/>\n<meta property=\"og:description\" content=\"17\/05\/2020: actualitzades les FAQS de la FEEC &nbsp; A la Federaci\u00f3 de Curses d&#8217;Orientaci\u00f3 de Catalunya (FCOC) ha preparat un document de preguntes frequents (FAQS) sobre la Fase 0 i la Fase 1 de desconfinament, espe\u00edfic per a l&#8217;esport de l&#8217;orientaci\u00f3. El podeu consultar cliclant sobre la imatge. Aquesta informaci\u00f3 [...]\" \/>\n<meta property=\"og:url\" content=\"https:\/\/cetaradell.cat\/ce\/faqs-sobre-les-fases-0-i-1-de-desconfinament\/\" \/>\n<meta property=\"og:site_name\" content=\"Centre Excursionista Taradell\" \/>\n<meta property=\"article:publisher\" content=\"https:\/\/www.facebook.com\/CETaradell\/\" \/>\n<meta property=\"article:published_time\" content=\"2020-05-14T19:03:01+00:00\" \/>\n<meta property=\"article:modified_time\" content=\"2023-04-12T20:29:32+00:00\" \/>\n<meta property=\"og:image\" content=\"https:\/\/cetaradell.cat\/ce\/wp-content\/uploads\/2020-05-FEEC-Fase1v2-1.jpeg\" \/>\n\t<meta property=\"og:image:width\" content=\"640\" \/>\n\t<meta property=\"og:image:height\" content=\"1600\" \/>\n\t<meta property=\"og:image:type\" content=\"image\/jpeg\" \/>\n<meta name=\"author\" content=\"CET\" \/>\n<meta name=\"twitter:card\" content=\"summary_large_image\" \/>\n<meta name=\"twitter:label1\" content=\"Escrit per\" \/>\n\t<meta name=\"twitter:data1\" content=\"CET\" \/>\n\t<meta name=\"twitter:label2\" content=\"Temps estimat de lectura\" \/>\n\t<meta name=\"twitter:data2\" content=\"1 minut\" \/>\n<script type=\"application\/ld+json\" class=\"yoast-schema-graph\">{\"@context\":\"https:\\\/\\\/schema.org\",\"@graph\":[{\"@type\":\"Article\",\"@id\":\"https:\\\/\\\/cetaradell.cat\\\/ce\\\/faqs-sobre-les-fases-0-i-1-de-desconfinament\\\/#article\",\"isPartOf\":{\"@id\":\"https:\\\/\\\/cetaradell.cat\\\/ce\\\/faqs-sobre-les-fases-0-i-1-de-desconfinament\\\/\"},\"author\":{\"name\":\"CET\",\"@id\":\"https:\\\/\\\/cetaradell.cat\\\/ce\\\/#\\\/schema\\\/person\\\/92a59f585073071c7be6649e84b22f78\"},\"headline\":\"FAQS sobre les fases 0 i 1 de desconfinament\",\"datePublished\":\"2020-05-14T19:03:01+00:00\",\"dateModified\":\"2023-04-12T20:29:32+00:00\",\"mainEntityOfPage\":{\"@id\":\"https:\\\/\\\/cetaradell.cat\\\/ce\\\/faqs-sobre-les-fases-0-i-1-de-desconfinament\\\/\"},\"wordCount\":131,\"image\":{\"@id\":\"https:\\\/\\\/cetaradell.cat\\\/ce\\\/faqs-sobre-les-fases-0-i-1-de-desconfinament\\\/#primaryimage\"},\"thumbnailUrl\":\"https:\\\/\\\/cetaradell.cat\\\/ce\\\/wp-content\\\/uploads\\\/2020-05-FEEC-Fase1v2-1.jpeg\",\"articleSection\":[\"Not\u00edcies\"],\"inLanguage\":\"ca\"},{\"@type\":\"WebPage\",\"@id\":\"https:\\\/\\\/cetaradell.cat\\\/ce\\\/faqs-sobre-les-fases-0-i-1-de-desconfinament\\\/\",\"url\":\"https:\\\/\\\/cetaradell.cat\\\/ce\\\/faqs-sobre-les-fases-0-i-1-de-desconfinament\\\/\",\"name\":\"FAQS sobre les fases 0 i 1 de desconfinament - Centre Excursionista Taradell\",\"isPartOf\":{\"@id\":\"https:\\\/\\\/cetaradell.cat\\\/ce\\\/#website\"},\"primaryImageOfPage\":{\"@id\":\"https:\\\/\\\/cetaradell.cat\\\/ce\\\/faqs-sobre-les-fases-0-i-1-de-desconfinament\\\/#primaryimage\"},\"image\":{\"@id\":\"https:\\\/\\\/cetaradell.cat\\\/ce\\\/faqs-sobre-les-fases-0-i-1-de-desconfinament\\\/#primaryimage\"},\"thumbnailUrl\":\"https:\\\/\\\/cetaradell.cat\\\/ce\\\/wp-content\\\/uploads\\\/2020-05-FEEC-Fase1v2-1.jpeg\",\"datePublished\":\"2020-05-14T19:03:01+00:00\",\"dateModified\":\"2023-04-12T20:29:32+00:00\",\"author\":{\"@id\":\"https:\\\/\\\/cetaradell.cat\\\/ce\\\/#\\\/schema\\\/person\\\/92a59f585073071c7be6649e84b22f78\"},\"breadcrumb\":{\"@id\":\"https:\\\/\\\/cetaradell.cat\\\/ce\\\/faqs-sobre-les-fases-0-i-1-de-desconfinament\\\/#breadcrumb\"},\"inLanguage\":\"ca\",\"potentialAction\":[{\"@type\":\"ReadAction\",\"target\":[\"https:\\\/\\\/cetaradell.cat\\\/ce\\\/faqs-sobre-les-fases-0-i-1-de-desconfinament\\\/\"]}]},{\"@type\":\"ImageObject\",\"inLanguage\":\"ca\",\"@id\":\"https:\\\/\\\/cetaradell.cat\\\/ce\\\/faqs-sobre-les-fases-0-i-1-de-desconfinament\\\/#primaryimage\",\"url\":\"https:\\\/\\\/cetaradell.cat\\\/ce\\\/wp-content\\\/uploads\\\/2020-05-FEEC-Fase1v2-1.jpeg\",\"contentUrl\":\"https:\\\/\\\/cetaradell.cat\\\/ce\\\/wp-content\\\/uploads\\\/2020-05-FEEC-Fase1v2-1.jpeg\",\"width\":640,\"height\":1600},{\"@type\":\"BreadcrumbList\",\"@id\":\"https:\\\/\\\/cetaradell.cat\\\/ce\\\/faqs-sobre-les-fases-0-i-1-de-desconfinament\\\/#breadcrumb\",\"itemListElement\":[{\"@type\":\"ListItem\",\"position\":1,\"name\":\"Inici\",\"item\":\"https:\\\/\\\/cetaradell.cat\\\/ce\\\/\"},{\"@type\":\"ListItem\",\"position\":2,\"name\":\"FAQS sobre les fases 0 i 1 de desconfinament\"}]},{\"@type\":\"WebSite\",\"@id\":\"https:\\\/\\\/cetaradell.cat\\\/ce\\\/#website\",\"url\":\"https:\\\/\\\/cetaradell.cat\\\/ce\\\/\",\"name\":\"Centre Excursionista Taradell\",\"description\":\"\",\"potentialAction\":[{\"@type\":\"SearchAction\",\"target\":{\"@type\":\"EntryPoint\",\"urlTemplate\":\"https:\\\/\\\/cetaradell.cat\\\/ce\\\/?s={search_term_string}\"},\"query-input\":{\"@type\":\"PropertyValueSpecification\",\"valueRequired\":true,\"valueName\":\"search_term_string\"}}],\"inLanguage\":\"ca\"},{\"@type\":\"Person\",\"@id\":\"https:\\\/\\\/cetaradell.cat\\\/ce\\\/#\\\/schema\\\/person\\\/92a59f585073071c7be6649e84b22f78\",\"name\":\"CET\",\"image\":{\"@type\":\"ImageObject\",\"inLanguage\":\"ca\",\"@id\":\"https:\\\/\\\/secure.gravatar.com\\\/avatar\\\/d6fbe010d42056feccc0f613ed07277a5118442805079269f12dabdc42e1a727?s=96&d=mm&r=g\",\"url\":\"https:\\\/\\\/secure.gravatar.com\\\/avatar\\\/d6fbe010d42056feccc0f613ed07277a5118442805079269f12dabdc42e1a727?s=96&d=mm&r=g\",\"contentUrl\":\"https:\\\/\\\/secure.gravatar.com\\\/avatar\\\/d6fbe010d42056feccc0f613ed07277a5118442805079269f12dabdc42e1a727?s=96&d=mm&r=g\",\"caption\":\"CET\"},\"url\":\"https:\\\/\\\/cetaradell.cat\\\/ce\\\/author\\\/root\\\/\"}]}<\/script>\n<!-- \/ Yoast SEO plugin. -->","yoast_head_json":{"title":"FAQS sobre les fases 0 i 1 de desconfinament - Centre Excursionista Taradell","robots":{"index":"index","follow":"follow","max-snippet":"max-snippet:-1","max-image-preview":"max-image-preview:large","max-video-preview":"max-video-preview:-1"},"canonical":"https:\/\/cetaradell.cat\/ce\/faqs-sobre-les-fases-0-i-1-de-desconfinament\/","og_locale":"ca_ES","og_type":"article","og_title":"FAQS sobre les fases 0 i 1 de desconfinament - Centre Excursionista Taradell","og_description":"17\/05\/2020: actualitzades les FAQS de la FEEC &nbsp; A la Federaci\u00f3 de Curses d&#8217;Orientaci\u00f3 de Catalunya (FCOC) ha preparat un document de preguntes frequents (FAQS) sobre la Fase 0 i la Fase 1 de desconfinament, espe\u00edfic per a l&#8217;esport de l&#8217;orientaci\u00f3. El podeu consultar cliclant sobre la imatge. Aquesta informaci\u00f3 [...]","og_url":"https:\/\/cetaradell.cat\/ce\/faqs-sobre-les-fases-0-i-1-de-desconfinament\/","og_site_name":"Centre Excursionista Taradell","article_publisher":"https:\/\/www.facebook.com\/CETaradell\/","article_published_time":"2020-05-14T19:03:01+00:00","article_modified_time":"2023-04-12T20:29:32+00:00","og_image":[{"width":640,"height":1600,"url":"https:\/\/cetaradell.cat\/ce\/wp-content\/uploads\/2020-05-FEEC-Fase1v2-1.jpeg","type":"image\/jpeg"}],"author":"CET","twitter_card":"summary_large_image","twitter_misc":{"Escrit per":"CET","Temps estimat de lectura":"1 minut"},"schema":{"@context":"https:\/\/schema.org","@graph":[{"@type":"Article","@id":"https:\/\/cetaradell.cat\/ce\/faqs-sobre-les-fases-0-i-1-de-desconfinament\/#article","isPartOf":{"@id":"https:\/\/cetaradell.cat\/ce\/faqs-sobre-les-fases-0-i-1-de-desconfinament\/"},"author":{"name":"CET","@id":"https:\/\/cetaradell.cat\/ce\/#\/schema\/person\/92a59f585073071c7be6649e84b22f78"},"headline":"FAQS sobre les fases 0 i 1 de desconfinament","datePublished":"2020-05-14T19:03:01+00:00","dateModified":"2023-04-12T20:29:32+00:00","mainEntityOfPage":{"@id":"https:\/\/cetaradell.cat\/ce\/faqs-sobre-les-fases-0-i-1-de-desconfinament\/"},"wordCount":131,"image":{"@id":"https:\/\/cetaradell.cat\/ce\/faqs-sobre-les-fases-0-i-1-de-desconfinament\/#primaryimage"},"thumbnailUrl":"https:\/\/cetaradell.cat\/ce\/wp-content\/uploads\/2020-05-FEEC-Fase1v2-1.jpeg","articleSection":["Not\u00edcies"],"inLanguage":"ca"},{"@type":"WebPage","@id":"https:\/\/cetaradell.cat\/ce\/faqs-sobre-les-fases-0-i-1-de-desconfinament\/","url":"https:\/\/cetaradell.cat\/ce\/faqs-sobre-les-fases-0-i-1-de-desconfinament\/","name":"FAQS sobre les fases 0 i 1 de desconfinament - Centre Excursionista Taradell","isPartOf":{"@id":"https:\/\/cetaradell.cat\/ce\/#website"},"primaryImageOfPage":{"@id":"https:\/\/cetaradell.cat\/ce\/faqs-sobre-les-fases-0-i-1-de-desconfinament\/#primaryimage"},"image":{"@id":"https:\/\/cetaradell.cat\/ce\/faqs-sobre-les-fases-0-i-1-de-desconfinament\/#primaryimage"},"thumbnailUrl":"https:\/\/cetaradell.cat\/ce\/wp-content\/uploads\/2020-05-FEEC-Fase1v2-1.jpeg","datePublished":"2020-05-14T19:03:01+00:00","dateModified":"2023-04-12T20:29:32+00:00","author":{"@id":"https:\/\/cetaradell.cat\/ce\/#\/schema\/person\/92a59f585073071c7be6649e84b22f78"},"breadcrumb":{"@id":"https:\/\/cetaradell.cat\/ce\/faqs-sobre-les-fases-0-i-1-de-desconfinament\/#breadcrumb"},"inLanguage":"ca","potentialAction":[{"@type":"ReadAction","target":["https:\/\/cetaradell.cat\/ce\/faqs-sobre-les-fases-0-i-1-de-desconfinament\/"]}]},{"@type":"ImageObject","inLanguage":"ca","@id":"https:\/\/cetaradell.cat\/ce\/faqs-sobre-les-fases-0-i-1-de-desconfinament\/#primaryimage","url":"https:\/\/cetaradell.cat\/ce\/wp-content\/uploads\/2020-05-FEEC-Fase1v2-1.jpeg","contentUrl":"https:\/\/cetaradell.cat\/ce\/wp-content\/uploads\/2020-05-FEEC-Fase1v2-1.jpeg","width":640,"height":1600},{"@type":"BreadcrumbList","@id":"https:\/\/cetaradell.cat\/ce\/faqs-sobre-les-fases-0-i-1-de-desconfinament\/#breadcrumb","itemListElement":[{"@type":"ListItem","position":1,"name":"Inici","item":"https:\/\/cetaradell.cat\/ce\/"},{"@type":"ListItem","position":2,"name":"FAQS sobre les fases 0 i 1 de desconfinament"}]},{"@type":"WebSite","@id":"https:\/\/cetaradell.cat\/ce\/#website","url":"https:\/\/cetaradell.cat\/ce\/","name":"Centre Excursionista Taradell","description":"","potentialAction":[{"@type":"SearchAction","target":{"@type":"EntryPoint","urlTemplate":"https:\/\/cetaradell.cat\/ce\/?s={search_term_string}"},"query-input":{"@type":"PropertyValueSpecification","valueRequired":true,"valueName":"search_term_string"}}],"inLanguage":"ca"},{"@type":"Person","@id":"https:\/\/cetaradell.cat\/ce\/#\/schema\/person\/92a59f585073071c7be6649e84b22f78","name":"CET","image":{"@type":"ImageObject","inLanguage":"ca","@id":"https:\/\/secure.gravatar.com\/avatar\/d6fbe010d42056feccc0f613ed07277a5118442805079269f12dabdc42e1a727?s=96&d=mm&r=g","url":"https:\/\/secure.gravatar.com\/avatar\/d6fbe010d42056feccc0f613ed07277a5118442805079269f12dabdc42e1a727?s=96&d=mm&r=g","contentUrl":"https:\/\/secure.gravatar.com\/avatar\/d6fbe010d42056feccc0f613ed07277a5118442805079269f12dabdc42e1a727?s=96&d=mm&r=g","caption":"CET"},"url":"https:\/\/cetaradell.cat\/ce\/author\/root\/"}]}},"_links":{"self":[{"href":"https:\/\/cetaradell.cat\/ce\/wp-json\/wp\/v2\/posts\/7604","targetHints":{"allow":["GET"]}}],"collection":[{"href":"https:\/\/cetaradell.cat\/ce\/wp-json\/wp\/v2\/posts"}],"about":[{"href":"https:\/\/cetaradell.cat\/ce\/wp-json\/wp\/v2\/types\/post"}],"author":[{"embeddable":true,"href":"https:\/\/cetaradell.cat\/ce\/wp-json\/wp\/v2\/users\/1"}],"replies":[{"embeddable":true,"href":"https:\/\/cetaradell.cat\/ce\/wp-json\/wp\/v2\/comments?post=7604"}],"version-history":[{"count":0,"href":"https:\/\/cetaradell.cat\/ce\/wp-json\/wp\/v2\/posts\/7604\/revisions"}],"wp:featuredmedia":[{"embeddable":true,"href":"https:\/\/cetaradell.cat\/ce\/wp-json\/wp\/v2\/media\/7660"}],"wp:attachment":[{"href":"https:\/\/cetaradell.cat\/ce\/wp-json\/wp\/v2\/media?parent=7604"}],"wp:term":[{"taxonomy":"category","embeddable":true,"href":"https:\/\/cetaradell.cat\/ce\/wp-json\/wp\/v2\/categories?post=7604"},{"taxonomy":"post_tag","embeddable":true,"href":"https:\/\/cetaradell.cat\/ce\/wp-json\/wp\/v2\/tags?post=7604"}],"curies":[{"name":"wp","href":"https:\/\/api.w.org\/{rel}","templated":true}]}}