{"id":7621,"date":"2020-03-15T18:28:09","date_gmt":"2020-03-15T17:28:09","guid":{"rendered":"https:\/\/cetaradell.cat\/ce\/?p=7621"},"modified":"2020-05-15T18:32:55","modified_gmt":"2020-05-15T17:32:55","slug":"botifarrada-del-cet-2020-2","status":"publish","type":"post","link":"https:\/\/cetaradell.cat\/ce\/botifarrada-del-cet-2020-2\/","title":{"rendered":"Botifarrada del CET &#8211; 2020"},"content":{"rendered":"<h4><a href=\"https:\/\/cetaradell.cat\/ce\/botifarrada-del-cet-2020-2\/botifarradacet1\/\" rel=\"attachment wp-att-7622\"><img decoding=\"async\" class=\"alignleft size-medium wp-image-7622\" src=\"https:\/\/cetaradell.cat\/ce\/wp-content\/uploads\/BotifarradaCET1-300x200.jpg\" alt=\"\" width=\"300\" height=\"200\" srcset=\"https:\/\/cetaradell.cat\/ce\/wp-content\/uploads\/BotifarradaCET1-200x133.jpg 200w, https:\/\/cetaradell.cat\/ce\/wp-content\/uploads\/BotifarradaCET1-300x200.jpg 300w, https:\/\/cetaradell.cat\/ce\/wp-content\/uploads\/BotifarradaCET1-400x267.jpg 400w, https:\/\/cetaradell.cat\/ce\/wp-content\/uploads\/BotifarradaCET1-scaled-500x333.jpg 500w, https:\/\/cetaradell.cat\/ce\/wp-content\/uploads\/BotifarradaCET1-600x400.jpg 600w, https:\/\/cetaradell.cat\/ce\/wp-content\/uploads\/BotifarradaCET1-scaled-700x467.jpg 700w, https:\/\/cetaradell.cat\/ce\/wp-content\/uploads\/BotifarradaCET1-768x512.jpg 768w, https:\/\/cetaradell.cat\/ce\/wp-content\/uploads\/BotifarradaCET1-800x533.jpg 800w, https:\/\/cetaradell.cat\/ce\/wp-content\/uploads\/BotifarradaCET1-1024x683.jpg 1024w, https:\/\/cetaradell.cat\/ce\/wp-content\/uploads\/BotifarradaCET1-1200x800.jpg 1200w, https:\/\/cetaradell.cat\/ce\/wp-content\/uploads\/BotifarradaCET1-1536x1024.jpg 1536w\" sizes=\"(max-width: 300px) 100vw, 300px\" \/><\/a>Botifarrada del CET dia 8 mar\u00e7 de 2020<\/h4>\n<p>A les 8 del mati ens van trobar uns 55 socis davant del local social del CET, que vam sortir direcci\u00f3 a la Codina. Vam passar per la Rompuda del Bou i abans d\u00b4arribar \u00a0a la pista de Puiglagulla vam trencar la dreta en direcci\u00f3 a la Fonteta de Bou, i despr\u00e9s ens vam trobar el PR de Taradell que el vam seguir fins a l\u2019esplanada de l\u00b4Enclusa on des de feia una estoneta se sentia una oloreta de botifarra que feia venir gana.<\/p>\n<p>Un cop a dalt, vam esmorzar. Feia un bon sol i ni una gota d\u00b4aire. Mentre alguns van fer \u00a0el caf\u00e8, els altres van anar fins a l\u00b4Enclusa.<\/p>\n<p>Despr\u00e9s, vam anar fins a les cuines d&#8217;en Rocaguinarda les quals vam visitar, i seguidament vam baixar per la pista que porta a la carretera de Viladrau, on vam veure passar les bicicletes de la Duatl\u00f3 de Vic. Vam anar fins a Mansa on vam fer dos grups, un que va tornar cap al CET i l\u2019altre va agafar un caminet que els companys de la Uni\u00f3 Ciclista Taradell havien netejat per fer-hi passar una pedalada el passat octubre.\u00a0 Seguint aquest cam\u00ed vam arribar fins al Collet del Castell on vam agafar el cam\u00ed de la font i vam tornar al CET pel cam\u00ed de la Serra.<\/p>\n","protected":false},"excerpt":{"rendered":"<p>Botifarrada del CET dia 8 mar\u00e7 de 2020 A les 8 del mati ens van trobar uns 55 socis davant del local social del CET, que vam sortir direcci\u00f3 a la Codina. Vam passar per la Rompuda del Bou i abans d\u00b4arribar \u00a0a la pista de Puiglagulla vam trencar la  [&#8230;]<\/p>\n","protected":false},"author":1,"featured_media":7622,"comment_status":"closed","ping_status":"closed","sticky":false,"template":"","format":"standard","meta":{"footnotes":""},"categories":[20,3],"tags":[],"class_list":["post-7621","post","type-post","status-publish","format-standard","has-post-thumbnail","hentry","category-activitats-social","category-noticies"],"yoast_head":"<!-- This site is optimized with the Yoast SEO plugin v27.4 - https:\/\/yoast.com\/product\/yoast-seo-wordpress\/ -->\n<title>Botifarrada del CET - 2020 - Centre Excursionista Taradell<\/title>\n<meta name=\"robots\" content=\"index, follow, max-snippet:-1, max-image-preview:large, max-video-preview:-1\" \/>\n<link rel=\"canonical\" href=\"https:\/\/cetaradell.cat\/ce\/botifarrada-del-cet-2020-2\/\" \/>\n<meta property=\"og:locale\" content=\"ca_ES\" \/>\n<meta property=\"og:type\" content=\"article\" \/>\n<meta property=\"og:title\" content=\"Botifarrada del CET - 2020 - Centre Excursionista Taradell\" \/>\n<meta property=\"og:description\" content=\"Botifarrada del CET dia 8 mar\u00e7 de 2020 A les 8 del mati ens van trobar uns 55 socis davant del local social del CET, que vam sortir direcci\u00f3 a la Codina. Vam passar per la Rompuda del Bou i abans d\u00b4arribar \u00a0a la pista de Puiglagulla vam trencar la [...]\" \/>\n<meta property=\"og:url\" content=\"https:\/\/cetaradell.cat\/ce\/botifarrada-del-cet-2020-2\/\" \/>\n<meta property=\"og:site_name\" content=\"Centre Excursionista Taradell\" \/>\n<meta property=\"article:publisher\" content=\"https:\/\/www.facebook.com\/CETaradell\/\" \/>\n<meta property=\"article:published_time\" content=\"2020-03-15T17:28:09+00:00\" \/>\n<meta property=\"article:modified_time\" content=\"2020-05-15T17:32:55+00:00\" \/>\n<meta property=\"og:image\" content=\"https:\/\/cetaradell.cat\/ce\/wp-content\/uploads\/BotifarradaCET1-scaled.jpg\" \/>\n\t<meta property=\"og:image:width\" content=\"2560\" \/>\n\t<meta property=\"og:image:height\" content=\"1707\" \/>\n\t<meta property=\"og:image:type\" content=\"image\/jpeg\" \/>\n<meta name=\"author\" content=\"CET\" \/>\n<meta name=\"twitter:card\" content=\"summary_large_image\" \/>\n<meta name=\"twitter:label1\" content=\"Escrit per\" \/>\n\t<meta name=\"twitter:data1\" content=\"CET\" \/>\n\t<meta name=\"twitter:label2\" content=\"Temps estimat de lectura\" \/>\n\t<meta name=\"twitter:data2\" content=\"1 minut\" \/>\n<script type=\"application\/ld+json\" class=\"yoast-schema-graph\">{\"@context\":\"https:\\\/\\\/schema.org\",\"@graph\":[{\"@type\":\"Article\",\"@id\":\"https:\\\/\\\/cetaradell.cat\\\/ce\\\/botifarrada-del-cet-2020-2\\\/#article\",\"isPartOf\":{\"@id\":\"https:\\\/\\\/cetaradell.cat\\\/ce\\\/botifarrada-del-cet-2020-2\\\/\"},\"author\":{\"name\":\"CET\",\"@id\":\"https:\\\/\\\/cetaradell.cat\\\/ce\\\/#\\\/schema\\\/person\\\/92a59f585073071c7be6649e84b22f78\"},\"headline\":\"Botifarrada del CET &#8211; 2020\",\"datePublished\":\"2020-03-15T17:28:09+00:00\",\"dateModified\":\"2020-05-15T17:32:55+00:00\",\"mainEntityOfPage\":{\"@id\":\"https:\\\/\\\/cetaradell.cat\\\/ce\\\/botifarrada-del-cet-2020-2\\\/\"},\"wordCount\":236,\"image\":{\"@id\":\"https:\\\/\\\/cetaradell.cat\\\/ce\\\/botifarrada-del-cet-2020-2\\\/#primaryimage\"},\"thumbnailUrl\":\"https:\\\/\\\/cetaradell.cat\\\/ce\\\/wp-content\\\/uploads\\\/BotifarradaCET1-scaled.jpg\",\"articleSection\":[\"Activitats socials\",\"Not\u00edcies\"],\"inLanguage\":\"ca\"},{\"@type\":\"WebPage\",\"@id\":\"https:\\\/\\\/cetaradell.cat\\\/ce\\\/botifarrada-del-cet-2020-2\\\/\",\"url\":\"https:\\\/\\\/cetaradell.cat\\\/ce\\\/botifarrada-del-cet-2020-2\\\/\",\"name\":\"Botifarrada del CET - 2020 - Centre Excursionista Taradell\",\"isPartOf\":{\"@id\":\"https:\\\/\\\/cetaradell.cat\\\/ce\\\/#website\"},\"primaryImageOfPage\":{\"@id\":\"https:\\\/\\\/cetaradell.cat\\\/ce\\\/botifarrada-del-cet-2020-2\\\/#primaryimage\"},\"image\":{\"@id\":\"https:\\\/\\\/cetaradell.cat\\\/ce\\\/botifarrada-del-cet-2020-2\\\/#primaryimage\"},\"thumbnailUrl\":\"https:\\\/\\\/cetaradell.cat\\\/ce\\\/wp-content\\\/uploads\\\/BotifarradaCET1-scaled.jpg\",\"datePublished\":\"2020-03-15T17:28:09+00:00\",\"dateModified\":\"2020-05-15T17:32:55+00:00\",\"author\":{\"@id\":\"https:\\\/\\\/cetaradell.cat\\\/ce\\\/#\\\/schema\\\/person\\\/92a59f585073071c7be6649e84b22f78\"},\"breadcrumb\":{\"@id\":\"https:\\\/\\\/cetaradell.cat\\\/ce\\\/botifarrada-del-cet-2020-2\\\/#breadcrumb\"},\"inLanguage\":\"ca\",\"potentialAction\":[{\"@type\":\"ReadAction\",\"target\":[\"https:\\\/\\\/cetaradell.cat\\\/ce\\\/botifarrada-del-cet-2020-2\\\/\"]}]},{\"@type\":\"ImageObject\",\"inLanguage\":\"ca\",\"@id\":\"https:\\\/\\\/cetaradell.cat\\\/ce\\\/botifarrada-del-cet-2020-2\\\/#primaryimage\",\"url\":\"https:\\\/\\\/cetaradell.cat\\\/ce\\\/wp-content\\\/uploads\\\/BotifarradaCET1-scaled.jpg\",\"contentUrl\":\"https:\\\/\\\/cetaradell.cat\\\/ce\\\/wp-content\\\/uploads\\\/BotifarradaCET1-scaled.jpg\",\"width\":2560,\"height\":1707},{\"@type\":\"BreadcrumbList\",\"@id\":\"https:\\\/\\\/cetaradell.cat\\\/ce\\\/botifarrada-del-cet-2020-2\\\/#breadcrumb\",\"itemListElement\":[{\"@type\":\"ListItem\",\"position\":1,\"name\":\"Inici\",\"item\":\"https:\\\/\\\/cetaradell.cat\\\/ce\\\/\"},{\"@type\":\"ListItem\",\"position\":2,\"name\":\"Botifarrada del CET &#8211; 2020\"}]},{\"@type\":\"WebSite\",\"@id\":\"https:\\\/\\\/cetaradell.cat\\\/ce\\\/#website\",\"url\":\"https:\\\/\\\/cetaradell.cat\\\/ce\\\/\",\"name\":\"Centre Excursionista Taradell\",\"description\":\"\",\"potentialAction\":[{\"@type\":\"SearchAction\",\"target\":{\"@type\":\"EntryPoint\",\"urlTemplate\":\"https:\\\/\\\/cetaradell.cat\\\/ce\\\/?s={search_term_string}\"},\"query-input\":{\"@type\":\"PropertyValueSpecification\",\"valueRequired\":true,\"valueName\":\"search_term_string\"}}],\"inLanguage\":\"ca\"},{\"@type\":\"Person\",\"@id\":\"https:\\\/\\\/cetaradell.cat\\\/ce\\\/#\\\/schema\\\/person\\\/92a59f585073071c7be6649e84b22f78\",\"name\":\"CET\",\"image\":{\"@type\":\"ImageObject\",\"inLanguage\":\"ca\",\"@id\":\"https:\\\/\\\/secure.gravatar.com\\\/avatar\\\/d6fbe010d42056feccc0f613ed07277a5118442805079269f12dabdc42e1a727?s=96&d=mm&r=g\",\"url\":\"https:\\\/\\\/secure.gravatar.com\\\/avatar\\\/d6fbe010d42056feccc0f613ed07277a5118442805079269f12dabdc42e1a727?s=96&d=mm&r=g\",\"contentUrl\":\"https:\\\/\\\/secure.gravatar.com\\\/avatar\\\/d6fbe010d42056feccc0f613ed07277a5118442805079269f12dabdc42e1a727?s=96&d=mm&r=g\",\"caption\":\"CET\"},\"url\":\"https:\\\/\\\/cetaradell.cat\\\/ce\\\/author\\\/root\\\/\"}]}<\/script>\n<!-- \/ Yoast SEO plugin. -->","yoast_head_json":{"title":"Botifarrada del CET - 2020 - Centre Excursionista Taradell","robots":{"index":"index","follow":"follow","max-snippet":"max-snippet:-1","max-image-preview":"max-image-preview:large","max-video-preview":"max-video-preview:-1"},"canonical":"https:\/\/cetaradell.cat\/ce\/botifarrada-del-cet-2020-2\/","og_locale":"ca_ES","og_type":"article","og_title":"Botifarrada del CET - 2020 - Centre Excursionista Taradell","og_description":"Botifarrada del CET dia 8 mar\u00e7 de 2020 A les 8 del mati ens van trobar uns 55 socis davant del local social del CET, que vam sortir direcci\u00f3 a la Codina. Vam passar per la Rompuda del Bou i abans d\u00b4arribar \u00a0a la pista de Puiglagulla vam trencar la [...]","og_url":"https:\/\/cetaradell.cat\/ce\/botifarrada-del-cet-2020-2\/","og_site_name":"Centre Excursionista Taradell","article_publisher":"https:\/\/www.facebook.com\/CETaradell\/","article_published_time":"2020-03-15T17:28:09+00:00","article_modified_time":"2020-05-15T17:32:55+00:00","og_image":[{"width":2560,"height":1707,"url":"https:\/\/cetaradell.cat\/ce\/wp-content\/uploads\/BotifarradaCET1-scaled.jpg","type":"image\/jpeg"}],"author":"CET","twitter_card":"summary_large_image","twitter_misc":{"Escrit per":"CET","Temps estimat de lectura":"1 minut"},"schema":{"@context":"https:\/\/schema.org","@graph":[{"@type":"Article","@id":"https:\/\/cetaradell.cat\/ce\/botifarrada-del-cet-2020-2\/#article","isPartOf":{"@id":"https:\/\/cetaradell.cat\/ce\/botifarrada-del-cet-2020-2\/"},"author":{"name":"CET","@id":"https:\/\/cetaradell.cat\/ce\/#\/schema\/person\/92a59f585073071c7be6649e84b22f78"},"headline":"Botifarrada del CET &#8211; 2020","datePublished":"2020-03-15T17:28:09+00:00","dateModified":"2020-05-15T17:32:55+00:00","mainEntityOfPage":{"@id":"https:\/\/cetaradell.cat\/ce\/botifarrada-del-cet-2020-2\/"},"wordCount":236,"image":{"@id":"https:\/\/cetaradell.cat\/ce\/botifarrada-del-cet-2020-2\/#primaryimage"},"thumbnailUrl":"https:\/\/cetaradell.cat\/ce\/wp-content\/uploads\/BotifarradaCET1-scaled.jpg","articleSection":["Activitats socials","Not\u00edcies"],"inLanguage":"ca"},{"@type":"WebPage","@id":"https:\/\/cetaradell.cat\/ce\/botifarrada-del-cet-2020-2\/","url":"https:\/\/cetaradell.cat\/ce\/botifarrada-del-cet-2020-2\/","name":"Botifarrada del CET - 2020 - Centre Excursionista Taradell","isPartOf":{"@id":"https:\/\/cetaradell.cat\/ce\/#website"},"primaryImageOfPage":{"@id":"https:\/\/cetaradell.cat\/ce\/botifarrada-del-cet-2020-2\/#primaryimage"},"image":{"@id":"https:\/\/cetaradell.cat\/ce\/botifarrada-del-cet-2020-2\/#primaryimage"},"thumbnailUrl":"https:\/\/cetaradell.cat\/ce\/wp-content\/uploads\/BotifarradaCET1-scaled.jpg","datePublished":"2020-03-15T17:28:09+00:00","dateModified":"2020-05-15T17:32:55+00:00","author":{"@id":"https:\/\/cetaradell.cat\/ce\/#\/schema\/person\/92a59f585073071c7be6649e84b22f78"},"breadcrumb":{"@id":"https:\/\/cetaradell.cat\/ce\/botifarrada-del-cet-2020-2\/#breadcrumb"},"inLanguage":"ca","potentialAction":[{"@type":"ReadAction","target":["https:\/\/cetaradell.cat\/ce\/botifarrada-del-cet-2020-2\/"]}]},{"@type":"ImageObject","inLanguage":"ca","@id":"https:\/\/cetaradell.cat\/ce\/botifarrada-del-cet-2020-2\/#primaryimage","url":"https:\/\/cetaradell.cat\/ce\/wp-content\/uploads\/BotifarradaCET1-scaled.jpg","contentUrl":"https:\/\/cetaradell.cat\/ce\/wp-content\/uploads\/BotifarradaCET1-scaled.jpg","width":2560,"height":1707},{"@type":"BreadcrumbList","@id":"https:\/\/cetaradell.cat\/ce\/botifarrada-del-cet-2020-2\/#breadcrumb","itemListElement":[{"@type":"ListItem","position":1,"name":"Inici","item":"https:\/\/cetaradell.cat\/ce\/"},{"@type":"ListItem","position":2,"name":"Botifarrada del CET &#8211; 2020"}]},{"@type":"WebSite","@id":"https:\/\/cetaradell.cat\/ce\/#website","url":"https:\/\/cetaradell.cat\/ce\/","name":"Centre Excursionista Taradell","description":"","potentialAction":[{"@type":"SearchAction","target":{"@type":"EntryPoint","urlTemplate":"https:\/\/cetaradell.cat\/ce\/?s={search_term_string}"},"query-input":{"@type":"PropertyValueSpecification","valueRequired":true,"valueName":"search_term_string"}}],"inLanguage":"ca"},{"@type":"Person","@id":"https:\/\/cetaradell.cat\/ce\/#\/schema\/person\/92a59f585073071c7be6649e84b22f78","name":"CET","image":{"@type":"ImageObject","inLanguage":"ca","@id":"https:\/\/secure.gravatar.com\/avatar\/d6fbe010d42056feccc0f613ed07277a5118442805079269f12dabdc42e1a727?s=96&d=mm&r=g","url":"https:\/\/secure.gravatar.com\/avatar\/d6fbe010d42056feccc0f613ed07277a5118442805079269f12dabdc42e1a727?s=96&d=mm&r=g","contentUrl":"https:\/\/secure.gravatar.com\/avatar\/d6fbe010d42056feccc0f613ed07277a5118442805079269f12dabdc42e1a727?s=96&d=mm&r=g","caption":"CET"},"url":"https:\/\/cetaradell.cat\/ce\/author\/root\/"}]}},"_links":{"self":[{"href":"https:\/\/cetaradell.cat\/ce\/wp-json\/wp\/v2\/posts\/7621","targetHints":{"allow":["GET"]}}],"collection":[{"href":"https:\/\/cetaradell.cat\/ce\/wp-json\/wp\/v2\/posts"}],"about":[{"href":"https:\/\/cetaradell.cat\/ce\/wp-json\/wp\/v2\/types\/post"}],"author":[{"embeddable":true,"href":"https:\/\/cetaradell.cat\/ce\/wp-json\/wp\/v2\/users\/1"}],"replies":[{"embeddable":true,"href":"https:\/\/cetaradell.cat\/ce\/wp-json\/wp\/v2\/comments?post=7621"}],"version-history":[{"count":0,"href":"https:\/\/cetaradell.cat\/ce\/wp-json\/wp\/v2\/posts\/7621\/revisions"}],"wp:featuredmedia":[{"embeddable":true,"href":"https:\/\/cetaradell.cat\/ce\/wp-json\/wp\/v2\/media\/7622"}],"wp:attachment":[{"href":"https:\/\/cetaradell.cat\/ce\/wp-json\/wp\/v2\/media?parent=7621"}],"wp:term":[{"taxonomy":"category","embeddable":true,"href":"https:\/\/cetaradell.cat\/ce\/wp-json\/wp\/v2\/categories?post=7621"},{"taxonomy":"post_tag","embeddable":true,"href":"https:\/\/cetaradell.cat\/ce\/wp-json\/wp\/v2\/tags?post=7621"}],"curies":[{"name":"wp","href":"https:\/\/api.w.org\/{rel}","templated":true}]}}