{"id":7791,"date":"2020-05-30T18:31:13","date_gmt":"2020-05-30T17:31:13","guid":{"rendered":"https:\/\/cetaradell.cat\/ce\/?p=7791"},"modified":"2022-09-24T11:10:07","modified_gmt":"2022-09-24T10:10:07","slug":"faqs-sobre-la-fase-2-de-desconfinament","status":"publish","type":"post","link":"https:\/\/cetaradell.cat\/ce\/faqs-sobre-la-fase-2-de-desconfinament\/","title":{"rendered":"FAQS sobre la Fase 2 de desconfinament"},"content":{"rendered":"<p><a href=\"https:\/\/cetaradell.cat\/ce\/wp-content\/uploads\/2020-05-28-FAQS_FEEC-1.jpg\" target=\"_blank\" rel=\"attachment noopener wp-att-7714 noreferrer\"><img decoding=\"async\" class=\"alignleft wp-image-7792 size-medium\" src=\"https:\/\/cetaradell.cat\/ce\/wp-content\/uploads\/2020-05-28-FAQS_FEEC-1-120x300.jpg\" alt=\"\" width=\"120\" height=\"300\" srcset=\"https:\/\/cetaradell.cat\/ce\/wp-content\/uploads\/2020-05-28-FAQS_FEEC-1-120x300.jpg 120w, https:\/\/cetaradell.cat\/ce\/wp-content\/uploads\/2020-05-28-FAQS_FEEC-1-200x500.jpg 200w, https:\/\/cetaradell.cat\/ce\/wp-content\/uploads\/2020-05-28-FAQS_FEEC-1-400x1000.jpg 400w, https:\/\/cetaradell.cat\/ce\/wp-content\/uploads\/2020-05-28-FAQS_FEEC-1-410x1024.jpg 410w, https:\/\/cetaradell.cat\/ce\/wp-content\/uploads\/2020-05-28-FAQS_FEEC-1-500x1250.jpg 500w, https:\/\/cetaradell.cat\/ce\/wp-content\/uploads\/2020-05-28-FAQS_FEEC-1-600x1500.jpg 600w, https:\/\/cetaradell.cat\/ce\/wp-content\/uploads\/2020-05-28-FAQS_FEEC-1-614x1536.jpg 614w, https:\/\/cetaradell.cat\/ce\/wp-content\/uploads\/2020-05-28-FAQS_FEEC-1-700x1750.jpg 700w, https:\/\/cetaradell.cat\/ce\/wp-content\/uploads\/2020-05-28-FAQS_FEEC-1-768x1920.jpg 768w, https:\/\/cetaradell.cat\/ce\/wp-content\/uploads\/2020-05-28-FAQS_FEEC-1.jpg 800w\" sizes=\"(max-width: 120px) 100vw, 120px\" \/><\/a><a href=\"https:\/\/cetaradell.cat\/ce\/wp-content\/uploads\/2020-05-28-FAQS_FEEC-2.jpg\" target=\"_blank\" rel=\"attachment noopener wp-att-7715 noreferrer\"><img decoding=\"async\" class=\"alignleft wp-image-7793 size-medium\" src=\"https:\/\/cetaradell.cat\/ce\/wp-content\/uploads\/2020-05-28-FAQS_FEEC-2-120x300.jpg\" alt=\"\" width=\"120\" height=\"300\" srcset=\"https:\/\/cetaradell.cat\/ce\/wp-content\/uploads\/2020-05-28-FAQS_FEEC-2-120x300.jpg 120w, https:\/\/cetaradell.cat\/ce\/wp-content\/uploads\/2020-05-28-FAQS_FEEC-2-200x500.jpg 200w, https:\/\/cetaradell.cat\/ce\/wp-content\/uploads\/2020-05-28-FAQS_FEEC-2-400x1000.jpg 400w, https:\/\/cetaradell.cat\/ce\/wp-content\/uploads\/2020-05-28-FAQS_FEEC-2-410x1024.jpg 410w, https:\/\/cetaradell.cat\/ce\/wp-content\/uploads\/2020-05-28-FAQS_FEEC-2-500x1250.jpg 500w, https:\/\/cetaradell.cat\/ce\/wp-content\/uploads\/2020-05-28-FAQS_FEEC-2-600x1500.jpg 600w, https:\/\/cetaradell.cat\/ce\/wp-content\/uploads\/2020-05-28-FAQS_FEEC-2-614x1536.jpg 614w, https:\/\/cetaradell.cat\/ce\/wp-content\/uploads\/2020-05-28-FAQS_FEEC-2-700x1750.jpg 700w, https:\/\/cetaradell.cat\/ce\/wp-content\/uploads\/2020-05-28-FAQS_FEEC-2-768x1920.jpg 768w, https:\/\/cetaradell.cat\/ce\/wp-content\/uploads\/2020-05-28-FAQS_FEEC-2.jpg 800w\" sizes=\"(max-width: 120px) 100vw, 120px\" \/><\/a> En els enlla\u00e7os que figuren a continuaci\u00f3 trobareu quins s\u00f3n els n<span class=\"JsGRdQ\">ous criteris per a dur a terme activitats esportives, autoritzats <\/span><span class=\"JsGRdQ\">a partir del 25 de maig:<\/span><\/p>\n<ul>\n<li><strong><a href=\"https:\/\/www.feec.cat\/actualitat\/noticies\/faqs-federats-feec-fase-2\/\" target=\"_blank\" rel=\"noopener noreferrer\">Preguntes freq\u00fcents de la FEEC<\/a><\/strong><\/li>\n<li><strong><a href=\"https:\/\/cetaradell.cat\/ce\/faqs-sobre-la-fase-1-de-desconfinament-actualitzacio-24-05-2020\/fcoc_faqs_desconfinament_200524\/\" target=\"_blank\" rel=\"attachment noopener wp-att-7713 noreferrer\">Preguntes freq\u00fcents de la FCOC<\/a><\/strong><\/li>\n<li><strong>Protecci\u00f3 Civil: Departament\u00a0d&#8217;Interior Gencat<\/strong><\/li>\n<li><strong><a href=\"http:\/\/esport.gencat.cat\/ca\/arees_dactuacio\/afectacio-del-coronavirus-a-lesport-catala\/\" target=\"_blank\" rel=\"noopener noreferrer\" data-saferedirecturl=\"https:\/\/www.google.com\/url?q=http:\/\/esport.gencat.cat\/ca\/arees_dactuacio\/afectacio-del-coronavirus-a-lesport-catala\/&amp;source=gmail&amp;ust=1590426249795000&amp;usg=AFQjCNEhCEL7JY5LeOEBC6xSvZIFae26rA\">SGEAF (Secretaria General de l&#8217;Esport i de l&#8217;Activitat F\u00edsica): Afectaci\u00f3 del coronavirus a l&#8217;esport catal\u00e0<\/a><\/strong><\/li>\n<\/ul>\n","protected":false},"excerpt":{"rendered":"<p>En els enlla\u00e7os que figuren a continuaci\u00f3 trobareu quins s\u00f3n els nous criteris per a dur a terme activitats esportives, autoritzats a partir del 25 de maig: Preguntes freq\u00fcents de la FEEC Preguntes freq\u00fcents de la FCOC Protecci\u00f3 Civil: Departament\u00a0d&#8217;Interior Gencat SGEAF (Secretaria General de l&#8217;Esport i de l&#8217;Activitat F\u00edsica):  [&#8230;]<\/p>\n","protected":false},"author":1,"featured_media":7792,"comment_status":"closed","ping_status":"closed","sticky":false,"template":"","format":"standard","meta":{"footnotes":""},"categories":[3],"tags":[],"class_list":["post-7791","post","type-post","status-publish","format-standard","has-post-thumbnail","hentry","category-noticies"],"yoast_head":"<!-- This site is optimized with the Yoast SEO plugin v27.4 - https:\/\/yoast.com\/product\/yoast-seo-wordpress\/ -->\n<title>FAQS sobre la Fase 2 de desconfinament - Centre Excursionista Taradell<\/title>\n<meta name=\"robots\" content=\"index, follow, max-snippet:-1, max-image-preview:large, max-video-preview:-1\" \/>\n<link rel=\"canonical\" href=\"https:\/\/cetaradell.cat\/ce\/faqs-sobre-la-fase-2-de-desconfinament\/\" \/>\n<meta property=\"og:locale\" content=\"ca_ES\" \/>\n<meta property=\"og:type\" content=\"article\" \/>\n<meta property=\"og:title\" content=\"FAQS sobre la Fase 2 de desconfinament - Centre Excursionista Taradell\" \/>\n<meta property=\"og:description\" content=\"En els enlla\u00e7os que figuren a continuaci\u00f3 trobareu quins s\u00f3n els nous criteris per a dur a terme activitats esportives, autoritzats a partir del 25 de maig: Preguntes freq\u00fcents de la FEEC Preguntes freq\u00fcents de la FCOC Protecci\u00f3 Civil: Departament\u00a0d&#8217;Interior Gencat SGEAF (Secretaria General de l&#8217;Esport i de l&#8217;Activitat F\u00edsica): [...]\" \/>\n<meta property=\"og:url\" content=\"https:\/\/cetaradell.cat\/ce\/faqs-sobre-la-fase-2-de-desconfinament\/\" \/>\n<meta property=\"og:site_name\" content=\"Centre Excursionista Taradell\" \/>\n<meta property=\"article:publisher\" content=\"https:\/\/www.facebook.com\/CETaradell\/\" \/>\n<meta property=\"article:published_time\" content=\"2020-05-30T17:31:13+00:00\" \/>\n<meta property=\"article:modified_time\" content=\"2022-09-24T10:10:07+00:00\" \/>\n<meta property=\"og:image\" content=\"https:\/\/cetaradell.cat\/ce\/wp-content\/uploads\/2020-05-28-FAQS_FEEC-1.jpg\" \/>\n\t<meta property=\"og:image:width\" content=\"800\" \/>\n\t<meta property=\"og:image:height\" content=\"2000\" \/>\n\t<meta property=\"og:image:type\" content=\"image\/jpeg\" \/>\n<meta name=\"author\" content=\"CET\" \/>\n<meta name=\"twitter:card\" content=\"summary_large_image\" \/>\n<meta name=\"twitter:label1\" content=\"Escrit per\" \/>\n\t<meta name=\"twitter:data1\" content=\"CET\" \/>\n<script type=\"application\/ld+json\" class=\"yoast-schema-graph\">{\"@context\":\"https:\\\/\\\/schema.org\",\"@graph\":[{\"@type\":\"Article\",\"@id\":\"https:\\\/\\\/cetaradell.cat\\\/ce\\\/faqs-sobre-la-fase-2-de-desconfinament\\\/#article\",\"isPartOf\":{\"@id\":\"https:\\\/\\\/cetaradell.cat\\\/ce\\\/faqs-sobre-la-fase-2-de-desconfinament\\\/\"},\"author\":{\"name\":\"CET\",\"@id\":\"https:\\\/\\\/cetaradell.cat\\\/ce\\\/#\\\/schema\\\/person\\\/92a59f585073071c7be6649e84b22f78\"},\"headline\":\"FAQS sobre la Fase 2 de desconfinament\",\"datePublished\":\"2020-05-30T17:31:13+00:00\",\"dateModified\":\"2022-09-24T10:10:07+00:00\",\"mainEntityOfPage\":{\"@id\":\"https:\\\/\\\/cetaradell.cat\\\/ce\\\/faqs-sobre-la-fase-2-de-desconfinament\\\/\"},\"wordCount\":71,\"image\":{\"@id\":\"https:\\\/\\\/cetaradell.cat\\\/ce\\\/faqs-sobre-la-fase-2-de-desconfinament\\\/#primaryimage\"},\"thumbnailUrl\":\"https:\\\/\\\/cetaradell.cat\\\/ce\\\/wp-content\\\/uploads\\\/2020-05-28-FAQS_FEEC-1.jpg\",\"articleSection\":[\"Not\u00edcies\"],\"inLanguage\":\"ca\"},{\"@type\":\"WebPage\",\"@id\":\"https:\\\/\\\/cetaradell.cat\\\/ce\\\/faqs-sobre-la-fase-2-de-desconfinament\\\/\",\"url\":\"https:\\\/\\\/cetaradell.cat\\\/ce\\\/faqs-sobre-la-fase-2-de-desconfinament\\\/\",\"name\":\"FAQS sobre la Fase 2 de desconfinament - Centre Excursionista Taradell\",\"isPartOf\":{\"@id\":\"https:\\\/\\\/cetaradell.cat\\\/ce\\\/#website\"},\"primaryImageOfPage\":{\"@id\":\"https:\\\/\\\/cetaradell.cat\\\/ce\\\/faqs-sobre-la-fase-2-de-desconfinament\\\/#primaryimage\"},\"image\":{\"@id\":\"https:\\\/\\\/cetaradell.cat\\\/ce\\\/faqs-sobre-la-fase-2-de-desconfinament\\\/#primaryimage\"},\"thumbnailUrl\":\"https:\\\/\\\/cetaradell.cat\\\/ce\\\/wp-content\\\/uploads\\\/2020-05-28-FAQS_FEEC-1.jpg\",\"datePublished\":\"2020-05-30T17:31:13+00:00\",\"dateModified\":\"2022-09-24T10:10:07+00:00\",\"author\":{\"@id\":\"https:\\\/\\\/cetaradell.cat\\\/ce\\\/#\\\/schema\\\/person\\\/92a59f585073071c7be6649e84b22f78\"},\"breadcrumb\":{\"@id\":\"https:\\\/\\\/cetaradell.cat\\\/ce\\\/faqs-sobre-la-fase-2-de-desconfinament\\\/#breadcrumb\"},\"inLanguage\":\"ca\",\"potentialAction\":[{\"@type\":\"ReadAction\",\"target\":[\"https:\\\/\\\/cetaradell.cat\\\/ce\\\/faqs-sobre-la-fase-2-de-desconfinament\\\/\"]}]},{\"@type\":\"ImageObject\",\"inLanguage\":\"ca\",\"@id\":\"https:\\\/\\\/cetaradell.cat\\\/ce\\\/faqs-sobre-la-fase-2-de-desconfinament\\\/#primaryimage\",\"url\":\"https:\\\/\\\/cetaradell.cat\\\/ce\\\/wp-content\\\/uploads\\\/2020-05-28-FAQS_FEEC-1.jpg\",\"contentUrl\":\"https:\\\/\\\/cetaradell.cat\\\/ce\\\/wp-content\\\/uploads\\\/2020-05-28-FAQS_FEEC-1.jpg\",\"width\":800,\"height\":2000},{\"@type\":\"BreadcrumbList\",\"@id\":\"https:\\\/\\\/cetaradell.cat\\\/ce\\\/faqs-sobre-la-fase-2-de-desconfinament\\\/#breadcrumb\",\"itemListElement\":[{\"@type\":\"ListItem\",\"position\":1,\"name\":\"Inici\",\"item\":\"https:\\\/\\\/cetaradell.cat\\\/ce\\\/\"},{\"@type\":\"ListItem\",\"position\":2,\"name\":\"FAQS sobre la Fase 2 de desconfinament\"}]},{\"@type\":\"WebSite\",\"@id\":\"https:\\\/\\\/cetaradell.cat\\\/ce\\\/#website\",\"url\":\"https:\\\/\\\/cetaradell.cat\\\/ce\\\/\",\"name\":\"Centre Excursionista Taradell\",\"description\":\"\",\"potentialAction\":[{\"@type\":\"SearchAction\",\"target\":{\"@type\":\"EntryPoint\",\"urlTemplate\":\"https:\\\/\\\/cetaradell.cat\\\/ce\\\/?s={search_term_string}\"},\"query-input\":{\"@type\":\"PropertyValueSpecification\",\"valueRequired\":true,\"valueName\":\"search_term_string\"}}],\"inLanguage\":\"ca\"},{\"@type\":\"Person\",\"@id\":\"https:\\\/\\\/cetaradell.cat\\\/ce\\\/#\\\/schema\\\/person\\\/92a59f585073071c7be6649e84b22f78\",\"name\":\"CET\",\"image\":{\"@type\":\"ImageObject\",\"inLanguage\":\"ca\",\"@id\":\"https:\\\/\\\/secure.gravatar.com\\\/avatar\\\/d6fbe010d42056feccc0f613ed07277a5118442805079269f12dabdc42e1a727?s=96&d=mm&r=g\",\"url\":\"https:\\\/\\\/secure.gravatar.com\\\/avatar\\\/d6fbe010d42056feccc0f613ed07277a5118442805079269f12dabdc42e1a727?s=96&d=mm&r=g\",\"contentUrl\":\"https:\\\/\\\/secure.gravatar.com\\\/avatar\\\/d6fbe010d42056feccc0f613ed07277a5118442805079269f12dabdc42e1a727?s=96&d=mm&r=g\",\"caption\":\"CET\"},\"url\":\"https:\\\/\\\/cetaradell.cat\\\/ce\\\/author\\\/root\\\/\"}]}<\/script>\n<!-- \/ Yoast SEO plugin. -->","yoast_head_json":{"title":"FAQS sobre la Fase 2 de desconfinament - Centre Excursionista Taradell","robots":{"index":"index","follow":"follow","max-snippet":"max-snippet:-1","max-image-preview":"max-image-preview:large","max-video-preview":"max-video-preview:-1"},"canonical":"https:\/\/cetaradell.cat\/ce\/faqs-sobre-la-fase-2-de-desconfinament\/","og_locale":"ca_ES","og_type":"article","og_title":"FAQS sobre la Fase 2 de desconfinament - Centre Excursionista Taradell","og_description":"En els enlla\u00e7os que figuren a continuaci\u00f3 trobareu quins s\u00f3n els nous criteris per a dur a terme activitats esportives, autoritzats a partir del 25 de maig: Preguntes freq\u00fcents de la FEEC Preguntes freq\u00fcents de la FCOC Protecci\u00f3 Civil: Departament\u00a0d&#8217;Interior Gencat SGEAF (Secretaria General de l&#8217;Esport i de l&#8217;Activitat F\u00edsica): [...]","og_url":"https:\/\/cetaradell.cat\/ce\/faqs-sobre-la-fase-2-de-desconfinament\/","og_site_name":"Centre Excursionista Taradell","article_publisher":"https:\/\/www.facebook.com\/CETaradell\/","article_published_time":"2020-05-30T17:31:13+00:00","article_modified_time":"2022-09-24T10:10:07+00:00","og_image":[{"width":800,"height":2000,"url":"https:\/\/cetaradell.cat\/ce\/wp-content\/uploads\/2020-05-28-FAQS_FEEC-1.jpg","type":"image\/jpeg"}],"author":"CET","twitter_card":"summary_large_image","twitter_misc":{"Escrit per":"CET"},"schema":{"@context":"https:\/\/schema.org","@graph":[{"@type":"Article","@id":"https:\/\/cetaradell.cat\/ce\/faqs-sobre-la-fase-2-de-desconfinament\/#article","isPartOf":{"@id":"https:\/\/cetaradell.cat\/ce\/faqs-sobre-la-fase-2-de-desconfinament\/"},"author":{"name":"CET","@id":"https:\/\/cetaradell.cat\/ce\/#\/schema\/person\/92a59f585073071c7be6649e84b22f78"},"headline":"FAQS sobre la Fase 2 de desconfinament","datePublished":"2020-05-30T17:31:13+00:00","dateModified":"2022-09-24T10:10:07+00:00","mainEntityOfPage":{"@id":"https:\/\/cetaradell.cat\/ce\/faqs-sobre-la-fase-2-de-desconfinament\/"},"wordCount":71,"image":{"@id":"https:\/\/cetaradell.cat\/ce\/faqs-sobre-la-fase-2-de-desconfinament\/#primaryimage"},"thumbnailUrl":"https:\/\/cetaradell.cat\/ce\/wp-content\/uploads\/2020-05-28-FAQS_FEEC-1.jpg","articleSection":["Not\u00edcies"],"inLanguage":"ca"},{"@type":"WebPage","@id":"https:\/\/cetaradell.cat\/ce\/faqs-sobre-la-fase-2-de-desconfinament\/","url":"https:\/\/cetaradell.cat\/ce\/faqs-sobre-la-fase-2-de-desconfinament\/","name":"FAQS sobre la Fase 2 de desconfinament - Centre Excursionista Taradell","isPartOf":{"@id":"https:\/\/cetaradell.cat\/ce\/#website"},"primaryImageOfPage":{"@id":"https:\/\/cetaradell.cat\/ce\/faqs-sobre-la-fase-2-de-desconfinament\/#primaryimage"},"image":{"@id":"https:\/\/cetaradell.cat\/ce\/faqs-sobre-la-fase-2-de-desconfinament\/#primaryimage"},"thumbnailUrl":"https:\/\/cetaradell.cat\/ce\/wp-content\/uploads\/2020-05-28-FAQS_FEEC-1.jpg","datePublished":"2020-05-30T17:31:13+00:00","dateModified":"2022-09-24T10:10:07+00:00","author":{"@id":"https:\/\/cetaradell.cat\/ce\/#\/schema\/person\/92a59f585073071c7be6649e84b22f78"},"breadcrumb":{"@id":"https:\/\/cetaradell.cat\/ce\/faqs-sobre-la-fase-2-de-desconfinament\/#breadcrumb"},"inLanguage":"ca","potentialAction":[{"@type":"ReadAction","target":["https:\/\/cetaradell.cat\/ce\/faqs-sobre-la-fase-2-de-desconfinament\/"]}]},{"@type":"ImageObject","inLanguage":"ca","@id":"https:\/\/cetaradell.cat\/ce\/faqs-sobre-la-fase-2-de-desconfinament\/#primaryimage","url":"https:\/\/cetaradell.cat\/ce\/wp-content\/uploads\/2020-05-28-FAQS_FEEC-1.jpg","contentUrl":"https:\/\/cetaradell.cat\/ce\/wp-content\/uploads\/2020-05-28-FAQS_FEEC-1.jpg","width":800,"height":2000},{"@type":"BreadcrumbList","@id":"https:\/\/cetaradell.cat\/ce\/faqs-sobre-la-fase-2-de-desconfinament\/#breadcrumb","itemListElement":[{"@type":"ListItem","position":1,"name":"Inici","item":"https:\/\/cetaradell.cat\/ce\/"},{"@type":"ListItem","position":2,"name":"FAQS sobre la Fase 2 de desconfinament"}]},{"@type":"WebSite","@id":"https:\/\/cetaradell.cat\/ce\/#website","url":"https:\/\/cetaradell.cat\/ce\/","name":"Centre Excursionista Taradell","description":"","potentialAction":[{"@type":"SearchAction","target":{"@type":"EntryPoint","urlTemplate":"https:\/\/cetaradell.cat\/ce\/?s={search_term_string}"},"query-input":{"@type":"PropertyValueSpecification","valueRequired":true,"valueName":"search_term_string"}}],"inLanguage":"ca"},{"@type":"Person","@id":"https:\/\/cetaradell.cat\/ce\/#\/schema\/person\/92a59f585073071c7be6649e84b22f78","name":"CET","image":{"@type":"ImageObject","inLanguage":"ca","@id":"https:\/\/secure.gravatar.com\/avatar\/d6fbe010d42056feccc0f613ed07277a5118442805079269f12dabdc42e1a727?s=96&d=mm&r=g","url":"https:\/\/secure.gravatar.com\/avatar\/d6fbe010d42056feccc0f613ed07277a5118442805079269f12dabdc42e1a727?s=96&d=mm&r=g","contentUrl":"https:\/\/secure.gravatar.com\/avatar\/d6fbe010d42056feccc0f613ed07277a5118442805079269f12dabdc42e1a727?s=96&d=mm&r=g","caption":"CET"},"url":"https:\/\/cetaradell.cat\/ce\/author\/root\/"}]}},"_links":{"self":[{"href":"https:\/\/cetaradell.cat\/ce\/wp-json\/wp\/v2\/posts\/7791","targetHints":{"allow":["GET"]}}],"collection":[{"href":"https:\/\/cetaradell.cat\/ce\/wp-json\/wp\/v2\/posts"}],"about":[{"href":"https:\/\/cetaradell.cat\/ce\/wp-json\/wp\/v2\/types\/post"}],"author":[{"embeddable":true,"href":"https:\/\/cetaradell.cat\/ce\/wp-json\/wp\/v2\/users\/1"}],"replies":[{"embeddable":true,"href":"https:\/\/cetaradell.cat\/ce\/wp-json\/wp\/v2\/comments?post=7791"}],"version-history":[{"count":0,"href":"https:\/\/cetaradell.cat\/ce\/wp-json\/wp\/v2\/posts\/7791\/revisions"}],"wp:featuredmedia":[{"embeddable":true,"href":"https:\/\/cetaradell.cat\/ce\/wp-json\/wp\/v2\/media\/7792"}],"wp:attachment":[{"href":"https:\/\/cetaradell.cat\/ce\/wp-json\/wp\/v2\/media?parent=7791"}],"wp:term":[{"taxonomy":"category","embeddable":true,"href":"https:\/\/cetaradell.cat\/ce\/wp-json\/wp\/v2\/categories?post=7791"},{"taxonomy":"post_tag","embeddable":true,"href":"https:\/\/cetaradell.cat\/ce\/wp-json\/wp\/v2\/tags?post=7791"}],"curies":[{"name":"wp","href":"https:\/\/api.w.org\/{rel}","templated":true}]}}